{"id":4212,"date":"2021-06-21T20:51:23","date_gmt":"2021-06-21T17:51:23","guid":{"rendered":"https:\/\/favorite-news.com\/mx\/ourense-acoge-desde-el-martes-la-cumbre-internacional-de-innovacion-y-excelencia-publica\/"},"modified":"2021-06-21T20:51:24","modified_gmt":"2021-06-21T17:51:24","slug":"ourense-acoge-desde-el-martes-la-cumbre-internacional-de-innovacion-y-excelencia-publica","status":"publish","type":"post","link":"https:\/\/favorite-news.com\/mx\/ourense-acoge-desde-el-martes-la-cumbre-internacional-de-innovacion-y-excelencia-publica\/","title":{"rendered":"Ourense acoge desde el martes la &#8216;Cumbre Internacional de Innovaci\u00f3n y Excelencia P\u00fablica&#8217;"},"content":{"rendered":"<p>                            Gobiernos locales y provinciales de Espa\u00f1a y 16 pa\u00edses de Iberoam\u00e9rica se dan cita en este encuentro formativo, presencial y virtual, que se celebra en el centro cultural &#8216;Marcos Valc\u00e1rcel&#8217; de la Diputaci\u00f3n de Ourense, con el objetivo de intercambiar de experiencias innovadoras en el \u00e1mbito local y promover una gesti\u00f3n p\u00fablica basada en la calidad, la accesibilidad y la innovaci\u00f3n.El presidente del gobierno provincial, Manuel Baltar, particip\u00f3 este lunes en una reuni\u00f3n previa con Sergio Arredondo, secretario ejecutivo de la FLACMA, y destac\u00f3 la oportunidad para seguir tendiendo puentes de colaboraci\u00f3n entre Ourense y Am\u00e9rica&#8221;&#8221;Reforzar\u00edan los importantes v\u00ednculos hist\u00f3ricos y sociales que ya unen a nuestro territorio provincial con la pr\u00e1ctica totalidad de los pa\u00edses americanos&#8221;, afirma Baltar, quien considera que esta cumbre &#8220;ser\u00e1 un magn\u00edfico elemento para canalizar, a trav\u00e9s de la formaci\u00f3n y el intercambio de experiencias en la gesti\u00f3n p\u00fablica, proyectos e iniciativas de buenas pr\u00e1cticas administrativas y gubernamentales&#8221;.PREPARACI\u00d3N OL\u00cdMPICAPor otro lado, Ourense acoger\u00e1 por primera vez la visita de la selecci\u00f3n espa\u00f1ola absoluta de balonmano a trav\u00e9s del torneo &#8216;Ourense Provincia Termal&#8217; que organiza la Diputaci\u00f3n junto con las federaciones gallega y nacional de esta disciplina.El evento contar\u00e1 con la participaci\u00f3n de la selecci\u00f3n nacional frente a la de Egipto el pr\u00f3ximo 29 de junio en el Pazo do Deportes &#8216;Paco Paz&#8217;. En la jornada previa al torneo tambi\u00e9n habr\u00e1 balonmano al m\u00e1s alto nivel en Ourense con la disputa del partido entre las selecciones de Croacia y Egipto.<br \/>\n<br \/>\n<!--noindex--><br \/>\n<a href=\"https:\/\/www.20minutos.es\/noticia\/4738136\/0\/ourense-acoge-desde-el-martes-la-cumbre-internacional-de-innovacion-y-excelencia-publica\/\" rel=\"nofollow\">Source link <\/a><br \/>\n<!--\/noindex--><\/p>\n","protected":false},"excerpt":{"rendered":"<p>Gobiernos locales y provinciales de Espa\u00f1a y 16 pa\u00edses de Iberoam\u00e9rica se dan cita en este encuentro formativo, presencial y virtual, que se celebra en el centro cultural &#8216;Marcos Valc\u00e1rcel&#8217; de la Diputaci\u00f3n de Ourense, con el objetivo de intercambiar de experiencias innovadoras en el \u00e1mbito local y promover una gesti\u00f3n p\u00fablica basada en la [&hellip;]<\/p>\n","protected":false},"author":2,"featured_media":4126,"comment_status":"open","ping_status":"open","sticky":false,"template":"","format":"standard","meta":{"footnotes":""},"categories":[1],"tags":[],"class_list":["post-4212","post","type-post","status-publish","format-standard","has-post-thumbnail","hentry","category-noticias-financieras"],"yoast_head":"<!-- This site is optimized with the Yoast SEO plugin v27.4 - https:\/\/yoast.com\/product\/yoast-seo-wordpress\/ -->\n<title>Ourense acoge desde el martes la &#039;Cumbre Internacional de Innovaci\u00f3n y Excelencia P\u00fablica&#039; - Favorite News<\/title>\n<meta name=\"robots\" content=\"index, follow, max-snippet:-1, max-image-preview:large, max-video-preview:-1\" \/>\n<link rel=\"canonical\" href=\"https:\/\/favorite-news.com\/mx\/ourense-acoge-desde-el-martes-la-cumbre-internacional-de-innovacion-y-excelencia-publica\/\" \/>\n<meta property=\"og:locale\" content=\"es_MX\" \/>\n<meta property=\"og:type\" content=\"article\" \/>\n<meta property=\"og:title\" content=\"Ourense acoge desde el martes la &#039;Cumbre Internacional de Innovaci\u00f3n y Excelencia P\u00fablica&#039; - Favorite News\" \/>\n<meta property=\"og:description\" content=\"Gobiernos locales y provinciales de Espa\u00f1a y 16 pa\u00edses de Iberoam\u00e9rica se dan cita en este encuentro formativo, presencial y virtual, que se celebra en el centro cultural &#8216;Marcos Valc\u00e1rcel&#8217; de la Diputaci\u00f3n de Ourense, con el objetivo de intercambiar de experiencias innovadoras en el \u00e1mbito local y promover una gesti\u00f3n p\u00fablica basada en la [&hellip;]\" \/>\n<meta property=\"og:url\" content=\"https:\/\/favorite-news.com\/mx\/ourense-acoge-desde-el-martes-la-cumbre-internacional-de-innovacion-y-excelencia-publica\/\" \/>\n<meta property=\"og:site_name\" content=\"Favorite News\" \/>\n<meta property=\"article:published_time\" content=\"2021-06-21T17:51:23+00:00\" \/>\n<meta property=\"article:modified_time\" content=\"2021-06-21T17:51:24+00:00\" \/>\n<meta property=\"og:image\" content=\"https:\/\/favorite-news.com\/mx\/wp-content\/uploads\/sites\/8\/2021\/03\/Incertidumbre-escasez-de-materias-primas-y-aumento-de-costes-logisticos.jpg\" \/>\n\t<meta property=\"og:image:width\" content=\"1200\" \/>\n\t<meta property=\"og:image:height\" content=\"675\" \/>\n\t<meta property=\"og:image:type\" content=\"image\/jpeg\" \/>\n<meta name=\"author\" content=\"favorite-news\" \/>\n<meta name=\"twitter:card\" content=\"summary_large_image\" \/>\n<meta name=\"twitter:label1\" content=\"Escrito por\" \/>\n\t<meta name=\"twitter:data1\" content=\"favorite-news\" \/>\n\t<meta name=\"twitter:label2\" content=\"Tiempo de lectura\" \/>\n\t<meta name=\"twitter:data2\" content=\"1 minuto\" \/>\n<script type=\"application\/ld+json\" class=\"yoast-schema-graph\">{\"@context\":\"https:\\\/\\\/schema.org\",\"@graph\":[{\"@type\":\"Article\",\"@id\":\"https:\\\/\\\/favorite-news.com\\\/mx\\\/ourense-acoge-desde-el-martes-la-cumbre-internacional-de-innovacion-y-excelencia-publica\\\/#article\",\"isPartOf\":{\"@id\":\"https:\\\/\\\/favorite-news.com\\\/mx\\\/ourense-acoge-desde-el-martes-la-cumbre-internacional-de-innovacion-y-excelencia-publica\\\/\"},\"author\":{\"name\":\"favorite-news\",\"@id\":\"https:\\\/\\\/favorite-news.com\\\/mx\\\/#\\\/schema\\\/person\\\/b91573b717dcfa5e4696032a9d28d3e8\"},\"headline\":\"Ourense acoge desde el martes la &#8216;Cumbre Internacional de Innovaci\u00f3n y Excelencia P\u00fablica&#8217;\",\"datePublished\":\"2021-06-21T17:51:23+00:00\",\"dateModified\":\"2021-06-21T17:51:24+00:00\",\"mainEntityOfPage\":{\"@id\":\"https:\\\/\\\/favorite-news.com\\\/mx\\\/ourense-acoge-desde-el-martes-la-cumbre-internacional-de-innovacion-y-excelencia-publica\\\/\"},\"wordCount\":296,\"commentCount\":0,\"image\":{\"@id\":\"https:\\\/\\\/favorite-news.com\\\/mx\\\/ourense-acoge-desde-el-martes-la-cumbre-internacional-de-innovacion-y-excelencia-publica\\\/#primaryimage\"},\"thumbnailUrl\":\"https:\\\/\\\/favorite-news.com\\\/mx\\\/wp-content\\\/uploads\\\/sites\\\/8\\\/2021\\\/03\\\/Incertidumbre-escasez-de-materias-primas-y-aumento-de-costes-logisticos.jpg\",\"articleSection\":[\"NOTICIAS FINANCIERAS\"],\"inLanguage\":\"es\",\"potentialAction\":[{\"@type\":\"CommentAction\",\"name\":\"Comment\",\"target\":[\"https:\\\/\\\/favorite-news.com\\\/mx\\\/ourense-acoge-desde-el-martes-la-cumbre-internacional-de-innovacion-y-excelencia-publica\\\/#respond\"]}]},{\"@type\":\"WebPage\",\"@id\":\"https:\\\/\\\/favorite-news.com\\\/mx\\\/ourense-acoge-desde-el-martes-la-cumbre-internacional-de-innovacion-y-excelencia-publica\\\/\",\"url\":\"https:\\\/\\\/favorite-news.com\\\/mx\\\/ourense-acoge-desde-el-martes-la-cumbre-internacional-de-innovacion-y-excelencia-publica\\\/\",\"name\":\"Ourense acoge desde el martes la 'Cumbre Internacional de Innovaci\u00f3n y Excelencia P\u00fablica' - Favorite News\",\"isPartOf\":{\"@id\":\"https:\\\/\\\/favorite-news.com\\\/mx\\\/#website\"},\"primaryImageOfPage\":{\"@id\":\"https:\\\/\\\/favorite-news.com\\\/mx\\\/ourense-acoge-desde-el-martes-la-cumbre-internacional-de-innovacion-y-excelencia-publica\\\/#primaryimage\"},\"image\":{\"@id\":\"https:\\\/\\\/favorite-news.com\\\/mx\\\/ourense-acoge-desde-el-martes-la-cumbre-internacional-de-innovacion-y-excelencia-publica\\\/#primaryimage\"},\"thumbnailUrl\":\"https:\\\/\\\/favorite-news.com\\\/mx\\\/wp-content\\\/uploads\\\/sites\\\/8\\\/2021\\\/03\\\/Incertidumbre-escasez-de-materias-primas-y-aumento-de-costes-logisticos.jpg\",\"datePublished\":\"2021-06-21T17:51:23+00:00\",\"dateModified\":\"2021-06-21T17:51:24+00:00\",\"author\":{\"@id\":\"https:\\\/\\\/favorite-news.com\\\/mx\\\/#\\\/schema\\\/person\\\/b91573b717dcfa5e4696032a9d28d3e8\"},\"breadcrumb\":{\"@id\":\"https:\\\/\\\/favorite-news.com\\\/mx\\\/ourense-acoge-desde-el-martes-la-cumbre-internacional-de-innovacion-y-excelencia-publica\\\/#breadcrumb\"},\"inLanguage\":\"es\",\"potentialAction\":[{\"@type\":\"ReadAction\",\"target\":[\"https:\\\/\\\/favorite-news.com\\\/mx\\\/ourense-acoge-desde-el-martes-la-cumbre-internacional-de-innovacion-y-excelencia-publica\\\/\"]}]},{\"@type\":\"ImageObject\",\"inLanguage\":\"es\",\"@id\":\"https:\\\/\\\/favorite-news.com\\\/mx\\\/ourense-acoge-desde-el-martes-la-cumbre-internacional-de-innovacion-y-excelencia-publica\\\/#primaryimage\",\"url\":\"https:\\\/\\\/favorite-news.com\\\/mx\\\/wp-content\\\/uploads\\\/sites\\\/8\\\/2021\\\/03\\\/Incertidumbre-escasez-de-materias-primas-y-aumento-de-costes-logisticos.jpg\",\"contentUrl\":\"https:\\\/\\\/favorite-news.com\\\/mx\\\/wp-content\\\/uploads\\\/sites\\\/8\\\/2021\\\/03\\\/Incertidumbre-escasez-de-materias-primas-y-aumento-de-costes-logisticos.jpg\",\"width\":1200,\"height\":675,\"caption\":\"Incertidumbre, escasez de materias primas y aumento de costes log\u00edsticos, principales amenazas a la exportaci\u00f3n\"},{\"@type\":\"BreadcrumbList\",\"@id\":\"https:\\\/\\\/favorite-news.com\\\/mx\\\/ourense-acoge-desde-el-martes-la-cumbre-internacional-de-innovacion-y-excelencia-publica\\\/#breadcrumb\",\"itemListElement\":[{\"@type\":\"ListItem\",\"position\":1,\"name\":\"\u0413\u043b\u0430\u0432\u043d\u0430\u044f \u0441\u0442\u0440\u0430\u043d\u0438\u0446\u0430\",\"item\":\"https:\\\/\\\/favorite-news.com\\\/mx\\\/\"},{\"@type\":\"ListItem\",\"position\":2,\"name\":\"Ourense acoge desde el martes la &#8216;Cumbre Internacional de Innovaci\u00f3n y Excelencia P\u00fablica&#8217;\"}]},{\"@type\":\"WebSite\",\"@id\":\"https:\\\/\\\/favorite-news.com\\\/mx\\\/#website\",\"url\":\"https:\\\/\\\/favorite-news.com\\\/mx\\\/\",\"name\":\"Favorite News\",\"description\":\"Favorite News Mexico\",\"potentialAction\":[{\"@type\":\"SearchAction\",\"target\":{\"@type\":\"EntryPoint\",\"urlTemplate\":\"https:\\\/\\\/favorite-news.com\\\/mx\\\/?s={search_term_string}\"},\"query-input\":{\"@type\":\"PropertyValueSpecification\",\"valueRequired\":true,\"valueName\":\"search_term_string\"}}],\"inLanguage\":\"es\"},{\"@type\":\"Person\",\"@id\":\"https:\\\/\\\/favorite-news.com\\\/mx\\\/#\\\/schema\\\/person\\\/b91573b717dcfa5e4696032a9d28d3e8\",\"name\":\"favorite-news\",\"image\":{\"@type\":\"ImageObject\",\"inLanguage\":\"es\",\"@id\":\"https:\\\/\\\/secure.gravatar.com\\\/avatar\\\/6c5a5cb12b74e9d517ee91cf570335b7d16177f1977cc91db161adfa435945a7?s=96&d=mm&r=g\",\"url\":\"https:\\\/\\\/secure.gravatar.com\\\/avatar\\\/6c5a5cb12b74e9d517ee91cf570335b7d16177f1977cc91db161adfa435945a7?s=96&d=mm&r=g\",\"contentUrl\":\"https:\\\/\\\/secure.gravatar.com\\\/avatar\\\/6c5a5cb12b74e9d517ee91cf570335b7d16177f1977cc91db161adfa435945a7?s=96&d=mm&r=g\",\"caption\":\"favorite-news\"},\"url\":\"https:\\\/\\\/favorite-news.com\\\/mx\\\/author\\\/pt\\\/\"}]}<\/script>\n<!-- \/ Yoast SEO plugin. -->","yoast_head_json":{"title":"Ourense acoge desde el martes la 'Cumbre Internacional de Innovaci\u00f3n y Excelencia P\u00fablica' - Favorite News","robots":{"index":"index","follow":"follow","max-snippet":"max-snippet:-1","max-image-preview":"max-image-preview:large","max-video-preview":"max-video-preview:-1"},"canonical":"https:\/\/favorite-news.com\/mx\/ourense-acoge-desde-el-martes-la-cumbre-internacional-de-innovacion-y-excelencia-publica\/","og_locale":"es_MX","og_type":"article","og_title":"Ourense acoge desde el martes la 'Cumbre Internacional de Innovaci\u00f3n y Excelencia P\u00fablica' - Favorite News","og_description":"Gobiernos locales y provinciales de Espa\u00f1a y 16 pa\u00edses de Iberoam\u00e9rica se dan cita en este encuentro formativo, presencial y virtual, que se celebra en el centro cultural &#8216;Marcos Valc\u00e1rcel&#8217; de la Diputaci\u00f3n de Ourense, con el objetivo de intercambiar de experiencias innovadoras en el \u00e1mbito local y promover una gesti\u00f3n p\u00fablica basada en la [&hellip;]","og_url":"https:\/\/favorite-news.com\/mx\/ourense-acoge-desde-el-martes-la-cumbre-internacional-de-innovacion-y-excelencia-publica\/","og_site_name":"Favorite News","article_published_time":"2021-06-21T17:51:23+00:00","article_modified_time":"2021-06-21T17:51:24+00:00","og_image":[{"width":1200,"height":675,"url":"https:\/\/favorite-news.com\/mx\/wp-content\/uploads\/sites\/8\/2021\/03\/Incertidumbre-escasez-de-materias-primas-y-aumento-de-costes-logisticos.jpg","type":"image\/jpeg"}],"author":"favorite-news","twitter_card":"summary_large_image","twitter_misc":{"Escrito por":"favorite-news","Tiempo de lectura":"1 minuto"},"schema":{"@context":"https:\/\/schema.org","@graph":[{"@type":"Article","@id":"https:\/\/favorite-news.com\/mx\/ourense-acoge-desde-el-martes-la-cumbre-internacional-de-innovacion-y-excelencia-publica\/#article","isPartOf":{"@id":"https:\/\/favorite-news.com\/mx\/ourense-acoge-desde-el-martes-la-cumbre-internacional-de-innovacion-y-excelencia-publica\/"},"author":{"name":"favorite-news","@id":"https:\/\/favorite-news.com\/mx\/#\/schema\/person\/b91573b717dcfa5e4696032a9d28d3e8"},"headline":"Ourense acoge desde el martes la &#8216;Cumbre Internacional de Innovaci\u00f3n y Excelencia P\u00fablica&#8217;","datePublished":"2021-06-21T17:51:23+00:00","dateModified":"2021-06-21T17:51:24+00:00","mainEntityOfPage":{"@id":"https:\/\/favorite-news.com\/mx\/ourense-acoge-desde-el-martes-la-cumbre-internacional-de-innovacion-y-excelencia-publica\/"},"wordCount":296,"commentCount":0,"image":{"@id":"https:\/\/favorite-news.com\/mx\/ourense-acoge-desde-el-martes-la-cumbre-internacional-de-innovacion-y-excelencia-publica\/#primaryimage"},"thumbnailUrl":"https:\/\/favorite-news.com\/mx\/wp-content\/uploads\/sites\/8\/2021\/03\/Incertidumbre-escasez-de-materias-primas-y-aumento-de-costes-logisticos.jpg","articleSection":["NOTICIAS FINANCIERAS"],"inLanguage":"es","potentialAction":[{"@type":"CommentAction","name":"Comment","target":["https:\/\/favorite-news.com\/mx\/ourense-acoge-desde-el-martes-la-cumbre-internacional-de-innovacion-y-excelencia-publica\/#respond"]}]},{"@type":"WebPage","@id":"https:\/\/favorite-news.com\/mx\/ourense-acoge-desde-el-martes-la-cumbre-internacional-de-innovacion-y-excelencia-publica\/","url":"https:\/\/favorite-news.com\/mx\/ourense-acoge-desde-el-martes-la-cumbre-internacional-de-innovacion-y-excelencia-publica\/","name":"Ourense acoge desde el martes la 'Cumbre Internacional de Innovaci\u00f3n y Excelencia P\u00fablica' - Favorite News","isPartOf":{"@id":"https:\/\/favorite-news.com\/mx\/#website"},"primaryImageOfPage":{"@id":"https:\/\/favorite-news.com\/mx\/ourense-acoge-desde-el-martes-la-cumbre-internacional-de-innovacion-y-excelencia-publica\/#primaryimage"},"image":{"@id":"https:\/\/favorite-news.com\/mx\/ourense-acoge-desde-el-martes-la-cumbre-internacional-de-innovacion-y-excelencia-publica\/#primaryimage"},"thumbnailUrl":"https:\/\/favorite-news.com\/mx\/wp-content\/uploads\/sites\/8\/2021\/03\/Incertidumbre-escasez-de-materias-primas-y-aumento-de-costes-logisticos.jpg","datePublished":"2021-06-21T17:51:23+00:00","dateModified":"2021-06-21T17:51:24+00:00","author":{"@id":"https:\/\/favorite-news.com\/mx\/#\/schema\/person\/b91573b717dcfa5e4696032a9d28d3e8"},"breadcrumb":{"@id":"https:\/\/favorite-news.com\/mx\/ourense-acoge-desde-el-martes-la-cumbre-internacional-de-innovacion-y-excelencia-publica\/#breadcrumb"},"inLanguage":"es","potentialAction":[{"@type":"ReadAction","target":["https:\/\/favorite-news.com\/mx\/ourense-acoge-desde-el-martes-la-cumbre-internacional-de-innovacion-y-excelencia-publica\/"]}]},{"@type":"ImageObject","inLanguage":"es","@id":"https:\/\/favorite-news.com\/mx\/ourense-acoge-desde-el-martes-la-cumbre-internacional-de-innovacion-y-excelencia-publica\/#primaryimage","url":"https:\/\/favorite-news.com\/mx\/wp-content\/uploads\/sites\/8\/2021\/03\/Incertidumbre-escasez-de-materias-primas-y-aumento-de-costes-logisticos.jpg","contentUrl":"https:\/\/favorite-news.com\/mx\/wp-content\/uploads\/sites\/8\/2021\/03\/Incertidumbre-escasez-de-materias-primas-y-aumento-de-costes-logisticos.jpg","width":1200,"height":675,"caption":"Incertidumbre, escasez de materias primas y aumento de costes log\u00edsticos, principales amenazas a la exportaci\u00f3n"},{"@type":"BreadcrumbList","@id":"https:\/\/favorite-news.com\/mx\/ourense-acoge-desde-el-martes-la-cumbre-internacional-de-innovacion-y-excelencia-publica\/#breadcrumb","itemListElement":[{"@type":"ListItem","position":1,"name":"\u0413\u043b\u0430\u0432\u043d\u0430\u044f \u0441\u0442\u0440\u0430\u043d\u0438\u0446\u0430","item":"https:\/\/favorite-news.com\/mx\/"},{"@type":"ListItem","position":2,"name":"Ourense acoge desde el martes la &#8216;Cumbre Internacional de Innovaci\u00f3n y Excelencia P\u00fablica&#8217;"}]},{"@type":"WebSite","@id":"https:\/\/favorite-news.com\/mx\/#website","url":"https:\/\/favorite-news.com\/mx\/","name":"Favorite News","description":"Favorite News Mexico","potentialAction":[{"@type":"SearchAction","target":{"@type":"EntryPoint","urlTemplate":"https:\/\/favorite-news.com\/mx\/?s={search_term_string}"},"query-input":{"@type":"PropertyValueSpecification","valueRequired":true,"valueName":"search_term_string"}}],"inLanguage":"es"},{"@type":"Person","@id":"https:\/\/favorite-news.com\/mx\/#\/schema\/person\/b91573b717dcfa5e4696032a9d28d3e8","name":"favorite-news","image":{"@type":"ImageObject","inLanguage":"es","@id":"https:\/\/secure.gravatar.com\/avatar\/6c5a5cb12b74e9d517ee91cf570335b7d16177f1977cc91db161adfa435945a7?s=96&d=mm&r=g","url":"https:\/\/secure.gravatar.com\/avatar\/6c5a5cb12b74e9d517ee91cf570335b7d16177f1977cc91db161adfa435945a7?s=96&d=mm&r=g","contentUrl":"https:\/\/secure.gravatar.com\/avatar\/6c5a5cb12b74e9d517ee91cf570335b7d16177f1977cc91db161adfa435945a7?s=96&d=mm&r=g","caption":"favorite-news"},"url":"https:\/\/favorite-news.com\/mx\/author\/pt\/"}]}},"_links":{"self":[{"href":"https:\/\/favorite-news.com\/mx\/wp-json\/wp\/v2\/posts\/4212","targetHints":{"allow":["GET"]}}],"collection":[{"href":"https:\/\/favorite-news.com\/mx\/wp-json\/wp\/v2\/posts"}],"about":[{"href":"https:\/\/favorite-news.com\/mx\/wp-json\/wp\/v2\/types\/post"}],"author":[{"embeddable":true,"href":"https:\/\/favorite-news.com\/mx\/wp-json\/wp\/v2\/users\/2"}],"replies":[{"embeddable":true,"href":"https:\/\/favorite-news.com\/mx\/wp-json\/wp\/v2\/comments?post=4212"}],"version-history":[{"count":1,"href":"https:\/\/favorite-news.com\/mx\/wp-json\/wp\/v2\/posts\/4212\/revisions"}],"predecessor-version":[{"id":4213,"href":"https:\/\/favorite-news.com\/mx\/wp-json\/wp\/v2\/posts\/4212\/revisions\/4213"}],"wp:featuredmedia":[{"embeddable":true,"href":"https:\/\/favorite-news.com\/mx\/wp-json\/wp\/v2\/media\/4126"}],"wp:attachment":[{"href":"https:\/\/favorite-news.com\/mx\/wp-json\/wp\/v2\/media?parent=4212"}],"wp:term":[{"taxonomy":"category","embeddable":true,"href":"https:\/\/favorite-news.com\/mx\/wp-json\/wp\/v2\/categories?post=4212"},{"taxonomy":"post_tag","embeddable":true,"href":"https:\/\/favorite-news.com\/mx\/wp-json\/wp\/v2\/tags?post=4212"}],"curies":[{"name":"wp","href":"https:\/\/api.w.org\/{rel}","templated":true}]}}