{"id":4169,"date":"2021-04-19T20:23:18","date_gmt":"2021-04-19T17:23:18","guid":{"rendered":"https:\/\/favorite-news.com\/mx\/ve-inegi-caida-de-2-1-en-actividad-economica-de-marzo\/"},"modified":"2021-04-19T20:23:22","modified_gmt":"2021-04-19T17:23:22","slug":"ve-inegi-caida-de-2-1-en-actividad-economica-de-marzo","status":"publish","type":"post","link":"https:\/\/favorite-news.com\/mx\/ve-inegi-caida-de-2-1-en-actividad-economica-de-marzo\/","title":{"rendered":"Ve Inegi ca\u00edda de 2.1% en actividad econ\u00f3mica de marzo"},"content":{"rendered":"<p>La actividad econ\u00f3mica de marzo podr\u00eda tener una contracci\u00f3n anual de 2.1 por ciento como resultado de la crisis sanitaria por el Covid-19, revelaron datos del Instituto Nacional de Estad\u00edstica y Geograf\u00eda (Inegi). El nivel reportado por el Inegi es inferior al desplome de 3.9 por ciento que anticip\u00f3 apenas en febrero. \u27a1\ufe0f Ma\u00edz registra precios hist\u00f3ricos en M\u00e9xicoAl dar a conocer el Indicador Oportuno de la Actividad Econ\u00f3mica (IOAE), el organismo dijo que en ese periodo tambi\u00e9n se observar\u00e1 una ca\u00edda de 0.9 por ciento, respecto al mismo mes de 2020, en las actividades industriales, de manufactura y aquellas relacionadas a la construcci\u00f3n. \u27a1\ufe0f Mantente informado en nuestro canal de Google NoticiasEn el sector de los servicios tambi\u00e9n continuar\u00e1n las afectaciones por la pandemia del coronavirus, debido a que se podr\u00eda presentar una baja de 3.1 por ciento, frente al mismo lapso del a\u00f1o pasado. \u201cLa trayectoria augurada por el IOAE refleja el impacto de las sorpresas positivas que se han presentado para la econom\u00eda en los primeros tres meses del a\u00f1o\u201d, resaltaron analistas de Monex. Los resultados del IOAE permiten conocer la evoluci\u00f3n del Indicador Global de la Actividad Econ\u00f3mica (IGAE) apenas tres semanas despu\u00e9s de que termin\u00f3 el mes de referencia.Te recomendamos el podcast \u2b07\ufe0fSpotifyApple PodcastsGoogle PodcastsAcastDeezerAmazon Music<\/p>\n<p>\n<!--noindex--><br \/>\n<a href=\"https:\/\/www.elsoldemexico.com.mx\/finanzas\/ve-inegi-caida-de-2.1-en-actividad-economica-de-marzo-6614855.html\" rel=\"nofollow\">Source link <\/a><br \/>\n<!--\/noindex--><\/p>\n","protected":false},"excerpt":{"rendered":"<p>La actividad econ\u00f3mica de marzo podr\u00eda tener una contracci\u00f3n anual de 2.1 por ciento como resultado de la crisis sanitaria por el Covid-19, revelaron datos del Instituto Nacional de Estad\u00edstica y Geograf\u00eda (Inegi). El nivel reportado por el Inegi es inferior al desplome de 3.9 por ciento que anticip\u00f3 apenas en febrero. \u27a1\ufe0f Ma\u00edz registra [&hellip;]<\/p>\n","protected":false},"author":2,"featured_media":4170,"comment_status":"open","ping_status":"open","sticky":false,"template":"","format":"standard","meta":{"footnotes":""},"categories":[1],"tags":[],"class_list":["post-4169","post","type-post","status-publish","format-standard","has-post-thumbnail","hentry","category-noticias-financieras"],"yoast_head":"<!-- This site is optimized with the Yoast SEO plugin v27.4 - https:\/\/yoast.com\/product\/yoast-seo-wordpress\/ -->\n<title>Ve Inegi ca\u00edda de 2.1% en actividad econ\u00f3mica de marzo - Favorite News<\/title>\n<meta name=\"robots\" content=\"index, follow, max-snippet:-1, max-image-preview:large, max-video-preview:-1\" \/>\n<link rel=\"canonical\" href=\"https:\/\/favorite-news.com\/mx\/ve-inegi-caida-de-2-1-en-actividad-economica-de-marzo\/\" \/>\n<meta property=\"og:locale\" content=\"es_MX\" \/>\n<meta property=\"og:type\" content=\"article\" \/>\n<meta property=\"og:title\" content=\"Ve Inegi ca\u00edda de 2.1% en actividad econ\u00f3mica de marzo - Favorite News\" \/>\n<meta property=\"og:description\" content=\"La actividad econ\u00f3mica de marzo podr\u00eda tener una contracci\u00f3n anual de 2.1 por ciento como resultado de la crisis sanitaria por el Covid-19, revelaron datos del Instituto Nacional de Estad\u00edstica y Geograf\u00eda (Inegi). El nivel reportado por el Inegi es inferior al desplome de 3.9 por ciento que anticip\u00f3 apenas en febrero. \u27a1\ufe0f Ma\u00edz registra [&hellip;]\" \/>\n<meta property=\"og:url\" content=\"https:\/\/favorite-news.com\/mx\/ve-inegi-caida-de-2-1-en-actividad-economica-de-marzo\/\" \/>\n<meta property=\"og:site_name\" content=\"Favorite News\" \/>\n<meta property=\"article:published_time\" content=\"2021-04-19T17:23:18+00:00\" \/>\n<meta property=\"article:modified_time\" content=\"2021-04-19T17:23:22+00:00\" \/>\n<meta property=\"og:image\" content=\"https:\/\/favorite-news.com\/mx\/wp-content\/uploads\/sites\/8\/2021\/04\/Ve-Inegi-caida-de-21-en-actividad-economica-de-marzo.jpeg\" \/>\n\t<meta property=\"og:image:width\" content=\"1140\" \/>\n\t<meta property=\"og:image:height\" content=\"712\" \/>\n\t<meta property=\"og:image:type\" content=\"image\/jpeg\" \/>\n<meta name=\"author\" content=\"favorite-news\" \/>\n<meta name=\"twitter:card\" content=\"summary_large_image\" \/>\n<meta name=\"twitter:label1\" content=\"Escrito por\" \/>\n\t<meta name=\"twitter:data1\" content=\"favorite-news\" \/>\n\t<meta name=\"twitter:label2\" content=\"Tiempo de lectura\" \/>\n\t<meta name=\"twitter:data2\" content=\"1 minuto\" \/>\n<script type=\"application\/ld+json\" class=\"yoast-schema-graph\">{\"@context\":\"https:\\\/\\\/schema.org\",\"@graph\":[{\"@type\":\"Article\",\"@id\":\"https:\\\/\\\/favorite-news.com\\\/mx\\\/ve-inegi-caida-de-2-1-en-actividad-economica-de-marzo\\\/#article\",\"isPartOf\":{\"@id\":\"https:\\\/\\\/favorite-news.com\\\/mx\\\/ve-inegi-caida-de-2-1-en-actividad-economica-de-marzo\\\/\"},\"author\":{\"name\":\"favorite-news\",\"@id\":\"https:\\\/\\\/favorite-news.com\\\/mx\\\/#\\\/schema\\\/person\\\/b91573b717dcfa5e4696032a9d28d3e8\"},\"headline\":\"Ve Inegi ca\u00edda de 2.1% en actividad econ\u00f3mica de marzo\",\"datePublished\":\"2021-04-19T17:23:18+00:00\",\"dateModified\":\"2021-04-19T17:23:22+00:00\",\"mainEntityOfPage\":{\"@id\":\"https:\\\/\\\/favorite-news.com\\\/mx\\\/ve-inegi-caida-de-2-1-en-actividad-economica-de-marzo\\\/\"},\"wordCount\":239,\"commentCount\":0,\"image\":{\"@id\":\"https:\\\/\\\/favorite-news.com\\\/mx\\\/ve-inegi-caida-de-2-1-en-actividad-economica-de-marzo\\\/#primaryimage\"},\"thumbnailUrl\":\"https:\\\/\\\/favorite-news.com\\\/mx\\\/wp-content\\\/uploads\\\/sites\\\/8\\\/2021\\\/04\\\/Ve-Inegi-caida-de-21-en-actividad-economica-de-marzo.jpeg\",\"articleSection\":[\"NOTICIAS FINANCIERAS\"],\"inLanguage\":\"es\",\"potentialAction\":[{\"@type\":\"CommentAction\",\"name\":\"Comment\",\"target\":[\"https:\\\/\\\/favorite-news.com\\\/mx\\\/ve-inegi-caida-de-2-1-en-actividad-economica-de-marzo\\\/#respond\"]}]},{\"@type\":\"WebPage\",\"@id\":\"https:\\\/\\\/favorite-news.com\\\/mx\\\/ve-inegi-caida-de-2-1-en-actividad-economica-de-marzo\\\/\",\"url\":\"https:\\\/\\\/favorite-news.com\\\/mx\\\/ve-inegi-caida-de-2-1-en-actividad-economica-de-marzo\\\/\",\"name\":\"Ve Inegi ca\u00edda de 2.1% en actividad econ\u00f3mica de marzo - Favorite News\",\"isPartOf\":{\"@id\":\"https:\\\/\\\/favorite-news.com\\\/mx\\\/#website\"},\"primaryImageOfPage\":{\"@id\":\"https:\\\/\\\/favorite-news.com\\\/mx\\\/ve-inegi-caida-de-2-1-en-actividad-economica-de-marzo\\\/#primaryimage\"},\"image\":{\"@id\":\"https:\\\/\\\/favorite-news.com\\\/mx\\\/ve-inegi-caida-de-2-1-en-actividad-economica-de-marzo\\\/#primaryimage\"},\"thumbnailUrl\":\"https:\\\/\\\/favorite-news.com\\\/mx\\\/wp-content\\\/uploads\\\/sites\\\/8\\\/2021\\\/04\\\/Ve-Inegi-caida-de-21-en-actividad-economica-de-marzo.jpeg\",\"datePublished\":\"2021-04-19T17:23:18+00:00\",\"dateModified\":\"2021-04-19T17:23:22+00:00\",\"author\":{\"@id\":\"https:\\\/\\\/favorite-news.com\\\/mx\\\/#\\\/schema\\\/person\\\/b91573b717dcfa5e4696032a9d28d3e8\"},\"breadcrumb\":{\"@id\":\"https:\\\/\\\/favorite-news.com\\\/mx\\\/ve-inegi-caida-de-2-1-en-actividad-economica-de-marzo\\\/#breadcrumb\"},\"inLanguage\":\"es\",\"potentialAction\":[{\"@type\":\"ReadAction\",\"target\":[\"https:\\\/\\\/favorite-news.com\\\/mx\\\/ve-inegi-caida-de-2-1-en-actividad-economica-de-marzo\\\/\"]}]},{\"@type\":\"ImageObject\",\"inLanguage\":\"es\",\"@id\":\"https:\\\/\\\/favorite-news.com\\\/mx\\\/ve-inegi-caida-de-2-1-en-actividad-economica-de-marzo\\\/#primaryimage\",\"url\":\"https:\\\/\\\/favorite-news.com\\\/mx\\\/wp-content\\\/uploads\\\/sites\\\/8\\\/2021\\\/04\\\/Ve-Inegi-caida-de-21-en-actividad-economica-de-marzo.jpeg\",\"contentUrl\":\"https:\\\/\\\/favorite-news.com\\\/mx\\\/wp-content\\\/uploads\\\/sites\\\/8\\\/2021\\\/04\\\/Ve-Inegi-caida-de-21-en-actividad-economica-de-marzo.jpeg\",\"width\":1140,\"height\":712,\"caption\":\"Ve Inegi ca\u00edda de 2.1% en actividad econ\u00f3mica de marzo\"},{\"@type\":\"BreadcrumbList\",\"@id\":\"https:\\\/\\\/favorite-news.com\\\/mx\\\/ve-inegi-caida-de-2-1-en-actividad-economica-de-marzo\\\/#breadcrumb\",\"itemListElement\":[{\"@type\":\"ListItem\",\"position\":1,\"name\":\"\u0413\u043b\u0430\u0432\u043d\u0430\u044f \u0441\u0442\u0440\u0430\u043d\u0438\u0446\u0430\",\"item\":\"https:\\\/\\\/favorite-news.com\\\/mx\\\/\"},{\"@type\":\"ListItem\",\"position\":2,\"name\":\"Ve Inegi ca\u00edda de 2.1% en actividad econ\u00f3mica de marzo\"}]},{\"@type\":\"WebSite\",\"@id\":\"https:\\\/\\\/favorite-news.com\\\/mx\\\/#website\",\"url\":\"https:\\\/\\\/favorite-news.com\\\/mx\\\/\",\"name\":\"Favorite News\",\"description\":\"Favorite News Mexico\",\"potentialAction\":[{\"@type\":\"SearchAction\",\"target\":{\"@type\":\"EntryPoint\",\"urlTemplate\":\"https:\\\/\\\/favorite-news.com\\\/mx\\\/?s={search_term_string}\"},\"query-input\":{\"@type\":\"PropertyValueSpecification\",\"valueRequired\":true,\"valueName\":\"search_term_string\"}}],\"inLanguage\":\"es\"},{\"@type\":\"Person\",\"@id\":\"https:\\\/\\\/favorite-news.com\\\/mx\\\/#\\\/schema\\\/person\\\/b91573b717dcfa5e4696032a9d28d3e8\",\"name\":\"favorite-news\",\"image\":{\"@type\":\"ImageObject\",\"inLanguage\":\"es\",\"@id\":\"https:\\\/\\\/secure.gravatar.com\\\/avatar\\\/6c5a5cb12b74e9d517ee91cf570335b7d16177f1977cc91db161adfa435945a7?s=96&d=mm&r=g\",\"url\":\"https:\\\/\\\/secure.gravatar.com\\\/avatar\\\/6c5a5cb12b74e9d517ee91cf570335b7d16177f1977cc91db161adfa435945a7?s=96&d=mm&r=g\",\"contentUrl\":\"https:\\\/\\\/secure.gravatar.com\\\/avatar\\\/6c5a5cb12b74e9d517ee91cf570335b7d16177f1977cc91db161adfa435945a7?s=96&d=mm&r=g\",\"caption\":\"favorite-news\"},\"url\":\"https:\\\/\\\/favorite-news.com\\\/mx\\\/author\\\/pt\\\/\"}]}<\/script>\n<!-- \/ Yoast SEO plugin. -->","yoast_head_json":{"title":"Ve Inegi ca\u00edda de 2.1% en actividad econ\u00f3mica de marzo - Favorite News","robots":{"index":"index","follow":"follow","max-snippet":"max-snippet:-1","max-image-preview":"max-image-preview:large","max-video-preview":"max-video-preview:-1"},"canonical":"https:\/\/favorite-news.com\/mx\/ve-inegi-caida-de-2-1-en-actividad-economica-de-marzo\/","og_locale":"es_MX","og_type":"article","og_title":"Ve Inegi ca\u00edda de 2.1% en actividad econ\u00f3mica de marzo - Favorite News","og_description":"La actividad econ\u00f3mica de marzo podr\u00eda tener una contracci\u00f3n anual de 2.1 por ciento como resultado de la crisis sanitaria por el Covid-19, revelaron datos del Instituto Nacional de Estad\u00edstica y Geograf\u00eda (Inegi). El nivel reportado por el Inegi es inferior al desplome de 3.9 por ciento que anticip\u00f3 apenas en febrero. \u27a1\ufe0f Ma\u00edz registra [&hellip;]","og_url":"https:\/\/favorite-news.com\/mx\/ve-inegi-caida-de-2-1-en-actividad-economica-de-marzo\/","og_site_name":"Favorite News","article_published_time":"2021-04-19T17:23:18+00:00","article_modified_time":"2021-04-19T17:23:22+00:00","og_image":[{"width":1140,"height":712,"url":"https:\/\/favorite-news.com\/mx\/wp-content\/uploads\/sites\/8\/2021\/04\/Ve-Inegi-caida-de-21-en-actividad-economica-de-marzo.jpeg","type":"image\/jpeg"}],"author":"favorite-news","twitter_card":"summary_large_image","twitter_misc":{"Escrito por":"favorite-news","Tiempo de lectura":"1 minuto"},"schema":{"@context":"https:\/\/schema.org","@graph":[{"@type":"Article","@id":"https:\/\/favorite-news.com\/mx\/ve-inegi-caida-de-2-1-en-actividad-economica-de-marzo\/#article","isPartOf":{"@id":"https:\/\/favorite-news.com\/mx\/ve-inegi-caida-de-2-1-en-actividad-economica-de-marzo\/"},"author":{"name":"favorite-news","@id":"https:\/\/favorite-news.com\/mx\/#\/schema\/person\/b91573b717dcfa5e4696032a9d28d3e8"},"headline":"Ve Inegi ca\u00edda de 2.1% en actividad econ\u00f3mica de marzo","datePublished":"2021-04-19T17:23:18+00:00","dateModified":"2021-04-19T17:23:22+00:00","mainEntityOfPage":{"@id":"https:\/\/favorite-news.com\/mx\/ve-inegi-caida-de-2-1-en-actividad-economica-de-marzo\/"},"wordCount":239,"commentCount":0,"image":{"@id":"https:\/\/favorite-news.com\/mx\/ve-inegi-caida-de-2-1-en-actividad-economica-de-marzo\/#primaryimage"},"thumbnailUrl":"https:\/\/favorite-news.com\/mx\/wp-content\/uploads\/sites\/8\/2021\/04\/Ve-Inegi-caida-de-21-en-actividad-economica-de-marzo.jpeg","articleSection":["NOTICIAS FINANCIERAS"],"inLanguage":"es","potentialAction":[{"@type":"CommentAction","name":"Comment","target":["https:\/\/favorite-news.com\/mx\/ve-inegi-caida-de-2-1-en-actividad-economica-de-marzo\/#respond"]}]},{"@type":"WebPage","@id":"https:\/\/favorite-news.com\/mx\/ve-inegi-caida-de-2-1-en-actividad-economica-de-marzo\/","url":"https:\/\/favorite-news.com\/mx\/ve-inegi-caida-de-2-1-en-actividad-economica-de-marzo\/","name":"Ve Inegi ca\u00edda de 2.1% en actividad econ\u00f3mica de marzo - Favorite News","isPartOf":{"@id":"https:\/\/favorite-news.com\/mx\/#website"},"primaryImageOfPage":{"@id":"https:\/\/favorite-news.com\/mx\/ve-inegi-caida-de-2-1-en-actividad-economica-de-marzo\/#primaryimage"},"image":{"@id":"https:\/\/favorite-news.com\/mx\/ve-inegi-caida-de-2-1-en-actividad-economica-de-marzo\/#primaryimage"},"thumbnailUrl":"https:\/\/favorite-news.com\/mx\/wp-content\/uploads\/sites\/8\/2021\/04\/Ve-Inegi-caida-de-21-en-actividad-economica-de-marzo.jpeg","datePublished":"2021-04-19T17:23:18+00:00","dateModified":"2021-04-19T17:23:22+00:00","author":{"@id":"https:\/\/favorite-news.com\/mx\/#\/schema\/person\/b91573b717dcfa5e4696032a9d28d3e8"},"breadcrumb":{"@id":"https:\/\/favorite-news.com\/mx\/ve-inegi-caida-de-2-1-en-actividad-economica-de-marzo\/#breadcrumb"},"inLanguage":"es","potentialAction":[{"@type":"ReadAction","target":["https:\/\/favorite-news.com\/mx\/ve-inegi-caida-de-2-1-en-actividad-economica-de-marzo\/"]}]},{"@type":"ImageObject","inLanguage":"es","@id":"https:\/\/favorite-news.com\/mx\/ve-inegi-caida-de-2-1-en-actividad-economica-de-marzo\/#primaryimage","url":"https:\/\/favorite-news.com\/mx\/wp-content\/uploads\/sites\/8\/2021\/04\/Ve-Inegi-caida-de-21-en-actividad-economica-de-marzo.jpeg","contentUrl":"https:\/\/favorite-news.com\/mx\/wp-content\/uploads\/sites\/8\/2021\/04\/Ve-Inegi-caida-de-21-en-actividad-economica-de-marzo.jpeg","width":1140,"height":712,"caption":"Ve Inegi ca\u00edda de 2.1% en actividad econ\u00f3mica de marzo"},{"@type":"BreadcrumbList","@id":"https:\/\/favorite-news.com\/mx\/ve-inegi-caida-de-2-1-en-actividad-economica-de-marzo\/#breadcrumb","itemListElement":[{"@type":"ListItem","position":1,"name":"\u0413\u043b\u0430\u0432\u043d\u0430\u044f \u0441\u0442\u0440\u0430\u043d\u0438\u0446\u0430","item":"https:\/\/favorite-news.com\/mx\/"},{"@type":"ListItem","position":2,"name":"Ve Inegi ca\u00edda de 2.1% en actividad econ\u00f3mica de marzo"}]},{"@type":"WebSite","@id":"https:\/\/favorite-news.com\/mx\/#website","url":"https:\/\/favorite-news.com\/mx\/","name":"Favorite News","description":"Favorite News Mexico","potentialAction":[{"@type":"SearchAction","target":{"@type":"EntryPoint","urlTemplate":"https:\/\/favorite-news.com\/mx\/?s={search_term_string}"},"query-input":{"@type":"PropertyValueSpecification","valueRequired":true,"valueName":"search_term_string"}}],"inLanguage":"es"},{"@type":"Person","@id":"https:\/\/favorite-news.com\/mx\/#\/schema\/person\/b91573b717dcfa5e4696032a9d28d3e8","name":"favorite-news","image":{"@type":"ImageObject","inLanguage":"es","@id":"https:\/\/secure.gravatar.com\/avatar\/6c5a5cb12b74e9d517ee91cf570335b7d16177f1977cc91db161adfa435945a7?s=96&d=mm&r=g","url":"https:\/\/secure.gravatar.com\/avatar\/6c5a5cb12b74e9d517ee91cf570335b7d16177f1977cc91db161adfa435945a7?s=96&d=mm&r=g","contentUrl":"https:\/\/secure.gravatar.com\/avatar\/6c5a5cb12b74e9d517ee91cf570335b7d16177f1977cc91db161adfa435945a7?s=96&d=mm&r=g","caption":"favorite-news"},"url":"https:\/\/favorite-news.com\/mx\/author\/pt\/"}]}},"_links":{"self":[{"href":"https:\/\/favorite-news.com\/mx\/wp-json\/wp\/v2\/posts\/4169","targetHints":{"allow":["GET"]}}],"collection":[{"href":"https:\/\/favorite-news.com\/mx\/wp-json\/wp\/v2\/posts"}],"about":[{"href":"https:\/\/favorite-news.com\/mx\/wp-json\/wp\/v2\/types\/post"}],"author":[{"embeddable":true,"href":"https:\/\/favorite-news.com\/mx\/wp-json\/wp\/v2\/users\/2"}],"replies":[{"embeddable":true,"href":"https:\/\/favorite-news.com\/mx\/wp-json\/wp\/v2\/comments?post=4169"}],"version-history":[{"count":1,"href":"https:\/\/favorite-news.com\/mx\/wp-json\/wp\/v2\/posts\/4169\/revisions"}],"predecessor-version":[{"id":4171,"href":"https:\/\/favorite-news.com\/mx\/wp-json\/wp\/v2\/posts\/4169\/revisions\/4171"}],"wp:featuredmedia":[{"embeddable":true,"href":"https:\/\/favorite-news.com\/mx\/wp-json\/wp\/v2\/media\/4170"}],"wp:attachment":[{"href":"https:\/\/favorite-news.com\/mx\/wp-json\/wp\/v2\/media?parent=4169"}],"wp:term":[{"taxonomy":"category","embeddable":true,"href":"https:\/\/favorite-news.com\/mx\/wp-json\/wp\/v2\/categories?post=4169"},{"taxonomy":"post_tag","embeddable":true,"href":"https:\/\/favorite-news.com\/mx\/wp-json\/wp\/v2\/tags?post=4169"}],"curies":[{"name":"wp","href":"https:\/\/api.w.org\/{rel}","templated":true}]}}