{"id":4150,"date":"2021-03-29T19:53:41","date_gmt":"2021-03-29T16:53:41","guid":{"rendered":"https:\/\/favorite-news.com\/mx\/asi-vivio-el-sector-el-acopio-masivo-del-papel-higienico-fue-una-locura-la-demanda-se-llego-a-multiplicar-por-15\/"},"modified":"2021-03-29T19:53:44","modified_gmt":"2021-03-29T16:53:44","slug":"asi-vivio-el-sector-el-acopio-masivo-del-papel-higienico-fue-una-locura-la-demanda-se-llego-a-multiplicar-por-15","status":"publish","type":"post","link":"https:\/\/favorite-news.com\/mx\/asi-vivio-el-sector-el-acopio-masivo-del-papel-higienico-fue-una-locura-la-demanda-se-llego-a-multiplicar-por-15\/","title":{"rendered":"As\u00ed vivi\u00f3 el sector el acopio masivo del papel higi\u00e9nico: &#8220;Fue una locura, la demanda se lleg\u00f3 a multiplicar por 15&#8221;"},"content":{"rendered":"<p><\/p>\n<p>                            &#8220;Fue algo espectacular, una locura. Aquellos d\u00edas previos al Estado de Alarma por la pandemia de coronavirus vivimos un incremento incre\u00edble de la demanda de papel higi\u00e9nico, que es un producto de demanda estable y rutinaria&#8221;. As\u00ed lo asegura a 20minutos Juan Vald\u00e9s, Director de Marketing en Espa\u00f1a de la multinacional del papel tis\u00fa Renova.Coincide con \u00e9l Jos\u00e9 Ram\u00f3n Iracheta, Country Manager de Essity en Espa\u00f1a y Portugal, multinacional que cuenta con tres f\u00e1bricas en nuestro pa\u00eds, 1.200 trabajadores y marcas l\u00edder como Colhogar. &#8220;Durante las primeras tres primeras semanas de marzo las ventas se incrementaron much\u00edsimo, una barbaridad. En Espa\u00f1a normalmente producimos 2 millones de rollos de papel higi\u00e9nico al d\u00eda y durante estas tres semanas de cierta histeria se fue a 3 millones&#8221;, recuerda.En Espa\u00f1a normalmente producimos 2 millones de rollos de papel higi\u00e9nico al d\u00eda y durante las tres\u00a0 primeras semanas de cierta histeria por la Covid subimos a 3 millonesEl temor al contagio y a un virus desconocido, el miedo a sufrir un confinamiento largo (como finalmente ocurri\u00f3), las noticias que llegaban de pa\u00edses cercanos como Italia, una especie de psicosis general, provoc\u00f3 que a partir de la primera semana de marzo de 2020 supermercados de numerosas ciudades de Espa\u00f1a dispararan sus ventas ante un acaparamiento masivo de alimentos y productos, sobre todo papel higi\u00e9nico, pasta, arroz y productos enlatados, que se agotaban constantemente.\u00a0La Covid-19 dispar\u00f3 las ventas de los supermercados hasta un 145% de media por el coronavirus.<br \/>\n        Un cliente realiza la compra en un supermercado un d\u00eda marcado por colas de gente al inicio de la pandemia.Jes\u00fas Hell\u00edn &#8211; Europa Press &#8211; Archivo\u00bfPero c\u00f3mo vivieron esos d\u00edas en el sector del papel higi\u00e9nico?Juan Vald\u00e9s, directivo de Renova, indica que &#8220;los primeros d\u00edas de marzo, con el runr\u00fan del confinamiento y por lo que la poblaci\u00f3n espa\u00f1ola ve\u00eda que pasaba en otros pa\u00edses, ya detectamos que pod\u00eda haber un incremento muy fuerte de la demanda de papel higi\u00e9nico, pero la cosa se dispar\u00f3 espectacularmente&#8221;.&#8221;Se batieron r\u00e9cords de venta, que eran in\u00e9ditas. Seg\u00fan la zona o el d\u00eda la demanda var\u00edo, pero lleg\u00f3 a multiplicarse por 15 en determinados picos. Nos tuvimos que poner a trabajar a destajo&#8221;, recuerda Vald\u00e9s.\u00a0<br \/>\n    Un consumidor con un carrito repleto de papel higi\u00e9nico en los d\u00edas previos al confinamientoEFEJos\u00e9 Ram\u00f3n Iracheta, de Essity Espa\u00f1a, recalca que &#8220;nunca hubo un riesgo real de desabastecimiento, pero cuando la gente ve que hay un producto esencial como el papel higi\u00e9nico, que normalmente no le das valor salvo cuando te puedes quedar sin \u00e9l, y ves que otros consumidores se lo llevan en sus carros, entonces puede entrarte el miedo a quedarte sin \u00e9l&#8221;. &#8220;Es un producto voluminoso que provoc\u00f3 un efecto llamada y pas\u00f3 a convertirse en un producto estrella&#8221;, explica.&#8221;Nunca hubo un riesgo real de desabastecimiento de papel higi\u00e9nico, pero la gente ten\u00eda miedo a quedarse sin un producto esencialEn aquel momento, Juan Vald\u00e9s recuerda que &#8220;la prioridad fue proteger a nuestros trabajadores con EPIS, tuvimos que reorganizar turnos, ya que hubo que doblarlos para poder responder a la fort\u00edsima demanda&#8221;. &#8220;Esos d\u00edas tener papel higi\u00e9nico era como tener donettes en el colegio, sal\u00edan amigos por todos lados&#8221;, ironiza. Adem\u00e1s, recuerda que &#8220;los hospitales fueron la prioridad en la entrega, y en segundo lugar nuestros clientes tradicionales&#8221;.Los camiones no daban abasto<br \/>\n    Camiones en la f\u00e1brica de RenovaCedidaEl directivo de Renova recuerda que produjeron &#8220;situaciones surrealistas&#8221;. Por ejemplo, cita, &#8220;los camiones no daban abasto para llegar al ritmo que se estaba demandando. Ten\u00edamos papel higi\u00e9nico reci\u00e9n fabricado pero no se pod\u00eda distribuir porque los transportistas no pod\u00edan distribuirlo todo. Era humanamente imposible&#8221;.\u00a0Los camiones no daban abasto para llegar al ritmo que se estaba demandando. Ten\u00edamos papel higi\u00e9nico reci\u00e9n fabricado, pero no se pod\u00eda distribuir al mismo ritmo<br \/>\n    Pales de papel higi\u00e9nico y papel de cocina en un supermercadoEUROPA PRESSNo obstante, recuerda con orgullo que &#8220;todo el mundo en la empresa se volc\u00f3 para abastecer a la ciudadan\u00eda de un producto b\u00e1sico pese al miedo al coronavirus. Era un deber humano. No he vivido nada igual. La gente en la f\u00e1brica, en las oficinas, toda la parte de log\u00edstica&#8230;&#8221;Jos\u00e9 Ram\u00f3n Iracheta, directivo de Essity-Colhogar, explica que &#8220;cuando detectamos que iba a haber un incremento espectacular de la demanda lo que hicimos fue reforzar la producci\u00f3n&#8221;. Al respecto, agrega: &#8220;Nuestros 1.200 empleados trabajaron como nunca, con gran profesionalidad. Tanto los de f\u00e1brica como la gente que tuvo que teletrabajar y lo hizo sin ning\u00fan problema porque ten\u00edamos los sistemas inform\u00e1ticos preparados, aunque hasta ese momento no le est\u00e1bamos sacando todo el partido&#8221;.\u00a0Tuvimos que abastecer de bocadillos, fruta y lugares de descanso a los camioneros porque trabajaban sin descanso y no ten\u00edan d\u00f3nde irIracheta tambi\u00e9n destaca el &#8220;excelente trabajo de los transportistas&#8221;, a quienes &#8220;tuvimos que abastecer de bocadillos, fruta y lugares de descanso porque no ten\u00edan donde ir y trabajaban sin descanso&#8221;. Un dato, en una f\u00e1brica de Essity acuden normalmente 50 camiones al d\u00eda para repartir papel higi\u00e9nico y otros (rollos de cocina, pa\u00f1uelos, etc) y durante las primeras semanas del Estado de Alarma iban 80 camiones&#8221;.A partir de finales de abril y principios de mayo lleg\u00f3 el baj\u00f3n<br \/>\n    Varias personas esperan para entrar en un supermercado de Barcelona.EFELa &#8216;histeria&#8217; por el papel higi\u00e9nico se inici\u00f3 a principios de marzo, se prolong\u00f3 en abril, aunque en menor intensidad, y en mayo lleg\u00f3 el baj\u00f3n de producci\u00f3n. Algo l\u00f3gico porque los espa\u00f1oles hab\u00edan acumulado mucho papel higi\u00e9nico y es un producto de uso estable. Al estar confinados todo el d\u00eda en casa y toda la familia se gastaba m\u00e1s de lo habitual, pero con el acopio masivo de marzo y abril la mayor\u00eda de familias almacenaba existencia de sobra. En junio y julio la demanda se estabiliz\u00f3.Compra de &#8216;p\u00e1nico&#8217;<br \/>\n    El papel higi\u00e9nico se agot\u00f3 en la mayor\u00eda de supermercados espa\u00f1oles.20MINUTOSLa acumulaci\u00f3n masiva de alimentos y productos de primera necesidad, seg\u00fan expertos en sociolog\u00eda y psicolog\u00eda, se denomina &#8216;compra de p\u00e1nico&#8217; y se desata por reacciones irracionales, aunque comprensibles, como el miedo o la ansiedad individuales que se intensifican en sociedad dando lugar a una histeria colectiva.La falta de papel higi\u00e9nico, producto de primera necesidad, no es m\u00e1s que un s\u00edntoma de esa histeria colectiva provocada por la incertidumbre de esta situaci\u00f3n y que la gente decide resolver aplicando el principio de &#8220;por si acaso&#8221;.Seg\u00fan Niki Edwards, cient\u00edfica de la Escuela de Salud P\u00fablica de la Universidad de Queensland, &#8220;cuando la gente es consciente del coronavirus, tiene miedo de perder el control, y el papel higi\u00e9nico es una forma de mantener el control sobre la higiene y la limpieza&#8221;.<br \/>\n    Los clientes se amontonan con sus carros y cestas junto a las cajas, en un supermercado de MadridJorge Par\u00edsHansa Pankhania, miembro de la Asociaci\u00f3n Brit\u00e1nica de Asesoramiento y Psicoterapia, cree que esa compra de p\u00e1nico,  que est\u00e1 relacionada con la impotencia, el miedo y la p\u00e9rdida de control, es un reflejo de las intenciones de cada persona de ayudarse a s\u00ed mismas ante esta situaci\u00f3n.&#8221;Cuando no tenemos el control sobre el panorama en general, anhelamos el control en nuestro &#8220;micro mundo&#8221;, nuestro hogar y nuestras rutinas. Y en este caso concreto, la gente lo hace comprando suministros&#8221;.La compra de p\u00e1nico empeora la situaci\u00f3n y no solo porque las existencias se agotan, sino porque otras personas no pueden acceder a los bienes que necesitan.Mucho mayor crecimiento del papel hogar que del papel higi\u00e9nico<br \/>\n    Rollo de papel de cocinaPinterestJuan Vald\u00e9s, Director de Marketing de Renova Espa\u00f1a, subraya que pese al boom espectacular del papel higi\u00e9nico en marzo y abril de 2020 por la Covid-19, &#8220;las ventas a cierre de 2020 solo registraron un incremento del 4% frente a, por ejemplo, la subida de un 20% del papel de cocina debido a que los espa\u00f1oles han pasado m\u00e1s tiempo en casa&#8221;.\u00a0En el conjunto del sector, seg\u00fan datos de Aspapel, la producci\u00f3n de papel higi\u00e9nico aument\u00f3 un 3,2% a cierre de 2020. Por tanto, el boom del papel higi\u00e9nico, la locura de marzo del a\u00f1o pasado, se normaliz\u00f3 durante el resto del a\u00f1o, mientras que s\u00ed crecieron significativamente otros productos que pasaron desapercibidos, como el papel de cocina al pasar m\u00e1s tiempo en casa y aumentar la preocupaci\u00f3n por la higiene.\u00a0<br \/>\n<br \/>\n<!--noindex--><br \/>\n<a href=\"https:\/\/www.20minutos.es\/noticia\/4632801\/0\/asi-vivio-el-sector-el-acopio-masivo-del-papel-higienico-fue-una-locura-la-demanda-se-llego-a-multiplicar-por-15\/\" rel=\"nofollow\">Source link <\/a><br \/>\n<!--\/noindex--><\/p>\n","protected":false},"excerpt":{"rendered":"<p>&#8220;Fue algo espectacular, una locura. Aquellos d\u00edas previos al Estado de Alarma por la pandemia de coronavirus vivimos un incremento incre\u00edble de la demanda de papel higi\u00e9nico, que es un producto de demanda estable y rutinaria&#8221;. As\u00ed lo asegura a 20minutos Juan Vald\u00e9s, Director de Marketing en Espa\u00f1a de la multinacional del papel tis\u00fa Renova.Coincide [&hellip;]<\/p>\n","protected":false},"author":2,"featured_media":4151,"comment_status":"open","ping_status":"open","sticky":false,"template":"","format":"standard","meta":{"footnotes":""},"categories":[1],"tags":[],"class_list":["post-4150","post","type-post","status-publish","format-standard","has-post-thumbnail","hentry","category-noticias-financieras"],"yoast_head":"<!-- This site is optimized with the Yoast SEO plugin v27.4 - https:\/\/yoast.com\/product\/yoast-seo-wordpress\/ -->\n<title>As\u00ed vivi\u00f3 el sector el acopio masivo del papel higi\u00e9nico: &quot;Fue una locura, la demanda se lleg\u00f3 a multiplicar por 15&quot; - Favorite News<\/title>\n<meta name=\"robots\" content=\"index, follow, max-snippet:-1, max-image-preview:large, max-video-preview:-1\" \/>\n<link rel=\"canonical\" href=\"https:\/\/favorite-news.com\/mx\/asi-vivio-el-sector-el-acopio-masivo-del-papel-higienico-fue-una-locura-la-demanda-se-llego-a-multiplicar-por-15\/\" \/>\n<meta property=\"og:locale\" content=\"es_MX\" \/>\n<meta property=\"og:type\" content=\"article\" \/>\n<meta property=\"og:title\" content=\"As\u00ed vivi\u00f3 el sector el acopio masivo del papel higi\u00e9nico: &quot;Fue una locura, la demanda se lleg\u00f3 a multiplicar por 15&quot; - Favorite News\" \/>\n<meta property=\"og:description\" content=\"&#8220;Fue algo espectacular, una locura. Aquellos d\u00edas previos al Estado de Alarma por la pandemia de coronavirus vivimos un incremento incre\u00edble de la demanda de papel higi\u00e9nico, que es un producto de demanda estable y rutinaria&#8221;. As\u00ed lo asegura a 20minutos Juan Vald\u00e9s, Director de Marketing en Espa\u00f1a de la multinacional del papel tis\u00fa Renova.Coincide [&hellip;]\" \/>\n<meta property=\"og:url\" content=\"https:\/\/favorite-news.com\/mx\/asi-vivio-el-sector-el-acopio-masivo-del-papel-higienico-fue-una-locura-la-demanda-se-llego-a-multiplicar-por-15\/\" \/>\n<meta property=\"og:site_name\" content=\"Favorite News\" \/>\n<meta property=\"article:published_time\" content=\"2021-03-29T16:53:41+00:00\" \/>\n<meta property=\"article:modified_time\" content=\"2021-03-29T16:53:44+00:00\" \/>\n<meta property=\"og:image\" content=\"https:\/\/favorite-news.com\/mx\/wp-content\/uploads\/sites\/8\/2021\/03\/Asi-vivio-el-sector-el-acopio-masivo-del-papel-higienico.jpeg\" \/>\n\t<meta property=\"og:image:width\" content=\"1200\" \/>\n\t<meta property=\"og:image:height\" content=\"675\" \/>\n\t<meta property=\"og:image:type\" content=\"image\/jpeg\" \/>\n<meta name=\"author\" content=\"favorite-news\" \/>\n<meta name=\"twitter:card\" content=\"summary_large_image\" \/>\n<meta name=\"twitter:label1\" content=\"Escrito por\" \/>\n\t<meta name=\"twitter:data1\" content=\"favorite-news\" \/>\n\t<meta name=\"twitter:label2\" content=\"Tiempo de lectura\" \/>\n\t<meta name=\"twitter:data2\" content=\"8 minutos\" \/>\n<script type=\"application\/ld+json\" class=\"yoast-schema-graph\">{\"@context\":\"https:\\\/\\\/schema.org\",\"@graph\":[{\"@type\":\"Article\",\"@id\":\"https:\\\/\\\/favorite-news.com\\\/mx\\\/asi-vivio-el-sector-el-acopio-masivo-del-papel-higienico-fue-una-locura-la-demanda-se-llego-a-multiplicar-por-15\\\/#article\",\"isPartOf\":{\"@id\":\"https:\\\/\\\/favorite-news.com\\\/mx\\\/asi-vivio-el-sector-el-acopio-masivo-del-papel-higienico-fue-una-locura-la-demanda-se-llego-a-multiplicar-por-15\\\/\"},\"author\":{\"name\":\"favorite-news\",\"@id\":\"https:\\\/\\\/favorite-news.com\\\/mx\\\/#\\\/schema\\\/person\\\/b91573b717dcfa5e4696032a9d28d3e8\"},\"headline\":\"As\u00ed vivi\u00f3 el sector el acopio masivo del papel higi\u00e9nico: &#8220;Fue una locura, la demanda se lleg\u00f3 a multiplicar por 15&#8221;\",\"datePublished\":\"2021-03-29T16:53:41+00:00\",\"dateModified\":\"2021-03-29T16:53:44+00:00\",\"mainEntityOfPage\":{\"@id\":\"https:\\\/\\\/favorite-news.com\\\/mx\\\/asi-vivio-el-sector-el-acopio-masivo-del-papel-higienico-fue-una-locura-la-demanda-se-llego-a-multiplicar-por-15\\\/\"},\"wordCount\":1522,\"commentCount\":0,\"image\":{\"@id\":\"https:\\\/\\\/favorite-news.com\\\/mx\\\/asi-vivio-el-sector-el-acopio-masivo-del-papel-higienico-fue-una-locura-la-demanda-se-llego-a-multiplicar-por-15\\\/#primaryimage\"},\"thumbnailUrl\":\"https:\\\/\\\/favorite-news.com\\\/mx\\\/wp-content\\\/uploads\\\/sites\\\/8\\\/2021\\\/03\\\/Asi-vivio-el-sector-el-acopio-masivo-del-papel-higienico.jpeg\",\"articleSection\":[\"NOTICIAS FINANCIERAS\"],\"inLanguage\":\"es\",\"potentialAction\":[{\"@type\":\"CommentAction\",\"name\":\"Comment\",\"target\":[\"https:\\\/\\\/favorite-news.com\\\/mx\\\/asi-vivio-el-sector-el-acopio-masivo-del-papel-higienico-fue-una-locura-la-demanda-se-llego-a-multiplicar-por-15\\\/#respond\"]}]},{\"@type\":\"WebPage\",\"@id\":\"https:\\\/\\\/favorite-news.com\\\/mx\\\/asi-vivio-el-sector-el-acopio-masivo-del-papel-higienico-fue-una-locura-la-demanda-se-llego-a-multiplicar-por-15\\\/\",\"url\":\"https:\\\/\\\/favorite-news.com\\\/mx\\\/asi-vivio-el-sector-el-acopio-masivo-del-papel-higienico-fue-una-locura-la-demanda-se-llego-a-multiplicar-por-15\\\/\",\"name\":\"As\u00ed vivi\u00f3 el sector el acopio masivo del papel higi\u00e9nico: \\\"Fue una locura, la demanda se lleg\u00f3 a multiplicar por 15\\\" - Favorite News\",\"isPartOf\":{\"@id\":\"https:\\\/\\\/favorite-news.com\\\/mx\\\/#website\"},\"primaryImageOfPage\":{\"@id\":\"https:\\\/\\\/favorite-news.com\\\/mx\\\/asi-vivio-el-sector-el-acopio-masivo-del-papel-higienico-fue-una-locura-la-demanda-se-llego-a-multiplicar-por-15\\\/#primaryimage\"},\"image\":{\"@id\":\"https:\\\/\\\/favorite-news.com\\\/mx\\\/asi-vivio-el-sector-el-acopio-masivo-del-papel-higienico-fue-una-locura-la-demanda-se-llego-a-multiplicar-por-15\\\/#primaryimage\"},\"thumbnailUrl\":\"https:\\\/\\\/favorite-news.com\\\/mx\\\/wp-content\\\/uploads\\\/sites\\\/8\\\/2021\\\/03\\\/Asi-vivio-el-sector-el-acopio-masivo-del-papel-higienico.jpeg\",\"datePublished\":\"2021-03-29T16:53:41+00:00\",\"dateModified\":\"2021-03-29T16:53:44+00:00\",\"author\":{\"@id\":\"https:\\\/\\\/favorite-news.com\\\/mx\\\/#\\\/schema\\\/person\\\/b91573b717dcfa5e4696032a9d28d3e8\"},\"breadcrumb\":{\"@id\":\"https:\\\/\\\/favorite-news.com\\\/mx\\\/asi-vivio-el-sector-el-acopio-masivo-del-papel-higienico-fue-una-locura-la-demanda-se-llego-a-multiplicar-por-15\\\/#breadcrumb\"},\"inLanguage\":\"es\",\"potentialAction\":[{\"@type\":\"ReadAction\",\"target\":[\"https:\\\/\\\/favorite-news.com\\\/mx\\\/asi-vivio-el-sector-el-acopio-masivo-del-papel-higienico-fue-una-locura-la-demanda-se-llego-a-multiplicar-por-15\\\/\"]}]},{\"@type\":\"ImageObject\",\"inLanguage\":\"es\",\"@id\":\"https:\\\/\\\/favorite-news.com\\\/mx\\\/asi-vivio-el-sector-el-acopio-masivo-del-papel-higienico-fue-una-locura-la-demanda-se-llego-a-multiplicar-por-15\\\/#primaryimage\",\"url\":\"https:\\\/\\\/favorite-news.com\\\/mx\\\/wp-content\\\/uploads\\\/sites\\\/8\\\/2021\\\/03\\\/Asi-vivio-el-sector-el-acopio-masivo-del-papel-higienico.jpeg\",\"contentUrl\":\"https:\\\/\\\/favorite-news.com\\\/mx\\\/wp-content\\\/uploads\\\/sites\\\/8\\\/2021\\\/03\\\/Asi-vivio-el-sector-el-acopio-masivo-del-papel-higienico.jpeg\",\"width\":1200,\"height\":675,\"caption\":\"As\u00ed vivi\u00f3 el sector el acopio masivo del papel higi\u00e9nico: \\\"Fue una locura, la demanda se lleg\u00f3 a multiplicar por 15\\\"\"},{\"@type\":\"BreadcrumbList\",\"@id\":\"https:\\\/\\\/favorite-news.com\\\/mx\\\/asi-vivio-el-sector-el-acopio-masivo-del-papel-higienico-fue-una-locura-la-demanda-se-llego-a-multiplicar-por-15\\\/#breadcrumb\",\"itemListElement\":[{\"@type\":\"ListItem\",\"position\":1,\"name\":\"\u0413\u043b\u0430\u0432\u043d\u0430\u044f \u0441\u0442\u0440\u0430\u043d\u0438\u0446\u0430\",\"item\":\"https:\\\/\\\/favorite-news.com\\\/mx\\\/\"},{\"@type\":\"ListItem\",\"position\":2,\"name\":\"As\u00ed vivi\u00f3 el sector el acopio masivo del papel higi\u00e9nico: &#8220;Fue una locura, la demanda se lleg\u00f3 a multiplicar por 15&#8221;\"}]},{\"@type\":\"WebSite\",\"@id\":\"https:\\\/\\\/favorite-news.com\\\/mx\\\/#website\",\"url\":\"https:\\\/\\\/favorite-news.com\\\/mx\\\/\",\"name\":\"Favorite News\",\"description\":\"Favorite News Mexico\",\"potentialAction\":[{\"@type\":\"SearchAction\",\"target\":{\"@type\":\"EntryPoint\",\"urlTemplate\":\"https:\\\/\\\/favorite-news.com\\\/mx\\\/?s={search_term_string}\"},\"query-input\":{\"@type\":\"PropertyValueSpecification\",\"valueRequired\":true,\"valueName\":\"search_term_string\"}}],\"inLanguage\":\"es\"},{\"@type\":\"Person\",\"@id\":\"https:\\\/\\\/favorite-news.com\\\/mx\\\/#\\\/schema\\\/person\\\/b91573b717dcfa5e4696032a9d28d3e8\",\"name\":\"favorite-news\",\"image\":{\"@type\":\"ImageObject\",\"inLanguage\":\"es\",\"@id\":\"https:\\\/\\\/secure.gravatar.com\\\/avatar\\\/6c5a5cb12b74e9d517ee91cf570335b7d16177f1977cc91db161adfa435945a7?s=96&d=mm&r=g\",\"url\":\"https:\\\/\\\/secure.gravatar.com\\\/avatar\\\/6c5a5cb12b74e9d517ee91cf570335b7d16177f1977cc91db161adfa435945a7?s=96&d=mm&r=g\",\"contentUrl\":\"https:\\\/\\\/secure.gravatar.com\\\/avatar\\\/6c5a5cb12b74e9d517ee91cf570335b7d16177f1977cc91db161adfa435945a7?s=96&d=mm&r=g\",\"caption\":\"favorite-news\"},\"url\":\"https:\\\/\\\/favorite-news.com\\\/mx\\\/author\\\/pt\\\/\"}]}<\/script>\n<!-- \/ Yoast SEO plugin. -->","yoast_head_json":{"title":"As\u00ed vivi\u00f3 el sector el acopio masivo del papel higi\u00e9nico: \"Fue una locura, la demanda se lleg\u00f3 a multiplicar por 15\" - Favorite News","robots":{"index":"index","follow":"follow","max-snippet":"max-snippet:-1","max-image-preview":"max-image-preview:large","max-video-preview":"max-video-preview:-1"},"canonical":"https:\/\/favorite-news.com\/mx\/asi-vivio-el-sector-el-acopio-masivo-del-papel-higienico-fue-una-locura-la-demanda-se-llego-a-multiplicar-por-15\/","og_locale":"es_MX","og_type":"article","og_title":"As\u00ed vivi\u00f3 el sector el acopio masivo del papel higi\u00e9nico: \"Fue una locura, la demanda se lleg\u00f3 a multiplicar por 15\" - Favorite News","og_description":"&#8220;Fue algo espectacular, una locura. Aquellos d\u00edas previos al Estado de Alarma por la pandemia de coronavirus vivimos un incremento incre\u00edble de la demanda de papel higi\u00e9nico, que es un producto de demanda estable y rutinaria&#8221;. As\u00ed lo asegura a 20minutos Juan Vald\u00e9s, Director de Marketing en Espa\u00f1a de la multinacional del papel tis\u00fa Renova.Coincide [&hellip;]","og_url":"https:\/\/favorite-news.com\/mx\/asi-vivio-el-sector-el-acopio-masivo-del-papel-higienico-fue-una-locura-la-demanda-se-llego-a-multiplicar-por-15\/","og_site_name":"Favorite News","article_published_time":"2021-03-29T16:53:41+00:00","article_modified_time":"2021-03-29T16:53:44+00:00","og_image":[{"width":1200,"height":675,"url":"https:\/\/favorite-news.com\/mx\/wp-content\/uploads\/sites\/8\/2021\/03\/Asi-vivio-el-sector-el-acopio-masivo-del-papel-higienico.jpeg","type":"image\/jpeg"}],"author":"favorite-news","twitter_card":"summary_large_image","twitter_misc":{"Escrito por":"favorite-news","Tiempo de lectura":"8 minutos"},"schema":{"@context":"https:\/\/schema.org","@graph":[{"@type":"Article","@id":"https:\/\/favorite-news.com\/mx\/asi-vivio-el-sector-el-acopio-masivo-del-papel-higienico-fue-una-locura-la-demanda-se-llego-a-multiplicar-por-15\/#article","isPartOf":{"@id":"https:\/\/favorite-news.com\/mx\/asi-vivio-el-sector-el-acopio-masivo-del-papel-higienico-fue-una-locura-la-demanda-se-llego-a-multiplicar-por-15\/"},"author":{"name":"favorite-news","@id":"https:\/\/favorite-news.com\/mx\/#\/schema\/person\/b91573b717dcfa5e4696032a9d28d3e8"},"headline":"As\u00ed vivi\u00f3 el sector el acopio masivo del papel higi\u00e9nico: &#8220;Fue una locura, la demanda se lleg\u00f3 a multiplicar por 15&#8221;","datePublished":"2021-03-29T16:53:41+00:00","dateModified":"2021-03-29T16:53:44+00:00","mainEntityOfPage":{"@id":"https:\/\/favorite-news.com\/mx\/asi-vivio-el-sector-el-acopio-masivo-del-papel-higienico-fue-una-locura-la-demanda-se-llego-a-multiplicar-por-15\/"},"wordCount":1522,"commentCount":0,"image":{"@id":"https:\/\/favorite-news.com\/mx\/asi-vivio-el-sector-el-acopio-masivo-del-papel-higienico-fue-una-locura-la-demanda-se-llego-a-multiplicar-por-15\/#primaryimage"},"thumbnailUrl":"https:\/\/favorite-news.com\/mx\/wp-content\/uploads\/sites\/8\/2021\/03\/Asi-vivio-el-sector-el-acopio-masivo-del-papel-higienico.jpeg","articleSection":["NOTICIAS FINANCIERAS"],"inLanguage":"es","potentialAction":[{"@type":"CommentAction","name":"Comment","target":["https:\/\/favorite-news.com\/mx\/asi-vivio-el-sector-el-acopio-masivo-del-papel-higienico-fue-una-locura-la-demanda-se-llego-a-multiplicar-por-15\/#respond"]}]},{"@type":"WebPage","@id":"https:\/\/favorite-news.com\/mx\/asi-vivio-el-sector-el-acopio-masivo-del-papel-higienico-fue-una-locura-la-demanda-se-llego-a-multiplicar-por-15\/","url":"https:\/\/favorite-news.com\/mx\/asi-vivio-el-sector-el-acopio-masivo-del-papel-higienico-fue-una-locura-la-demanda-se-llego-a-multiplicar-por-15\/","name":"As\u00ed vivi\u00f3 el sector el acopio masivo del papel higi\u00e9nico: \"Fue una locura, la demanda se lleg\u00f3 a multiplicar por 15\" - Favorite News","isPartOf":{"@id":"https:\/\/favorite-news.com\/mx\/#website"},"primaryImageOfPage":{"@id":"https:\/\/favorite-news.com\/mx\/asi-vivio-el-sector-el-acopio-masivo-del-papel-higienico-fue-una-locura-la-demanda-se-llego-a-multiplicar-por-15\/#primaryimage"},"image":{"@id":"https:\/\/favorite-news.com\/mx\/asi-vivio-el-sector-el-acopio-masivo-del-papel-higienico-fue-una-locura-la-demanda-se-llego-a-multiplicar-por-15\/#primaryimage"},"thumbnailUrl":"https:\/\/favorite-news.com\/mx\/wp-content\/uploads\/sites\/8\/2021\/03\/Asi-vivio-el-sector-el-acopio-masivo-del-papel-higienico.jpeg","datePublished":"2021-03-29T16:53:41+00:00","dateModified":"2021-03-29T16:53:44+00:00","author":{"@id":"https:\/\/favorite-news.com\/mx\/#\/schema\/person\/b91573b717dcfa5e4696032a9d28d3e8"},"breadcrumb":{"@id":"https:\/\/favorite-news.com\/mx\/asi-vivio-el-sector-el-acopio-masivo-del-papel-higienico-fue-una-locura-la-demanda-se-llego-a-multiplicar-por-15\/#breadcrumb"},"inLanguage":"es","potentialAction":[{"@type":"ReadAction","target":["https:\/\/favorite-news.com\/mx\/asi-vivio-el-sector-el-acopio-masivo-del-papel-higienico-fue-una-locura-la-demanda-se-llego-a-multiplicar-por-15\/"]}]},{"@type":"ImageObject","inLanguage":"es","@id":"https:\/\/favorite-news.com\/mx\/asi-vivio-el-sector-el-acopio-masivo-del-papel-higienico-fue-una-locura-la-demanda-se-llego-a-multiplicar-por-15\/#primaryimage","url":"https:\/\/favorite-news.com\/mx\/wp-content\/uploads\/sites\/8\/2021\/03\/Asi-vivio-el-sector-el-acopio-masivo-del-papel-higienico.jpeg","contentUrl":"https:\/\/favorite-news.com\/mx\/wp-content\/uploads\/sites\/8\/2021\/03\/Asi-vivio-el-sector-el-acopio-masivo-del-papel-higienico.jpeg","width":1200,"height":675,"caption":"As\u00ed vivi\u00f3 el sector el acopio masivo del papel higi\u00e9nico: \"Fue una locura, la demanda se lleg\u00f3 a multiplicar por 15\""},{"@type":"BreadcrumbList","@id":"https:\/\/favorite-news.com\/mx\/asi-vivio-el-sector-el-acopio-masivo-del-papel-higienico-fue-una-locura-la-demanda-se-llego-a-multiplicar-por-15\/#breadcrumb","itemListElement":[{"@type":"ListItem","position":1,"name":"\u0413\u043b\u0430\u0432\u043d\u0430\u044f \u0441\u0442\u0440\u0430\u043d\u0438\u0446\u0430","item":"https:\/\/favorite-news.com\/mx\/"},{"@type":"ListItem","position":2,"name":"As\u00ed vivi\u00f3 el sector el acopio masivo del papel higi\u00e9nico: &#8220;Fue una locura, la demanda se lleg\u00f3 a multiplicar por 15&#8221;"}]},{"@type":"WebSite","@id":"https:\/\/favorite-news.com\/mx\/#website","url":"https:\/\/favorite-news.com\/mx\/","name":"Favorite News","description":"Favorite News Mexico","potentialAction":[{"@type":"SearchAction","target":{"@type":"EntryPoint","urlTemplate":"https:\/\/favorite-news.com\/mx\/?s={search_term_string}"},"query-input":{"@type":"PropertyValueSpecification","valueRequired":true,"valueName":"search_term_string"}}],"inLanguage":"es"},{"@type":"Person","@id":"https:\/\/favorite-news.com\/mx\/#\/schema\/person\/b91573b717dcfa5e4696032a9d28d3e8","name":"favorite-news","image":{"@type":"ImageObject","inLanguage":"es","@id":"https:\/\/secure.gravatar.com\/avatar\/6c5a5cb12b74e9d517ee91cf570335b7d16177f1977cc91db161adfa435945a7?s=96&d=mm&r=g","url":"https:\/\/secure.gravatar.com\/avatar\/6c5a5cb12b74e9d517ee91cf570335b7d16177f1977cc91db161adfa435945a7?s=96&d=mm&r=g","contentUrl":"https:\/\/secure.gravatar.com\/avatar\/6c5a5cb12b74e9d517ee91cf570335b7d16177f1977cc91db161adfa435945a7?s=96&d=mm&r=g","caption":"favorite-news"},"url":"https:\/\/favorite-news.com\/mx\/author\/pt\/"}]}},"_links":{"self":[{"href":"https:\/\/favorite-news.com\/mx\/wp-json\/wp\/v2\/posts\/4150","targetHints":{"allow":["GET"]}}],"collection":[{"href":"https:\/\/favorite-news.com\/mx\/wp-json\/wp\/v2\/posts"}],"about":[{"href":"https:\/\/favorite-news.com\/mx\/wp-json\/wp\/v2\/types\/post"}],"author":[{"embeddable":true,"href":"https:\/\/favorite-news.com\/mx\/wp-json\/wp\/v2\/users\/2"}],"replies":[{"embeddable":true,"href":"https:\/\/favorite-news.com\/mx\/wp-json\/wp\/v2\/comments?post=4150"}],"version-history":[{"count":1,"href":"https:\/\/favorite-news.com\/mx\/wp-json\/wp\/v2\/posts\/4150\/revisions"}],"predecessor-version":[{"id":4152,"href":"https:\/\/favorite-news.com\/mx\/wp-json\/wp\/v2\/posts\/4150\/revisions\/4152"}],"wp:featuredmedia":[{"embeddable":true,"href":"https:\/\/favorite-news.com\/mx\/wp-json\/wp\/v2\/media\/4151"}],"wp:attachment":[{"href":"https:\/\/favorite-news.com\/mx\/wp-json\/wp\/v2\/media?parent=4150"}],"wp:term":[{"taxonomy":"category","embeddable":true,"href":"https:\/\/favorite-news.com\/mx\/wp-json\/wp\/v2\/categories?post=4150"},{"taxonomy":"post_tag","embeddable":true,"href":"https:\/\/favorite-news.com\/mx\/wp-json\/wp\/v2\/tags?post=4150"}],"curies":[{"name":"wp","href":"https:\/\/api.w.org\/{rel}","templated":true}]}}