{"id":4147,"date":"2021-03-22T19:54:59","date_gmt":"2021-03-22T16:54:59","guid":{"rendered":"https:\/\/favorite-news.com\/mx\/peso-cae-por-preocupaciones-tras-salida-de-jefe-banco-central-turquia\/"},"modified":"2021-03-22T19:55:03","modified_gmt":"2021-03-22T16:55:03","slug":"peso-cae-por-preocupaciones-tras-salida-de-jefe-banco-central-turquia","status":"publish","type":"post","link":"https:\/\/favorite-news.com\/mx\/peso-cae-por-preocupaciones-tras-salida-de-jefe-banco-central-turquia\/","title":{"rendered":"Peso cae por preocupaciones tras salida de jefe banco central Turqu\u00eda"},"content":{"rendered":"<p>El peso mexicano se depreci\u00f3 el lunes mientras inversionistas optan por activos m\u00e1s seguros, luego de la abrupta decisi\u00f3n de Turqu\u00eda de reemplazar al jefe de su banco central, una decisi\u00f3n que gener\u00f3 preocupaci\u00f3n en otros mercados financieros.La moneda local cotiz\u00f3 en 20.69 por d\u00f3lar, con una p\u00e9rdida de un 0.99% frente a los 20.49 del precio de referencia de Reuters del viernes.\u27a1\ufe0f OXXO responde a AMLO y asegura que pagan m\u00e1s de 14 mil pesos por luz en cada tiendaLa moneda local lleg\u00f3 a caer en operaciones internacionales durante la madrugada un 1.7% hasta las 20.8355 unidades por divisa estadounidense.\u27a1\ufe0f Mantente informado en nuestro canal de Google NoticiasLa lira turca se desplom\u00f3 un 15% el lunes hasta cerca de su m\u00ednimo hist\u00f3rico despu\u00e9s de que el presidente Tayyip Erdogan destituyera el fin de semana al gobernador del banco central turco, partidario de una pol\u00edtica monetaria m\u00e1s restrictiva.&#8221;Un nuevo cap\u00edtulo de interferencia del gobierno en las decisiones de pol\u00edtica monetaria devuelve impaciencia sobre la lira y la estabilidad de los activos turcos, que se traslada con fuerza a la prudencia de los inversores sobre otros mercados emergentes&#8221;, dijo Monex Europe en una nota de an\u00e1lisis.<\/p>\n<p>\n<!--noindex--><br \/>\n<a href=\"https:\/\/www.elsoldemexico.com.mx\/finanzas\/peso-cae-por-preocupaciones-tras-salida-de-jefe-banco-central-turquia-6504836.html\" rel=\"nofollow\">Source link <\/a><br \/>\n<!--\/noindex--><\/p>\n","protected":false},"excerpt":{"rendered":"<p>El peso mexicano se depreci\u00f3 el lunes mientras inversionistas optan por activos m\u00e1s seguros, luego de la abrupta decisi\u00f3n de Turqu\u00eda de reemplazar al jefe de su banco central, una decisi\u00f3n que gener\u00f3 preocupaci\u00f3n en otros mercados financieros.La moneda local cotiz\u00f3 en 20.69 por d\u00f3lar, con una p\u00e9rdida de un 0.99% frente a los 20.49 [&hellip;]<\/p>\n","protected":false},"author":2,"featured_media":4148,"comment_status":"open","ping_status":"open","sticky":false,"template":"","format":"standard","meta":{"footnotes":""},"categories":[1],"tags":[],"class_list":["post-4147","post","type-post","status-publish","format-standard","has-post-thumbnail","hentry","category-noticias-financieras"],"yoast_head":"<!-- This site is optimized with the Yoast SEO plugin v27.4 - https:\/\/yoast.com\/product\/yoast-seo-wordpress\/ -->\n<title>Peso cae por preocupaciones tras salida de jefe banco central Turqu\u00eda - Favorite News<\/title>\n<meta name=\"robots\" content=\"index, follow, max-snippet:-1, max-image-preview:large, max-video-preview:-1\" \/>\n<link rel=\"canonical\" href=\"https:\/\/favorite-news.com\/mx\/peso-cae-por-preocupaciones-tras-salida-de-jefe-banco-central-turquia\/\" \/>\n<meta property=\"og:locale\" content=\"es_MX\" \/>\n<meta property=\"og:type\" content=\"article\" \/>\n<meta property=\"og:title\" content=\"Peso cae por preocupaciones tras salida de jefe banco central Turqu\u00eda - Favorite News\" \/>\n<meta property=\"og:description\" content=\"El peso mexicano se depreci\u00f3 el lunes mientras inversionistas optan por activos m\u00e1s seguros, luego de la abrupta decisi\u00f3n de Turqu\u00eda de reemplazar al jefe de su banco central, una decisi\u00f3n que gener\u00f3 preocupaci\u00f3n en otros mercados financieros.La moneda local cotiz\u00f3 en 20.69 por d\u00f3lar, con una p\u00e9rdida de un 0.99% frente a los 20.49 [&hellip;]\" \/>\n<meta property=\"og:url\" content=\"https:\/\/favorite-news.com\/mx\/peso-cae-por-preocupaciones-tras-salida-de-jefe-banco-central-turquia\/\" \/>\n<meta property=\"og:site_name\" content=\"Favorite News\" \/>\n<meta property=\"article:published_time\" content=\"2021-03-22T16:54:59+00:00\" \/>\n<meta property=\"article:modified_time\" content=\"2021-03-22T16:55:03+00:00\" \/>\n<meta property=\"og:image\" content=\"https:\/\/favorite-news.com\/mx\/wp-content\/uploads\/sites\/8\/2021\/03\/Peso-cae-por-preocupaciones-tras-salida-de-jefe-banco-central.jpg\" \/>\n\t<meta property=\"og:image:width\" content=\"1140\" \/>\n\t<meta property=\"og:image:height\" content=\"712\" \/>\n\t<meta property=\"og:image:type\" content=\"image\/jpeg\" \/>\n<meta name=\"author\" content=\"favorite-news\" \/>\n<meta name=\"twitter:card\" content=\"summary_large_image\" \/>\n<meta name=\"twitter:label1\" content=\"Escrito por\" \/>\n\t<meta name=\"twitter:data1\" content=\"favorite-news\" \/>\n\t<meta name=\"twitter:label2\" content=\"Tiempo de lectura\" \/>\n\t<meta name=\"twitter:data2\" content=\"1 minuto\" \/>\n<script type=\"application\/ld+json\" class=\"yoast-schema-graph\">{\"@context\":\"https:\\\/\\\/schema.org\",\"@graph\":[{\"@type\":\"Article\",\"@id\":\"https:\\\/\\\/favorite-news.com\\\/mx\\\/peso-cae-por-preocupaciones-tras-salida-de-jefe-banco-central-turquia\\\/#article\",\"isPartOf\":{\"@id\":\"https:\\\/\\\/favorite-news.com\\\/mx\\\/peso-cae-por-preocupaciones-tras-salida-de-jefe-banco-central-turquia\\\/\"},\"author\":{\"name\":\"favorite-news\",\"@id\":\"https:\\\/\\\/favorite-news.com\\\/mx\\\/#\\\/schema\\\/person\\\/b91573b717dcfa5e4696032a9d28d3e8\"},\"headline\":\"Peso cae por preocupaciones tras salida de jefe banco central Turqu\u00eda\",\"datePublished\":\"2021-03-22T16:54:59+00:00\",\"dateModified\":\"2021-03-22T16:55:03+00:00\",\"mainEntityOfPage\":{\"@id\":\"https:\\\/\\\/favorite-news.com\\\/mx\\\/peso-cae-por-preocupaciones-tras-salida-de-jefe-banco-central-turquia\\\/\"},\"wordCount\":220,\"commentCount\":0,\"image\":{\"@id\":\"https:\\\/\\\/favorite-news.com\\\/mx\\\/peso-cae-por-preocupaciones-tras-salida-de-jefe-banco-central-turquia\\\/#primaryimage\"},\"thumbnailUrl\":\"https:\\\/\\\/favorite-news.com\\\/mx\\\/wp-content\\\/uploads\\\/sites\\\/8\\\/2021\\\/03\\\/Peso-cae-por-preocupaciones-tras-salida-de-jefe-banco-central.jpg\",\"articleSection\":[\"NOTICIAS FINANCIERAS\"],\"inLanguage\":\"es\",\"potentialAction\":[{\"@type\":\"CommentAction\",\"name\":\"Comment\",\"target\":[\"https:\\\/\\\/favorite-news.com\\\/mx\\\/peso-cae-por-preocupaciones-tras-salida-de-jefe-banco-central-turquia\\\/#respond\"]}]},{\"@type\":\"WebPage\",\"@id\":\"https:\\\/\\\/favorite-news.com\\\/mx\\\/peso-cae-por-preocupaciones-tras-salida-de-jefe-banco-central-turquia\\\/\",\"url\":\"https:\\\/\\\/favorite-news.com\\\/mx\\\/peso-cae-por-preocupaciones-tras-salida-de-jefe-banco-central-turquia\\\/\",\"name\":\"Peso cae por preocupaciones tras salida de jefe banco central Turqu\u00eda - Favorite News\",\"isPartOf\":{\"@id\":\"https:\\\/\\\/favorite-news.com\\\/mx\\\/#website\"},\"primaryImageOfPage\":{\"@id\":\"https:\\\/\\\/favorite-news.com\\\/mx\\\/peso-cae-por-preocupaciones-tras-salida-de-jefe-banco-central-turquia\\\/#primaryimage\"},\"image\":{\"@id\":\"https:\\\/\\\/favorite-news.com\\\/mx\\\/peso-cae-por-preocupaciones-tras-salida-de-jefe-banco-central-turquia\\\/#primaryimage\"},\"thumbnailUrl\":\"https:\\\/\\\/favorite-news.com\\\/mx\\\/wp-content\\\/uploads\\\/sites\\\/8\\\/2021\\\/03\\\/Peso-cae-por-preocupaciones-tras-salida-de-jefe-banco-central.jpg\",\"datePublished\":\"2021-03-22T16:54:59+00:00\",\"dateModified\":\"2021-03-22T16:55:03+00:00\",\"author\":{\"@id\":\"https:\\\/\\\/favorite-news.com\\\/mx\\\/#\\\/schema\\\/person\\\/b91573b717dcfa5e4696032a9d28d3e8\"},\"breadcrumb\":{\"@id\":\"https:\\\/\\\/favorite-news.com\\\/mx\\\/peso-cae-por-preocupaciones-tras-salida-de-jefe-banco-central-turquia\\\/#breadcrumb\"},\"inLanguage\":\"es\",\"potentialAction\":[{\"@type\":\"ReadAction\",\"target\":[\"https:\\\/\\\/favorite-news.com\\\/mx\\\/peso-cae-por-preocupaciones-tras-salida-de-jefe-banco-central-turquia\\\/\"]}]},{\"@type\":\"ImageObject\",\"inLanguage\":\"es\",\"@id\":\"https:\\\/\\\/favorite-news.com\\\/mx\\\/peso-cae-por-preocupaciones-tras-salida-de-jefe-banco-central-turquia\\\/#primaryimage\",\"url\":\"https:\\\/\\\/favorite-news.com\\\/mx\\\/wp-content\\\/uploads\\\/sites\\\/8\\\/2021\\\/03\\\/Peso-cae-por-preocupaciones-tras-salida-de-jefe-banco-central.jpg\",\"contentUrl\":\"https:\\\/\\\/favorite-news.com\\\/mx\\\/wp-content\\\/uploads\\\/sites\\\/8\\\/2021\\\/03\\\/Peso-cae-por-preocupaciones-tras-salida-de-jefe-banco-central.jpg\",\"width\":1140,\"height\":712,\"caption\":\"Peso cae por preocupaciones tras salida de jefe banco central Turqu\u00eda\"},{\"@type\":\"BreadcrumbList\",\"@id\":\"https:\\\/\\\/favorite-news.com\\\/mx\\\/peso-cae-por-preocupaciones-tras-salida-de-jefe-banco-central-turquia\\\/#breadcrumb\",\"itemListElement\":[{\"@type\":\"ListItem\",\"position\":1,\"name\":\"\u0413\u043b\u0430\u0432\u043d\u0430\u044f \u0441\u0442\u0440\u0430\u043d\u0438\u0446\u0430\",\"item\":\"https:\\\/\\\/favorite-news.com\\\/mx\\\/\"},{\"@type\":\"ListItem\",\"position\":2,\"name\":\"Peso cae por preocupaciones tras salida de jefe banco central Turqu\u00eda\"}]},{\"@type\":\"WebSite\",\"@id\":\"https:\\\/\\\/favorite-news.com\\\/mx\\\/#website\",\"url\":\"https:\\\/\\\/favorite-news.com\\\/mx\\\/\",\"name\":\"Favorite News\",\"description\":\"Favorite News Mexico\",\"potentialAction\":[{\"@type\":\"SearchAction\",\"target\":{\"@type\":\"EntryPoint\",\"urlTemplate\":\"https:\\\/\\\/favorite-news.com\\\/mx\\\/?s={search_term_string}\"},\"query-input\":{\"@type\":\"PropertyValueSpecification\",\"valueRequired\":true,\"valueName\":\"search_term_string\"}}],\"inLanguage\":\"es\"},{\"@type\":\"Person\",\"@id\":\"https:\\\/\\\/favorite-news.com\\\/mx\\\/#\\\/schema\\\/person\\\/b91573b717dcfa5e4696032a9d28d3e8\",\"name\":\"favorite-news\",\"image\":{\"@type\":\"ImageObject\",\"inLanguage\":\"es\",\"@id\":\"https:\\\/\\\/secure.gravatar.com\\\/avatar\\\/6c5a5cb12b74e9d517ee91cf570335b7d16177f1977cc91db161adfa435945a7?s=96&d=mm&r=g\",\"url\":\"https:\\\/\\\/secure.gravatar.com\\\/avatar\\\/6c5a5cb12b74e9d517ee91cf570335b7d16177f1977cc91db161adfa435945a7?s=96&d=mm&r=g\",\"contentUrl\":\"https:\\\/\\\/secure.gravatar.com\\\/avatar\\\/6c5a5cb12b74e9d517ee91cf570335b7d16177f1977cc91db161adfa435945a7?s=96&d=mm&r=g\",\"caption\":\"favorite-news\"},\"url\":\"https:\\\/\\\/favorite-news.com\\\/mx\\\/author\\\/pt\\\/\"}]}<\/script>\n<!-- \/ Yoast SEO plugin. -->","yoast_head_json":{"title":"Peso cae por preocupaciones tras salida de jefe banco central Turqu\u00eda - Favorite News","robots":{"index":"index","follow":"follow","max-snippet":"max-snippet:-1","max-image-preview":"max-image-preview:large","max-video-preview":"max-video-preview:-1"},"canonical":"https:\/\/favorite-news.com\/mx\/peso-cae-por-preocupaciones-tras-salida-de-jefe-banco-central-turquia\/","og_locale":"es_MX","og_type":"article","og_title":"Peso cae por preocupaciones tras salida de jefe banco central Turqu\u00eda - Favorite News","og_description":"El peso mexicano se depreci\u00f3 el lunes mientras inversionistas optan por activos m\u00e1s seguros, luego de la abrupta decisi\u00f3n de Turqu\u00eda de reemplazar al jefe de su banco central, una decisi\u00f3n que gener\u00f3 preocupaci\u00f3n en otros mercados financieros.La moneda local cotiz\u00f3 en 20.69 por d\u00f3lar, con una p\u00e9rdida de un 0.99% frente a los 20.49 [&hellip;]","og_url":"https:\/\/favorite-news.com\/mx\/peso-cae-por-preocupaciones-tras-salida-de-jefe-banco-central-turquia\/","og_site_name":"Favorite News","article_published_time":"2021-03-22T16:54:59+00:00","article_modified_time":"2021-03-22T16:55:03+00:00","og_image":[{"width":1140,"height":712,"url":"https:\/\/favorite-news.com\/mx\/wp-content\/uploads\/sites\/8\/2021\/03\/Peso-cae-por-preocupaciones-tras-salida-de-jefe-banco-central.jpg","type":"image\/jpeg"}],"author":"favorite-news","twitter_card":"summary_large_image","twitter_misc":{"Escrito por":"favorite-news","Tiempo de lectura":"1 minuto"},"schema":{"@context":"https:\/\/schema.org","@graph":[{"@type":"Article","@id":"https:\/\/favorite-news.com\/mx\/peso-cae-por-preocupaciones-tras-salida-de-jefe-banco-central-turquia\/#article","isPartOf":{"@id":"https:\/\/favorite-news.com\/mx\/peso-cae-por-preocupaciones-tras-salida-de-jefe-banco-central-turquia\/"},"author":{"name":"favorite-news","@id":"https:\/\/favorite-news.com\/mx\/#\/schema\/person\/b91573b717dcfa5e4696032a9d28d3e8"},"headline":"Peso cae por preocupaciones tras salida de jefe banco central Turqu\u00eda","datePublished":"2021-03-22T16:54:59+00:00","dateModified":"2021-03-22T16:55:03+00:00","mainEntityOfPage":{"@id":"https:\/\/favorite-news.com\/mx\/peso-cae-por-preocupaciones-tras-salida-de-jefe-banco-central-turquia\/"},"wordCount":220,"commentCount":0,"image":{"@id":"https:\/\/favorite-news.com\/mx\/peso-cae-por-preocupaciones-tras-salida-de-jefe-banco-central-turquia\/#primaryimage"},"thumbnailUrl":"https:\/\/favorite-news.com\/mx\/wp-content\/uploads\/sites\/8\/2021\/03\/Peso-cae-por-preocupaciones-tras-salida-de-jefe-banco-central.jpg","articleSection":["NOTICIAS FINANCIERAS"],"inLanguage":"es","potentialAction":[{"@type":"CommentAction","name":"Comment","target":["https:\/\/favorite-news.com\/mx\/peso-cae-por-preocupaciones-tras-salida-de-jefe-banco-central-turquia\/#respond"]}]},{"@type":"WebPage","@id":"https:\/\/favorite-news.com\/mx\/peso-cae-por-preocupaciones-tras-salida-de-jefe-banco-central-turquia\/","url":"https:\/\/favorite-news.com\/mx\/peso-cae-por-preocupaciones-tras-salida-de-jefe-banco-central-turquia\/","name":"Peso cae por preocupaciones tras salida de jefe banco central Turqu\u00eda - Favorite News","isPartOf":{"@id":"https:\/\/favorite-news.com\/mx\/#website"},"primaryImageOfPage":{"@id":"https:\/\/favorite-news.com\/mx\/peso-cae-por-preocupaciones-tras-salida-de-jefe-banco-central-turquia\/#primaryimage"},"image":{"@id":"https:\/\/favorite-news.com\/mx\/peso-cae-por-preocupaciones-tras-salida-de-jefe-banco-central-turquia\/#primaryimage"},"thumbnailUrl":"https:\/\/favorite-news.com\/mx\/wp-content\/uploads\/sites\/8\/2021\/03\/Peso-cae-por-preocupaciones-tras-salida-de-jefe-banco-central.jpg","datePublished":"2021-03-22T16:54:59+00:00","dateModified":"2021-03-22T16:55:03+00:00","author":{"@id":"https:\/\/favorite-news.com\/mx\/#\/schema\/person\/b91573b717dcfa5e4696032a9d28d3e8"},"breadcrumb":{"@id":"https:\/\/favorite-news.com\/mx\/peso-cae-por-preocupaciones-tras-salida-de-jefe-banco-central-turquia\/#breadcrumb"},"inLanguage":"es","potentialAction":[{"@type":"ReadAction","target":["https:\/\/favorite-news.com\/mx\/peso-cae-por-preocupaciones-tras-salida-de-jefe-banco-central-turquia\/"]}]},{"@type":"ImageObject","inLanguage":"es","@id":"https:\/\/favorite-news.com\/mx\/peso-cae-por-preocupaciones-tras-salida-de-jefe-banco-central-turquia\/#primaryimage","url":"https:\/\/favorite-news.com\/mx\/wp-content\/uploads\/sites\/8\/2021\/03\/Peso-cae-por-preocupaciones-tras-salida-de-jefe-banco-central.jpg","contentUrl":"https:\/\/favorite-news.com\/mx\/wp-content\/uploads\/sites\/8\/2021\/03\/Peso-cae-por-preocupaciones-tras-salida-de-jefe-banco-central.jpg","width":1140,"height":712,"caption":"Peso cae por preocupaciones tras salida de jefe banco central Turqu\u00eda"},{"@type":"BreadcrumbList","@id":"https:\/\/favorite-news.com\/mx\/peso-cae-por-preocupaciones-tras-salida-de-jefe-banco-central-turquia\/#breadcrumb","itemListElement":[{"@type":"ListItem","position":1,"name":"\u0413\u043b\u0430\u0432\u043d\u0430\u044f \u0441\u0442\u0440\u0430\u043d\u0438\u0446\u0430","item":"https:\/\/favorite-news.com\/mx\/"},{"@type":"ListItem","position":2,"name":"Peso cae por preocupaciones tras salida de jefe banco central Turqu\u00eda"}]},{"@type":"WebSite","@id":"https:\/\/favorite-news.com\/mx\/#website","url":"https:\/\/favorite-news.com\/mx\/","name":"Favorite News","description":"Favorite News Mexico","potentialAction":[{"@type":"SearchAction","target":{"@type":"EntryPoint","urlTemplate":"https:\/\/favorite-news.com\/mx\/?s={search_term_string}"},"query-input":{"@type":"PropertyValueSpecification","valueRequired":true,"valueName":"search_term_string"}}],"inLanguage":"es"},{"@type":"Person","@id":"https:\/\/favorite-news.com\/mx\/#\/schema\/person\/b91573b717dcfa5e4696032a9d28d3e8","name":"favorite-news","image":{"@type":"ImageObject","inLanguage":"es","@id":"https:\/\/secure.gravatar.com\/avatar\/6c5a5cb12b74e9d517ee91cf570335b7d16177f1977cc91db161adfa435945a7?s=96&d=mm&r=g","url":"https:\/\/secure.gravatar.com\/avatar\/6c5a5cb12b74e9d517ee91cf570335b7d16177f1977cc91db161adfa435945a7?s=96&d=mm&r=g","contentUrl":"https:\/\/secure.gravatar.com\/avatar\/6c5a5cb12b74e9d517ee91cf570335b7d16177f1977cc91db161adfa435945a7?s=96&d=mm&r=g","caption":"favorite-news"},"url":"https:\/\/favorite-news.com\/mx\/author\/pt\/"}]}},"_links":{"self":[{"href":"https:\/\/favorite-news.com\/mx\/wp-json\/wp\/v2\/posts\/4147","targetHints":{"allow":["GET"]}}],"collection":[{"href":"https:\/\/favorite-news.com\/mx\/wp-json\/wp\/v2\/posts"}],"about":[{"href":"https:\/\/favorite-news.com\/mx\/wp-json\/wp\/v2\/types\/post"}],"author":[{"embeddable":true,"href":"https:\/\/favorite-news.com\/mx\/wp-json\/wp\/v2\/users\/2"}],"replies":[{"embeddable":true,"href":"https:\/\/favorite-news.com\/mx\/wp-json\/wp\/v2\/comments?post=4147"}],"version-history":[{"count":1,"href":"https:\/\/favorite-news.com\/mx\/wp-json\/wp\/v2\/posts\/4147\/revisions"}],"predecessor-version":[{"id":4149,"href":"https:\/\/favorite-news.com\/mx\/wp-json\/wp\/v2\/posts\/4147\/revisions\/4149"}],"wp:featuredmedia":[{"embeddable":true,"href":"https:\/\/favorite-news.com\/mx\/wp-json\/wp\/v2\/media\/4148"}],"wp:attachment":[{"href":"https:\/\/favorite-news.com\/mx\/wp-json\/wp\/v2\/media?parent=4147"}],"wp:term":[{"taxonomy":"category","embeddable":true,"href":"https:\/\/favorite-news.com\/mx\/wp-json\/wp\/v2\/categories?post=4147"},{"taxonomy":"post_tag","embeddable":true,"href":"https:\/\/favorite-news.com\/mx\/wp-json\/wp\/v2\/tags?post=4147"}],"curies":[{"name":"wp","href":"https:\/\/api.w.org\/{rel}","templated":true}]}}