{"id":4144,"date":"2021-03-22T19:52:09","date_gmt":"2021-03-22T16:52:09","guid":{"rendered":"https:\/\/favorite-news.com\/mx\/mes-espera-que-las-visitas-de-ministros-a-baleares-no-se-queden-en-buenas-palabras-y-muchas-fotografias\/"},"modified":"2021-03-22T19:52:12","modified_gmt":"2021-03-22T16:52:12","slug":"mes-espera-que-las-visitas-de-ministros-a-baleares-no-se-queden-en-buenas-palabras-y-muchas-fotografias","status":"publish","type":"post","link":"https:\/\/favorite-news.com\/mx\/mes-espera-que-las-visitas-de-ministros-a-baleares-no-se-queden-en-buenas-palabras-y-muchas-fotografias\/","title":{"rendered":"M\u00c9S espera que las visitas de ministros a Baleares &#8220;no se queden en buenas palabras y muchas fotograf\u00edas&#8221;"},"content":{"rendered":"<p>En una rueda de prensa en el Parlament, Ensenyat ha considerado que la presentaci\u00f3n de un recurso de inconstituciolidad a los Presupuestos Generales del Estado (PGE) de 2021 &#8220;puede ser que haya tenido unas consecuencias&#8221;. &#8220;Parece que en Madrid alguno se ha puesto las pilas&#8221;, ha se\u00f1alado.El diputado ecosoberanista ha recordado que el Gobierno central tiene muchas cuestiones importantes que tratar en las Islas. En el caso del ministro de Transportes, Movilidad y Agenda Urbana, Jos\u00e9 Luis \u00c1balos, ha mencionado temas como la ampliaci\u00f3n del aeropuerto de Palma o el tren de Llevant.((Habr\u00e1 ampliaci\u00f3n))<br \/>\n<br \/>\n<!--noindex--><br \/>\n<a href=\"https:\/\/www.20minutos.es\/noticia\/4627923\/0\/mes-espera-que-las-visitas-de-ministros-a-baleares-no-se-queden-en-buenas-palabras-y-muchas-fotografias\/\" rel=\"nofollow\">Source link <\/a><br \/>\n<!--\/noindex--><\/p>\n","protected":false},"excerpt":{"rendered":"<p>En una rueda de prensa en el Parlament, Ensenyat ha considerado que la presentaci\u00f3n de un recurso de inconstituciolidad a los Presupuestos Generales del Estado (PGE) de 2021 &#8220;puede ser que haya tenido unas consecuencias&#8221;. &#8220;Parece que en Madrid alguno se ha puesto las pilas&#8221;, ha se\u00f1alado.El diputado ecosoberanista ha recordado que el Gobierno central [&hellip;]<\/p>\n","protected":false},"author":2,"featured_media":4145,"comment_status":"open","ping_status":"open","sticky":false,"template":"","format":"standard","meta":{"footnotes":""},"categories":[1],"tags":[],"class_list":["post-4144","post","type-post","status-publish","format-standard","has-post-thumbnail","hentry","category-noticias-financieras"],"yoast_head":"<!-- This site is optimized with the Yoast SEO plugin v27.4 - https:\/\/yoast.com\/product\/yoast-seo-wordpress\/ -->\n<title>M\u00c9S espera que las visitas de ministros a Baleares &quot;no se queden en buenas palabras y muchas fotograf\u00edas&quot; - Favorite News<\/title>\n<meta name=\"robots\" content=\"index, follow, max-snippet:-1, max-image-preview:large, max-video-preview:-1\" \/>\n<link rel=\"canonical\" href=\"https:\/\/favorite-news.com\/mx\/mes-espera-que-las-visitas-de-ministros-a-baleares-no-se-queden-en-buenas-palabras-y-muchas-fotografias\/\" \/>\n<meta property=\"og:locale\" content=\"es_MX\" \/>\n<meta property=\"og:type\" content=\"article\" \/>\n<meta property=\"og:title\" content=\"M\u00c9S espera que las visitas de ministros a Baleares &quot;no se queden en buenas palabras y muchas fotograf\u00edas&quot; - Favorite News\" \/>\n<meta property=\"og:description\" content=\"En una rueda de prensa en el Parlament, Ensenyat ha considerado que la presentaci\u00f3n de un recurso de inconstituciolidad a los Presupuestos Generales del Estado (PGE) de 2021 &#8220;puede ser que haya tenido unas consecuencias&#8221;. &#8220;Parece que en Madrid alguno se ha puesto las pilas&#8221;, ha se\u00f1alado.El diputado ecosoberanista ha recordado que el Gobierno central [&hellip;]\" \/>\n<meta property=\"og:url\" content=\"https:\/\/favorite-news.com\/mx\/mes-espera-que-las-visitas-de-ministros-a-baleares-no-se-queden-en-buenas-palabras-y-muchas-fotografias\/\" \/>\n<meta property=\"og:site_name\" content=\"Favorite News\" \/>\n<meta property=\"article:published_time\" content=\"2021-03-22T16:52:09+00:00\" \/>\n<meta property=\"article:modified_time\" content=\"2021-03-22T16:52:12+00:00\" \/>\n<meta property=\"og:image\" content=\"https:\/\/favorite-news.com\/mx\/wp-content\/uploads\/sites\/8\/2021\/03\/MES-espera-que-las-visitas-de-ministros-a-Baleares-no.jpeg\" \/>\n\t<meta property=\"og:image:width\" content=\"1200\" \/>\n\t<meta property=\"og:image:height\" content=\"675\" \/>\n\t<meta property=\"og:image:type\" content=\"image\/jpeg\" \/>\n<meta name=\"author\" content=\"favorite-news\" \/>\n<meta name=\"twitter:card\" content=\"summary_large_image\" \/>\n<meta name=\"twitter:label1\" content=\"Escrito por\" \/>\n\t<meta name=\"twitter:data1\" content=\"favorite-news\" \/>\n\t<meta name=\"twitter:label2\" content=\"Tiempo de lectura\" \/>\n\t<meta name=\"twitter:data2\" content=\"1 minuto\" \/>\n<script type=\"application\/ld+json\" class=\"yoast-schema-graph\">{\"@context\":\"https:\\\/\\\/schema.org\",\"@graph\":[{\"@type\":\"Article\",\"@id\":\"https:\\\/\\\/favorite-news.com\\\/mx\\\/mes-espera-que-las-visitas-de-ministros-a-baleares-no-se-queden-en-buenas-palabras-y-muchas-fotografias\\\/#article\",\"isPartOf\":{\"@id\":\"https:\\\/\\\/favorite-news.com\\\/mx\\\/mes-espera-que-las-visitas-de-ministros-a-baleares-no-se-queden-en-buenas-palabras-y-muchas-fotografias\\\/\"},\"author\":{\"name\":\"favorite-news\",\"@id\":\"https:\\\/\\\/favorite-news.com\\\/mx\\\/#\\\/schema\\\/person\\\/b91573b717dcfa5e4696032a9d28d3e8\"},\"headline\":\"M\u00c9S espera que las visitas de ministros a Baleares &#8220;no se queden en buenas palabras y muchas fotograf\u00edas&#8221;\",\"datePublished\":\"2021-03-22T16:52:09+00:00\",\"dateModified\":\"2021-03-22T16:52:12+00:00\",\"mainEntityOfPage\":{\"@id\":\"https:\\\/\\\/favorite-news.com\\\/mx\\\/mes-espera-que-las-visitas-de-ministros-a-baleares-no-se-queden-en-buenas-palabras-y-muchas-fotografias\\\/\"},\"wordCount\":121,\"commentCount\":0,\"image\":{\"@id\":\"https:\\\/\\\/favorite-news.com\\\/mx\\\/mes-espera-que-las-visitas-de-ministros-a-baleares-no-se-queden-en-buenas-palabras-y-muchas-fotografias\\\/#primaryimage\"},\"thumbnailUrl\":\"https:\\\/\\\/favorite-news.com\\\/mx\\\/wp-content\\\/uploads\\\/sites\\\/8\\\/2021\\\/03\\\/MES-espera-que-las-visitas-de-ministros-a-Baleares-no.jpeg\",\"articleSection\":[\"NOTICIAS FINANCIERAS\"],\"inLanguage\":\"es\",\"potentialAction\":[{\"@type\":\"CommentAction\",\"name\":\"Comment\",\"target\":[\"https:\\\/\\\/favorite-news.com\\\/mx\\\/mes-espera-que-las-visitas-de-ministros-a-baleares-no-se-queden-en-buenas-palabras-y-muchas-fotografias\\\/#respond\"]}]},{\"@type\":\"WebPage\",\"@id\":\"https:\\\/\\\/favorite-news.com\\\/mx\\\/mes-espera-que-las-visitas-de-ministros-a-baleares-no-se-queden-en-buenas-palabras-y-muchas-fotografias\\\/\",\"url\":\"https:\\\/\\\/favorite-news.com\\\/mx\\\/mes-espera-que-las-visitas-de-ministros-a-baleares-no-se-queden-en-buenas-palabras-y-muchas-fotografias\\\/\",\"name\":\"M\u00c9S espera que las visitas de ministros a Baleares \\\"no se queden en buenas palabras y muchas fotograf\u00edas\\\" - Favorite News\",\"isPartOf\":{\"@id\":\"https:\\\/\\\/favorite-news.com\\\/mx\\\/#website\"},\"primaryImageOfPage\":{\"@id\":\"https:\\\/\\\/favorite-news.com\\\/mx\\\/mes-espera-que-las-visitas-de-ministros-a-baleares-no-se-queden-en-buenas-palabras-y-muchas-fotografias\\\/#primaryimage\"},\"image\":{\"@id\":\"https:\\\/\\\/favorite-news.com\\\/mx\\\/mes-espera-que-las-visitas-de-ministros-a-baleares-no-se-queden-en-buenas-palabras-y-muchas-fotografias\\\/#primaryimage\"},\"thumbnailUrl\":\"https:\\\/\\\/favorite-news.com\\\/mx\\\/wp-content\\\/uploads\\\/sites\\\/8\\\/2021\\\/03\\\/MES-espera-que-las-visitas-de-ministros-a-Baleares-no.jpeg\",\"datePublished\":\"2021-03-22T16:52:09+00:00\",\"dateModified\":\"2021-03-22T16:52:12+00:00\",\"author\":{\"@id\":\"https:\\\/\\\/favorite-news.com\\\/mx\\\/#\\\/schema\\\/person\\\/b91573b717dcfa5e4696032a9d28d3e8\"},\"breadcrumb\":{\"@id\":\"https:\\\/\\\/favorite-news.com\\\/mx\\\/mes-espera-que-las-visitas-de-ministros-a-baleares-no-se-queden-en-buenas-palabras-y-muchas-fotografias\\\/#breadcrumb\"},\"inLanguage\":\"es\",\"potentialAction\":[{\"@type\":\"ReadAction\",\"target\":[\"https:\\\/\\\/favorite-news.com\\\/mx\\\/mes-espera-que-las-visitas-de-ministros-a-baleares-no-se-queden-en-buenas-palabras-y-muchas-fotografias\\\/\"]}]},{\"@type\":\"ImageObject\",\"inLanguage\":\"es\",\"@id\":\"https:\\\/\\\/favorite-news.com\\\/mx\\\/mes-espera-que-las-visitas-de-ministros-a-baleares-no-se-queden-en-buenas-palabras-y-muchas-fotografias\\\/#primaryimage\",\"url\":\"https:\\\/\\\/favorite-news.com\\\/mx\\\/wp-content\\\/uploads\\\/sites\\\/8\\\/2021\\\/03\\\/MES-espera-que-las-visitas-de-ministros-a-Baleares-no.jpeg\",\"contentUrl\":\"https:\\\/\\\/favorite-news.com\\\/mx\\\/wp-content\\\/uploads\\\/sites\\\/8\\\/2021\\\/03\\\/MES-espera-que-las-visitas-de-ministros-a-Baleares-no.jpeg\",\"width\":1200,\"height\":675,\"caption\":\"M\u00c9S espera que las visitas de ministros a Baleares \\\"no se queden en buenas palabras y muchas fotograf\u00edas\\\"\"},{\"@type\":\"BreadcrumbList\",\"@id\":\"https:\\\/\\\/favorite-news.com\\\/mx\\\/mes-espera-que-las-visitas-de-ministros-a-baleares-no-se-queden-en-buenas-palabras-y-muchas-fotografias\\\/#breadcrumb\",\"itemListElement\":[{\"@type\":\"ListItem\",\"position\":1,\"name\":\"\u0413\u043b\u0430\u0432\u043d\u0430\u044f \u0441\u0442\u0440\u0430\u043d\u0438\u0446\u0430\",\"item\":\"https:\\\/\\\/favorite-news.com\\\/mx\\\/\"},{\"@type\":\"ListItem\",\"position\":2,\"name\":\"M\u00c9S espera que las visitas de ministros a Baleares &#8220;no se queden en buenas palabras y muchas fotograf\u00edas&#8221;\"}]},{\"@type\":\"WebSite\",\"@id\":\"https:\\\/\\\/favorite-news.com\\\/mx\\\/#website\",\"url\":\"https:\\\/\\\/favorite-news.com\\\/mx\\\/\",\"name\":\"Favorite News\",\"description\":\"Favorite News Mexico\",\"potentialAction\":[{\"@type\":\"SearchAction\",\"target\":{\"@type\":\"EntryPoint\",\"urlTemplate\":\"https:\\\/\\\/favorite-news.com\\\/mx\\\/?s={search_term_string}\"},\"query-input\":{\"@type\":\"PropertyValueSpecification\",\"valueRequired\":true,\"valueName\":\"search_term_string\"}}],\"inLanguage\":\"es\"},{\"@type\":\"Person\",\"@id\":\"https:\\\/\\\/favorite-news.com\\\/mx\\\/#\\\/schema\\\/person\\\/b91573b717dcfa5e4696032a9d28d3e8\",\"name\":\"favorite-news\",\"image\":{\"@type\":\"ImageObject\",\"inLanguage\":\"es\",\"@id\":\"https:\\\/\\\/secure.gravatar.com\\\/avatar\\\/6c5a5cb12b74e9d517ee91cf570335b7d16177f1977cc91db161adfa435945a7?s=96&d=mm&r=g\",\"url\":\"https:\\\/\\\/secure.gravatar.com\\\/avatar\\\/6c5a5cb12b74e9d517ee91cf570335b7d16177f1977cc91db161adfa435945a7?s=96&d=mm&r=g\",\"contentUrl\":\"https:\\\/\\\/secure.gravatar.com\\\/avatar\\\/6c5a5cb12b74e9d517ee91cf570335b7d16177f1977cc91db161adfa435945a7?s=96&d=mm&r=g\",\"caption\":\"favorite-news\"},\"url\":\"https:\\\/\\\/favorite-news.com\\\/mx\\\/author\\\/pt\\\/\"}]}<\/script>\n<!-- \/ Yoast SEO plugin. -->","yoast_head_json":{"title":"M\u00c9S espera que las visitas de ministros a Baleares \"no se queden en buenas palabras y muchas fotograf\u00edas\" - Favorite News","robots":{"index":"index","follow":"follow","max-snippet":"max-snippet:-1","max-image-preview":"max-image-preview:large","max-video-preview":"max-video-preview:-1"},"canonical":"https:\/\/favorite-news.com\/mx\/mes-espera-que-las-visitas-de-ministros-a-baleares-no-se-queden-en-buenas-palabras-y-muchas-fotografias\/","og_locale":"es_MX","og_type":"article","og_title":"M\u00c9S espera que las visitas de ministros a Baleares \"no se queden en buenas palabras y muchas fotograf\u00edas\" - Favorite News","og_description":"En una rueda de prensa en el Parlament, Ensenyat ha considerado que la presentaci\u00f3n de un recurso de inconstituciolidad a los Presupuestos Generales del Estado (PGE) de 2021 &#8220;puede ser que haya tenido unas consecuencias&#8221;. &#8220;Parece que en Madrid alguno se ha puesto las pilas&#8221;, ha se\u00f1alado.El diputado ecosoberanista ha recordado que el Gobierno central [&hellip;]","og_url":"https:\/\/favorite-news.com\/mx\/mes-espera-que-las-visitas-de-ministros-a-baleares-no-se-queden-en-buenas-palabras-y-muchas-fotografias\/","og_site_name":"Favorite News","article_published_time":"2021-03-22T16:52:09+00:00","article_modified_time":"2021-03-22T16:52:12+00:00","og_image":[{"width":1200,"height":675,"url":"https:\/\/favorite-news.com\/mx\/wp-content\/uploads\/sites\/8\/2021\/03\/MES-espera-que-las-visitas-de-ministros-a-Baleares-no.jpeg","type":"image\/jpeg"}],"author":"favorite-news","twitter_card":"summary_large_image","twitter_misc":{"Escrito por":"favorite-news","Tiempo de lectura":"1 minuto"},"schema":{"@context":"https:\/\/schema.org","@graph":[{"@type":"Article","@id":"https:\/\/favorite-news.com\/mx\/mes-espera-que-las-visitas-de-ministros-a-baleares-no-se-queden-en-buenas-palabras-y-muchas-fotografias\/#article","isPartOf":{"@id":"https:\/\/favorite-news.com\/mx\/mes-espera-que-las-visitas-de-ministros-a-baleares-no-se-queden-en-buenas-palabras-y-muchas-fotografias\/"},"author":{"name":"favorite-news","@id":"https:\/\/favorite-news.com\/mx\/#\/schema\/person\/b91573b717dcfa5e4696032a9d28d3e8"},"headline":"M\u00c9S espera que las visitas de ministros a Baleares &#8220;no se queden en buenas palabras y muchas fotograf\u00edas&#8221;","datePublished":"2021-03-22T16:52:09+00:00","dateModified":"2021-03-22T16:52:12+00:00","mainEntityOfPage":{"@id":"https:\/\/favorite-news.com\/mx\/mes-espera-que-las-visitas-de-ministros-a-baleares-no-se-queden-en-buenas-palabras-y-muchas-fotografias\/"},"wordCount":121,"commentCount":0,"image":{"@id":"https:\/\/favorite-news.com\/mx\/mes-espera-que-las-visitas-de-ministros-a-baleares-no-se-queden-en-buenas-palabras-y-muchas-fotografias\/#primaryimage"},"thumbnailUrl":"https:\/\/favorite-news.com\/mx\/wp-content\/uploads\/sites\/8\/2021\/03\/MES-espera-que-las-visitas-de-ministros-a-Baleares-no.jpeg","articleSection":["NOTICIAS FINANCIERAS"],"inLanguage":"es","potentialAction":[{"@type":"CommentAction","name":"Comment","target":["https:\/\/favorite-news.com\/mx\/mes-espera-que-las-visitas-de-ministros-a-baleares-no-se-queden-en-buenas-palabras-y-muchas-fotografias\/#respond"]}]},{"@type":"WebPage","@id":"https:\/\/favorite-news.com\/mx\/mes-espera-que-las-visitas-de-ministros-a-baleares-no-se-queden-en-buenas-palabras-y-muchas-fotografias\/","url":"https:\/\/favorite-news.com\/mx\/mes-espera-que-las-visitas-de-ministros-a-baleares-no-se-queden-en-buenas-palabras-y-muchas-fotografias\/","name":"M\u00c9S espera que las visitas de ministros a Baleares \"no se queden en buenas palabras y muchas fotograf\u00edas\" - Favorite News","isPartOf":{"@id":"https:\/\/favorite-news.com\/mx\/#website"},"primaryImageOfPage":{"@id":"https:\/\/favorite-news.com\/mx\/mes-espera-que-las-visitas-de-ministros-a-baleares-no-se-queden-en-buenas-palabras-y-muchas-fotografias\/#primaryimage"},"image":{"@id":"https:\/\/favorite-news.com\/mx\/mes-espera-que-las-visitas-de-ministros-a-baleares-no-se-queden-en-buenas-palabras-y-muchas-fotografias\/#primaryimage"},"thumbnailUrl":"https:\/\/favorite-news.com\/mx\/wp-content\/uploads\/sites\/8\/2021\/03\/MES-espera-que-las-visitas-de-ministros-a-Baleares-no.jpeg","datePublished":"2021-03-22T16:52:09+00:00","dateModified":"2021-03-22T16:52:12+00:00","author":{"@id":"https:\/\/favorite-news.com\/mx\/#\/schema\/person\/b91573b717dcfa5e4696032a9d28d3e8"},"breadcrumb":{"@id":"https:\/\/favorite-news.com\/mx\/mes-espera-que-las-visitas-de-ministros-a-baleares-no-se-queden-en-buenas-palabras-y-muchas-fotografias\/#breadcrumb"},"inLanguage":"es","potentialAction":[{"@type":"ReadAction","target":["https:\/\/favorite-news.com\/mx\/mes-espera-que-las-visitas-de-ministros-a-baleares-no-se-queden-en-buenas-palabras-y-muchas-fotografias\/"]}]},{"@type":"ImageObject","inLanguage":"es","@id":"https:\/\/favorite-news.com\/mx\/mes-espera-que-las-visitas-de-ministros-a-baleares-no-se-queden-en-buenas-palabras-y-muchas-fotografias\/#primaryimage","url":"https:\/\/favorite-news.com\/mx\/wp-content\/uploads\/sites\/8\/2021\/03\/MES-espera-que-las-visitas-de-ministros-a-Baleares-no.jpeg","contentUrl":"https:\/\/favorite-news.com\/mx\/wp-content\/uploads\/sites\/8\/2021\/03\/MES-espera-que-las-visitas-de-ministros-a-Baleares-no.jpeg","width":1200,"height":675,"caption":"M\u00c9S espera que las visitas de ministros a Baleares \"no se queden en buenas palabras y muchas fotograf\u00edas\""},{"@type":"BreadcrumbList","@id":"https:\/\/favorite-news.com\/mx\/mes-espera-que-las-visitas-de-ministros-a-baleares-no-se-queden-en-buenas-palabras-y-muchas-fotografias\/#breadcrumb","itemListElement":[{"@type":"ListItem","position":1,"name":"\u0413\u043b\u0430\u0432\u043d\u0430\u044f \u0441\u0442\u0440\u0430\u043d\u0438\u0446\u0430","item":"https:\/\/favorite-news.com\/mx\/"},{"@type":"ListItem","position":2,"name":"M\u00c9S espera que las visitas de ministros a Baleares &#8220;no se queden en buenas palabras y muchas fotograf\u00edas&#8221;"}]},{"@type":"WebSite","@id":"https:\/\/favorite-news.com\/mx\/#website","url":"https:\/\/favorite-news.com\/mx\/","name":"Favorite News","description":"Favorite News Mexico","potentialAction":[{"@type":"SearchAction","target":{"@type":"EntryPoint","urlTemplate":"https:\/\/favorite-news.com\/mx\/?s={search_term_string}"},"query-input":{"@type":"PropertyValueSpecification","valueRequired":true,"valueName":"search_term_string"}}],"inLanguage":"es"},{"@type":"Person","@id":"https:\/\/favorite-news.com\/mx\/#\/schema\/person\/b91573b717dcfa5e4696032a9d28d3e8","name":"favorite-news","image":{"@type":"ImageObject","inLanguage":"es","@id":"https:\/\/secure.gravatar.com\/avatar\/6c5a5cb12b74e9d517ee91cf570335b7d16177f1977cc91db161adfa435945a7?s=96&d=mm&r=g","url":"https:\/\/secure.gravatar.com\/avatar\/6c5a5cb12b74e9d517ee91cf570335b7d16177f1977cc91db161adfa435945a7?s=96&d=mm&r=g","contentUrl":"https:\/\/secure.gravatar.com\/avatar\/6c5a5cb12b74e9d517ee91cf570335b7d16177f1977cc91db161adfa435945a7?s=96&d=mm&r=g","caption":"favorite-news"},"url":"https:\/\/favorite-news.com\/mx\/author\/pt\/"}]}},"_links":{"self":[{"href":"https:\/\/favorite-news.com\/mx\/wp-json\/wp\/v2\/posts\/4144","targetHints":{"allow":["GET"]}}],"collection":[{"href":"https:\/\/favorite-news.com\/mx\/wp-json\/wp\/v2\/posts"}],"about":[{"href":"https:\/\/favorite-news.com\/mx\/wp-json\/wp\/v2\/types\/post"}],"author":[{"embeddable":true,"href":"https:\/\/favorite-news.com\/mx\/wp-json\/wp\/v2\/users\/2"}],"replies":[{"embeddable":true,"href":"https:\/\/favorite-news.com\/mx\/wp-json\/wp\/v2\/comments?post=4144"}],"version-history":[{"count":1,"href":"https:\/\/favorite-news.com\/mx\/wp-json\/wp\/v2\/posts\/4144\/revisions"}],"predecessor-version":[{"id":4146,"href":"https:\/\/favorite-news.com\/mx\/wp-json\/wp\/v2\/posts\/4144\/revisions\/4146"}],"wp:featuredmedia":[{"embeddable":true,"href":"https:\/\/favorite-news.com\/mx\/wp-json\/wp\/v2\/media\/4145"}],"wp:attachment":[{"href":"https:\/\/favorite-news.com\/mx\/wp-json\/wp\/v2\/media?parent=4144"}],"wp:term":[{"taxonomy":"category","embeddable":true,"href":"https:\/\/favorite-news.com\/mx\/wp-json\/wp\/v2\/categories?post=4144"},{"taxonomy":"post_tag","embeddable":true,"href":"https:\/\/favorite-news.com\/mx\/wp-json\/wp\/v2\/tags?post=4144"}],"curies":[{"name":"wp","href":"https:\/\/api.w.org\/{rel}","templated":true}]}}