{"id":4137,"date":"2021-03-15T19:46:51","date_gmt":"2021-03-15T16:46:51","guid":{"rendered":"https:\/\/favorite-news.com\/mx\/ismael-cuesta-el-artista-olvidado-que-vivio-pinto-y-murio-en-el-corazon-de-madrid\/"},"modified":"2021-03-15T19:46:55","modified_gmt":"2021-03-15T16:46:55","slug":"ismael-cuesta-el-artista-olvidado-que-vivio-pinto-y-murio-en-el-corazon-de-madrid","status":"publish","type":"post","link":"https:\/\/favorite-news.com\/mx\/ismael-cuesta-el-artista-olvidado-que-vivio-pinto-y-murio-en-el-corazon-de-madrid\/","title":{"rendered":"Ismael Cuesta, el artista olvidado que vivi\u00f3, pint\u00f3 y muri\u00f3 en el coraz\u00f3n de Madrid"},"content":{"rendered":"<p>Solo las ciudades son madres capaces de olvidar a un hijo. El pintor Ismael Cuesta naci\u00f3 en el n\u00famero 12 de la Puerta del Sol de Madrid en 1899. All\u00ed vivi\u00f3 y trabaj\u00f3 (exceptuando diez a\u00f1os que residi\u00f3 en Par\u00eds) hasta su muerte en 1982. Ismael Cuesta presenci\u00f3 cada latido de ese coraz\u00f3n de la ciudad.\u00a0No solo porque viviera y tuviera su estudio en el centro mismo de la ciudad, la plaza a la que apuntan todos los n\u00fameros descendentes de las calles de Madrid y desde donde se miden todas las carreteras radiales, si no porque en sus acuarelas reflej\u00f3 &#8220;un testimonio elocuente de su \u00e9poca, se  interesa  por  todos  los  personajes  que  componen  los  distintos  c\u00edrculos sociales   con   una   incomparable   maestr\u00eda   que   equilibra   los   elementos caricaturescos y po\u00e9ticos&#8221;, seg\u00fan reza su biograf\u00eda.\u00a0Quiz\u00e1 la base del olvido de este artista que pintaba &#8220;la  psicolog\u00eda  de  los  personajes,  en  sus  actitudes  y  posturas,  y  los sit\u00faa en  un entorno que su esp\u00edritu curioso crea con muy pocos detalles&#8221;, se deba a un problema de marketing.\u00a0Ismael Cuesta nunca expuso su obra personal, ni vendi\u00f3 una sola de sus acuarelas.\u00a0S\u00ed se vio su arte en publicaciones como ABC, Blanco y Negro, La Esfera, El Espa\u00f1ol,Diez Minutos, Lecturas y en otros medios franceses como Le Rire, Fantasio, Le Journal Amusant o Parisient entre otros muchos.\u00a0&#8216;Los Sabios&#8217;, de Ismael Cuesta. Acuarela, 1948.Ismael CuestaFue uno de los mejores dibujantes e ilustradores espa\u00f1oles del siglo XX y del Par\u00eds de los a\u00f1os 20 y 30, cosa que demuestra que su estudio lo frecuentaran personalidades del arte y el humor como M\u00e1ximo,  Forges,  Chumiz  Ch\u00famez,  Cebri\u00e1n o que fuera amigo y compartiera tertulias con\u00a0Romero de Torres, quien fuera adem\u00e1s su profesor, Bores, Bartolozzi, Ram\u00f3n G\u00f3mez de la Serna, Sonia Delaunay, Santonja Rosales, Fausto L\u00f3pez Romero, Timoteo P\u00e9rez Rubio,\u00a0Henry Strater (que en el museo que lleva su nombre, en Ogunquit, en el Estado de Maine, en EE UU, existen varios dibujos de Ismael Cuesta).Aficionado al humor y a la caricatura frecuent\u00f3 los c\u00edrculos humor\u00edsticos y\u00a0cuando en 1948 nace la Asociaci\u00f3n de Dibujantes Espa\u00f1oles (A.D.E.) \u00e9l es miembro fundador.\u00a0Es con Mingote, Jos\u00e9 Lu\u00eds D\u00e1vila, Soravilla, Serny, Pic\u00f3, Lorenzo Go\u00f1i, Antonio Casero, Garrido, Esteban, Lu\u00eds S\u00e1nchez Polar (Tip, de Tip y Coll), con los que mantiene m\u00e1s relaci\u00f3n por sus encuentros en las exposiciones.Ahora se ha corregido en parte el olvido al que fue sometido. Actualmente el Museo Municipal  de  Historia  de  Madrid, (calle  Fuencarral,  78)  donde  est\u00e1 casi   toda   su   obra, tiene   una exposici\u00f3n     dedicada     a     este artista, llamada El l\u00e1piz del paseante. Adem\u00e1s, en los meses marzo y abril su hija, Carlota Cuesta (que hered\u00f3 la profesi\u00f3n art\u00edstica de su padre), va a poner a la venta su colecci\u00f3n privada, en la Galer\u00eda Ra del Rey (calle Reina, 11 de Madrid), donde se puede visitar otra exposici\u00f3n hasta el 3 de abril, con los \u00faltimos 40 dibujos que quedan de \u00e9l.\u00a0&#8216;Piel de oso&#8217;, acuarela de Ismael Cuesta.Ismael Cuesta<br \/>\n<br \/>\n<!--noindex--><br \/>\n<a href=\"https:\/\/www.20minutos.es\/noticia\/4618363\/0\/ismael-cuesta-el-artista-olvidado-que-vivio-pinto-y-murio-en-el-corazon-de-madrid\/\" rel=\"nofollow\">Source link <\/a><br \/>\n<!--\/noindex--><\/p>\n","protected":false},"excerpt":{"rendered":"<p>Solo las ciudades son madres capaces de olvidar a un hijo. El pintor Ismael Cuesta naci\u00f3 en el n\u00famero 12 de la Puerta del Sol de Madrid en 1899. All\u00ed vivi\u00f3 y trabaj\u00f3 (exceptuando diez a\u00f1os que residi\u00f3 en Par\u00eds) hasta su muerte en 1982. Ismael Cuesta presenci\u00f3 cada latido de ese coraz\u00f3n de la [&hellip;]<\/p>\n","protected":false},"author":2,"featured_media":4138,"comment_status":"open","ping_status":"open","sticky":false,"template":"","format":"standard","meta":{"footnotes":""},"categories":[1],"tags":[],"class_list":["post-4137","post","type-post","status-publish","format-standard","has-post-thumbnail","hentry","category-noticias-financieras"],"yoast_head":"<!-- This site is optimized with the Yoast SEO plugin v27.4 - https:\/\/yoast.com\/product\/yoast-seo-wordpress\/ -->\n<title>Ismael Cuesta, el artista olvidado que vivi\u00f3, pint\u00f3 y muri\u00f3 en el coraz\u00f3n de Madrid - Favorite News<\/title>\n<meta name=\"robots\" content=\"index, follow, max-snippet:-1, max-image-preview:large, max-video-preview:-1\" \/>\n<link rel=\"canonical\" href=\"https:\/\/favorite-news.com\/mx\/ismael-cuesta-el-artista-olvidado-que-vivio-pinto-y-murio-en-el-corazon-de-madrid\/\" \/>\n<meta property=\"og:locale\" content=\"es_MX\" \/>\n<meta property=\"og:type\" content=\"article\" \/>\n<meta property=\"og:title\" content=\"Ismael Cuesta, el artista olvidado que vivi\u00f3, pint\u00f3 y muri\u00f3 en el coraz\u00f3n de Madrid - Favorite News\" \/>\n<meta property=\"og:description\" content=\"Solo las ciudades son madres capaces de olvidar a un hijo. El pintor Ismael Cuesta naci\u00f3 en el n\u00famero 12 de la Puerta del Sol de Madrid en 1899. All\u00ed vivi\u00f3 y trabaj\u00f3 (exceptuando diez a\u00f1os que residi\u00f3 en Par\u00eds) hasta su muerte en 1982. Ismael Cuesta presenci\u00f3 cada latido de ese coraz\u00f3n de la [&hellip;]\" \/>\n<meta property=\"og:url\" content=\"https:\/\/favorite-news.com\/mx\/ismael-cuesta-el-artista-olvidado-que-vivio-pinto-y-murio-en-el-corazon-de-madrid\/\" \/>\n<meta property=\"og:site_name\" content=\"Favorite News\" \/>\n<meta property=\"article:published_time\" content=\"2021-03-15T16:46:51+00:00\" \/>\n<meta property=\"article:modified_time\" content=\"2021-03-15T16:46:55+00:00\" \/>\n<meta property=\"og:image\" content=\"https:\/\/favorite-news.com\/mx\/wp-content\/uploads\/sites\/8\/2021\/03\/Ismael-Cuesta-el-artista-olvidado-que-vivio-pinto-y-murio.jpeg\" \/>\n\t<meta property=\"og:image:width\" content=\"1200\" \/>\n\t<meta property=\"og:image:height\" content=\"675\" \/>\n\t<meta property=\"og:image:type\" content=\"image\/jpeg\" \/>\n<meta name=\"author\" content=\"favorite-news\" \/>\n<meta name=\"twitter:card\" content=\"summary_large_image\" \/>\n<meta name=\"twitter:label1\" content=\"Escrito por\" \/>\n\t<meta name=\"twitter:data1\" content=\"favorite-news\" \/>\n\t<meta name=\"twitter:label2\" content=\"Tiempo de lectura\" \/>\n\t<meta name=\"twitter:data2\" content=\"3 minutos\" \/>\n<script type=\"application\/ld+json\" class=\"yoast-schema-graph\">{\"@context\":\"https:\\\/\\\/schema.org\",\"@graph\":[{\"@type\":\"Article\",\"@id\":\"https:\\\/\\\/favorite-news.com\\\/mx\\\/ismael-cuesta-el-artista-olvidado-que-vivio-pinto-y-murio-en-el-corazon-de-madrid\\\/#article\",\"isPartOf\":{\"@id\":\"https:\\\/\\\/favorite-news.com\\\/mx\\\/ismael-cuesta-el-artista-olvidado-que-vivio-pinto-y-murio-en-el-corazon-de-madrid\\\/\"},\"author\":{\"name\":\"favorite-news\",\"@id\":\"https:\\\/\\\/favorite-news.com\\\/mx\\\/#\\\/schema\\\/person\\\/b91573b717dcfa5e4696032a9d28d3e8\"},\"headline\":\"Ismael Cuesta, el artista olvidado que vivi\u00f3, pint\u00f3 y muri\u00f3 en el coraz\u00f3n de Madrid\",\"datePublished\":\"2021-03-15T16:46:51+00:00\",\"dateModified\":\"2021-03-15T16:46:55+00:00\",\"mainEntityOfPage\":{\"@id\":\"https:\\\/\\\/favorite-news.com\\\/mx\\\/ismael-cuesta-el-artista-olvidado-que-vivio-pinto-y-murio-en-el-corazon-de-madrid\\\/\"},\"wordCount\":558,\"commentCount\":0,\"image\":{\"@id\":\"https:\\\/\\\/favorite-news.com\\\/mx\\\/ismael-cuesta-el-artista-olvidado-que-vivio-pinto-y-murio-en-el-corazon-de-madrid\\\/#primaryimage\"},\"thumbnailUrl\":\"https:\\\/\\\/favorite-news.com\\\/mx\\\/wp-content\\\/uploads\\\/sites\\\/8\\\/2021\\\/03\\\/Ismael-Cuesta-el-artista-olvidado-que-vivio-pinto-y-murio.jpeg\",\"articleSection\":[\"NOTICIAS FINANCIERAS\"],\"inLanguage\":\"es\",\"potentialAction\":[{\"@type\":\"CommentAction\",\"name\":\"Comment\",\"target\":[\"https:\\\/\\\/favorite-news.com\\\/mx\\\/ismael-cuesta-el-artista-olvidado-que-vivio-pinto-y-murio-en-el-corazon-de-madrid\\\/#respond\"]}]},{\"@type\":\"WebPage\",\"@id\":\"https:\\\/\\\/favorite-news.com\\\/mx\\\/ismael-cuesta-el-artista-olvidado-que-vivio-pinto-y-murio-en-el-corazon-de-madrid\\\/\",\"url\":\"https:\\\/\\\/favorite-news.com\\\/mx\\\/ismael-cuesta-el-artista-olvidado-que-vivio-pinto-y-murio-en-el-corazon-de-madrid\\\/\",\"name\":\"Ismael Cuesta, el artista olvidado que vivi\u00f3, pint\u00f3 y muri\u00f3 en el coraz\u00f3n de Madrid - Favorite News\",\"isPartOf\":{\"@id\":\"https:\\\/\\\/favorite-news.com\\\/mx\\\/#website\"},\"primaryImageOfPage\":{\"@id\":\"https:\\\/\\\/favorite-news.com\\\/mx\\\/ismael-cuesta-el-artista-olvidado-que-vivio-pinto-y-murio-en-el-corazon-de-madrid\\\/#primaryimage\"},\"image\":{\"@id\":\"https:\\\/\\\/favorite-news.com\\\/mx\\\/ismael-cuesta-el-artista-olvidado-que-vivio-pinto-y-murio-en-el-corazon-de-madrid\\\/#primaryimage\"},\"thumbnailUrl\":\"https:\\\/\\\/favorite-news.com\\\/mx\\\/wp-content\\\/uploads\\\/sites\\\/8\\\/2021\\\/03\\\/Ismael-Cuesta-el-artista-olvidado-que-vivio-pinto-y-murio.jpeg\",\"datePublished\":\"2021-03-15T16:46:51+00:00\",\"dateModified\":\"2021-03-15T16:46:55+00:00\",\"author\":{\"@id\":\"https:\\\/\\\/favorite-news.com\\\/mx\\\/#\\\/schema\\\/person\\\/b91573b717dcfa5e4696032a9d28d3e8\"},\"breadcrumb\":{\"@id\":\"https:\\\/\\\/favorite-news.com\\\/mx\\\/ismael-cuesta-el-artista-olvidado-que-vivio-pinto-y-murio-en-el-corazon-de-madrid\\\/#breadcrumb\"},\"inLanguage\":\"es\",\"potentialAction\":[{\"@type\":\"ReadAction\",\"target\":[\"https:\\\/\\\/favorite-news.com\\\/mx\\\/ismael-cuesta-el-artista-olvidado-que-vivio-pinto-y-murio-en-el-corazon-de-madrid\\\/\"]}]},{\"@type\":\"ImageObject\",\"inLanguage\":\"es\",\"@id\":\"https:\\\/\\\/favorite-news.com\\\/mx\\\/ismael-cuesta-el-artista-olvidado-que-vivio-pinto-y-murio-en-el-corazon-de-madrid\\\/#primaryimage\",\"url\":\"https:\\\/\\\/favorite-news.com\\\/mx\\\/wp-content\\\/uploads\\\/sites\\\/8\\\/2021\\\/03\\\/Ismael-Cuesta-el-artista-olvidado-que-vivio-pinto-y-murio.jpeg\",\"contentUrl\":\"https:\\\/\\\/favorite-news.com\\\/mx\\\/wp-content\\\/uploads\\\/sites\\\/8\\\/2021\\\/03\\\/Ismael-Cuesta-el-artista-olvidado-que-vivio-pinto-y-murio.jpeg\",\"width\":1200,\"height\":675,\"caption\":\"Ismael Cuesta, el artista olvidado que vivi\u00f3, pint\u00f3 y muri\u00f3 en el coraz\u00f3n de Madrid\"},{\"@type\":\"BreadcrumbList\",\"@id\":\"https:\\\/\\\/favorite-news.com\\\/mx\\\/ismael-cuesta-el-artista-olvidado-que-vivio-pinto-y-murio-en-el-corazon-de-madrid\\\/#breadcrumb\",\"itemListElement\":[{\"@type\":\"ListItem\",\"position\":1,\"name\":\"\u0413\u043b\u0430\u0432\u043d\u0430\u044f \u0441\u0442\u0440\u0430\u043d\u0438\u0446\u0430\",\"item\":\"https:\\\/\\\/favorite-news.com\\\/mx\\\/\"},{\"@type\":\"ListItem\",\"position\":2,\"name\":\"Ismael Cuesta, el artista olvidado que vivi\u00f3, pint\u00f3 y muri\u00f3 en el coraz\u00f3n de Madrid\"}]},{\"@type\":\"WebSite\",\"@id\":\"https:\\\/\\\/favorite-news.com\\\/mx\\\/#website\",\"url\":\"https:\\\/\\\/favorite-news.com\\\/mx\\\/\",\"name\":\"Favorite News\",\"description\":\"Favorite News Mexico\",\"potentialAction\":[{\"@type\":\"SearchAction\",\"target\":{\"@type\":\"EntryPoint\",\"urlTemplate\":\"https:\\\/\\\/favorite-news.com\\\/mx\\\/?s={search_term_string}\"},\"query-input\":{\"@type\":\"PropertyValueSpecification\",\"valueRequired\":true,\"valueName\":\"search_term_string\"}}],\"inLanguage\":\"es\"},{\"@type\":\"Person\",\"@id\":\"https:\\\/\\\/favorite-news.com\\\/mx\\\/#\\\/schema\\\/person\\\/b91573b717dcfa5e4696032a9d28d3e8\",\"name\":\"favorite-news\",\"image\":{\"@type\":\"ImageObject\",\"inLanguage\":\"es\",\"@id\":\"https:\\\/\\\/secure.gravatar.com\\\/avatar\\\/6c5a5cb12b74e9d517ee91cf570335b7d16177f1977cc91db161adfa435945a7?s=96&d=mm&r=g\",\"url\":\"https:\\\/\\\/secure.gravatar.com\\\/avatar\\\/6c5a5cb12b74e9d517ee91cf570335b7d16177f1977cc91db161adfa435945a7?s=96&d=mm&r=g\",\"contentUrl\":\"https:\\\/\\\/secure.gravatar.com\\\/avatar\\\/6c5a5cb12b74e9d517ee91cf570335b7d16177f1977cc91db161adfa435945a7?s=96&d=mm&r=g\",\"caption\":\"favorite-news\"},\"url\":\"https:\\\/\\\/favorite-news.com\\\/mx\\\/author\\\/pt\\\/\"}]}<\/script>\n<!-- \/ Yoast SEO plugin. -->","yoast_head_json":{"title":"Ismael Cuesta, el artista olvidado que vivi\u00f3, pint\u00f3 y muri\u00f3 en el coraz\u00f3n de Madrid - Favorite News","robots":{"index":"index","follow":"follow","max-snippet":"max-snippet:-1","max-image-preview":"max-image-preview:large","max-video-preview":"max-video-preview:-1"},"canonical":"https:\/\/favorite-news.com\/mx\/ismael-cuesta-el-artista-olvidado-que-vivio-pinto-y-murio-en-el-corazon-de-madrid\/","og_locale":"es_MX","og_type":"article","og_title":"Ismael Cuesta, el artista olvidado que vivi\u00f3, pint\u00f3 y muri\u00f3 en el coraz\u00f3n de Madrid - Favorite News","og_description":"Solo las ciudades son madres capaces de olvidar a un hijo. El pintor Ismael Cuesta naci\u00f3 en el n\u00famero 12 de la Puerta del Sol de Madrid en 1899. All\u00ed vivi\u00f3 y trabaj\u00f3 (exceptuando diez a\u00f1os que residi\u00f3 en Par\u00eds) hasta su muerte en 1982. Ismael Cuesta presenci\u00f3 cada latido de ese coraz\u00f3n de la [&hellip;]","og_url":"https:\/\/favorite-news.com\/mx\/ismael-cuesta-el-artista-olvidado-que-vivio-pinto-y-murio-en-el-corazon-de-madrid\/","og_site_name":"Favorite News","article_published_time":"2021-03-15T16:46:51+00:00","article_modified_time":"2021-03-15T16:46:55+00:00","og_image":[{"width":1200,"height":675,"url":"https:\/\/favorite-news.com\/mx\/wp-content\/uploads\/sites\/8\/2021\/03\/Ismael-Cuesta-el-artista-olvidado-que-vivio-pinto-y-murio.jpeg","type":"image\/jpeg"}],"author":"favorite-news","twitter_card":"summary_large_image","twitter_misc":{"Escrito por":"favorite-news","Tiempo de lectura":"3 minutos"},"schema":{"@context":"https:\/\/schema.org","@graph":[{"@type":"Article","@id":"https:\/\/favorite-news.com\/mx\/ismael-cuesta-el-artista-olvidado-que-vivio-pinto-y-murio-en-el-corazon-de-madrid\/#article","isPartOf":{"@id":"https:\/\/favorite-news.com\/mx\/ismael-cuesta-el-artista-olvidado-que-vivio-pinto-y-murio-en-el-corazon-de-madrid\/"},"author":{"name":"favorite-news","@id":"https:\/\/favorite-news.com\/mx\/#\/schema\/person\/b91573b717dcfa5e4696032a9d28d3e8"},"headline":"Ismael Cuesta, el artista olvidado que vivi\u00f3, pint\u00f3 y muri\u00f3 en el coraz\u00f3n de Madrid","datePublished":"2021-03-15T16:46:51+00:00","dateModified":"2021-03-15T16:46:55+00:00","mainEntityOfPage":{"@id":"https:\/\/favorite-news.com\/mx\/ismael-cuesta-el-artista-olvidado-que-vivio-pinto-y-murio-en-el-corazon-de-madrid\/"},"wordCount":558,"commentCount":0,"image":{"@id":"https:\/\/favorite-news.com\/mx\/ismael-cuesta-el-artista-olvidado-que-vivio-pinto-y-murio-en-el-corazon-de-madrid\/#primaryimage"},"thumbnailUrl":"https:\/\/favorite-news.com\/mx\/wp-content\/uploads\/sites\/8\/2021\/03\/Ismael-Cuesta-el-artista-olvidado-que-vivio-pinto-y-murio.jpeg","articleSection":["NOTICIAS FINANCIERAS"],"inLanguage":"es","potentialAction":[{"@type":"CommentAction","name":"Comment","target":["https:\/\/favorite-news.com\/mx\/ismael-cuesta-el-artista-olvidado-que-vivio-pinto-y-murio-en-el-corazon-de-madrid\/#respond"]}]},{"@type":"WebPage","@id":"https:\/\/favorite-news.com\/mx\/ismael-cuesta-el-artista-olvidado-que-vivio-pinto-y-murio-en-el-corazon-de-madrid\/","url":"https:\/\/favorite-news.com\/mx\/ismael-cuesta-el-artista-olvidado-que-vivio-pinto-y-murio-en-el-corazon-de-madrid\/","name":"Ismael Cuesta, el artista olvidado que vivi\u00f3, pint\u00f3 y muri\u00f3 en el coraz\u00f3n de Madrid - Favorite News","isPartOf":{"@id":"https:\/\/favorite-news.com\/mx\/#website"},"primaryImageOfPage":{"@id":"https:\/\/favorite-news.com\/mx\/ismael-cuesta-el-artista-olvidado-que-vivio-pinto-y-murio-en-el-corazon-de-madrid\/#primaryimage"},"image":{"@id":"https:\/\/favorite-news.com\/mx\/ismael-cuesta-el-artista-olvidado-que-vivio-pinto-y-murio-en-el-corazon-de-madrid\/#primaryimage"},"thumbnailUrl":"https:\/\/favorite-news.com\/mx\/wp-content\/uploads\/sites\/8\/2021\/03\/Ismael-Cuesta-el-artista-olvidado-que-vivio-pinto-y-murio.jpeg","datePublished":"2021-03-15T16:46:51+00:00","dateModified":"2021-03-15T16:46:55+00:00","author":{"@id":"https:\/\/favorite-news.com\/mx\/#\/schema\/person\/b91573b717dcfa5e4696032a9d28d3e8"},"breadcrumb":{"@id":"https:\/\/favorite-news.com\/mx\/ismael-cuesta-el-artista-olvidado-que-vivio-pinto-y-murio-en-el-corazon-de-madrid\/#breadcrumb"},"inLanguage":"es","potentialAction":[{"@type":"ReadAction","target":["https:\/\/favorite-news.com\/mx\/ismael-cuesta-el-artista-olvidado-que-vivio-pinto-y-murio-en-el-corazon-de-madrid\/"]}]},{"@type":"ImageObject","inLanguage":"es","@id":"https:\/\/favorite-news.com\/mx\/ismael-cuesta-el-artista-olvidado-que-vivio-pinto-y-murio-en-el-corazon-de-madrid\/#primaryimage","url":"https:\/\/favorite-news.com\/mx\/wp-content\/uploads\/sites\/8\/2021\/03\/Ismael-Cuesta-el-artista-olvidado-que-vivio-pinto-y-murio.jpeg","contentUrl":"https:\/\/favorite-news.com\/mx\/wp-content\/uploads\/sites\/8\/2021\/03\/Ismael-Cuesta-el-artista-olvidado-que-vivio-pinto-y-murio.jpeg","width":1200,"height":675,"caption":"Ismael Cuesta, el artista olvidado que vivi\u00f3, pint\u00f3 y muri\u00f3 en el coraz\u00f3n de Madrid"},{"@type":"BreadcrumbList","@id":"https:\/\/favorite-news.com\/mx\/ismael-cuesta-el-artista-olvidado-que-vivio-pinto-y-murio-en-el-corazon-de-madrid\/#breadcrumb","itemListElement":[{"@type":"ListItem","position":1,"name":"\u0413\u043b\u0430\u0432\u043d\u0430\u044f \u0441\u0442\u0440\u0430\u043d\u0438\u0446\u0430","item":"https:\/\/favorite-news.com\/mx\/"},{"@type":"ListItem","position":2,"name":"Ismael Cuesta, el artista olvidado que vivi\u00f3, pint\u00f3 y muri\u00f3 en el coraz\u00f3n de Madrid"}]},{"@type":"WebSite","@id":"https:\/\/favorite-news.com\/mx\/#website","url":"https:\/\/favorite-news.com\/mx\/","name":"Favorite News","description":"Favorite News Mexico","potentialAction":[{"@type":"SearchAction","target":{"@type":"EntryPoint","urlTemplate":"https:\/\/favorite-news.com\/mx\/?s={search_term_string}"},"query-input":{"@type":"PropertyValueSpecification","valueRequired":true,"valueName":"search_term_string"}}],"inLanguage":"es"},{"@type":"Person","@id":"https:\/\/favorite-news.com\/mx\/#\/schema\/person\/b91573b717dcfa5e4696032a9d28d3e8","name":"favorite-news","image":{"@type":"ImageObject","inLanguage":"es","@id":"https:\/\/secure.gravatar.com\/avatar\/6c5a5cb12b74e9d517ee91cf570335b7d16177f1977cc91db161adfa435945a7?s=96&d=mm&r=g","url":"https:\/\/secure.gravatar.com\/avatar\/6c5a5cb12b74e9d517ee91cf570335b7d16177f1977cc91db161adfa435945a7?s=96&d=mm&r=g","contentUrl":"https:\/\/secure.gravatar.com\/avatar\/6c5a5cb12b74e9d517ee91cf570335b7d16177f1977cc91db161adfa435945a7?s=96&d=mm&r=g","caption":"favorite-news"},"url":"https:\/\/favorite-news.com\/mx\/author\/pt\/"}]}},"_links":{"self":[{"href":"https:\/\/favorite-news.com\/mx\/wp-json\/wp\/v2\/posts\/4137","targetHints":{"allow":["GET"]}}],"collection":[{"href":"https:\/\/favorite-news.com\/mx\/wp-json\/wp\/v2\/posts"}],"about":[{"href":"https:\/\/favorite-news.com\/mx\/wp-json\/wp\/v2\/types\/post"}],"author":[{"embeddable":true,"href":"https:\/\/favorite-news.com\/mx\/wp-json\/wp\/v2\/users\/2"}],"replies":[{"embeddable":true,"href":"https:\/\/favorite-news.com\/mx\/wp-json\/wp\/v2\/comments?post=4137"}],"version-history":[{"count":1,"href":"https:\/\/favorite-news.com\/mx\/wp-json\/wp\/v2\/posts\/4137\/revisions"}],"predecessor-version":[{"id":4139,"href":"https:\/\/favorite-news.com\/mx\/wp-json\/wp\/v2\/posts\/4137\/revisions\/4139"}],"wp:featuredmedia":[{"embeddable":true,"href":"https:\/\/favorite-news.com\/mx\/wp-json\/wp\/v2\/media\/4138"}],"wp:attachment":[{"href":"https:\/\/favorite-news.com\/mx\/wp-json\/wp\/v2\/media?parent=4137"}],"wp:term":[{"taxonomy":"category","embeddable":true,"href":"https:\/\/favorite-news.com\/mx\/wp-json\/wp\/v2\/categories?post=4137"},{"taxonomy":"post_tag","embeddable":true,"href":"https:\/\/favorite-news.com\/mx\/wp-json\/wp\/v2\/tags?post=4137"}],"curies":[{"name":"wp","href":"https:\/\/api.w.org\/{rel}","templated":true}]}}