{"id":4128,"date":"2021-03-05T19:45:14","date_gmt":"2021-03-05T16:45:14","guid":{"rendered":"https:\/\/favorite-news.com\/mx\/consumo-e-inversion-tienen-caidas-historicas-por-pandemia\/"},"modified":"2021-03-05T19:45:16","modified_gmt":"2021-03-05T16:45:16","slug":"consumo-e-inversion-tienen-caidas-historicas-por-pandemia","status":"publish","type":"post","link":"https:\/\/favorite-news.com\/mx\/consumo-e-inversion-tienen-caidas-historicas-por-pandemia\/","title":{"rendered":"Consumo e inversi\u00f3n tienen ca\u00eddas hist\u00f3ricas por pandemia"},"content":{"rendered":"<p>El consumo privado y la inversi\u00f3n fija bruta, dos de los pilares de la econom\u00eda mexicana, registraron contracciones hist\u00f3ricas al cierre de 2020 a consecuencia de la crisis por la pandemia, seg\u00fan report\u00f3 el Inegi este viernes.El consumo de bienes y servicios cerr\u00f3 el a\u00f1o con una ca\u00edda de 11 por ciento respecto a 2019, la mayor contracci\u00f3n anual para el indicador desde que se comenz\u00f3 el registro en 1994.El indicador se vio afectado por los desplomes registrados en abril y mayo a causa del cierre de comercios y el confinamiento social en la Jornada Nacional de Sana Distancia. Incluso, en diciembre el Indicador Mensual de Consumo Privado en el Mercado Interior tuvo un retroceso de 0.51 por ciento respecto a noviembre, su primera ca\u00edda tras seis meses de recuperaci\u00f3n. En su comparaci\u00f3n anual, el indicador del Inegi disminuy\u00f3 6.5 por ciento en diciembre, con lo que hil\u00f3 13 meses en n\u00fameros rojos.En tanto, la inversi\u00f3n fija bruta se contrajo 18.2 por ciento al cierre de 2020 en su comparaci\u00f3n anual, la mayor ca\u00edda para este indicador desde la crisis de 1995. Con este resultado, el gasto realizado en construcci\u00f3n, maquinaria y equipo lig\u00f3 dos a\u00f1os de ca\u00eddas. Solo en diciembre, la inversi\u00f3n fija disminuy\u00f3 12.9 por ciento a tasa anual, con lo que el indicador hil\u00f3 23 meses a la baja, su mayor periodo negativo.<\/p>\n<p>\n<!--noindex--><br \/>\n<a href=\"https:\/\/www.elsoldemexico.com.mx\/finanzas\/consumo-e-inversion-tienen-caidas-historicas-por-pandemia-inegi-6439668.html\" rel=\"nofollow\">Source link <\/a><br \/>\n<!--\/noindex--><\/p>\n","protected":false},"excerpt":{"rendered":"<p>El consumo privado y la inversi\u00f3n fija bruta, dos de los pilares de la econom\u00eda mexicana, registraron contracciones hist\u00f3ricas al cierre de 2020 a consecuencia de la crisis por la pandemia, seg\u00fan report\u00f3 el Inegi este viernes.El consumo de bienes y servicios cerr\u00f3 el a\u00f1o con una ca\u00edda de 11 por ciento respecto a 2019, [&hellip;]<\/p>\n","protected":false},"author":2,"featured_media":4129,"comment_status":"open","ping_status":"open","sticky":false,"template":"","format":"standard","meta":{"footnotes":""},"categories":[1],"tags":[],"class_list":["post-4128","post","type-post","status-publish","format-standard","has-post-thumbnail","hentry","category-noticias-financieras"],"yoast_head":"<!-- This site is optimized with the Yoast SEO plugin v27.4 - https:\/\/yoast.com\/product\/yoast-seo-wordpress\/ -->\n<title>Consumo e inversi\u00f3n tienen ca\u00eddas hist\u00f3ricas por pandemia - Favorite News<\/title>\n<meta name=\"robots\" content=\"index, follow, max-snippet:-1, max-image-preview:large, max-video-preview:-1\" \/>\n<link rel=\"canonical\" href=\"https:\/\/favorite-news.com\/mx\/consumo-e-inversion-tienen-caidas-historicas-por-pandemia\/\" \/>\n<meta property=\"og:locale\" content=\"es_MX\" \/>\n<meta property=\"og:type\" content=\"article\" \/>\n<meta property=\"og:title\" content=\"Consumo e inversi\u00f3n tienen ca\u00eddas hist\u00f3ricas por pandemia - Favorite News\" \/>\n<meta property=\"og:description\" content=\"El consumo privado y la inversi\u00f3n fija bruta, dos de los pilares de la econom\u00eda mexicana, registraron contracciones hist\u00f3ricas al cierre de 2020 a consecuencia de la crisis por la pandemia, seg\u00fan report\u00f3 el Inegi este viernes.El consumo de bienes y servicios cerr\u00f3 el a\u00f1o con una ca\u00edda de 11 por ciento respecto a 2019, [&hellip;]\" \/>\n<meta property=\"og:url\" content=\"https:\/\/favorite-news.com\/mx\/consumo-e-inversion-tienen-caidas-historicas-por-pandemia\/\" \/>\n<meta property=\"og:site_name\" content=\"Favorite News\" \/>\n<meta property=\"article:published_time\" content=\"2021-03-05T16:45:14+00:00\" \/>\n<meta property=\"article:modified_time\" content=\"2021-03-05T16:45:16+00:00\" \/>\n<meta property=\"og:image\" content=\"https:\/\/favorite-news.com\/mx\/wp-content\/uploads\/sites\/8\/2021\/03\/Consumo-e-inversion-tienen-caidas-historicas-por-pandemia.jpeg\" \/>\n\t<meta property=\"og:image:width\" content=\"1140\" \/>\n\t<meta property=\"og:image:height\" content=\"712\" \/>\n\t<meta property=\"og:image:type\" content=\"image\/jpeg\" \/>\n<meta name=\"author\" content=\"favorite-news\" \/>\n<meta name=\"twitter:card\" content=\"summary_large_image\" \/>\n<meta name=\"twitter:label1\" content=\"Escrito por\" \/>\n\t<meta name=\"twitter:data1\" content=\"favorite-news\" \/>\n\t<meta name=\"twitter:label2\" content=\"Tiempo de lectura\" \/>\n\t<meta name=\"twitter:data2\" content=\"1 minuto\" \/>\n<script type=\"application\/ld+json\" class=\"yoast-schema-graph\">{\"@context\":\"https:\\\/\\\/schema.org\",\"@graph\":[{\"@type\":\"Article\",\"@id\":\"https:\\\/\\\/favorite-news.com\\\/mx\\\/consumo-e-inversion-tienen-caidas-historicas-por-pandemia\\\/#article\",\"isPartOf\":{\"@id\":\"https:\\\/\\\/favorite-news.com\\\/mx\\\/consumo-e-inversion-tienen-caidas-historicas-por-pandemia\\\/\"},\"author\":{\"name\":\"favorite-news\",\"@id\":\"https:\\\/\\\/favorite-news.com\\\/mx\\\/#\\\/schema\\\/person\\\/b91573b717dcfa5e4696032a9d28d3e8\"},\"headline\":\"Consumo e inversi\u00f3n tienen ca\u00eddas hist\u00f3ricas por pandemia\",\"datePublished\":\"2021-03-05T16:45:14+00:00\",\"dateModified\":\"2021-03-05T16:45:16+00:00\",\"mainEntityOfPage\":{\"@id\":\"https:\\\/\\\/favorite-news.com\\\/mx\\\/consumo-e-inversion-tienen-caidas-historicas-por-pandemia\\\/\"},\"wordCount\":248,\"commentCount\":0,\"image\":{\"@id\":\"https:\\\/\\\/favorite-news.com\\\/mx\\\/consumo-e-inversion-tienen-caidas-historicas-por-pandemia\\\/#primaryimage\"},\"thumbnailUrl\":\"https:\\\/\\\/favorite-news.com\\\/mx\\\/wp-content\\\/uploads\\\/sites\\\/8\\\/2021\\\/03\\\/Consumo-e-inversion-tienen-caidas-historicas-por-pandemia.jpeg\",\"articleSection\":[\"NOTICIAS FINANCIERAS\"],\"inLanguage\":\"es\",\"potentialAction\":[{\"@type\":\"CommentAction\",\"name\":\"Comment\",\"target\":[\"https:\\\/\\\/favorite-news.com\\\/mx\\\/consumo-e-inversion-tienen-caidas-historicas-por-pandemia\\\/#respond\"]}]},{\"@type\":\"WebPage\",\"@id\":\"https:\\\/\\\/favorite-news.com\\\/mx\\\/consumo-e-inversion-tienen-caidas-historicas-por-pandemia\\\/\",\"url\":\"https:\\\/\\\/favorite-news.com\\\/mx\\\/consumo-e-inversion-tienen-caidas-historicas-por-pandemia\\\/\",\"name\":\"Consumo e inversi\u00f3n tienen ca\u00eddas hist\u00f3ricas por pandemia - Favorite News\",\"isPartOf\":{\"@id\":\"https:\\\/\\\/favorite-news.com\\\/mx\\\/#website\"},\"primaryImageOfPage\":{\"@id\":\"https:\\\/\\\/favorite-news.com\\\/mx\\\/consumo-e-inversion-tienen-caidas-historicas-por-pandemia\\\/#primaryimage\"},\"image\":{\"@id\":\"https:\\\/\\\/favorite-news.com\\\/mx\\\/consumo-e-inversion-tienen-caidas-historicas-por-pandemia\\\/#primaryimage\"},\"thumbnailUrl\":\"https:\\\/\\\/favorite-news.com\\\/mx\\\/wp-content\\\/uploads\\\/sites\\\/8\\\/2021\\\/03\\\/Consumo-e-inversion-tienen-caidas-historicas-por-pandemia.jpeg\",\"datePublished\":\"2021-03-05T16:45:14+00:00\",\"dateModified\":\"2021-03-05T16:45:16+00:00\",\"author\":{\"@id\":\"https:\\\/\\\/favorite-news.com\\\/mx\\\/#\\\/schema\\\/person\\\/b91573b717dcfa5e4696032a9d28d3e8\"},\"breadcrumb\":{\"@id\":\"https:\\\/\\\/favorite-news.com\\\/mx\\\/consumo-e-inversion-tienen-caidas-historicas-por-pandemia\\\/#breadcrumb\"},\"inLanguage\":\"es\",\"potentialAction\":[{\"@type\":\"ReadAction\",\"target\":[\"https:\\\/\\\/favorite-news.com\\\/mx\\\/consumo-e-inversion-tienen-caidas-historicas-por-pandemia\\\/\"]}]},{\"@type\":\"ImageObject\",\"inLanguage\":\"es\",\"@id\":\"https:\\\/\\\/favorite-news.com\\\/mx\\\/consumo-e-inversion-tienen-caidas-historicas-por-pandemia\\\/#primaryimage\",\"url\":\"https:\\\/\\\/favorite-news.com\\\/mx\\\/wp-content\\\/uploads\\\/sites\\\/8\\\/2021\\\/03\\\/Consumo-e-inversion-tienen-caidas-historicas-por-pandemia.jpeg\",\"contentUrl\":\"https:\\\/\\\/favorite-news.com\\\/mx\\\/wp-content\\\/uploads\\\/sites\\\/8\\\/2021\\\/03\\\/Consumo-e-inversion-tienen-caidas-historicas-por-pandemia.jpeg\",\"width\":1140,\"height\":712,\"caption\":\"Consumo e inversi\u00f3n tienen ca\u00eddas hist\u00f3ricas por pandemia\"},{\"@type\":\"BreadcrumbList\",\"@id\":\"https:\\\/\\\/favorite-news.com\\\/mx\\\/consumo-e-inversion-tienen-caidas-historicas-por-pandemia\\\/#breadcrumb\",\"itemListElement\":[{\"@type\":\"ListItem\",\"position\":1,\"name\":\"\u0413\u043b\u0430\u0432\u043d\u0430\u044f \u0441\u0442\u0440\u0430\u043d\u0438\u0446\u0430\",\"item\":\"https:\\\/\\\/favorite-news.com\\\/mx\\\/\"},{\"@type\":\"ListItem\",\"position\":2,\"name\":\"Consumo e inversi\u00f3n tienen ca\u00eddas hist\u00f3ricas por pandemia\"}]},{\"@type\":\"WebSite\",\"@id\":\"https:\\\/\\\/favorite-news.com\\\/mx\\\/#website\",\"url\":\"https:\\\/\\\/favorite-news.com\\\/mx\\\/\",\"name\":\"Favorite News\",\"description\":\"Favorite News Mexico\",\"potentialAction\":[{\"@type\":\"SearchAction\",\"target\":{\"@type\":\"EntryPoint\",\"urlTemplate\":\"https:\\\/\\\/favorite-news.com\\\/mx\\\/?s={search_term_string}\"},\"query-input\":{\"@type\":\"PropertyValueSpecification\",\"valueRequired\":true,\"valueName\":\"search_term_string\"}}],\"inLanguage\":\"es\"},{\"@type\":\"Person\",\"@id\":\"https:\\\/\\\/favorite-news.com\\\/mx\\\/#\\\/schema\\\/person\\\/b91573b717dcfa5e4696032a9d28d3e8\",\"name\":\"favorite-news\",\"image\":{\"@type\":\"ImageObject\",\"inLanguage\":\"es\",\"@id\":\"https:\\\/\\\/secure.gravatar.com\\\/avatar\\\/6c5a5cb12b74e9d517ee91cf570335b7d16177f1977cc91db161adfa435945a7?s=96&d=mm&r=g\",\"url\":\"https:\\\/\\\/secure.gravatar.com\\\/avatar\\\/6c5a5cb12b74e9d517ee91cf570335b7d16177f1977cc91db161adfa435945a7?s=96&d=mm&r=g\",\"contentUrl\":\"https:\\\/\\\/secure.gravatar.com\\\/avatar\\\/6c5a5cb12b74e9d517ee91cf570335b7d16177f1977cc91db161adfa435945a7?s=96&d=mm&r=g\",\"caption\":\"favorite-news\"},\"url\":\"https:\\\/\\\/favorite-news.com\\\/mx\\\/author\\\/pt\\\/\"}]}<\/script>\n<!-- \/ Yoast SEO plugin. -->","yoast_head_json":{"title":"Consumo e inversi\u00f3n tienen ca\u00eddas hist\u00f3ricas por pandemia - Favorite News","robots":{"index":"index","follow":"follow","max-snippet":"max-snippet:-1","max-image-preview":"max-image-preview:large","max-video-preview":"max-video-preview:-1"},"canonical":"https:\/\/favorite-news.com\/mx\/consumo-e-inversion-tienen-caidas-historicas-por-pandemia\/","og_locale":"es_MX","og_type":"article","og_title":"Consumo e inversi\u00f3n tienen ca\u00eddas hist\u00f3ricas por pandemia - Favorite News","og_description":"El consumo privado y la inversi\u00f3n fija bruta, dos de los pilares de la econom\u00eda mexicana, registraron contracciones hist\u00f3ricas al cierre de 2020 a consecuencia de la crisis por la pandemia, seg\u00fan report\u00f3 el Inegi este viernes.El consumo de bienes y servicios cerr\u00f3 el a\u00f1o con una ca\u00edda de 11 por ciento respecto a 2019, [&hellip;]","og_url":"https:\/\/favorite-news.com\/mx\/consumo-e-inversion-tienen-caidas-historicas-por-pandemia\/","og_site_name":"Favorite News","article_published_time":"2021-03-05T16:45:14+00:00","article_modified_time":"2021-03-05T16:45:16+00:00","og_image":[{"width":1140,"height":712,"url":"https:\/\/favorite-news.com\/mx\/wp-content\/uploads\/sites\/8\/2021\/03\/Consumo-e-inversion-tienen-caidas-historicas-por-pandemia.jpeg","type":"image\/jpeg"}],"author":"favorite-news","twitter_card":"summary_large_image","twitter_misc":{"Escrito por":"favorite-news","Tiempo de lectura":"1 minuto"},"schema":{"@context":"https:\/\/schema.org","@graph":[{"@type":"Article","@id":"https:\/\/favorite-news.com\/mx\/consumo-e-inversion-tienen-caidas-historicas-por-pandemia\/#article","isPartOf":{"@id":"https:\/\/favorite-news.com\/mx\/consumo-e-inversion-tienen-caidas-historicas-por-pandemia\/"},"author":{"name":"favorite-news","@id":"https:\/\/favorite-news.com\/mx\/#\/schema\/person\/b91573b717dcfa5e4696032a9d28d3e8"},"headline":"Consumo e inversi\u00f3n tienen ca\u00eddas hist\u00f3ricas por pandemia","datePublished":"2021-03-05T16:45:14+00:00","dateModified":"2021-03-05T16:45:16+00:00","mainEntityOfPage":{"@id":"https:\/\/favorite-news.com\/mx\/consumo-e-inversion-tienen-caidas-historicas-por-pandemia\/"},"wordCount":248,"commentCount":0,"image":{"@id":"https:\/\/favorite-news.com\/mx\/consumo-e-inversion-tienen-caidas-historicas-por-pandemia\/#primaryimage"},"thumbnailUrl":"https:\/\/favorite-news.com\/mx\/wp-content\/uploads\/sites\/8\/2021\/03\/Consumo-e-inversion-tienen-caidas-historicas-por-pandemia.jpeg","articleSection":["NOTICIAS FINANCIERAS"],"inLanguage":"es","potentialAction":[{"@type":"CommentAction","name":"Comment","target":["https:\/\/favorite-news.com\/mx\/consumo-e-inversion-tienen-caidas-historicas-por-pandemia\/#respond"]}]},{"@type":"WebPage","@id":"https:\/\/favorite-news.com\/mx\/consumo-e-inversion-tienen-caidas-historicas-por-pandemia\/","url":"https:\/\/favorite-news.com\/mx\/consumo-e-inversion-tienen-caidas-historicas-por-pandemia\/","name":"Consumo e inversi\u00f3n tienen ca\u00eddas hist\u00f3ricas por pandemia - Favorite News","isPartOf":{"@id":"https:\/\/favorite-news.com\/mx\/#website"},"primaryImageOfPage":{"@id":"https:\/\/favorite-news.com\/mx\/consumo-e-inversion-tienen-caidas-historicas-por-pandemia\/#primaryimage"},"image":{"@id":"https:\/\/favorite-news.com\/mx\/consumo-e-inversion-tienen-caidas-historicas-por-pandemia\/#primaryimage"},"thumbnailUrl":"https:\/\/favorite-news.com\/mx\/wp-content\/uploads\/sites\/8\/2021\/03\/Consumo-e-inversion-tienen-caidas-historicas-por-pandemia.jpeg","datePublished":"2021-03-05T16:45:14+00:00","dateModified":"2021-03-05T16:45:16+00:00","author":{"@id":"https:\/\/favorite-news.com\/mx\/#\/schema\/person\/b91573b717dcfa5e4696032a9d28d3e8"},"breadcrumb":{"@id":"https:\/\/favorite-news.com\/mx\/consumo-e-inversion-tienen-caidas-historicas-por-pandemia\/#breadcrumb"},"inLanguage":"es","potentialAction":[{"@type":"ReadAction","target":["https:\/\/favorite-news.com\/mx\/consumo-e-inversion-tienen-caidas-historicas-por-pandemia\/"]}]},{"@type":"ImageObject","inLanguage":"es","@id":"https:\/\/favorite-news.com\/mx\/consumo-e-inversion-tienen-caidas-historicas-por-pandemia\/#primaryimage","url":"https:\/\/favorite-news.com\/mx\/wp-content\/uploads\/sites\/8\/2021\/03\/Consumo-e-inversion-tienen-caidas-historicas-por-pandemia.jpeg","contentUrl":"https:\/\/favorite-news.com\/mx\/wp-content\/uploads\/sites\/8\/2021\/03\/Consumo-e-inversion-tienen-caidas-historicas-por-pandemia.jpeg","width":1140,"height":712,"caption":"Consumo e inversi\u00f3n tienen ca\u00eddas hist\u00f3ricas por pandemia"},{"@type":"BreadcrumbList","@id":"https:\/\/favorite-news.com\/mx\/consumo-e-inversion-tienen-caidas-historicas-por-pandemia\/#breadcrumb","itemListElement":[{"@type":"ListItem","position":1,"name":"\u0413\u043b\u0430\u0432\u043d\u0430\u044f \u0441\u0442\u0440\u0430\u043d\u0438\u0446\u0430","item":"https:\/\/favorite-news.com\/mx\/"},{"@type":"ListItem","position":2,"name":"Consumo e inversi\u00f3n tienen ca\u00eddas hist\u00f3ricas por pandemia"}]},{"@type":"WebSite","@id":"https:\/\/favorite-news.com\/mx\/#website","url":"https:\/\/favorite-news.com\/mx\/","name":"Favorite News","description":"Favorite News Mexico","potentialAction":[{"@type":"SearchAction","target":{"@type":"EntryPoint","urlTemplate":"https:\/\/favorite-news.com\/mx\/?s={search_term_string}"},"query-input":{"@type":"PropertyValueSpecification","valueRequired":true,"valueName":"search_term_string"}}],"inLanguage":"es"},{"@type":"Person","@id":"https:\/\/favorite-news.com\/mx\/#\/schema\/person\/b91573b717dcfa5e4696032a9d28d3e8","name":"favorite-news","image":{"@type":"ImageObject","inLanguage":"es","@id":"https:\/\/secure.gravatar.com\/avatar\/6c5a5cb12b74e9d517ee91cf570335b7d16177f1977cc91db161adfa435945a7?s=96&d=mm&r=g","url":"https:\/\/secure.gravatar.com\/avatar\/6c5a5cb12b74e9d517ee91cf570335b7d16177f1977cc91db161adfa435945a7?s=96&d=mm&r=g","contentUrl":"https:\/\/secure.gravatar.com\/avatar\/6c5a5cb12b74e9d517ee91cf570335b7d16177f1977cc91db161adfa435945a7?s=96&d=mm&r=g","caption":"favorite-news"},"url":"https:\/\/favorite-news.com\/mx\/author\/pt\/"}]}},"_links":{"self":[{"href":"https:\/\/favorite-news.com\/mx\/wp-json\/wp\/v2\/posts\/4128","targetHints":{"allow":["GET"]}}],"collection":[{"href":"https:\/\/favorite-news.com\/mx\/wp-json\/wp\/v2\/posts"}],"about":[{"href":"https:\/\/favorite-news.com\/mx\/wp-json\/wp\/v2\/types\/post"}],"author":[{"embeddable":true,"href":"https:\/\/favorite-news.com\/mx\/wp-json\/wp\/v2\/users\/2"}],"replies":[{"embeddable":true,"href":"https:\/\/favorite-news.com\/mx\/wp-json\/wp\/v2\/comments?post=4128"}],"version-history":[{"count":1,"href":"https:\/\/favorite-news.com\/mx\/wp-json\/wp\/v2\/posts\/4128\/revisions"}],"predecessor-version":[{"id":4130,"href":"https:\/\/favorite-news.com\/mx\/wp-json\/wp\/v2\/posts\/4128\/revisions\/4130"}],"wp:featuredmedia":[{"embeddable":true,"href":"https:\/\/favorite-news.com\/mx\/wp-json\/wp\/v2\/media\/4129"}],"wp:attachment":[{"href":"https:\/\/favorite-news.com\/mx\/wp-json\/wp\/v2\/media?parent=4128"}],"wp:term":[{"taxonomy":"category","embeddable":true,"href":"https:\/\/favorite-news.com\/mx\/wp-json\/wp\/v2\/categories?post=4128"},{"taxonomy":"post_tag","embeddable":true,"href":"https:\/\/favorite-news.com\/mx\/wp-json\/wp\/v2\/tags?post=4128"}],"curies":[{"name":"wp","href":"https:\/\/api.w.org\/{rel}","templated":true}]}}