{"id":4121,"date":"2021-03-02T19:43:24","date_gmt":"2021-03-02T16:43:24","guid":{"rendered":"https:\/\/favorite-news.com\/mx\/camiones-no-fueron-afectados-por-apagon-amda\/"},"modified":"2021-03-02T19:43:26","modified_gmt":"2021-03-02T16:43:26","slug":"camiones-no-fueron-afectados-por-apagon-amda","status":"publish","type":"post","link":"https:\/\/favorite-news.com\/mx\/camiones-no-fueron-afectados-por-apagon-amda\/","title":{"rendered":"Camiones no fueron afectados por apag\u00f3n: AMDA"},"content":{"rendered":"<p>Los apagones de febrero que llevaron a varias armadoras a parar producciones, tendr\u00e1n impactos m\u00ednimos en el segmento de veh\u00edculos pesados y comerciales, apunt\u00f3 la Asociaci\u00f3n Mexicana de Distribuidores de Automotores (AMDA).Guillermo Rosales, director general adjunto del organismo, dijo que las empresas de este segmento no han notificado sobre interrupciones en su producci\u00f3n, como pas\u00f3 con las armadoras de veh\u00edculos compactos.\u27a1\ufe0f Mantente informado en nuestro canal de Google Noticias\u201cSin tener un reporte de empresas fabricantes, fue mucho menor el impacto negativo para fabricantes de camiones que para las l\u00edneas de producci\u00f3n en autos ligeros\u201d, dijo en la presentaci\u00f3n del Primer Foro AMDA Veh\u00edculos Comerciales.El organismo estima que la comercializaci\u00f3n de estas unidades crezca entre 7.1 y19.3 por ciento este a\u00f1o.Rosales expuso que desde 2019 el mercado automotriz de pesados y comerciales ha tenido una tendencia a la baja que se agrav\u00f3 en 2020, cuando se contrajo35.6 por ciento debido a la pandemia.\u201cCon base en las cifras de 2020, M\u00e9xico tiene un nivel en el segmento de pesados de 56% por debajo del escenario base y 60% del potencial del mercado\u201d, refiri\u00f3.Estimaciones de la AMDA se\u00f1alan que el potencial m\u00e1ximo de ventas de autos comerciales en el pa\u00eds es de 67 mil unidades al a\u00f1o, por lo que hizo un llamado a la industria y a las autoridades a acelerar la renovaci\u00f3n de flotas p\u00fablicas y privadas.<\/p>\n<p>\n<!--noindex--><br \/>\n<a href=\"https:\/\/www.elsoldemexico.com.mx\/finanzas\/camiones-no-fueron-afectados-por-apagon-amda-6425516.html\" rel=\"nofollow\">Source link <\/a><br \/>\n<!--\/noindex--><\/p>\n","protected":false},"excerpt":{"rendered":"<p>Los apagones de febrero que llevaron a varias armadoras a parar producciones, tendr\u00e1n impactos m\u00ednimos en el segmento de veh\u00edculos pesados y comerciales, apunt\u00f3 la Asociaci\u00f3n Mexicana de Distribuidores de Automotores (AMDA).Guillermo Rosales, director general adjunto del organismo, dijo que las empresas de este segmento no han notificado sobre interrupciones en su producci\u00f3n, como pas\u00f3 [&hellip;]<\/p>\n","protected":false},"author":2,"featured_media":4122,"comment_status":"open","ping_status":"open","sticky":false,"template":"","format":"standard","meta":{"footnotes":""},"categories":[1],"tags":[],"class_list":["post-4121","post","type-post","status-publish","format-standard","has-post-thumbnail","hentry","category-noticias-financieras"],"yoast_head":"<!-- This site is optimized with the Yoast SEO plugin v27.4 - https:\/\/yoast.com\/product\/yoast-seo-wordpress\/ -->\n<title>Camiones no fueron afectados por apag\u00f3n: AMDA - Favorite News<\/title>\n<meta name=\"robots\" content=\"index, follow, max-snippet:-1, max-image-preview:large, max-video-preview:-1\" \/>\n<link rel=\"canonical\" href=\"https:\/\/favorite-news.com\/mx\/camiones-no-fueron-afectados-por-apagon-amda\/\" \/>\n<meta property=\"og:locale\" content=\"es_MX\" \/>\n<meta property=\"og:type\" content=\"article\" \/>\n<meta property=\"og:title\" content=\"Camiones no fueron afectados por apag\u00f3n: AMDA - Favorite News\" \/>\n<meta property=\"og:description\" content=\"Los apagones de febrero que llevaron a varias armadoras a parar producciones, tendr\u00e1n impactos m\u00ednimos en el segmento de veh\u00edculos pesados y comerciales, apunt\u00f3 la Asociaci\u00f3n Mexicana de Distribuidores de Automotores (AMDA).Guillermo Rosales, director general adjunto del organismo, dijo que las empresas de este segmento no han notificado sobre interrupciones en su producci\u00f3n, como pas\u00f3 [&hellip;]\" \/>\n<meta property=\"og:url\" content=\"https:\/\/favorite-news.com\/mx\/camiones-no-fueron-afectados-por-apagon-amda\/\" \/>\n<meta property=\"og:site_name\" content=\"Favorite News\" \/>\n<meta property=\"article:published_time\" content=\"2021-03-02T16:43:24+00:00\" \/>\n<meta property=\"article:modified_time\" content=\"2021-03-02T16:43:26+00:00\" \/>\n<meta property=\"og:image\" content=\"https:\/\/favorite-news.com\/mx\/wp-content\/uploads\/sites\/8\/2021\/03\/Camiones-no-fueron-afectados-por-apagon-AMDA.jpg\" \/>\n\t<meta property=\"og:image:width\" content=\"1140\" \/>\n\t<meta property=\"og:image:height\" content=\"712\" \/>\n\t<meta property=\"og:image:type\" content=\"image\/jpeg\" \/>\n<meta name=\"author\" content=\"favorite-news\" \/>\n<meta name=\"twitter:card\" content=\"summary_large_image\" \/>\n<meta name=\"twitter:label1\" content=\"Escrito por\" \/>\n\t<meta name=\"twitter:data1\" content=\"favorite-news\" \/>\n\t<meta name=\"twitter:label2\" content=\"Tiempo de lectura\" \/>\n\t<meta name=\"twitter:data2\" content=\"1 minuto\" \/>\n<script type=\"application\/ld+json\" class=\"yoast-schema-graph\">{\"@context\":\"https:\\\/\\\/schema.org\",\"@graph\":[{\"@type\":\"Article\",\"@id\":\"https:\\\/\\\/favorite-news.com\\\/mx\\\/camiones-no-fueron-afectados-por-apagon-amda\\\/#article\",\"isPartOf\":{\"@id\":\"https:\\\/\\\/favorite-news.com\\\/mx\\\/camiones-no-fueron-afectados-por-apagon-amda\\\/\"},\"author\":{\"name\":\"favorite-news\",\"@id\":\"https:\\\/\\\/favorite-news.com\\\/mx\\\/#\\\/schema\\\/person\\\/b91573b717dcfa5e4696032a9d28d3e8\"},\"headline\":\"Camiones no fueron afectados por apag\u00f3n: AMDA\",\"datePublished\":\"2021-03-02T16:43:24+00:00\",\"dateModified\":\"2021-03-02T16:43:26+00:00\",\"mainEntityOfPage\":{\"@id\":\"https:\\\/\\\/favorite-news.com\\\/mx\\\/camiones-no-fueron-afectados-por-apagon-amda\\\/\"},\"wordCount\":254,\"commentCount\":0,\"image\":{\"@id\":\"https:\\\/\\\/favorite-news.com\\\/mx\\\/camiones-no-fueron-afectados-por-apagon-amda\\\/#primaryimage\"},\"thumbnailUrl\":\"https:\\\/\\\/favorite-news.com\\\/mx\\\/wp-content\\\/uploads\\\/sites\\\/8\\\/2021\\\/03\\\/Camiones-no-fueron-afectados-por-apagon-AMDA.jpg\",\"articleSection\":[\"NOTICIAS FINANCIERAS\"],\"inLanguage\":\"es\",\"potentialAction\":[{\"@type\":\"CommentAction\",\"name\":\"Comment\",\"target\":[\"https:\\\/\\\/favorite-news.com\\\/mx\\\/camiones-no-fueron-afectados-por-apagon-amda\\\/#respond\"]}]},{\"@type\":\"WebPage\",\"@id\":\"https:\\\/\\\/favorite-news.com\\\/mx\\\/camiones-no-fueron-afectados-por-apagon-amda\\\/\",\"url\":\"https:\\\/\\\/favorite-news.com\\\/mx\\\/camiones-no-fueron-afectados-por-apagon-amda\\\/\",\"name\":\"Camiones no fueron afectados por apag\u00f3n: AMDA - Favorite News\",\"isPartOf\":{\"@id\":\"https:\\\/\\\/favorite-news.com\\\/mx\\\/#website\"},\"primaryImageOfPage\":{\"@id\":\"https:\\\/\\\/favorite-news.com\\\/mx\\\/camiones-no-fueron-afectados-por-apagon-amda\\\/#primaryimage\"},\"image\":{\"@id\":\"https:\\\/\\\/favorite-news.com\\\/mx\\\/camiones-no-fueron-afectados-por-apagon-amda\\\/#primaryimage\"},\"thumbnailUrl\":\"https:\\\/\\\/favorite-news.com\\\/mx\\\/wp-content\\\/uploads\\\/sites\\\/8\\\/2021\\\/03\\\/Camiones-no-fueron-afectados-por-apagon-AMDA.jpg\",\"datePublished\":\"2021-03-02T16:43:24+00:00\",\"dateModified\":\"2021-03-02T16:43:26+00:00\",\"author\":{\"@id\":\"https:\\\/\\\/favorite-news.com\\\/mx\\\/#\\\/schema\\\/person\\\/b91573b717dcfa5e4696032a9d28d3e8\"},\"breadcrumb\":{\"@id\":\"https:\\\/\\\/favorite-news.com\\\/mx\\\/camiones-no-fueron-afectados-por-apagon-amda\\\/#breadcrumb\"},\"inLanguage\":\"es\",\"potentialAction\":[{\"@type\":\"ReadAction\",\"target\":[\"https:\\\/\\\/favorite-news.com\\\/mx\\\/camiones-no-fueron-afectados-por-apagon-amda\\\/\"]}]},{\"@type\":\"ImageObject\",\"inLanguage\":\"es\",\"@id\":\"https:\\\/\\\/favorite-news.com\\\/mx\\\/camiones-no-fueron-afectados-por-apagon-amda\\\/#primaryimage\",\"url\":\"https:\\\/\\\/favorite-news.com\\\/mx\\\/wp-content\\\/uploads\\\/sites\\\/8\\\/2021\\\/03\\\/Camiones-no-fueron-afectados-por-apagon-AMDA.jpg\",\"contentUrl\":\"https:\\\/\\\/favorite-news.com\\\/mx\\\/wp-content\\\/uploads\\\/sites\\\/8\\\/2021\\\/03\\\/Camiones-no-fueron-afectados-por-apagon-AMDA.jpg\",\"width\":1140,\"height\":712,\"caption\":\"Camiones no fueron afectados por apag\u00f3n: AMDA\"},{\"@type\":\"BreadcrumbList\",\"@id\":\"https:\\\/\\\/favorite-news.com\\\/mx\\\/camiones-no-fueron-afectados-por-apagon-amda\\\/#breadcrumb\",\"itemListElement\":[{\"@type\":\"ListItem\",\"position\":1,\"name\":\"\u0413\u043b\u0430\u0432\u043d\u0430\u044f \u0441\u0442\u0440\u0430\u043d\u0438\u0446\u0430\",\"item\":\"https:\\\/\\\/favorite-news.com\\\/mx\\\/\"},{\"@type\":\"ListItem\",\"position\":2,\"name\":\"Camiones no fueron afectados por apag\u00f3n: AMDA\"}]},{\"@type\":\"WebSite\",\"@id\":\"https:\\\/\\\/favorite-news.com\\\/mx\\\/#website\",\"url\":\"https:\\\/\\\/favorite-news.com\\\/mx\\\/\",\"name\":\"Favorite News\",\"description\":\"Favorite News Mexico\",\"potentialAction\":[{\"@type\":\"SearchAction\",\"target\":{\"@type\":\"EntryPoint\",\"urlTemplate\":\"https:\\\/\\\/favorite-news.com\\\/mx\\\/?s={search_term_string}\"},\"query-input\":{\"@type\":\"PropertyValueSpecification\",\"valueRequired\":true,\"valueName\":\"search_term_string\"}}],\"inLanguage\":\"es\"},{\"@type\":\"Person\",\"@id\":\"https:\\\/\\\/favorite-news.com\\\/mx\\\/#\\\/schema\\\/person\\\/b91573b717dcfa5e4696032a9d28d3e8\",\"name\":\"favorite-news\",\"image\":{\"@type\":\"ImageObject\",\"inLanguage\":\"es\",\"@id\":\"https:\\\/\\\/secure.gravatar.com\\\/avatar\\\/6c5a5cb12b74e9d517ee91cf570335b7d16177f1977cc91db161adfa435945a7?s=96&d=mm&r=g\",\"url\":\"https:\\\/\\\/secure.gravatar.com\\\/avatar\\\/6c5a5cb12b74e9d517ee91cf570335b7d16177f1977cc91db161adfa435945a7?s=96&d=mm&r=g\",\"contentUrl\":\"https:\\\/\\\/secure.gravatar.com\\\/avatar\\\/6c5a5cb12b74e9d517ee91cf570335b7d16177f1977cc91db161adfa435945a7?s=96&d=mm&r=g\",\"caption\":\"favorite-news\"},\"url\":\"https:\\\/\\\/favorite-news.com\\\/mx\\\/author\\\/pt\\\/\"}]}<\/script>\n<!-- \/ Yoast SEO plugin. -->","yoast_head_json":{"title":"Camiones no fueron afectados por apag\u00f3n: AMDA - Favorite News","robots":{"index":"index","follow":"follow","max-snippet":"max-snippet:-1","max-image-preview":"max-image-preview:large","max-video-preview":"max-video-preview:-1"},"canonical":"https:\/\/favorite-news.com\/mx\/camiones-no-fueron-afectados-por-apagon-amda\/","og_locale":"es_MX","og_type":"article","og_title":"Camiones no fueron afectados por apag\u00f3n: AMDA - Favorite News","og_description":"Los apagones de febrero que llevaron a varias armadoras a parar producciones, tendr\u00e1n impactos m\u00ednimos en el segmento de veh\u00edculos pesados y comerciales, apunt\u00f3 la Asociaci\u00f3n Mexicana de Distribuidores de Automotores (AMDA).Guillermo Rosales, director general adjunto del organismo, dijo que las empresas de este segmento no han notificado sobre interrupciones en su producci\u00f3n, como pas\u00f3 [&hellip;]","og_url":"https:\/\/favorite-news.com\/mx\/camiones-no-fueron-afectados-por-apagon-amda\/","og_site_name":"Favorite News","article_published_time":"2021-03-02T16:43:24+00:00","article_modified_time":"2021-03-02T16:43:26+00:00","og_image":[{"width":1140,"height":712,"url":"https:\/\/favorite-news.com\/mx\/wp-content\/uploads\/sites\/8\/2021\/03\/Camiones-no-fueron-afectados-por-apagon-AMDA.jpg","type":"image\/jpeg"}],"author":"favorite-news","twitter_card":"summary_large_image","twitter_misc":{"Escrito por":"favorite-news","Tiempo de lectura":"1 minuto"},"schema":{"@context":"https:\/\/schema.org","@graph":[{"@type":"Article","@id":"https:\/\/favorite-news.com\/mx\/camiones-no-fueron-afectados-por-apagon-amda\/#article","isPartOf":{"@id":"https:\/\/favorite-news.com\/mx\/camiones-no-fueron-afectados-por-apagon-amda\/"},"author":{"name":"favorite-news","@id":"https:\/\/favorite-news.com\/mx\/#\/schema\/person\/b91573b717dcfa5e4696032a9d28d3e8"},"headline":"Camiones no fueron afectados por apag\u00f3n: AMDA","datePublished":"2021-03-02T16:43:24+00:00","dateModified":"2021-03-02T16:43:26+00:00","mainEntityOfPage":{"@id":"https:\/\/favorite-news.com\/mx\/camiones-no-fueron-afectados-por-apagon-amda\/"},"wordCount":254,"commentCount":0,"image":{"@id":"https:\/\/favorite-news.com\/mx\/camiones-no-fueron-afectados-por-apagon-amda\/#primaryimage"},"thumbnailUrl":"https:\/\/favorite-news.com\/mx\/wp-content\/uploads\/sites\/8\/2021\/03\/Camiones-no-fueron-afectados-por-apagon-AMDA.jpg","articleSection":["NOTICIAS FINANCIERAS"],"inLanguage":"es","potentialAction":[{"@type":"CommentAction","name":"Comment","target":["https:\/\/favorite-news.com\/mx\/camiones-no-fueron-afectados-por-apagon-amda\/#respond"]}]},{"@type":"WebPage","@id":"https:\/\/favorite-news.com\/mx\/camiones-no-fueron-afectados-por-apagon-amda\/","url":"https:\/\/favorite-news.com\/mx\/camiones-no-fueron-afectados-por-apagon-amda\/","name":"Camiones no fueron afectados por apag\u00f3n: AMDA - Favorite News","isPartOf":{"@id":"https:\/\/favorite-news.com\/mx\/#website"},"primaryImageOfPage":{"@id":"https:\/\/favorite-news.com\/mx\/camiones-no-fueron-afectados-por-apagon-amda\/#primaryimage"},"image":{"@id":"https:\/\/favorite-news.com\/mx\/camiones-no-fueron-afectados-por-apagon-amda\/#primaryimage"},"thumbnailUrl":"https:\/\/favorite-news.com\/mx\/wp-content\/uploads\/sites\/8\/2021\/03\/Camiones-no-fueron-afectados-por-apagon-AMDA.jpg","datePublished":"2021-03-02T16:43:24+00:00","dateModified":"2021-03-02T16:43:26+00:00","author":{"@id":"https:\/\/favorite-news.com\/mx\/#\/schema\/person\/b91573b717dcfa5e4696032a9d28d3e8"},"breadcrumb":{"@id":"https:\/\/favorite-news.com\/mx\/camiones-no-fueron-afectados-por-apagon-amda\/#breadcrumb"},"inLanguage":"es","potentialAction":[{"@type":"ReadAction","target":["https:\/\/favorite-news.com\/mx\/camiones-no-fueron-afectados-por-apagon-amda\/"]}]},{"@type":"ImageObject","inLanguage":"es","@id":"https:\/\/favorite-news.com\/mx\/camiones-no-fueron-afectados-por-apagon-amda\/#primaryimage","url":"https:\/\/favorite-news.com\/mx\/wp-content\/uploads\/sites\/8\/2021\/03\/Camiones-no-fueron-afectados-por-apagon-AMDA.jpg","contentUrl":"https:\/\/favorite-news.com\/mx\/wp-content\/uploads\/sites\/8\/2021\/03\/Camiones-no-fueron-afectados-por-apagon-AMDA.jpg","width":1140,"height":712,"caption":"Camiones no fueron afectados por apag\u00f3n: AMDA"},{"@type":"BreadcrumbList","@id":"https:\/\/favorite-news.com\/mx\/camiones-no-fueron-afectados-por-apagon-amda\/#breadcrumb","itemListElement":[{"@type":"ListItem","position":1,"name":"\u0413\u043b\u0430\u0432\u043d\u0430\u044f \u0441\u0442\u0440\u0430\u043d\u0438\u0446\u0430","item":"https:\/\/favorite-news.com\/mx\/"},{"@type":"ListItem","position":2,"name":"Camiones no fueron afectados por apag\u00f3n: AMDA"}]},{"@type":"WebSite","@id":"https:\/\/favorite-news.com\/mx\/#website","url":"https:\/\/favorite-news.com\/mx\/","name":"Favorite News","description":"Favorite News Mexico","potentialAction":[{"@type":"SearchAction","target":{"@type":"EntryPoint","urlTemplate":"https:\/\/favorite-news.com\/mx\/?s={search_term_string}"},"query-input":{"@type":"PropertyValueSpecification","valueRequired":true,"valueName":"search_term_string"}}],"inLanguage":"es"},{"@type":"Person","@id":"https:\/\/favorite-news.com\/mx\/#\/schema\/person\/b91573b717dcfa5e4696032a9d28d3e8","name":"favorite-news","image":{"@type":"ImageObject","inLanguage":"es","@id":"https:\/\/secure.gravatar.com\/avatar\/6c5a5cb12b74e9d517ee91cf570335b7d16177f1977cc91db161adfa435945a7?s=96&d=mm&r=g","url":"https:\/\/secure.gravatar.com\/avatar\/6c5a5cb12b74e9d517ee91cf570335b7d16177f1977cc91db161adfa435945a7?s=96&d=mm&r=g","contentUrl":"https:\/\/secure.gravatar.com\/avatar\/6c5a5cb12b74e9d517ee91cf570335b7d16177f1977cc91db161adfa435945a7?s=96&d=mm&r=g","caption":"favorite-news"},"url":"https:\/\/favorite-news.com\/mx\/author\/pt\/"}]}},"_links":{"self":[{"href":"https:\/\/favorite-news.com\/mx\/wp-json\/wp\/v2\/posts\/4121","targetHints":{"allow":["GET"]}}],"collection":[{"href":"https:\/\/favorite-news.com\/mx\/wp-json\/wp\/v2\/posts"}],"about":[{"href":"https:\/\/favorite-news.com\/mx\/wp-json\/wp\/v2\/types\/post"}],"author":[{"embeddable":true,"href":"https:\/\/favorite-news.com\/mx\/wp-json\/wp\/v2\/users\/2"}],"replies":[{"embeddable":true,"href":"https:\/\/favorite-news.com\/mx\/wp-json\/wp\/v2\/comments?post=4121"}],"version-history":[{"count":1,"href":"https:\/\/favorite-news.com\/mx\/wp-json\/wp\/v2\/posts\/4121\/revisions"}],"predecessor-version":[{"id":4123,"href":"https:\/\/favorite-news.com\/mx\/wp-json\/wp\/v2\/posts\/4121\/revisions\/4123"}],"wp:featuredmedia":[{"embeddable":true,"href":"https:\/\/favorite-news.com\/mx\/wp-json\/wp\/v2\/media\/4122"}],"wp:attachment":[{"href":"https:\/\/favorite-news.com\/mx\/wp-json\/wp\/v2\/media?parent=4121"}],"wp:term":[{"taxonomy":"category","embeddable":true,"href":"https:\/\/favorite-news.com\/mx\/wp-json\/wp\/v2\/categories?post=4121"},{"taxonomy":"post_tag","embeddable":true,"href":"https:\/\/favorite-news.com\/mx\/wp-json\/wp\/v2\/tags?post=4121"}],"curies":[{"name":"wp","href":"https:\/\/api.w.org\/{rel}","templated":true}]}}