{"id":4096,"date":"2020-07-21T18:27:33","date_gmt":"2020-07-21T15:27:33","guid":{"rendered":"https:\/\/favorite-news.com\/mx\/coronavirus-infecta-a-economias-mundiales\/"},"modified":"2020-07-21T18:27:35","modified_gmt":"2020-07-21T15:27:35","slug":"coronavirus-infecta-a-economias-mundiales","status":"publish","type":"post","link":"https:\/\/favorite-news.com\/mx\/coronavirus-infecta-a-economias-mundiales\/","title":{"rendered":"Coronavirus infecta a econom\u00edas mundiales"},"content":{"rendered":"<p>hace<br \/>\n52<br \/>\nminutos<\/p>\n<p>UE acuerda hist\u00f3rico plan econ\u00f3mico contra Covid-19<\/p>\n<p>Los l\u00edderes de los pa\u00edses de la Uni\u00f3n Europea (UE) han logrado un acuerdo sobre el fondo de recuperaci\u00f3n econ\u00f3mica tras la pandemia en una cumbre que pasar\u00e1 a la Historia tanto por la duraci\u00f3n de las negociaciones como por el contenido de lo pactado, un consenso que, en principio, satisface a todos los Estados miembros.Tras cuatro d\u00edas y cuatro noches de discusiones que comenzaron el viernes por la ma\u00f1ana y concluyeron en la madrugada del martes, los Veintisiete dieron luz verde a un fondo de recuperaci\u00f3n de 750.000 millones de euros financiado con la emisi\u00f3n de deuda com\u00fan, que incluir\u00e1 390.000 millones en ayudas directas y 360.000 millones en pr\u00e9stamos.Junto al fondo, el plan acordado este martes incluye un presupuesto comunitario de 1,074 billones de euros para el periodo 2021-2027. Lee aqu\u00ed la nota completa \u2b07\ufe0f \u200b<br \/>\n\u200b<\/p>\n<p>hace<br \/>\n2<br \/>\nd\u00edas<\/p>\n<p>Recuperaci\u00f3n econ\u00f3mica depende de vacuna contra Covid-19: Arturo Herrera<\/p>\n<p>El titular de la Secretar\u00eda de Hacienda y Cr\u00e9dito P\u00fablico (SHCP), Arturo Herrera, se\u00f1al\u00f3 que el ritmo de la recuperaci\u00f3n econ\u00f3mica depende de la evoluci\u00f3n de la pandemia y disponibilidad de una vacuna o tratamiento efectivo contra el Covid-19. Herrera admiti\u00f3 que &#8220;el horizonte de recuperaci\u00f3n ser\u00e1 de mayor tiempo&#8221; a lo estimado en un inicio, ello al participar en la tercera Reuni\u00f3n Virtual de Ministros de Finanzas y Gobernadores de Bancos Centrales del G20, que antes iba a ocurrir en Arabia Saudita. &#8220;En mi intervenci\u00f3n se\u00f1al\u00e9 un periodo de entre un a\u00f1o a un a\u00f1o y medio en el que coexistiremos con el Covid-19. La pol\u00edtica fiscal, financiera y econ\u00f3mica tendr\u00e1n que ajustarse a este nuevo horizonte&#8221;, manifest\u00f3 el funcionario. Con m\u00e1s de 331 mil contagios y 38 mil 310 muertos, M\u00e9xico es el s\u00e9ptimo pa\u00eds del mundo con m\u00e1s casos de Covid-19 y el cuarto con m\u00e1s fallecidos, de acuerdo con la Universidad Johns Hopkins. Puedes leer la nota aqu\u00ed \u2b07 \u200b<br \/>\n\u200b<\/p>\n<p>hace<br \/>\n3<br \/>\nd\u00edas<\/p>\n<p>Arturo Herrera participa en reuni\u00f3n virtual del G20 sobre reactivaci\u00f3n econ\u00f3mica<\/p>\n<p>Los ministros de Finanzas y banqueros centrales de los pa\u00edses del G20 abrieron este s\u00e1bado una reuni\u00f3n virtual sobre la recuperaci\u00f3n de la econom\u00eda mundial, azotada por el coronavirus, en medio de llamados para aliviar la deuda de pa\u00edses pobres o el de Argentina de crear un fondo solidario, donde particip\u00f3 el secretario de Hacienda, Arturo Herrera. &#8220;Hoy particip\u00e9 en la Reuni\u00f3n de Ministros de Finanzas y Gobernadores de Bancos Centrales del G20&#8221;, se\u00f1al\u00f3 el funcionario en su cuenta de Twitter. En su mensaje detall\u00f3 que la reuni\u00f3n estaba &#8220;programada para realizarse en la ciudad de Yeda; sin embargo, el Covid-19 oblig\u00f3 a que fuera virtual y a dirigir la agenda a la recuperaci\u00f3n econ\u00f3mica&#8221;. Lee aqu\u00ed la nota completa \u2b07\ufe0f \u200b<br \/>\n\u200b<\/p>\n<p>hace<br \/>\n4<br \/>\nd\u00edas<\/p>\n<p>ONU pide a comunidad internacional 10 mil 300 mdd para hacer frente a Covid-19 <\/p>\n<p>La Oficina de Naciones Unidas para la Coordinaci\u00f3n de Asuntos Humanitarios (OCHA) lanz\u00f3 un llamamiento a la comunidad internacional para recaudar 10 mil 300 millones de d\u00f3lares con el fin de hacer frente a programas de ayuda alimentaria, sanitaria y ante la pandemia del Covid-19. La coordinadora humanitaria de Naciones Unidas hab\u00eda pedido inicialmente en el mes de marzo 2 mil millones de d\u00f3lares para esta partida, una cifra que elev\u00f3 a 6 mil 700 millones en mayo y ha vuelto a aumentar ahora, a medida que la pandemia se extiende a m\u00e1s pa\u00edses y sus negativas consecuencias sociales y econ\u00f3micas aumentan. Si la comunidad internacional no act\u00faa, &#8220;la pandemia y la recesi\u00f3n global unida a ella crear\u00e1n el primer incremento en pobreza global desde 1990 y llevar\u00e1n a 265 millones de personas a la hambruna antes de finales de a\u00f1o&#8221;, advierte OCHA. El portavoz de la oficina en Ginebra, Jens Laerke, subray\u00f3 que el dinero ser\u00e1 empleado en programas de mejora de servicios sanitarios, como campa\u00f1as de vacunaci\u00f3n, pero tambi\u00e9n en env\u00edo de alimentos, mejora de servicios de higiene y agua potable y otras necesidades. El portavoz advirti\u00f3 de que hasta ahora s\u00f3lo se han recibido mil 700 millones de d\u00f3lares, &#8220;una cantidad generosa pero que ni siquiera cubre la petici\u00f3n hecha en marzo&#8221;. Puedes leer la nota aqu\u00ed \u2b07  \u200b<br \/>\n\u200b<\/p>\n<p>hace<br \/>\n5<br \/>\nd\u00edas<\/p>\n<p>Cepal no detendr\u00e1 pron\u00f3sticos pese a desacuerdos de gobiernos: B\u00e1rcena<\/p>\n<p>Jacob S\u00e1nchez | El Sol de M\u00e9xico La secretaria ejecutiva de la Comisi\u00f3n Econ\u00f3mica para Am\u00e9rica Latina, Alicia B\u00e1rcena Ibarra rechaz\u00f3 que la Cepal detenga sus pron\u00f3sticos econ\u00f3micos de la regi\u00f3n por desacuerdos con los gobiernos evaluados, ya que \u00e9stos se realizan de manera seria, con base en an\u00e1lisis t\u00e9cnicos de informaci\u00f3n oficial y de manera independiente. Las declaraciones se dan luego de que el presidente Andr\u00e9s Manuel L\u00f3pez Obrador desestimar\u00e1 sus proyecciones y tachara a la Cepal de pesimista, as\u00ed como que tuviera influencias del Fondo Monetario Internacional (FMI), pese a ser un organismo progresista, tras pronosticar la p\u00e9rdida de 500 mil empresas en M\u00e9xico como resultado de la pandemia por Covid-19. \u201cNos parece una aseveraci\u00f3n muy importante, pero no dejamos de medir, no dejamos de hacer las estimaciones que nos corresponde independientemente. \u00a1Claro! a los gobiernos no les parece muy bien, pero eso es lo que nuestros modelos arrojan y nosotros como una instituci\u00f3n seria tenemos que ir adelante con nuestras estimaciones\u201d, sostuvo B\u00e1rcena Ibarra. \u201c\u00bfQue si somos progresistas o no? \u00a1Claro!\u201d, a\u00f1adi\u00f3. La secretaria ejecutiva de la Cepal, enfatiz\u00f3 que este organismo es progresista, que impulsa las pol\u00edticas sociales y la igualdad, por lo que \u201cdestacamos las medidas que est\u00e1 tomando el gobierno (mexicano) para, justamente apuntar a los m\u00e1s vulnerables, a los m\u00e1s pobres y celebramos que para el bien de todos: los pobres primero\u201d. Lee m\u00e1s aqu\u00ed \u2b07\ufe0f \u200b<br \/>\n\u200b<\/p>\n<p>hace<br \/>\n5<br \/>\nd\u00edas<\/p>\n<p>Cepal empeora pron\u00f3stico para M\u00e9xico: caer\u00e1 9% la econom\u00eda<\/p>\n<p>La Comisi\u00f3n Econ\u00f3mica para Am\u00e9rica Latina y el Caribe (Cepal) ajust\u00f3 a la baja sus estimaciones sobre la econom\u00eda de M\u00e9xico, al ubicar en 9.0 por ciento la ca\u00edda del Producto Interno Bruto (PIB) en el pa\u00eds ante la crisis por la pandemia del Covid-19.  El pasado 21 de abril la Cepal estim\u00f3 una contracci\u00f3n de 6.5 por ciento por el coronavirus, lo cual representa 2.5 puntos porcentuales por debajo de su \u00faltimo reporte. Para le regi\u00f3n Centroam\u00e9rica y M\u00e9xico ubic\u00f3 la tasa en 8.4 por ciento. En su quinto informe especial sobre la evoluci\u00f3n y los efectos del Covid-19, la secretaria ejecutiva de la Cepal, Alicia B\u00e1rcena Ibarra, tambi\u00e9n se\u00f1al\u00f3 una contracci\u00f3n de 9.1 por ciento para la regi\u00f3n latinoamericana y el Caribe, mientras que tres meses atr\u00e1s su pron\u00f3stico se manten\u00eda en 5.3 por ciento. &#8220;Estamos viviendo la peor crisis econ\u00f3mica de los \u00faltimos 100 a\u00f1os. Estamos hablando de incluso una d\u00e9cada perdida en t\u00e9rminos del PIB per c\u00e1pita, el riesgo social es muy amplio, pero si nos vamos al retroceso en materia de pobreza probablemente estamos hablando de un retroceso de 15 a\u00f1os&#8221;, se\u00f1al\u00f3 B\u00e1rcena Ibarra. Puedes leer la nota aqu\u00ed \u2b07  \u200b<br \/>\n\u200b<\/p>\n<p>hace<br \/>\n6<br \/>\nd\u00edas<\/p>\n<p>Futuras generaciones pagar\u00e1n efectos de crisis por Covid-19: WEF<\/p>\n<p>El mundo arrastraba altos niveles de endeudamiento antes de la llegada de la pandemia de Covid-19, pero los efectos de esta aumentar\u00e1n a\u00fan m\u00e1s una deuda que &#8220;ser\u00e1 pagada por las generaciones futuras&#8221;, advirti\u00f3 este martes el fundador y presidente ejecutivo del Foro Econ\u00f3mico Mundial (WEF, por sus siglas en ingl\u00e9s), Klaus Schwab. &#8220;El mundo ya ten\u00eda antes una deuda equivalente a aproximadamente al 300 por ciento de su PIB, pero los programas de rescate gubernamentales, por unos 10 billones de d\u00f3lares, se a\u00f1adir\u00e1n a ese endeudamiento&#8221;, subray\u00f3 Schwabb en una conferencia para presentar su nuevo libro &#8220;Covid-19, el Gran Reinicio&#8221;. El presidente de la organizaci\u00f3n que anualmente celebra el Foro de Davos a\u00f1adi\u00f3 que los efectos de la pandemia ser\u00e1n m\u00e1s parecidos a los de una guerra mundial que a los provocados por la crisis financiera de 2008, por sus consecuencias no s\u00f3lo econ\u00f3micas y laborales, sino tambi\u00e9n humanas. Lee aqu\u00ed la nota completa \u2b07\ufe0f \u200b<br \/>\n\u200b<\/p>\n<p>hace<br \/>\n6<br \/>\nd\u00edas<\/p>\n<p>Reino Unido enfrenta su peor recesi\u00f3n en 300 a\u00f1os por Covid-19<\/p>\n<p>La econom\u00eda brit\u00e1nica, que se contrajo fuertemente en marzo y abril con un m\u00ednimo repunte en mayo, se enfrenta a su peor recesi\u00f3n en 300 a\u00f1os debido a la pandemia de coronavirus, seg\u00fan se\u00f1al\u00f3 el martes una agencia gubernamental. El Producto Interior Bruto (PIB) brit\u00e1nico cay\u00f3 un 19,1% de marzo a mayo respecto al per\u00edodo de diciembre a febrero por el impacto del coronavirus, con un repunte de s\u00f3lo 1,8% en mayo, anunci\u00f3 el martes la Oficina de Estad\u00edsticas Nacionales (ONS).  El aumento m\u00ednimo de mayo hace dudar a los analistas de la posibilidad de una recuperaci\u00f3n en &#8220;V&#8221;, es decir, una recuperaci\u00f3n tan brusca como lo abrupta que fue la contracci\u00f3n. Lee aqu\u00ed la nota completa \u2b07\ufe0f \u200b<br \/>\n\u200b<\/p>\n<p>12\/07\/2020 12:55 PM <\/p>\n<p>Covid-19 deja a m\u00e1s de 83 mil mexicanos sin empleo en junio<\/p>\n<p>Entre marzo y junio, un mill\u00f3n 113 mil 677 mexicanos perdieron su empleo a causa de los efectos de la pandemia en la actividad econ\u00f3mica.  De acuerdo con cifra del Instituto Mexicano del Seguro Social (IMSS), s\u00f3lo durante junio 83 mil 311 personas se sumaron a las filas del desempleo. Esa cifra es menor a la que hab\u00eda anticipado el presidente Andr\u00e9s Manuel L\u00f3pez Obrador, quien hace unos d\u00edas adelant\u00f3 que en el sexto mes se perder\u00edan hasta 130 mil empleos formales.  Aqu\u00ed \u2b07\ufe0f la nota \u200b<br \/>\n\u200b<\/p>\n<p>9\/07\/2020 10:51 AM <\/p>\n<p>Banxico advierte &#8220;severo deterioro&#8221; de actividad econ\u00f3mica por Covid-19 <\/p>\n<p>La Junta de Gobierno del Banco de M\u00e9xico (Banxico) advirti\u00f3 que la contingencia por la crisis sanitaria de Covid-19 deterior\u00f3 severamente la actividad econ\u00f3mica en el pa\u00eds, principalmente en abril, cuando se endurecieron las restricciones para evitar contagios. &#8220;Todos hicieron referencia al severo deterioro de la actividad econ\u00f3mica en M\u00e9xico. La mayor\u00eda se\u00f1al\u00f3 que esta tuvo una importante contracci\u00f3n en el primer trimestre del a\u00f1o y que la informaci\u00f3n disponible indica que las afectaciones derivadas de la pandemia se exacerbaron en abril&#8221;, se\u00f1ala la minuta de la reuni\u00f3n de Decisi\u00f3n de Pol\u00edtica monetaria del pasado 25 de junio. El documento, publicado este jueves, a\u00f1ade que miembros de la Junta de Gobierno estiman una ca\u00edda &#8220;importante&#8221; de la econom\u00eda en el segundo trimestre, incluso m\u00e1s profunda de lo previsto debido a que, por la duraci\u00f3n de la pandemia, la reapertura econ\u00f3mica ha sido m\u00e1s gradual a lo anticipado. Adem\u00e1s, los subgobernadores y el gobernador advirtieron que pese a que la reapertura parcial de algunos sectores y regiones e el pa\u00eds propiciar\u00e1 cierta recuperaci\u00f3n de la econom\u00eda, la afectaci\u00f3n ha sido considerable y persiste la incertidumbre sobre el crecimiento del pa\u00eds. Puedes leer la nota aqu\u00ed \u2b07 \u200b<br \/>\n\u200b<\/p>\n<p>9\/07\/2020 8:36 AM <\/p>\n<p>La pandemia disparar\u00e1 pobreza y desigualdad en Latinoam\u00e9rica: ONU <\/p>\n<p>La pandemia del coronavirus va a disparar la pobreza y las desigualdades en Am\u00e9rica Latina y el Caribe, seg\u00fan advirti\u00f3 este jueves la ONU, que reclam\u00f3 a los Gobiernos de la regi\u00f3n y a la comunidad internacional un apoyo decidido a las personas m\u00e1s vulnerables. En un informe, el secretario general de la organizaci\u00f3n, Ant\u00f3nio Guterres, record\u00f3 que Latinoam\u00e9rica se ha convertido en uno de los epicentros de la Covid-19, con varios pa\u00edses que tienen algunas de las mayores tasas de contagio per c\u00e1pita en todo el mundo. La crisis del coronavirus ha llegado adem\u00e1s a la regi\u00f3n en un momento especialmente complicado, pues ya ven\u00eda de a\u00f1os de dificultades econ\u00f3micas, con un crecimiento muy d\u00e9bil y lastrada, entre otras cosas, por un grave problema de desigualdad. Aqu\u00ed \u2b07\ufe0f la nota\u200b \u200b<\/p>\n<p>8\/07\/2020 8:43 AM <\/p>\n<p>Covid-19 ha precipitado al mundo laboral a una crisis: OIT<\/p>\n<p>Varios l\u00edderes mundiales pidieron una estrategia integral para contrarrestar el impacto de la pandemia de coronavirus, que seg\u00fan dijo el mi\u00e9rcoles el jefe de la Organizaci\u00f3n Internacional del Trabajo, Guy Ryder, hab\u00eda sumido al mundo laboral en una &#8220;crisis sin precedentes&#8221;. &#8220;Seamos claros: no se trata de elegir entre la salud o el empleo y la econom\u00eda. Est\u00e1n interrelacionados: o ganamos en todos los frentes o fracasamos en todos los frentes&#8221;, dijo el secretario general de Naciones Unidas, Antonio Guterres, en una cumbre de la OIT en la que participar\u00e1n decenas de jefes de Estado y de Gobierno a trav\u00e9s de mensajes grabados. El jefe de la Organizaci\u00f3n Mundial de la Salud, Tedros Adhanom Ghebreyesus, dijo en la cumbre que el mundo tiene el deber especial de proteger a los millones de trabajadores de la salud que est\u00e1n en la primera l\u00ednea de la crisis y que sufren cada vez m\u00e1s casos de infecci\u00f3n y muertes. Aqu\u00ed \u2b07\ufe0f la nota\u200b \u200b<\/p>\n<p>7\/07\/2020 8:53 AM <\/p>\n<p>M\u00e9xico ser\u00e1 de los menos afectados en desempleo por Covid-19: OCDE<\/p>\n<p>La tasa de paro en M\u00e9xico, que fue de media del 3.5 por ciento en 2019, ha subido a causa de la crisis del coronavirus hasta el que deber\u00eda ser el m\u00e1ximo del 7.2 por ciento en el segundo trimestre, pero en caso de una segunda oleada de la epidemia el pico ser\u00e1 superior, del 7.5 por ciento al terminar el a\u00f1o, seg\u00fan la OCDE.En su informe anual de perspectivas del empleo publicado este martes, la Organizaci\u00f3n para la Cooperaci\u00f3n y el Desarrollo Econ\u00f3mico (OCDE) destaca que en ambos escenarios el empleo disminuir\u00e1 &#8220;solo marginalmente en 2020&#8221; y volver\u00e1 a los niveles anteriores a la crisis en el segundo trimestre de 2021.De acuerdo con sus previsiones, M\u00e9xico ser\u00e1 uno de los pa\u00edses de la OCDE en los que menos empleo se destruir\u00e1 en t\u00e9rminos porcentuales, en concreto un 0.67 por ciento en 2020 en la hip\u00f3tesis de que no hubiera un segundo brote del coronavirus y un 1.01 por ciento en caso de que s\u00ed. Lee aqu\u00ed la nota completa \u2b07\ufe0f \u200b<br \/>\n\u200b<\/p>\n<p>4\/07\/2020 9:58 AM <\/p>\n<p>Trump extiende pr\u00e9stamos a peque\u00f1as empresas para enfrentar crisis por Covid-19<\/p>\n<p>El presidente de Estados Unidos, Donald Trump, firm\u00f3 este s\u00e1bado una extensi\u00f3n por cinco semanas de un programa federal de pr\u00e9stamos a peque\u00f1as empresas para paliar los efectos en la econom\u00eda de la pandemia de coronavirus.La Casa Blanca inform\u00f3 en un comunicado de que el mandatario hab\u00eda rubricado la autorizaci\u00f3n para extender el programa hasta el pr\u00f3ximo 8 de agosto, sin ofrecer m\u00e1s detalles.El llamado Programa de Protecci\u00f3n de N\u00f3minas forma parte del paquete de est\u00edmulo de m\u00e1s de dos billones de d\u00f3lares aprobado en marzo pasado para frenar el deterioro de la econom\u00eda en Estados Unidos ocasionado por la crisis sanitaria de la Covid-19.La iniciativa permite a los peque\u00f1os negocios recibir pr\u00e9stamos del Gobierno federal, que pueden ser condonados si las n\u00f3minas de los trabajadores se mantienen a un cierto nivel. Lee aqu\u00ed la nota completa \u2b07\ufe0f \u200b<br \/>\n\u200b<\/p>\n<p>30\/06\/2020 10:43 AM <\/p>\n<p>OIT prev\u00e9 p\u00e9rdida de hasta 895 millones de empleos en 2020<\/p>\n<p>La Organizaci\u00f3n Internacional del Trabajo (OIT) estim\u00f3 que este a\u00f1o se puedan perder hasta 895 millones de plazas laborales en todo el mundo a consecuencia de la crisis por la pandemia del Covid-19. En la quinta edici\u00f3n del reporte Covid-19 y el mundo del trabajo, el organismo internacional se\u00f1ala que en el segundo trimestre de 2020 se perdieron en el mundo 400 millones de empleos a causa de la pandemia, cifra mucho mayor de los 305 millones de puestos que se estimaron previamente. Lee aqu\u00ed la nota completa \u2b07\ufe0f \u200b<br \/>\n\u200b<\/p>\n<p>30\/06\/2020 10:18 AM <\/p>\n<p>Casi dos millones se suman a la informalidad en mayo por Covid-19<\/p>\n<p>La crisis por el Covid-19 y los despidos generados entre marzo y mayo llevaron a que 1.9 millones de personas se sumaran a la informalidad laboral en el quinto mes del a\u00f1o, seg\u00fan inform\u00f3 el Instituto Nacional de Estad\u00edstica y Geograf\u00eda (Inegi). De acuerdo con la segunda Encuesta Telef\u00f3nica de Ocupaci\u00f3n y Empleo (ETOE), en mayo hab\u00eda 22.6 millones de mexicanos trabajando en la informalidad, lo que signific\u00f3 51.8 por ciento de la poblaci\u00f3n econ\u00f3micamente activa. El Inegi subray\u00f3 que con este resultado la tasa de informalidad aument\u00f3 4.1 puntos porcentuales comparado con la del mes previo, lo que signific\u00f3 su mayor incremento desde que hay datos, es decir, desde 2005. Lee aqu\u00ed la nota completa \u2b07\ufe0f \u200b<br \/>\n\u200b<\/p>\n<p>26\/06\/2020 10:28 AM <\/p>\n<p>Covid-19 hunde actividad econ\u00f3mica de abril a m\u00ednimo hist\u00f3rico<\/p>\n<p>En el mes de abril el Indicador Global de la Actividad Econ\u00f3mica (IGAE) tuvo una ca\u00edda a tasa anual de 19.7 por ciento, la mayor contracci\u00f3n desde que el Instituto Nacional de Estad\u00edstica y Geograf\u00eda (Inegi) lleva registro, esto debido a los efectos del confinamiento por la crisis del coronavirus. El indicador, que es una aproximaci\u00f3n al PIB mensual, sum\u00f3 adem\u00e1s 12 meses consecutivos a la baja. Lee aqu\u00ed la nota completa \u2b07\ufe0f \u200b<br \/>\n\u200b<\/p>\n<p>26\/06\/2020 10:27 AM <\/p>\n<p>Exportaciones mexicanas tienen ca\u00edda hist\u00f3rica en mayo<\/p>\n<p>El valor de las exportaciones de mercanc\u00edas mexicanas cay\u00f3 56.7 por ciento a tasa anual en mayo, lo que signific\u00f3 su contracci\u00f3n m\u00e1s profunda desde principios de la d\u00e9cada de 1990, cuando se comenz\u00f3 con el registro de la balanza comercial. De acuerdo con el Instituto Nacional de Estad\u00edstica y Geograf\u00eda (Inegi), los env\u00edos de mercanc\u00edas al extranjero sumaron poco menos de 18 mil 70 millones de d\u00f3lares, su menor cifra en casi tres d\u00e9cadas, derivado del cierre de la actividad industrial por la crisis del Covid-19. Lee aqu\u00ed la nota completa \u2b07\ufe0f \u200b<br \/>\n\u200b<\/p>\n<p>25\/06\/2020 4:06 PM <\/p>\n<p>M\u00e1s de 2 mil r\u00e9plicas tras sismo\u00a0de magnitud 7.4<\/p>\n<p>V\u00edctor Castillo, corresponsal | El Sol de M\u00e9xico  El Servicio Sismol\u00f3gico Nacional (SSN) en su reporte del 25 de junio se\u00f1al\u00f3 que se han detectado 2 mil 770 r\u00e9plicas por el sismo. De acuerdo al SSN, hasta las 10:30 horas de este d\u00eda, el sismo con mayor magnitud detectado fue de 5.5. Indic\u00f3 en un reporte especial que cuando ocurre un sismo de magnitud considerable las rocas que se encuentran cerca de la zona de ruptura sufren un reacomodo, lo que genera una serie de temblores en la zona que reciben el nombre de r\u00e9plicas. El n\u00famero de las r\u00e9plicas puede variar, sin embargo, no se puede predecir cu\u00e1ntas ser\u00e1n ni qu\u00e9 magnitud tendr\u00e1n. Lee la nota aqu\u00ed \u2b07 \u200b<br \/>\n\u200b<\/p>\n<p>25\/06\/2020 11:45 AM <\/p>\n<p>Nissan anuncia despido de 200 empleados en Aguascalientes ante crisis por Covid-19 <\/p>\n<p>La automotriz japonesa Nissan dijo que despedir\u00e1 a 200 trabajadores de su planta en el estado de Aguascalientes para dar sostenibilidad a las operaciones en medio de la pandemia del coronavirus. Nissan, que tiene f\u00e1bricas tambi\u00e9n en Morelos, se\u00f1al\u00f3 que est\u00e1 lista para cumplir con requerimientos que establece el nuevo acuerdo comercial para Am\u00e9rica del Norte (T-MEC), que entrar\u00e1 en vigor el 1 de julio. Asimismo, dijo que seguir\u00e1 con sus planes de inversi\u00f3n en el pa\u00eds, s\u00f3lo se retrasaron por meses de paro debido a contingencia. Tras ser catalogada como esencial en mayo junto con la miner\u00eda y la construcci\u00f3n, la industria automotriz, altamente conectada con las cadenas de valor de Estados Unidos, fue retomada su operaci\u00f3n de forma gradual con estrictos protocolos sanitarios. Puedes leer la nota aqu\u00ed \u2b07 \u200b<br \/>\n\u200b<\/p>\n<p>25\/06\/2020 10:49 AM <\/p>\n<p>M\u00e9xico cuida recursos para enfrentar crisis m\u00e1s larga: Herrera <\/p>\n<p>El secretario de Hacienda, Arturo Herrera, explic\u00f3 que una de las razones por las que el gobierno no ha dado tantos est\u00edmulos fiscales como otros pa\u00edses para enfrentar la crisis por el coronavirus es para tener recursos para un problema que se puede alargar. \u201cTodo el mundo pens\u00f3 hace unos meses que esto iba a ser una ca\u00edda de dos o tres meses y luego vendr\u00eda una recuperaci\u00f3n en V, pero esto se va llevar un tiempo mucho m\u00e1s largo y se requiere tener reserva\u201d, refiri\u00f3 el funcionario en un foro virtual organizado por Bloomberg. Lee aqu\u00ed la nota completa \u2b07\ufe0f \u200b<br \/>\n\u200b<\/p>\n<p>25\/06\/2020 9:40 AM <\/p>\n<p>FMI advierte sobre riesgo de una &#8220;desconexi\u00f3n&#8221; de los mercados<\/p>\n<p>Las recientes ganancias de los mercados burs\u00e1tiles, que muestran una &#8220;desconexi\u00f3n&#8221; con la contracci\u00f3n de la econom\u00eda debido a la pandemia, son una &#8220;tremenda&#8221; fuente de incertidumbre y una amenaza para la recuperaci\u00f3n, advirti\u00f3 este jueves el Fondo Monetario Internacional (FMI). En su Informe sobre Estabilidad Financiera, el FMI advirti\u00f3 que entre las &#8220;tremendas&#8221; incertidumbres que rodean a la crisis actual destaca &#8220;la desconexi\u00f3n entre los mercados financieros y la evoluci\u00f3n de la econom\u00eda real&#8221;. Seg\u00fan el informe, muchos mercados se han beneficiado de la ingente cantidad de ayuda aportada por varios gobiernos y han subido por las perspectivas de que la recuperaci\u00f3n ser\u00e1 r\u00e1pida, pese a que los datos sobre la confianza de los consumidores muestran una realidad m\u00e1s pesimista. Lee aqu\u00ed la nota completa \u2b07\ufe0f \u200b<br \/>\n\u200b<\/p>\n<p>18\/06\/2020 9:13 AM <\/p>\n<p>Covid-19 deja sin empleo a otro mill\u00f3n y medio de trabajadores en EU<\/p>\n<p>Otros mill\u00f3n y medio de trabajadores solicitaron la semana pasada el subsidio convencional por desempleo en Estados Unidos, una cifra por encima de la expectativa de los analistas, seg\u00fan inform\u00f3 este jueves el Departamento de Trabajo.En la semana anterior el Gobierno hab\u00eda recibido 1.54 millones de pedidos de esta prestaci\u00f3n y los analistas hab\u00edan calculado 1.3 millones de tr\u00e1mites adicionales.Si se suman los pedidos de prestaci\u00f3n bajo un programa temporal adoptado por el Gobierno para hacer frente a la crisis por la pandemia, la semana pasada hubo 2.19 millones de tr\u00e1mites nuevos. Lee aqu\u00ed la nota completa \u2b07\ufe0f \u200b<br \/>\n\u200b<\/p>\n<p>17\/06\/2020 1:19 PM <\/p>\n<p>Moody&#8217;s prev\u00e9 repunte de incumplimiento de pagos en AL por Covid-19<\/p>\n<p>La agencia de calificaci\u00f3n de riesgo Moody&#8217;s pronostic\u00f3 este mi\u00e9rcoles que el volumen de incumplimiento de pagos en Am\u00e9rica Latina aumentar\u00e1 al menos tres veces hacia finales de 2020 por la crisis del coronavirus. &#8220;A medida que las econom\u00edas de la regi\u00f3n sufren una contracci\u00f3n significativa debido a la crisis del coronavirus, las tasas de incumplimiento corporativo en Am\u00e9rica Latina repuntar\u00e1n este a\u00f1o&#8221;, asever\u00f3 en un comunicado el vicepresidente de Moody&#8217;s, Gersan Zurita. Lee aqu\u00ed la nota completa \u2b07\ufe0f \u200b<br \/>\n\u200b<\/p>\n<p>17\/06\/2020 1:17 PM <\/p>\n<p>Con despidos voluntarios, BBC busca compensar impacto del Covid-19<\/p>\n<p>La BBC anunci\u00f3 el mi\u00e9rcoles haber propuesto a su plantilla un plan de despidos voluntarios con el objetivo de ahorrar 125 millones de libras (156 millones de d\u00f3lares, 140 millones de euros) para compensar el impacto de la crisis del coronavirus. Esta restructuraci\u00f3n es &#8220;necesaria para asegurar que la BBC pueda hacer frente a los desaf\u00edos de un entorno medi\u00e1tico en r\u00e1pida evoluci\u00f3n&#8221;, afirm\u00f3 un portavoz de la radiotelevisi\u00f3n p\u00fablica brit\u00e1nica. &#8220;El impacto de la pandemia de coronavirus significa que la BBC necesita ahorrar 125 millones en el actual a\u00f1o fiscal, adem\u00e1s de las importantes medidas de ahorro a las que ya se hab\u00eda comprometido previamente&#8221;, explic\u00f3 el portavoz. Lee aqu\u00ed la nota completa \u2b07\ufe0f \u200b<br \/>\n\u200b<\/p>\n<p>17\/06\/2020 1:16 PM <\/p>\n<p>Turismo en M\u00e9xico podr\u00eda recuperarse de efecto Covid-19 en 2021: entidad promotora<\/p>\n<p>El sector tur\u00edstico de M\u00e9xico, duramente golpeado por la pandemia de Covid-19, podr\u00eda recuperar la afluencia sostenida de visitantes a partir del segundo semestre de 2021, seg\u00fan un organismo promotor de los destinos mexicanos. &#8220;Los n\u00fameros son negativos en todo el mundo&#8221;, dijo a la AFP Carlos Gonz\u00e1lez, director general de Visit M\u00e9xico, una iniciativa p\u00fablico-privada que ve con preocupaci\u00f3n el impacto que el nuevo coronavirus ha tenido en el turismo a nivel mundial. &#8220;Es una marat\u00f3n, no una carrera de 100 metros, la que debemos correr&#8221; para empezar a ver una recuperaci\u00f3n, subray\u00f3 Gonz\u00e1lez. Lee aqu\u00ed la nota completa \u2b07\ufe0f \u200b<br \/>\n\u200b<\/p>\n<p>17\/06\/2020 1:16 PM <\/p>\n<p>LATAM Airlines cesa operaciones en Argentina<\/p>\n<p>LATAM Airlines dijo el mi\u00e9rcoles que su unidad en Argentina cesar\u00e1 operaciones por tiempo indeterminado debido a las condiciones de la industria a causa de la pandemia de coronavirus. LATAM, que se acogi\u00f3 en mayo a protecci\u00f3n por bancarrota en Estados Unidos debido al impacto de la crisis sanitaria, hab\u00eda adelantado que tendr\u00eda que redefinir sus operaciones. &#8220;Esta noticia responde a que, en las actuales condiciones, agravadas por los impactos de la pandemia Covid-19 y por la dificultad de construir acuerdos estructurales con los actores de la industria local, no es posible visualizar un proyecto viable y sustentable en el tiempo&#8221;, dijo la firma en un comunicado. Lee aqu\u00ed la nota completa \u2b07\ufe0f \u200b<br \/>\n\u200b<\/p>\n<p>16\/06\/2020 10:13 AM <\/p>\n<p>FMI prev\u00e9 recesi\u00f3n &#8220;incluso peor&#8221; de la estimada para 2020<\/p>\n<p>El Fondo Monetario Internacional probablemente pronosticar\u00e1 una contracci\u00f3n de la econom\u00eda mundial &#8220;incluso peor&#8221; que la que hab\u00eda estimado anteriormente para el a\u00f1o 2020 y ve &#8220;una profunda incertidumbre&#8221; sobre el curso de la recuperaci\u00f3n, dijo la economista principal del FMI, Gita Gopinath, en un nuevo blog. Gopinath dijo que la actual crisis econ\u00f3mica era m\u00e1s global y se desarrollaba de manera diferente a las pasadas, con el sector de los servicios m\u00e1s afectado que el de la manufactura, tanto en las econom\u00edas de mercado avanzadas como en las emergentes, y una inflaci\u00f3n baja en general. Lee aqu\u00ed la nota completa \u2b07\ufe0f \u200b<br \/>\n\u200b<\/p>\n<p>12\/06\/2020 2:12 PM <\/p>\n<p>Latinoam\u00e9rica debe esperar para reabrir econom\u00eda ante Covid-19: OPS<\/p>\n<p>Am\u00e9rica Latina y el Caribe deben esperar para reabrir su econom\u00eda o hacerlo de forma paulatina para evitar un rebrote. As\u00ed lo advierte el director del Departamento de Enfermedades Transmisibles de la Organizaci\u00f3n Panamericana de la Salud (OPS), Marcos Espinal, en una entrevista con Efe. Casi tres meses despu\u00e9s de confirmar la primera muerte por el coronavirus, la regi\u00f3n, que el funcionario record\u00f3 es la &#8220;m\u00e1s inequitativa del mundo&#8221;, es el nuevo epicentro de la enfermedad, con m\u00e1s de 1.3 millones de casos, aunque a\u00fan por debajo de Estados Unidos, que con dos millones de contagios y 113 mil muertos lidera las estad\u00edsticas mundiales. En un repaso a la situaci\u00f3n de Latinoam\u00e9rica, una zona habitada por alrededor de 620 millones de personas, el delegado de la OPS pidi\u00f3 no generalizar sobre el estado de la pandemia en Brasil, manifest\u00f3 su preocupaci\u00f3n por el caso de Nicaragua y alert\u00f3 sobre el peligro que la enfermedad representa para la empobrecida Hait\u00ed. Puedes leer la nota aqu\u00ed \u2b07 \u200b<br \/>\n\u200b<\/p>\n<p>11\/06\/2020 11:21 AM <\/p>\n<p>EU no cerrar\u00e1 su econom\u00eda si hay segunda ola de Covid-19: secretario el Tesoro<\/p>\n<p>Estados Unidos no cerrar\u00e1 su econom\u00eda nuevamente en caso de una segunda ola de Covid-19, dijo el secretario del Tesoro, Steven Mnuchin, luego de que varios estados del pa\u00eds registraran un aumento en el n\u00famero de casos.  &#8220;No podemos cerrar la econom\u00eda de nuevo. Creo que hemos aprendido que si uno cierra la econom\u00eda est\u00e1 creando m\u00e1s da\u00f1os&#8221;, dijo Mnuchin a la cadena CNBC. Las medidas de contenci\u00f3n dispuestas por el gobierno federal y por los estados para detener la propagaci\u00f3n del virus afectaron gravemente a la econom\u00eda m\u00e1s grande del mundo, generando decenas de millones de despidos desde mediados de marzo y una tasa de desempleo del 13.3% en mayo, una cifra que recuerda a la Gran Depresi\u00f3n de hace 90 a\u00f1os. Mnuchin mencion\u00f3 el &#8220;da\u00f1o econ\u00f3mico&#8221; de los cierres de negocios y comercios en todo el pa\u00eds, as\u00ed como las dificultades en el plano m\u00e9dico, &#8220;y todo lo dem\u00e1s&#8221;.  Puedes leer la nota aqu\u00ed \u2b07 \u200b<br \/>\n\u200b<\/p>\n<p>9\/06\/2020 10:59 AM <\/p>\n<p>Aerol\u00edneas perder\u00e1n 84 mil mdd este a\u00f1o por Covid-19: IATA<\/p>\n<p>La pandemia del coronavirus llevar\u00e1 a la industria de las aerol\u00edneas a p\u00e9rdidas anuales r\u00e9cord de 84 mil millones de d\u00f3lares, mientras el 2020 se convierte en el &#8220;peor a\u00f1o en la historia de la aviaci\u00f3n&#8221;, advirti\u00f3 el principal organismo mundial del sector. La (IATA) dijo en un pron\u00f3stico actualizado que espera que el tr\u00e1fico de pasajeros aumente un 55% en 2021 desde el nivel de este a\u00f1o, aunque se mantendr\u00e1 un 29% por debajo de su nivel de 2019. A medida que la recuperaci\u00f3n de los viajes a\u00e9reos se acelera en varias partes del mundo, las aerol\u00edneas calculan el costo de las semanas de paralizaci\u00f3n, un aumento de la deuda y una menor perspectiva de demanda futura. &#8220;Financieramente, 2020 ser\u00e1el peor a\u00f1o en la historia de la aviaci\u00f3n&#8221;, dijo el director general de IATA, Alexandre de Juniac. Puedes leer la nota aqu\u00ed \u2b07 \u200b<br \/>\n\u200b<\/p>\n<p>9\/06\/2020 10:53 AM <\/p>\n<p>Aerol\u00edneas perder\u00e1n 84 mil mdd este a\u00f1o por Covid-19: IATA<\/p>\n<p>La pandemia del coronavirus llevar\u00e1 a la industria de las aerol\u00edneas a p\u00e9rdidas anuales r\u00e9cord de 84 mil millones de d\u00f3lares, mientras el 2020 se convierte en el &#8220;peor a\u00f1o en la historia de la aviaci\u00f3n&#8221;, advirti\u00f3 el principal organismo mundial del sector. La (IATA) dijo en un pron\u00f3stico actualizado que espera que el tr\u00e1fico de pasajeros aumente un 55% en 2021 desde el nivel de este a\u00f1o, aunque se mantendr\u00e1 un 29% por debajo de su nivel de 2019. A medida que la recuperaci\u00f3n de los viajes a\u00e9reos se acelera en varias partes del mundo, las aerol\u00edneas calculan el costo de las semanas de paralizaci\u00f3n, un aumento de la deuda y una menor perspectiva de demanda futura. Puedes leer la nota aqu\u00ed \u2b07 \u200b<br \/>\n\u200b<\/p>\n<p>3\/06\/2020 12:05 PM <\/p>\n<p>Moody&#8217;s ve riesgos en &#8220;limitado&#8221; paquete econ\u00f3mico de M\u00e9xico por Covid-19<\/p>\n<p>El &#8220;limitado&#8221; paquete econ\u00f3mico para sortear la crisis por Covid-19 del gobierno mexicano, que equivale a menos de 1% del producto interno bruto (PIB), es un &#8220;riesgo a la baja&#8221; en los pron\u00f3sticos de Moody&#8217;s, indic\u00f3 la agencia este mi\u00e9rcoles. Al prever una contracci\u00f3n de 7% del PIB para 2020, Moody&#8217;s advirti\u00f3 que la &#8220;profunda recesi\u00f3n&#8221; que atraviesa M\u00e9xico conducir\u00e1 a &#8220;despidos significativos&#8221; y cierre de negocios, con una recuperaci\u00f3n en 2021 &#8220;m\u00e1s d\u00e9bil&#8221; que en otros pa\u00edses. &#8220;La profundidad de la recesi\u00f3n ralentizar\u00e1 la recuperaci\u00f3n del ingreso. La econom\u00eda de M\u00e9xico afronta una profunda recesi\u00f3n en 2020 y solo una modesta recuperaci\u00f3n en 2021, en parte como resultado de los limitados est\u00edmulos a nivel estatal y federal&#8221;, afirm\u00f3 la calificadora en un reporte. El paquete fiscal de M\u00e9xico para afrontar la crisis del coronavirus es uno de los m\u00e1s bajos de Am\u00e9rica Latina, seg\u00fan el Fondo Monetario Internacional (FMI), por la renuencia del presidente Andr\u00e9s Manuel L\u00f3pez Obrador a adquirir deuda. Puedes leer la nota aqu\u00ed \u2b07 \u200b<br \/>\n\u200b<\/p>\n<p>2\/06\/2020 1:36 PM <\/p>\n<p>Recuperaci\u00f3n econ\u00f3mica ser\u00e1 r\u00e1pida, pero asim\u00e9trica: Herrera<\/p>\n<p>El secretario de Hacienda, Arturo Herrera, estim\u00f3 que la recuperaci\u00f3n de la econom\u00eda nacional ser\u00e1 &#8220;r\u00e1pida, pero asim\u00e9trica&#8221;, es decir, que ser\u00e1 importante pero no repuntar\u00e1 a la misma velocidad con la que cay\u00f3.  En un video difundido por la Secretar\u00eda de Hacienda, el funcionario dijo que la trayectoria de la recuperaci\u00f3n ser\u00e1 en forma de &#8220;V&#8221;, aunque m\u00e1s alargada.  &#8220;La recuperaci\u00f3n econ\u00f3mica va paso a paso con la recuperaci\u00f3n del empleo, de los salarios y, por lo tanto, del bienestar de la poblaci\u00f3n en una \u00e9poca que ha sido particularmente dura para los negocios y la econom\u00eda familiar&#8221;, dijo. Para impulsar esta recuperaci\u00f3n, Herrara dijo que desde el gobierno federal se est\u00e1 acelerando el gasto programado para meses de octubre y noviembre. Puedes leer la nota aqu\u00ed \u2b07 \u200b<br \/>\n\u200b<\/p>\n<p>28\/05\/2020 2:18 PM <\/p>\n<p>Banxico ve positiva una reasignaci\u00f3n del presupuesto<\/p>\n<p>La Junta de Gobierno del Banco de M\u00e9xico (Banxico) coincidi\u00f3 en que el gobierno federal debe reasignar el presupuesto con base en criterios de eficiencia, esto ante la situaci\u00f3n actual que atraviesa el pa\u00eds por la pandemia del Covid-19. En la minuta de la reuni\u00f3n de decisi\u00f3n de pol\u00edtica monetaria del 14 de mayo, en la que estuvieron presentes el secretario de Hacienda, Arturo Herrera, y el subsecretario Gabriel Yorio, se destaca que la mayor\u00eda de los miembros de la Junta de Gobierno consider\u00f3 en que los esfuerzos deben dirigirse a una reasignaci\u00f3n del presupuesto. Lee aqu\u00ed la nota completa \u2b07\ufe0f \u200b\u200b<br \/>\n\u200b<\/p>\n<p>28\/05\/2020 10:51 AM <\/p>\n<p>Econom\u00eda de EU cae 5% en primer trimestre por Covid-19 <\/p>\n<p>La econom\u00eda estadounidense se contrajo a un ritmo anual del 5% en el primer trimestre de 2020, dos d\u00e9cimas peor de lo calculado inicialmente, por los efectos de la pandemia del coronavirus, la primera ca\u00edda trimestral registrada desde la crisis financiera de 2008, inform\u00f3 este jueves el gobierno de Estados Unidos. El Departamento de Comercio public\u00f3 el segundo de sus tres reportes sobre la evoluci\u00f3n del producto interior bruto (PIB) entre enero y marzo en el pa\u00eds, en el que revis\u00f3 a la baja el primer c\u00e1lculo de una tasa anual del -4,8% al -5%. Aunque el primer trimestre del a\u00f1o ya refleja parte del impacto de la crisis desencadenada por el coronavirus, los economistas apuntan al segundo trimestre como el periodo en el que se ver\u00e1 en toda su magnitud, con una contracci\u00f3n estimada de la econom\u00eda que podr\u00eda rondar el 30% anual. Puedes leer la nota aqu\u00ed \u2b07 \u200b<br \/>\n\u200b<\/p>\n<p>28\/05\/2020 9:27 AM <\/p>\n<p>Suman m\u00e1s de 41 millones de desempleados en EU por crisis de Covid-19<\/p>\n<p>M\u00e1s de 2.12 millones de personas solicitaron la semana pasada el subsidio por desempleo en Estados Unidos, con lo que suman m\u00e1s de 41 millones los pedidos en algo m\u00e1s de dos meses bajo la pandemia del Covid-19, inform\u00f3 este jueves el Departamento de Trabajo.En la semana anterior se hab\u00edan recibido 2.43 millones de solicitudes y la cifra semanal ha estado descendiendo desde que la semana que termin\u00f3 el 28 de marzo hubo 6.9 millones de solicitudes de prestaciones \u00a1por desempleo, a medida que m\u00e1s estados han ido permitiendo la reapertura de negocios. Lee aqu\u00ed la nota completa \u2b07\ufe0f \u200b<br \/>\n\u200b<\/p>\n<p>27\/05\/2020 2:23 PM <\/p>\n<p>Banxico prev\u00e9 contracci\u00f3n de econom\u00eda de hasta -8.8% en 2020<\/p>\n<p>El Banco de M\u00e9xico (Banxico) recort\u00f3 su pron\u00f3stico para la econom\u00eda mexicana en este a\u00f1o, desde un rango de crecimiento de entre 0.5 y 1.5 por ciento previsto en febrero, a una contracci\u00f3n de 4.6 a 8.8 por ciento. La revisi\u00f3n a la baja se debe al impacto que ha tenido la pandemia del Covid-19 en la actividad econ\u00f3mica del pa\u00eds, refiri\u00f3 el Banco Central en su reporte trimestral de enero-marzo de 2020. En el documento, Banxico advierte que prevalece el riesgo de que la ca\u00edda de la econom\u00eda sea a\u00fan mayor a la pronosticada. Puedes leer la nota aqu\u00ed \u2b07 \u200b<br \/>\n\u200b<\/p>\n<p>27\/05\/2020 9:50 AM <\/p>\n<p>Uno de cada seis j\u00f3venes se encuentra sin trabajo por el Covid-19: OIT <\/p>\n<p>Los j\u00f3venes se est\u00e1n viendo afectados &#8220;de manera desproporcionada&#8221; por el cataclismo econ\u00f3mico provocado por la pandemia del nuevo coronavirus y uno de cada seis se encuentra sin empleo, alert\u00f3 el mi\u00e9rcoles la Organizaci\u00f3n Internacional del Trabajo (OIT). En su presentaci\u00f3n del informe ante la prensa, el director general de la OIT, Guy Ryder, inst\u00f3 a los gobiernos a prestar una atenci\u00f3n especial a esta &#8220;generaci\u00f3n del confinamiento&#8221; para evitar que la crisis le afecte a largo plazo. \u201cSi no tomamos medidas inmediatas y significativas para mejorar su situaci\u00f3n, el legado del virus podr\u00eda acompa\u00f1arnos durante d\u00e9cadas. Si su talento y energ\u00eda quedan marginados por falta de oportunidades o de competencias, esto ocasionar\u00e1 un da\u00f1o al futuro de todos nosotros y har\u00e1 que sea mucho m\u00e1s dif\u00edcil reconstruir una mejor econom\u00eda post-Covid\u201d, dijo Ryder. Lee la nota aqu\u00ed \u2b07\ufe0f \u200b \u200b<\/p>\n<p>26\/05\/2020 4:23 PM <\/p>\n<p>Fitch prev\u00e9 contracci\u00f3n del 7.4% del PIB en 2020<\/p>\n<p>La agencia calificadora Fitch Ratings estima que la econom\u00eda de M\u00e9xico se contraiga un 7.4% en en 2020. Fitch ajust\u00f3 su estimaci\u00f3n previa del 4 de mayo en la que reconoc\u00eda que el Producto Interno Bruto (PIB) se contraer\u00eda un 6.6% este a\u00f1o. El pron\u00f3stico mexicano para el segundo trimestre no es alentador; estiman que la econom\u00eda nacional retroceder\u00e1 9.6% respecto al primer trimestre y un 11.2% respecto al a\u00f1o anterior. La calificadora espera que el Banco de M\u00e9xico termine el a\u00f1o con una reducci\u00f3n en su tasa de inter\u00e9s de 4.7% para estabilizar la inflaci\u00f3n en un m\u00e1ximo de 3% para fin de a\u00f1o. Sobre la recuperaci\u00f3n de la econom\u00eda mexicana, la agencia apunt\u00f3 que ser\u00e1 de un 3.2% para 2021 Lee m\u00e1s en esta nota \u2b07 \u200b<br \/>\n\u200b<\/p>\n<p>26\/05\/2020 2:31 PM <\/p>\n<p>M\u00e9xico y EU, lejos de controlar primera ola de Covid-19: Facultad de Medicina de UNAM<\/p>\n<p>M\u00e9xico, Estados Unidos, Brasil, Rusia e India est\u00e1n lejos de controlar la primera ola de la pandemia del Covid-19 y la reapertura de actividades tendr\u00e1 como consecuencia &#8220;el ineludible costo de vidas&#8221;, se\u00f1ala la Facultad de Medicina de la Universidad Nacional Aut\u00f3noma de M\u00e9xico (UNAM). Hasta ahora el porcentaje nacional de letalidad fue de 10.9 por ciento, cifra muy superior a la letalidad promedio del mundo. En los hombres (13.0 %) super\u00f3 la letalidad en las mujeres (8.2 %), lo que muestra un diferencial muy importante en la probabilidad de morir, se\u00f1ala el documento. Al hacer p\u00fablico su bolet\u00edn sobre Covid-19, de Salud P\u00fablica y Epidemiolog\u00eda, el director de la Faculta de Medicina, Carlos Magis Rodr\u00edguez, afirm\u00f3 que &#8220;as\u00ed como los servicios de urgencia necesitan del personal de salud experto para atender a los pacientes m\u00e1s graves, las autoridades necesitan a expertos en salud p\u00fablica para tomar la dif\u00edcil responsabilidad de aumentar las actividades, con el ineludible costo en vidas que esta reapertura producir\u00e1&#8221;. Puedes leer aqu\u00ed la nota \u2b07 \u200b<br \/>\n\u200b<\/p>\n<p>26\/05\/2020 1:22 PM <\/p>\n<p>Deudas de aerol\u00edneas aumentar\u00e1n un 28% por Covid-19: IATA<\/p>\n<p>La crisis causada por la pandemia de Covid-19, que dej\u00f3 en tierra durante meses a un 90% de la flota a\u00e9rea mundial, aumentar\u00e1 en un 28% las deudas de las aerol\u00edneas, hasta totalizar 550 mil millones de d\u00f3lares a finales de a\u00f1o, indic\u00f3 hoy la Asociaci\u00f3n Internacional del Transporte A\u00e9reo (IATA). La cifra supone un aumento de 120 mil millones de d\u00f3lares en la deuda total, de los que 67 mil millones de d\u00f3lares proceden de pr\u00e9stamos gubernamentales, detall\u00f3 en un comunicado la organizaci\u00f3n, que aglutina a casi 300 l\u00edneas a\u00e9reas mundiales. &#8220;La ayuda gubernamental est\u00e1 contribuyendo a mantener la industria a flote, pero ahora el reto es evitar que algunas aerol\u00edneas se hundan debido a la carga que supone esta ayuda&#8221;, subray\u00f3 el director general y consejero delegado de IATA, Alexandre de Juniac. En total, los gobiernos se han comprometido a ayudas por valor de 123 mil millones de d\u00f3lares para ayudar a las aerol\u00edneas, de los que los 67 mil millones de d\u00f3lares mencionados deber\u00e1n ser devueltos por las compa\u00f1\u00edas. Puedes leer la nota aqu\u00ed \u2b07 \u200b<br \/>\n\u200b<\/p>\n<p>26\/05\/2020 11:21 AM <\/p>\n<p>ONU convoca a reuni\u00f3n para analizar apoyo a pa\u00edses en desarrollo por Covid-19 <\/p>\n<p>Funcionarios de Naciones Unidas dijeron que convocar\u00e1n esta semana una reuni\u00f3n con m\u00e1s de una decena de l\u00edderes mundiales para discutir el apoyo financiero a las econom\u00edas emergentes, particularmente afectadas por las consecuencias econ\u00f3micas de la pandemia del Covid-19. La reuni\u00f3n en l\u00ednea fue convocada por Canad\u00e1, Jamaica y el Secretario General de la ONU, Ant\u00f3nio Guterres. El n\u00famero de infecciones est\u00e1 en aumento en los pa\u00edses en desarrollo y se teme que el manejo de la crisis en esas naciones requerir\u00e1 m\u00e1s que los 2.5 billones de d\u00f3lares que se calcularon inicialmente. La subsecretaria general de la ONU, Amina Mohammed, dijo que muchos pa\u00edses en desarrollo, incluidas las naciones de ingresos medios, carec\u00edan de fondos suficientes para combatir la pandemia e invertir en la recuperaci\u00f3n. Puedes leer la nota aqu\u00ed \u2b07 \u200b<br \/>\n\u200b<\/p>\n<p>26\/05\/2020 8:41 AM <\/p>\n<p>LATAM Airlines se declara en quiebra en EU ante crisis por Covid-19 <\/p>\n<p>LATAM, la compa\u00f1\u00eda a\u00e9rea m\u00e1s grande de Am\u00e9rica Latina, se declar\u00f3 en quiebra en Estados Unidos, debido a la dr\u00e1stica ca\u00edda de la actividad causada por la pandemia del coronavirus, anunci\u00f3 la empresa en un comunicado. &#8220;El 26 de mayo de 2020, LATAM Airlines Group se present\u00f3 para reorganizarse bajo la protecci\u00f3n del Cap\u00edtulo 11&#8221; de la ley de quiebras de Estados Unidos, indic\u00f3 el comunicado de Latam. La decisi\u00f3n de la compa\u00f1\u00eda, que incluye a las filiales en Chile, Per\u00fa, Ecuador y Colombia, no tendr\u00e1 un impacto inmediato en los vuelos de pasajeros o de carga, aclar\u00f3 el comunicado. Antes de la pandemia, LATAM volaba a 145 destinos en 26 pa\u00edses y efectuaba alrededor de mil 400 vuelos diarios. Puedes leer la nota aqu\u00ed \u2b07 \u200b<br \/>\n\u200b<\/p>\n<p>25\/05\/2020 9:21 AM <\/p>\n<p>Exportaciones mexicanas se desploman 41% en abril por Covid-19<\/p>\n<p>Juan Luis Ramos | El Sol de M\u00e9xico Los efectos de la pandemia del coronavirus Covid-19 golpearon a las exportaciones mexicanas que cayeron 40.9 por ciento a tasa anual en abril, seg\u00fan inform\u00f3 este lunes el Inegi.  El resultado de abril se debi\u00f3 a una ca\u00edda de 39.4 por ciento en los env\u00edos al exterior de productos no petroleros y de 66.4 por ciento en las exportaciones petroleras.  Se trata de la ca\u00edda m\u00e1s profunda a tasa anual para las exportaciones mexicanas en casi 35 a\u00f1os, de acuerdo con datos del instituto. En tanto, las importaciones registraron una contracci\u00f3n de 30.5 por ciento en el mismo periodo, su ca\u00edda m\u00e1s pronunciada desde el segundo semestre de 2009, a\u00f1o de la gran crisis financiera internacional. Lee m\u00e1s en esta nota \u2b07 \u200b<br \/>\n\u200b<\/p>\n<p>21\/05\/2020 12:02 PM <\/p>\n<p>BBVA estima que Covid-19 dejar\u00e1 en M\u00e9xico hasta 16 millones de pobres<\/p>\n<p>BBVA M\u00e9xico estima que el pa\u00eds sumar\u00e1 entre 12 y 16.4 millones de nuevos pobres a ra\u00edz de la crisis econ\u00f3mica derivada de la pandemia de Covid-19 hasta alcanzar entre el 58 % y el 61,9 % de la poblaci\u00f3n, revel\u00f3 este jueves un estudio. Con base en la metodolog\u00eda del Consejo Nacional de Evaluaci\u00f3n de la Pol\u00edtica de Desarrollo Social (Coneval), el organismo que mide la pobreza en M\u00e9xico, y a las estimaciones del Producto Interior Bruto (PIB) para 2020, BBVA proyect\u00f3 dos escenarios. El m\u00e1s positivo tendr\u00eda lugar si la econom\u00eda mexicana decreciera un 7 por ciento este a\u00f1o, lo que arrastrar\u00eda a 12 millones de personas a caer en la pobreza, mientras que otros 12.3 millones pasar\u00edan a padecer pobreza extrema. Lee aqu\u00ed la nota completa \u2b07\ufe0f \u200b<br \/>\n\u200b<\/p>\n<p>19\/05\/2020 10:52 AM <\/p>\n<p>Podr\u00edan volver a la pobreza 60 millones de personas: Banco <\/p>\n<p>El Banco Mundial (BM) advirti\u00f3 este martes de que la crisis del coronavirus SARS-CoV-2 podr\u00eda llevar a 60 millones de personas a la extrema pobreza en todo el planeta, y a perder el empleo a cientos de millones m\u00e1s ante la aguda contracci\u00f3n econ\u00f3mica que se prev\u00e9 en 2020. Seg\u00fan los c\u00e1lculos de la instituci\u00f3n, la econom\u00eda global se desplomar\u00e1 cerca de un 5 % este a\u00f1o. &#8220;La pandemia y el cierre de las econom\u00edas avanzadas podr\u00eda empujar a 60 millones de personas a la extrema pobreza, eliminando mucho del progreso reciente logrado en la reducci\u00f3n de la pobreza&#8221;, dijo David Malpass, presidente del BM, en una conferencia telef\u00f3nica. La instituci\u00f3n sit\u00faa el umbral de extrema pobreza en los 1.90 d\u00f3lares al d\u00eda. La nota aqu\u00ed \u2b07\ufe0f\u200b \u200b <\/p>\n<p>18\/05\/2020 12:28 PM <\/p>\n<p>Recuperaci\u00f3n econ\u00f3mica mundial tomar\u00e1 m\u00e1s tiempo de lo previsto: FMI<\/p>\n<p>Reuters La directora gerente, Kristalina Georgieva, dijo que es probable que el Fondo revise a la baja su pron\u00f3stico de una contracci\u00f3n del 3 por ciento del Producto Interno Bruto (PIB) en 2020, y que se espera una recuperaci\u00f3n s\u00f3lo parcial el pr\u00f3ximo a\u00f1o en lugar del rebote del 5.8 por ciento previsto inicialmente. En una entrevista con Reuters, dijo que los datos de todo el mundo eran peores de lo esperado. &#8220;Obviamente, eso significa que nos llevar\u00e1 mucho m\u00e1s tiempo tener una recuperaci\u00f3n completa de esta crisis&#8221;. No ofreci\u00f3 una fecha l\u00edmite para el rebote. En abril, el prestamista mundial pronostic\u00f3 que los cierres de empresas para frenar la propagaci\u00f3n del virus lanzar\u00edan al mundo a la recesi\u00f3n m\u00e1s profunda desde la Gran Depresi\u00f3n de la d\u00e9cada de 1930, pero los datos reportados desde entonces apuntan a &#8220;m\u00e1s malas noticias&#8221;. El FMI publicar\u00e1 nuevas proyecciones mundiales en junio. Al pregunt\u00e1rsele sobre la reanudaci\u00f3n de la tensi\u00f3n entre Estados Unidos y China, las dos econom\u00edas m\u00e1s grandes del mundo, Georgieva dijo que estaba instando a los pa\u00edses miembros a mantener la comunicaci\u00f3n abierta y los flujos comerciales que han sustentado el crecimiento mundial durante d\u00e9cadas. Lee m\u00e1s en esta nota  \u200b<br \/>\n\u200b<\/p>\n<p>14\/05\/2020 4:15 PM <\/p>\n<p>Este a\u00f1o se perder\u00e1n 1.2 millones de empleos formales en M\u00e9xico, estima BofA<\/p>\n<p>La crisis por la pandemia del Covid-19 ocasionar\u00e1 que en todo el a\u00f1o se pierdan 1.2 millones de empleos formales, una cifra casi tres veces m\u00e1s grande que la creaci\u00f3n total del a\u00f1o pasado, seg\u00fan estimaciones del Bank Of America Merrill Lynch (BofA). El mes pasado, el IMSS report\u00f3 una p\u00e9rdida de 555 mil 247 empleos, la peor ca\u00edda desde que se inici\u00f3 el registro por parte del Seguro Social. El banco recuerda que la p\u00e9rdida acumulada de marzo y abril, meses en los que s\u00f3lo permanecieron abiertas las actividades esenciales, la p\u00e9rdida de fuentes laborales formales ascendi\u00f3 a 685 mil. &#8220;Esperamos que la destrucci\u00f3n de trabajos formales contin\u00fae, aunque a una menor velocidad conforme la econom\u00eda se reabra gradualmente&#8221;, aclar\u00f3 el banco. Puedes leer la nota aqu\u00ed \u2b07\ufe0f \u200b<br \/>\n\u200b<\/p>\n<p>14\/05\/2020 10:33 AM <\/p>\n<p>Wall Street abre a la baja tras alta cifra de desempleo en EU <\/p>\n<p>La bolsa de Nueva York inici\u00f3 la jornada en negativo lastrada por cifras de desempleo que muestran nuevamente el impacto econ\u00f3mico de la pandemia de coronavirus. Hacia las 14H00 GMT, su principal \u00edndice, el Dow Jones Industrial Average, bajaba 1,97 por ciento a 22.790,32 puntos. El tecnol\u00f3gico Nasdaq perd\u00eda 1,72% a 8.711,01. Y el S&amp;P 500 de las mayores empresas en bolsa estaba en rojo de 1,89 por ciento a 2.766,83 unidades. Lee aqu\u00ed la nota completa \u2b07\ufe0f \u200b<br \/>\n\u200b<\/p>\n<p>14\/05\/2020 8:55 AM <\/p>\n<p>Covid-19 costar\u00eda 203 mil mdd a aseguradoras: Lloyd&#8217;s of London<\/p>\n<p>La pandemia de coronavirus costar\u00e1 203 mil millones de d\u00f3lares a las aseguradoras en 2020, convirti\u00e9ndola en uno de los siniestros m\u00e1s caros de la historia del sector junto al hurac\u00e1n Katrina o a los atentados del 11 de septiembre, previ\u00f3 el jueves Lloyd&#8217;s of London. En un comunicado, el mercado de seguros londinense explica que el impacto del nuevo coronavirus es similar al provocado por grandes cat\u00e1strofes naturales como Katrina en 2005 y los huracanes Harvey, Irma y Mar\u00eda en 2017. Lee aqu\u00ed la nota completa \u2b07\ufe0f \u200b<br \/>\n\u200b<\/p>\n<p>14\/05\/2020 8:51 AM <\/p>\n<p>Covid-19 deja a casi 3 millones de desempleados m\u00e1s en EU<\/p>\n<p>Las nuevas solicitudes de ayuda por desempleo en Estados Unidos continuaron disminuyendo la semana pasada, pero a\u00fan as\u00ed se situaron en 2.98 millones, lo que muestra que la pandemia del nuevo coronavirus sigue destruyendo gran cantidad de puestos de trabajo, seg\u00fan datos del gobierno publicados este jueves. El n\u00famero de personas que por primera vez solicit\u00f3 beneficios por desempleo en la semana que termin\u00f3 el 9 de mayo se redujo en unas 200 mil respecto a la semana anterior, pero fue m\u00e1s elevado de lo que esperaban los analistas y sigue siendo muy superior a cualquier semana previa al brote de Covid-19. Lee aqu\u00ed la nota completa \u2b07\ufe0f \u200b<br \/>\n\u200b<\/p>\n<p>13\/05\/2020 4:16 PM <\/p>\n<p>CCE pide a M\u00e9xico dejar atr\u00e1s diferencias ante crisis por Covid-19<\/p>\n<p>El Consejo Coordinador Empresarial (CCE) pidi\u00f3 a M\u00e9xico dejar atr\u00e1s las diferencias, y se\u00f1al\u00f3 que ante el enemigo com\u00fan de la pandemia, &#8220;solidaria, fraternidad, generosidad, y toda aquella virtud que en nuestro pa\u00eds ha sido caracter\u00edstica y que podemos construir&#8221;. El presidente del CCE, Carlos Salazar Lomel\u00edn, acompa\u00f1ado por la c\u00fapula que integra al organismo empresarial, destac\u00f3 que &#8220;la eficacia, la coordinaci\u00f3n y la uni\u00f3n entre nosotros, son las ideas que deber\u00edan hacernos transitar para poder disminuir los efectos negativos de esta crisis&#8221;. Plante\u00f3 que no preocupa el hecho de tener algunas recomendaciones que pueden ser diferentes, &#8220;lo que preocupa, es que no tengamos los consensos para poder transitar en todo lo que s\u00ed estamos de acuerdo en conjunto, que tenemos muchos m\u00e1s \u00e1reas de acuerdo que cualquier \u00e1rea en que podamos tener nosotros un peque\u00f1o o gran desacuerdo&#8221;. Puedes leer la nota aqu\u00ed \u2b07\ufe0f \u200b<br \/>\n\u200b<\/p>\n<p>13\/05\/2020 1:29 PM <\/p>\n<p>Econom\u00eda mundial se contraer\u00e1 3.2% por Covid-19, prev\u00e9 ONU<\/p>\n<p>La econom\u00eda mundial se contraer\u00e1 este a\u00f1o un 3.2 %, el mayor desplome desde la Gran Depresi\u00f3n, como consecuencia de la pandemia del coronavirus, seg\u00fan previsiones publicadas este mi\u00e9rcoles por Naciones Unidas. La organizaci\u00f3n vaticina una ca\u00edda del 5 % en el caso de las econom\u00edas desarrolladas, con desplomes del 5.8 % en la zona euro, del 5.4 % en el Reino Unido, del 4.8 % en Estados Unidos o del 4.2 % en Jap\u00f3n. Seg\u00fan la ONU, China -el pa\u00eds donde se origin\u00f3 la pandemia- lograr\u00e1 cerrar 2020 con crecimiento, un alza de un 1.7 % en su producci\u00f3n econ\u00f3mica, aunque muy lejos de las proyecciones previas a la crisis. La regi\u00f3n de Latinoam\u00e9rica y el Caribe ser\u00e1 una de las peor paradas, con una contracci\u00f3n del 5.4 % en su conjunto y ca\u00eddas del 5.5 % para Suram\u00e9rica y del 5.4 % para M\u00e9xico y Centroam\u00e9rica. Puedes leer la nota aqu\u00ed \u2b07\ufe0f \u200b<br \/>\n\u200b<\/p>\n<p>13\/05\/2020 12:56 PM <\/p>\n<p>Canacintra prev\u00e9 regreso a de 3 mil 800 empresas automotrices el lunes<\/p>\n<p>La C\u00e1mara Nacional de la Industria de la Transformaci\u00f3n (Canacintra) estim\u00f3 que el pr\u00f3ximo lunes regresen a operaciones tres mil 800 empresas ligadas a la industria automotriz, entre armadoras, plantas de autopartes y proveedores. Tras ser declarada por el Consejo de Salubridad General como actividad esencial, junto con la miner\u00eda y la construcci\u00f3n, la industria automotriz podr\u00e1 reiniciar sus actividades cuanto antes, acatando las medidas de higiene establecidas por las autoridades. Enoch Castellanos, presidente de la Canacintra, coment\u00f3 que las empresas del sector est\u00e1n listas para comenzar con sus actividades a la par que las empresas en Estados Unidos y Canad\u00e1, con el fin de no romper la cadena de valor de la industria. Lee aqu\u00ed la nota completa \u2b07\ufe0f \u200b<br \/>\n\u200b\u200b<\/p>\n<p>13\/05\/2020 10:34 AM <\/p>\n<p>Comercio mundial caer\u00e1 27% en segundo trimestre por Covid-19: Unctad<\/p>\n<p>La Conferencia de las Naciones Unidas sobre Comercio y Desarrollo (Unctad) estim\u00f3 que el comercio mundial registre una disminuci\u00f3n de 27 por ciento en el segundo trimestre del a\u00f1o, respecto al mismo periodo de 2019, debido a la crisis por el Covid-19. Esta contracci\u00f3n ser\u00eda m\u00e1s pronunciada a la registrada en el periodo enero-marzo, cuando los valores del comercio mundial se redujeron tres por ciento a tasa anual. De esta manera, el coronavirus rompi\u00f3 con los signos de recuperaci\u00f3n para los vol\u00famenes y valores del comercio global que se registr\u00f3 desde finales de 2019. Puedes leer la nota aqu\u00ed \u2b07\ufe0f \u200b<br \/>\n\u200b<\/p>\n<p>12\/05\/2020 1:27 PM <\/p>\n<p>Pobreza en M\u00e9xico aumentar\u00eda 15.5 puntos si caen remesas: Cepal<\/p>\n<p>Sin las remesas que reciben las familias mexicanas, la tasa de pobreza en el pa\u00eds aumentar\u00e1 15.5 puntos porcentuales, el mayor incremento en la regi\u00f3n de Am\u00e9rica Latina y el Caribe, pronostic\u00f3 la Cepal. La reducci\u00f3n de esos env\u00edos acentuar\u00e1 el empobrecimiento que se anticipa para M\u00e9xico debido al impacto de la pandemia en el mercado laboral y la p\u00e9rdida de ingresos asociada, se\u00f1ala la Comisi\u00f3n Econ\u00f3mica para Am\u00e9rica Latina y el Caribe (Cepal) en su reporte El desaf\u00edo social en tiempos del Covid-19. Lee aqu\u00ed la nota completa \u2b07\ufe0f \u200b<br \/>\n\u200b<\/p>\n<p>12\/05\/2020 12:59 PM <\/p>\n<p>Covid-19 deja a 555 mil mexicanos sin empleo en abril <\/p>\n<p>El Instituto Mexicano del Seguro Social (IMSS) inform\u00f3 que durante abril se perdieron 555 mil 247 puestos de trabajo en el pa\u00eds, la mayor p\u00e9rdida de plazas laborales en un mes desde que se tiene registro. Abril fue el mes con mayores restricciones de contacto social para evitar la propagaci\u00f3n del coronavirus Covid-19, al ser el mes en el que se declar\u00f3 la fase 3 de la pandemia.  El IMSS se\u00f1al\u00f3 que como consecuencia de los efectos derivados de la emergencia sanitaria por el coronavirus, la p\u00e9rdida de empleos en abril es equivalente a una tasa mensual de -2.7 por ciento. Lee aqu\u00ed la nota completa \u2b07\ufe0f \u200b<br \/>\n\u200b<\/p>\n<p>9\/05\/2020 5:57 PM <\/p>\n<p>AMLO alista plan de reapertura econ\u00f3mica por Covid-19 <\/p>\n<p>El presidente Andr\u00e9s Manuel L\u00f3pez Obrador revel\u00f3 que espera presentar el pr\u00f3ximo mi\u00e9rcoles el plan de reapertura econ\u00f3mica y social que seguir\u00e1 el pa\u00eds para levantar el confinamiento por la pandemia de Covid-19. &#8220;Ya vamos a dar a conocer la semana pr\u00f3xima, espero que el mi\u00e9rcoles, el plan de reapertura de la actividad productiva, de la actividad econ\u00f3mica, de la actividad social, de la actividad cultural, es decir, el t\u00e9rmino de la cuarentena&#8221;, expres\u00f3 el mandatario en un mensaje en video transmitido en redes sociales. Desde su despacho en Palacio Nacional, L\u00f3pez Obrador dijo que las actividades van a &#8220;reiniciar con mucho cuidado, poco apoco, y con medidas sanitarias para que no se complique la situaci\u00f3n&#8221;. Seg\u00fan las autoridades sanitarias, M\u00e9xico se encuentra en el pico de la pandemia, con m\u00e1s de 3 mil fallecidos y cerca de 31 mil 500 enfermos, aunque estiman que la cifra de contagios es mayor dado que no se realizan pruebas masivas a la poblaci\u00f3n. Puedes leer la informaci\u00f3n aqu\u00ed \u2b07\ufe0f \u200b<br \/>\n\u200b<\/p>\n<p>8\/05\/2020 9:13 AM <\/p>\n<p>Producci\u00f3n y exportaci\u00f3n de autos caen m\u00e1s de 90% en abril por Covid-19 <\/p>\n<p>La crisis por el Covid-19 llev\u00f3 a que la producci\u00f3n y exportaci\u00f3n de autos mexicanos cayera m\u00e1s 90 por ciento durante abril, seg\u00fan report\u00f3 el Inegi.  La producci\u00f3n automotriz pr\u00e1cticamente se par\u00f3 en el cuarto mes del a\u00f1o, con una ca\u00edda de 98.76 por ciento respecto a abril del a\u00f1o pasado.  En el cuarto mes del a\u00f1o solo se produjeron tres mil 704 veh\u00edculos por parte de KIA y 18 de For, el resto de las armadoras con presencia en M\u00e9xico no produjo ni una sola unidad.  Esta ca\u00edda se debi\u00f3 a que desde finales de marzo pr\u00e1cticamente todas las empresas automotrices en M\u00e9xico iniciaron con el cierre de sus plantas como una medida para evitar la propagaci\u00f3n del virus. Puedes leer la informaci\u00f3n aqu\u00ed \u2b07\ufe0f \u200b<br \/>\n\u200b<\/p>\n<p>7\/05\/2020 6:14 PM <\/p>\n<p>En junio iniciar\u00eda reapertura de actividades econ\u00f3micas escalonadas<\/p>\n<p>De manera escalonada, las autoridades capitalinas prev\u00e9n que a partir de junio la Ciudad de M\u00e9xico inicie con la reapertura de las actividades econ\u00f3micas bajo un programa de coordinaci\u00f3n con la Secretar\u00eda de Salud federal, a fin de evitar un nuevo contagio masivo de coronavirus. En conferencia de prensa, la jefa de gobierno Claudia Sheinbaum dijo estar consciente de la dif\u00edcil situaci\u00f3n por la que atraviesan habitantes de la capital que perdieron su empleo o que disminuyeron sus ingresos a causa de la pandemia de Covid-19. Y aclar\u00f3 que no es posible el regreso total de todas las actividades al mismo tiempo a fin de evitar que haya de nuevos contagios. \u201cLo que estamos buscando es una condici\u00f3n, que es algo que estamos trabajando con la Secretar\u00eda de salud del gobierno de M\u00e9xico, una condici\u00f3n en la que podamos ir incorpor\u00e1ndonos poco a poco a todas las actividades, no se puede abrir todo de un jal\u00f3n porque podemos tener el riesgo de volver a caer en una situaci\u00f3n de contagio es muy grande, desafortunadamente la situaci\u00f3n en la que son los contagios de una epidemia, de una pandemia pero si a partir de junio va haber una apertura poco a poco de las distintas actividades de la ciudad\u201d, expuso. Puedes leer la nota aqu\u00ed \u2b07\ufe0f \u200b<br \/>\n\u200b<\/p>\n<p>7\/05\/2020 1:36 PM <\/p>\n<p>Industria pierde 20 mil empleos diarios en mayo: Concamin<\/p>\n<p>Las industrias del pa\u00eds est\u00e1n registrando una p\u00e9rdida de 20 mil empleos diarios en lo que va de mayo, de acuerdo con datos de la Confederaci\u00f3n de C\u00e1maras Industriales (Concamin). De acuerdo con la tercera entrega del reporte semanal Covid Industrial, m\u00e1s de la mitad de las empresas (52.3 por ciento) ha reducido su personal debido a la crisis derivada del coronavirus en el pa\u00eds. Datos del organismo calculan que en abril se perdieron 600 mil empleos en las distintas industrias de todo el pa\u00eds y, de continuar con este ritmo, mayo arrojar\u00eda una cifra superior. Lee aqu\u00ed la nota completa \u2b07\ufe0f \u200b<br \/>\n\u200b<\/p>\n<p>7\/05\/2020 12:21 PM <\/p>\n<p>FMI recomienda a gobierno de AMLO trabajar de la mano con IP ante Covid-19<\/p>\n<p>El gobierno federal debe trabajar de la mano con la iniciativa privada para poder enfrentar la crisis econ\u00f3mica derivada del Covid-19, opin\u00f3 Alejandro Werner, director del Departamento del Hemisferio Occidental del Fondo Monetario Internacional (FMI).  La recomendaci\u00f3n se da en un momento de distanciamiento entre el sector empresarial y la administraci\u00f3n de Andr\u00e9s Manuel L\u00f3pez Obrador que no ha dado respuesta a las solicitudes de apoyos fiscales como la ampliaci\u00f3n del periodo para el pago de impuestos, para que empresas medianas y peque\u00f1as puedan tener liquidez para hacer frente a la crisis.  &#8220;Es importante dise\u00f1ar paquetes de respuesta a esta recesi\u00f3n que apoyen a las unidades econ\u00f3micas m\u00e1s afectadas y trabajar con el sector privado para evitar despidos, con medidas como posponer el pago de impuestos&#8221;, indic\u00f3 Werner en una videoconferencia. Puedes leer la nota aqu\u00ed \u2b07\ufe0f \u200b<br \/>\n\u200b<\/p>\n<p>6\/05\/2020 1:29 PM <\/p>\n<p>Empresarios presentan 68 acciones contra crisis por Covid-19<\/p>\n<p>El Consejo Coordinador Empresarial (CCE) present\u00f3 68 propuestas para solventar la crisis sanitaria y econ\u00f3mica por el Covid-19, reabrir la econom\u00eda del pa\u00eds y detonar el crecimiento incluyente y el desarrollo del pa\u00eds en el mediano y largo plazo. Las propuestas surgieron de las 11 mesas que el CCE organiz\u00f3 la semana pasada con empresarios, legisladores, funcionarios y representantes de la sociedad civil para alcanzar un acuerdo nacional para hacer frente a la crisis. Carlos Salazar Lomel\u00edn, presidente del CCE, apunt\u00f3 que las principales coincidencias se dieron en la protecci\u00f3n a la salud y al empleo, con el fin de estimular tambi\u00e9n el crecimiento de la econom\u00eda. Puedes leer la nota aqu\u00ed \u2b07\ufe0f \u200b<br \/>\n\u200b<\/p>\n<p>6\/05\/2020 12:20 PM <\/p>\n<p>BMV y Wall Street suben ante optimismo por reapertura de econom\u00edas<\/p>\n<p>La bolsa mexicana sub\u00eda el mi\u00e9rcoles en l\u00ednea con sus pares en Nueva York, mientras varias econom\u00edas segu\u00edan tomando medidas dirigidas a levantar los confinamientos impuestos para detener la propagaci\u00f3n del coronavirus. El referencial \u00edndice S&amp;P\/BMV IPC, integrado por las acciones de las 35 firmas m\u00e1s l\u00edquidas del mercado, sub\u00eda en sus primeras operaciones un 0.28% a 36,719.63 puntos. Lee aqu\u00ed la nota completa \u2b07\ufe0f \u200b<br \/>\n\u200b<\/p>\n<p>6\/05\/2020 8:25 AM <\/p>\n<p>GM cae 86% en primer trimestre; anuncia reapertura en mayo<\/p>\n<p>General Motors report\u00f3 este mi\u00e9rcoles una fuerte ca\u00edda en las ganancias del primer trimestre debido al coronavirus, y anunci\u00f3 que reabrir\u00e1 la mayor\u00eda de sus plantas de Estados Unidos y Canad\u00e1 el 18 de mayo. El gigante automotriz estadounidense inform\u00f3 que sus beneficios cedieron 86% en el primer trimestre, a 294 millones de d\u00f3lares, por la ca\u00edda en las ventas de veh\u00edculos, especialmente en China, donde la covid-19 impact\u00f3 en gran parte del periodo. Lee aqu\u00ed la nota completa \u2b07\ufe0f \u200b<br \/>\n\u200b<\/p>\n<p>6\/05\/2020 8:19 AM <\/p>\n<p>Covid 19 en EU dej\u00f3 a m\u00e1s de 20 millones sin trabajo en abril<\/p>\n<p>Los empleadores privados de Estados Unidos despidieron a una cifra r\u00e9cord de 20. 236 millones de trabajadores en abril, en medio de los cierres de negocios obligatorio por la pandemia de coronavirus, una cifra que sugiere p\u00e9rdidas hist\u00f3ricas del sector laboral el mes pasado en el pa\u00eds. El desplome de las n\u00f3minas privadas indicado por el reporte de la firma ADP el mi\u00e9rcoles sugiere que los confinamientos a nivel nacional para detener la propagaci\u00f3n del Covid-19 podr\u00edan haber dejado cicatrices profundas en la econom\u00eda, incluso aunque en algunas partes del pa\u00eds los negocios no esenciales est\u00e1n reabriendo. Lee aqu\u00ed la nota completa \u2b07\ufe0f \u200b<br \/>\n\u200b<\/p>\n<p>5\/05\/2020 6:00 PM <\/p>\n<p>Por Covid-19 se han perdido 700 mil empleos formales hasta abril, estima Banxico<\/p>\n<p>La econom\u00eda mexicana perdi\u00f3 700 mil empleos formales hasta abril en medio de la incertidumbre de la crisis del coronavirus y &#8220;de la falta de confianza&#8221; derivada de las pol\u00edticas p\u00fablicas, indic\u00f3 una minuta de la Junta de Gobierno del Banco de M\u00e9xico (Banxico). En el reporte, uno de los miembros de la junta se\u00f1al\u00f3 que la producci\u00f3n automotriz cay\u00f3 24 % a tasa anual en marzo, lo que anticipa una contracci\u00f3n de hasta 34 % anual en la actividad manufacturera del segundo trimestre, adem\u00e1s de &#8220;un severo debilitamiento en el sector de servicios&#8221;. &#8220;El principal peligro que enfrentamos es una p\u00e9rdida de empleos en el corto plazo que no se podr\u00e1n recuperar en el mediano plazo, condenando a una proporci\u00f3n de la poblaci\u00f3n a una situaci\u00f3n de pobreza estructural&#8221;, advirti\u00f3 uno de los integrantes de Banxico. La minuta, apenas publicada, corresponde a la \u00faltima reuni\u00f3n sobre pol\u00edtica monetaria del 21 de abril, cuando Banxico baj\u00f3 la tasa de inter\u00e9s a 6 % y anunci\u00f3 medidas adicionales por 750 mil millones de pesos (31.400 millones de d\u00f3lares) para proveer de liquidez al sistema financiero. Puedes leer la nota aqu\u00ed \u2b07\ufe0f \u200b<br \/>\n\u200b<\/p>\n<p>5\/05\/2020 11:39 AM <\/p>\n<p>Econom\u00eda de M\u00e9xico se agrav\u00f3 por factores idiosincr\u00e1ticos: Banxico<\/p>\n<p>El entorno adverso que enfrenta la econom\u00eda mexicana derivado de la pandemia y la ca\u00edda en los precios del petr\u00f3leo se ha agravado por factores idiosincr\u00e1ticos, dijo la mayor\u00eda de los miembros de la Junta de Gobierno del Banco Central de M\u00e9xico, seg\u00fan la minuta de su \u00faltima reuni\u00f3n publicadas el martes. Adem\u00e1s, todos los miembros coincidieron en que el balance de riesgos para el crecimiento del pa\u00eds est\u00e1 sesgado a la baja y dijeron que se anticipa una contracci\u00f3n importante de la actividad econ\u00f3mica en el primer semestre del a\u00f1o. Lee aqu\u00ed la nota completa \u2b07\ufe0f \u200b<br \/>\n\u200b<\/p>\n<p>5\/05\/2020 11:24 AM <\/p>\n<p>Aerol\u00ednea Virgin Atlantic despide m\u00e1s de 3 mil trabajadores<\/p>\n<p>La compa\u00f1\u00eda a\u00e9rea brit\u00e1nica Virgin Alantic anunci\u00f3 el martes la supresi\u00f3n de m\u00e1s de 3 mil puestos de trabajo, un tercio de su plantilla, debido a la crisis del coronavirus que est\u00e1 paralizando el transporte a\u00e9reo. La empresa explic\u00f3 en un comunicado haber tomado esta decisi\u00f3n para reducir sus costes y &#8220;preservar su futuro&#8221;. Lee aqu\u00ed la nota completa \u2b07\ufe0f \u200b<br \/>\n\u200b<\/p>\n<p>5\/05\/2020 10:18 AM <\/p>\n<p>Wall Street repunta tras alza de crudo y levantamiento de confinamiento<\/p>\n<p>La bolsa de Nueva York avanzaba el martes despu\u00e9s de la apertura empujada por una suba de precios del petr\u00f3leo y la confianza de los inversores en una reactivaci\u00f3n de la econom\u00eda: el Dow Jones sub\u00eda 1,05% y el Nasdaq 1,14%. Ayer, WallStreet termin\u00f3 al alza en un mercado esperanzado por la reapertura progresiva de los negocios en algunos estados de Estados Unidos, a pesar de muchas incertidumbres. Lee aqu\u00ed la nota completa \u2b07\ufe0f \u200b<br \/>\n\u200b<\/p>\n<p>4\/05\/2020 9:07 AM <\/p>\n<p>Bolsas caen por el temor a una nueva guerra comercial EU-China<\/p>\n<p>Las bolsas ca\u00edan de nuevo este lunes, en la estela de las p\u00e9rdidas de Wall Street la semanas pasada, por el miedo a que las tensiones sobre el coronavirus provoquen una nueva guerra comercial entre Estados Unidos y China. Las acusaciones del presidente de Estados Unidos Donald Trump y del secretario de Estado Mike Pompeo asegurando que el coronavirus fue creado en un laboratorio en Wuhan (China) ocultaron en los mercados las mejoras en el ritmo de contagio de la pandemia. La semana pasada los tres principales \u00edndices de la bolsa de Nueva York cerraron con ca\u00eddas de entre el 2.6% y el 3.2%, tras haber vivido el mejor mes de abril en d\u00e9cadas. Lee m\u00e1s aqu\u00ed \u2b07\ufe0f \u200b<br \/>\n\u200b<\/p>\n<p>30\/04\/2020 3:02 PM <\/p>\n<p>Econom\u00eda mexicana ya estaba enferma cuando Covid-19 la &#8216;contagi\u00f3&#8217;: IDIC<\/p>\n<p>Lo peor est\u00e1 por venir, ese es el mensaje que env\u00eda el dato del PIB de los primeros tres meses del a\u00f1o, cuando seg\u00fan datos preliminares se contrajo 1.6 por ciento, con lo cual hil\u00f3 cinco trimestres consecutivos con tasas negativas. &#8220;El dato de hoy del PIB fue alarmante, presagio de lo que pudiera venir en el segundo trimestre&#8221;, p\u00fablico en Twitter Jonathan Heath, subgobernador del Banco de M\u00e9xico. Los mayores efectos adversos llegar\u00e1n durante el segundo trimestre del 2020, cuando se refleje la par\u00e1lisis en la operaci\u00f3n de algunos sectores de la econom\u00eda, coincide Jos\u00e9 Luis de la Cruz, director del Instituto para el Desarrollo Industrial y el Crecimiento Econ\u00f3mico (IDIC). En su reporte Coronavirus: el fin del debate sobre la recesi\u00f3n en M\u00e9xico, De la Cruz se\u00f1ala que la actividad productiva se mantuvo en operaci\u00f3n hasta finales de marzo, cuando comenz\u00f3 la etapa de confinamiento decretada oficialmente, pues si bien algunas empresas y universidades empezaron a realizar ajustes desde el 15 de marzo, 90 por ciento de los sectores productivo oper\u00f3 con relativa normalidad hasta finales de ese mes. Lee la nota completa aqu\u00ed \u2b07\ufe0f \u200b<br \/>\n\u200b<\/p>\n<p>30\/04\/2020 1:01 PM <\/p>\n<p>BCE mantiene sin cambios sus tasas de inter\u00e9s<\/p>\n<p>El Banco Central Europeo mantuvo este jueves sin cambios su principal tasa de inter\u00e9s y dijo estar &#8220;listo&#8221; para reforzar sus compras masivas de deuda decididas en marzo para atenuar el impacto econ\u00f3mico de la pandemia de coronavirus. Tras un serie de medidas adoptadas hace algunas semanas frente a esta doble crisis sanitaria y econ\u00f3mica, el BCE flexibiliz\u00f3 a\u00fan m\u00e1s sus operaciones de financiamiento destinadas a los bancos, con condiciones muy favorable para estimular la distribuci\u00f3n de cr\u00e9ditos. Lee aqu\u00ed la nota completa \u2b07\ufe0f \u200b<br \/>\n\u200b<\/p>\n<p>30\/04\/2020 1:00 PM <\/p>\n<p>Otros 3.8 millones solicitan seguro por desempleo en EU<\/p>\n<p>M\u00e1s de 3.8 millones de personas en Estados Unidos solicitaron la semana pasada las prestaciones del subsidio por desempleo, con lo que son ya casi 30 millones quienes lo han hecho en seis semanas en medio de la crisis por la pandemia del coronavirus, inform\u00f3 este jueves el Departamento de Trabajo. Lee aqu\u00ed la nota completa \u2b07\ufe0f \u200b<br \/>\n\u200b<\/p>\n<p>30\/04\/2020 12:59 PM <\/p>\n<p>Fed expande su programa de pr\u00e9stamos a m\u00e1s Pymes en EU<\/p>\n<p>La Reserva Federal de Estados Unidos anunci\u00f3 este jueves una ampliaci\u00f3n de su programa de pr\u00e9stamos para abarcar empresas que quedaron fuera del paquete anunciado por el gobierno para ayudar a las Pymes ante las medidas de confinamiento para contener al coronavirus. La iniciativa, que la Fed a\u00fan no ha puesto en vigor, fue dise\u00f1ada para socorrer a empresas peque\u00f1as y medianas que son demasiado grandes para beneficiarse del Programa de Protecci\u00f3n de Salarios (PPP, por sus siglas en ingl\u00e9s), el paquete de ayuda del Departamento del Tesoro para que las Pymes puedan seguir pagando los sueldos y contrarrestar los efectos econ\u00f3micos de la pandemia. Lee aqu\u00ed la nota completa \u2b07\ufe0f \u200b<br \/>\n\u200b<\/p>\n<p>30\/04\/2020 7:15 AM <\/p>\n<p>PIB cae 1.6% en primer trimestre de a\u00f1o, la peor baja en 11 a\u00f1os<\/p>\n<p>La econom\u00eda de M\u00e9xico registr\u00f3 una contracci\u00f3n en el primer trimestre del a\u00f1o, tanto frente al periodo inmediato anterior como en su medici\u00f3n interanual, debido al freno en la actividad productiva por el brote de coronavirus en el pa\u00eds. El Producto Interno Bruto (PIB) descendi\u00f3 un 1.6% en los primeros tres meses del a\u00f1o, de acuerdo con cifras preliminares divulgadas el jueves por el Instituto Nacional de Estad\u00edstica y Geograf\u00eda (Inegi). <\/p>\n<p> Lee aqu\u00ed la nota completa \u2b07\ufe0f \u200b<br \/>\n\u200b<\/p>\n<p>29\/04\/2020 12:57 PM <\/p>\n<p>M\u00e1s de 436 millones de empresas en el mundo corren riesgo de cerrar: OIT<\/p>\n<p>M\u00e1s de 436 millones de empresas en el planeta afrontan un grave riesgo de interrumpir su actividad debido a la crisis generada por el Covid-19, advirti\u00f3 este mi\u00e9rcoles la Organizaci\u00f3n Internacional del Trabajo (OIT), que insta a adoptar medidas urgentes para ayudar a estos negocios y sus empleados. Seg\u00fan su tercer informe sobre los efectos de la pandemia en el mercado laboral, la OIT calcula que unos 232 millones de empresas de comercio mayorista y minorista, 111 millones del sector manufacturero, 51 millones en la hosteler\u00eda y 42 millones en otras actividades, como la inmobiliaria, est\u00e1n en serio peligro. Lee aqu\u00ed la nota completa \u2b07\ufe0f \u200b<br \/>\n\u200b<\/p>\n<p>29\/04\/2020 10:05 AM <\/p>\n<p>M\u00e1s de 436 millones de empresas en el mundo corren riesgo de cerrar: OIT<\/p>\n<p>M\u00e1s de 436 millones de empresas en el planeta afrontan un grave riesgo de interrumpir su actividad debido a la crisis generada por el Covid-19, advirti\u00f3 este mi\u00e9rcoles la Organizaci\u00f3n Internacional del Trabajo (OIT), que insta a adoptar medidas urgentes para ayudar a estos negocios y sus empleados. Seg\u00fan su tercer informe sobre los efectos de la pandemia en el mercado laboral, la OIT calcula que unos 232 millones de empresas de comercio mayorista y minorista, 111 millones del sector manufacturero, 51 millones en la hosteler\u00eda y 42 millones en otras actividades, como la inmobiliaria, est\u00e1n en serio peligro. &#8220;Millones de empresas en el mundo est\u00e1n al borde del colapso, carecen de ahorros y de acceso al cr\u00e9dito. \u00c9stos son los verdaderos rostros del mundo del trabajo, y si no se les ayuda ahora sencillamente perecer\u00e1n&#8221;, advirti\u00f3 en un comunicado el director general de la OIT, Guy Ryder. Lee la nota aqu\u00ed \u2b07\ufe0f \u200b<br \/>\n\u200b<\/p>\n<p>27\/04\/2020 11:09 AM <\/p>\n<p>En Marzo, Adidas gan\u00f3 31 millones de euros, un 95% menos que el a\u00f1o pasado<\/p>\n<p>El fabricante alem\u00e1n de art\u00edculos deportivos Adidas tuvo en el primer trimestre un beneficio neto atribuido de 31 millones de euros, un 95.1% menos que en el mismo periodo de 2019, debido a los efectos de la pandemia de Covid-19. Adidas inform\u00f3 este lunes de que la facturaci\u00f3n empeor\u00f3 en el mismo periodo hasta cuatro mil 753 millones de euros (-19.2%) y el beneficio operativo hasta 65 millones de euros (-92.6%). \u200bLee aqu\u00ed la nota completa \u2b07\ufe0f \u200b<br \/>\n\u200b<\/p>\n<p>23\/04\/2020 10:49 AM <\/p>\n<p>BM advierte sobre posible impacto de Covid-19 en disponibilidad de alimentos <\/p>\n<p>El Banco Mundial advirti\u00f3 que la pandemia del coronavirus y las pol\u00edticas gubernamentales para evitar la propagaci\u00f3n de la enfermedad podr\u00edan alterar las cadenas de suministro de alimentos, amenazando potencialmente la disponibilidad, incluso si los precios se mantienen estables en 2020. En su reporte de abril &#8220;Perspectivas de los mercados de productos b\u00e1sicos&#8221;, el BM se\u00f1al\u00f3 que los precios de los productos agr\u00edcolas probablemente se mantengan m\u00e1s estables que los del petr\u00f3leo, los metales y otros materiales industriales cuya demanda ha ca\u00eddo debido a los confinamientos y otras medidas impuestas por los gobiernos para combatir la Covid-19. &#8220;Los productos agr\u00edcolas est\u00e1n menos vinculados al crecimiento econ\u00f3mico y solo registraron bajas menores en el primer trimestre de 2020, a excepci\u00f3n del caucho, que se utiliza en el transporte&#8221;, se\u00f1al\u00f3 el informe. Pero aunque se espera que los precios se mantengan &#8220;en general estables&#8221; este a\u00f1o, &#8220;dado que los niveles de producci\u00f3n y las existencias de la mayor\u00eda de los alimentos b\u00e1sicos se encuentran en niveles r\u00e9cord&#8221;, el BM dijo que los productores podr\u00edan &#8220;enfrentar interrupciones en el comercio y la distribuci\u00f3n de insumos como fertilizantes, pesticidas y disponibilidad de mano de obra&#8221;. Puedes leer la nota aqu\u00ed \u2b07\ufe0f \u200b<br \/>\n\u200b<\/p>\n<p>22\/04\/2020 8:41 AM <\/p>\n<p>Peso avanza mientras el petr\u00f3leo toma fuerza <\/p>\n<p>Los precios internacionales del petr\u00f3leo se recuperan y el peso respira con un avance de alrededor de 0.40 por ciento frente al d\u00f3lar. A las 8:00 horas de este mi\u00e9rcoles, la moneda mexicana cotiza en 24.29 unidades frente a la divisa estadounidense, en un mercado atento al comportamiento del petr\u00f3leo, que se ha visto presionado por desequilibrios entre la oferta, la demanda y la capacidad de almacenamiento. Lee aqu\u00ed la nota completa \u2b07\ufe0f \u200b<br \/>\n\u200b<\/p>\n<p>21\/04\/2020 3:44 PM <\/p>\n<p>Por Covid-19, Banxico inyecta 750 mil mdp para dar liquidez al sistema financiero<\/p>\n<p>El Banco de M\u00e9xico (Banxico) aprob\u00f3 una serie de medidas adicionales que equivalen hasta 750 mil millones de pesos de inyecci\u00f3n para proveer liquidez al sistema financiero nacional en medio de la crisis por la pandemia del Covid-19. Esta cantidad, dijo el Banco Central en un comunicado, servir\u00e1 en primera instancia para mantener un exceso de liquidez diario durante los horarios de operaci\u00f3n de los mercados financieros para evitar que se presenten presiones innecesarias. Entre las medidas destaca la de propiciar un mayor otorgamiento de cr\u00e9dito a la micro, peque\u00f1as y medianas empresas, as\u00ed como personas f\u00edsicas afectadas por la pandemia. Para ello, se liberar\u00e1n hasta 250 mil millones de pesos asociados al Dep\u00f3sito de Regulaci\u00f3n Monetaria o, de ser necesario, se proporcionar\u00e1 financiamiento a plazo de entre 18 y 24 meses. Puedes leer la nota aqu\u00ed \u2b07\ufe0f \u200b<br \/>\n\u200b<\/p>\n<p>21\/04\/2020 10:49 AM <\/p>\n<p>Econom\u00eda de M\u00e9xico se contraer\u00e1 6.5% por Covid-19: Cepal<\/p>\n<p>La pandemia de Covid-19 provocar\u00e1 una ca\u00edda hist\u00f3rica del 5.3% de la econom\u00eda de Am\u00e9rica Latina y el Caribe en 2020, que llevar\u00e1 a la peor crisis social de la regi\u00f3n en d\u00e9cadas con millones de nuevos pobresy desempleados, dijo el martes la Cepal. En un informe que eval\u00faa los efectos de la pandemia, el organismo de Naciones Unidas revis\u00f3 a la baja las cifras regionales alertando que el mayor impacto recaer\u00e1 sobre Am\u00e9rica del Sur, por su alta dependencia de las exportaciones hacia China y a los precios de las materias primas, y en M\u00e9xico, con una contracci\u00f3n prevista del 6.5% este a\u00f1o. En diciembre, la Comisi\u00f3n Econ\u00f3mica para Am\u00e9rica Latina y el Caribe (Cepal) hab\u00eda estimado que la econom\u00eda regional crecer\u00eda un 1.3% este a\u00f1o ya en medio de una desaceleraci\u00f3n generalizada. Para 2020, prev\u00e9 que caer\u00e1n 19 de las 20 econom\u00edas latinoamericanas y 31 de las 33 de la regi\u00f3n m\u00e1s el Caribe. &#8220;La crisis que sufre la regi\u00f3n en 2020, con una ca\u00edda del PIB del 5.3%, ser\u00e1 la peor en toda su historia&#8221;, dijo la Cepal. &#8220;Para encontrar una contracci\u00f3n de magnitud comparable hace falta retroceder hasta la Gran Depresi\u00f3n de 1930 (-5%) o m\u00e1s a\u00fan hasta 1914 (-4,9%)&#8221;, a\u00f1adi\u00f3. Puedes leer la nota aqu\u00ed \u2b07\ufe0f \u200b<br \/>\n\u200b<\/p>\n<p>16\/04\/2020 8:15 PM <\/p>\n<p>Ante pandemia, Trump planea reabrir econom\u00eda de EU en tres fases <\/p>\n<p>AFP El presidente Donald Trump recomend\u00f3 este jueves un plan para &#8220;reabrir&#8221; Estados Unidos de forma gradual y dando esta facultad a los gobernadores, despu\u00e9s de que las restricciones para contener el coronavirus asestaran un duro golpe a la econom\u00eda y aumentara el desempleo.  &#8220;Seg\u00fan los \u00faltimos datos, nuestro equipo de expertos concuerda ahora en que podemos empezar un nuevo frente en esta guerra, que vamos a llamar &#8216;reabrir Estados Unidos'&#8221;, dijo Trump, en un momento en que la pandemia deja m\u00e1s de 31 mil muertos en el pa\u00eds. En una rueda de prensa en la Casa Blanca, Trump afirm\u00f3 que mantener las restricciones &#8220;no es una soluci\u00f3n sostenible a largo plazo&#8221;.  El presidente indic\u00f3 que su gobierno emitir\u00e1 una gu\u00eda para dar a los gobernadores la facultad de tomar decisiones, seg\u00fan el n\u00famero de casos. Lee la nota completa \u2b07 \u200b<br \/>\n\u200b<\/p>\n<p>16\/04\/2020 2:15 PM <\/p>\n<p>Coparmex pide a gobierno 97 mil mdp al mes para &#8220;salarios solidarios&#8221;<\/p>\n<p>La Confederaci\u00f3n Patronal de la Rep\u00fablica Mexicana (Coparmex) pidi\u00f3 al gobierno federal una aportaci\u00f3n de 97 mil millones de pesos mensuales para pagar &#8220;salarios solidarios&#8221; con los que se pueda proteger el empleo de los trabajadores de menores rangos salariales. El presidente del organismo, Gustavo de Hoyos, explic\u00f3 que con esta cantidad se garantiza que los trabajadores que ganan entre uno y tres salarios m\u00ednimos puedan percibir completo su salario durante el tiempo que dure la crisis por el Covid-19. Adem\u00e1s, la aportaci\u00f3n ayudar\u00eda a que las microempresas del pa\u00eds no tengan que cerrar e, incluso, se puede apoyar escalonadamente a trabajadores con remuneraciones m\u00e1s altas. &#8220;Que el gobierno instituya un salario solidario, es decir, una aportaci\u00f3n para que en las pr\u00f3ximas semanas y meses sobre todo para que en las microempresas y los niveles m\u00e1s bajos de remuneraci\u00f3n se pueda paliar esta realidad tan compleja que est\u00e1n atravesando miles de empresas&#8221;, se\u00f1al\u00f3 en videoconferencia. Puedes lee la nota aqu\u00ed \u2b07\ufe0f \u200b<br \/>\n\u200b<\/p>\n<p>16\/04\/2020 11:52 AM <\/p>\n<p>Reactivaci\u00f3n econ\u00f3mica en M\u00e9xico inicia el 17 de mayo: CCE<\/p>\n<p>El Consejo Coordinador Empresarial (CCE) anunci\u00f3 que ser\u00e1 a partir del 17 de mayo cuando se comience a reactivar paulatinamente la actividad econ\u00f3mica en el pa\u00eds. En una video-conferencia, el presidente del organismo, Carlos Salazar, dijo que se acord\u00f3 con autoridades que dentro de un mes se reinicien actividades en ciertas zonas del pa\u00eds. Lee aqu\u00ed la nota completa \u2b07\ufe0f \u200b<br \/>\n\u200b<\/p>\n<p>15\/04\/2020 2:15 PM <\/p>\n<p>FMI advierte que crisis por Covid-19 puede provocar nuevas protestas<\/p>\n<p>Las estrecheces econ\u00f3micas provocadas por la pandemia del Covid-19 podr\u00edan atizar estallidos de protestas, advirti\u00f3 el Fondo Monetario Internacional (FMI), que record\u00f3 manifestaciones como las ocurridas en Chile, Ecuador o Francia en los \u00faltimos a\u00f1os. El FMI advirti\u00f3 que &#8220;algunos pa\u00edses siguen siendo vulnerables a que haya nuevas protestas &#8211; particularmente si las pol\u00edticas para mitigar la crisis por Covid-19 son percibidas como insuficientes o como injustas &#8211; m\u00e1s orientadas hacia las grandes corporaciones que hacia las personas&#8221;. El martes en Sud\u00e1frica, la polic\u00eda dispar\u00f3 balas de caucho y gas lacrim\u00f3geno contra manifestantes en los arrabales de Ciudad del Cabo que protestaban por la falta de comida por el confinamiento. Puedes leer la nota aqu\u00ed \u2b07\ufe0f \u200b<br \/>\n\u200b<\/p>\n<p>15\/04\/2020 10:45 AM <\/p>\n<p>G20 suspende pago de deuda de pa\u00edses pobres por Covid-19<\/p>\n<p>Los ministros de Finanzas y presidentes de bancos centrales del G20 dieron su aval a una suspensi\u00f3n provisoria del servicio de la deuda de los pa\u00edses m\u00e1s pobres en medio de la pandemia de coronavirus, anunciaron en un comunicado publicado tras una reuni\u00f3n virtual. El G20 se\u00f1al\u00f3 que el acuerdo fue &#8220;aprobado por el Club de Par\u00eds&#8221; de grandes acreedores. &#8220;Todos los acreedores oficiales bilaterales participar\u00e1n de esta iniciativa&#8221;, a\u00f1adi\u00f3 el G20, que exhort\u00f3 a los acreedores privados a unirse. El martes, las potencias industriales del G7 se mostraron partidarias de una suspensi\u00f3n temporal del pago de la deuda de las naciones m\u00e1s pobres del mundo, supeditada al acuerdo del G20, para apoyar en la lucha contra el coronavirus. Puedes leer la nota aqu\u00ed \u2b07\ufe0f \u200b<br \/>\n\u200b<\/p>\n<p>14\/04\/2020 8:38 AM <\/p>\n<p>Por Covid-19, econom\u00eda de M\u00e9xico caer\u00e1 6.6% en 2020: FMI<\/p>\n<p>El Fondo Monetario Internacional (FMI) revis\u00f3 a la baja su expectativa de crecimiento para la econom\u00eda de M\u00e9xico y la ubic\u00f3 en una contracci\u00f3n de 6.6% para el cierre del a\u00f1o, esto como consecuencia de la crisis por el coronavirus Covid-19.  El dato publicado en el informe Perspectivas de la Econom\u00eda Mundial, presentado la ma\u00f1ana de este martes, significa un recorte de 7.6 porcentuales para el PIB nacional desde la perspectiva que el organismo ten\u00eda en enero pasado.  No obstante, el FMI prev\u00e9 que el PIB mexicano se recupere y crezca 3% el pr\u00f3ximo a\u00f1o, a la par que la econom\u00eda global.  Gita Gopinath, economista en jefe del FMI, refiri\u00f3 en una videoconferencia que se espera que la pandemia tenga un impacto mucho mayor para la econom\u00eda global que el de la crisis financiera mundial de 2008 y 2009.  De acuerdo con el organismo, la econom\u00eda global caer\u00e1 3% en 2020, desde una previsi\u00f3n de crecimiento de 3.3 por ciento que se dio a conocer a principio de a\u00f1o.  Aqu\u00ed la informaci\u00f3n \u2b07\ufe0f \u200b<br \/>\n\u200b<\/p>\n<p>14\/04\/2020 8:37 AM <\/p>\n<p>FMI prev\u00e9 una recesi\u00f3n mundial peor de lo previsto por Covid-19<\/p>\n<p>El Fondo Monetario Internacional (FMI) advierte de un &#8220;grave riesgo&#8221; de recesi\u00f3n mundial peor de lo previsto por Covid-19. As\u00ed se recoge en su nuevo informe de Perspectivas Econ\u00f3micas Mundiales divulgado hoy, en el que se destaca que la &#8220;aguda&#8221; contracci\u00f3n de la econom\u00eda global durante este a\u00f1o ser\u00e1 mucho peor que la vivida durante la crisis financiera de 2008-2009.  Se\u00f1ala que la econom\u00eda mundial se desplomar\u00e1 3% en 2020 debido al impacto del coronavirus, lastrada principalmente por la significativa contracci\u00f3n en Estados Unidos, del 5.9 %, y el abrupto frenazo de China, que apenas crecer\u00e1 el 1.2%. Aqu\u00ed la informaci\u00f3n \u2b07\ufe0f \u200b<br \/>\n\u200b<\/p>\n<p>13\/04\/2020 1:37 PM <\/p>\n<p>Espa\u00f1a reactiva su econom\u00eda mientras bajan las muertes por Covid-19 en el pa\u00eds <\/p>\n<p>EFE Espa\u00f1a inici\u00f3 este lunes un peque\u00f1o retorno a la normalidad con la vuelta al trabajo en algunos sectores econ\u00f3micos no esenciales, mientras el n\u00famero de muertes por Covid-19 volvi\u00f3 a bajar, con 517 en las \u00faltimas 24 horas, y el de contagios subi\u00f3 un 2 por ciento diario, la cifra m\u00e1s baja desde el inicio de la pandemia. El total de fallecidos por coronavirus asciende a 17 mil 489, mientras que los casos de contagio registrados suman 169 mil 496, inform\u00f3 este lunes el Ministerio de Sanidad, 3 mil 477 m\u00e1s que hace 24 horas, una cifra que no se ve\u00eda desde el pasado 18 de marzo. Sigue leyendo \u2b07\ufe0f \u200b<br \/>\n\u200b<\/p>\n<p>10\/04\/2020 9:59 AM <\/p>\n<p>CCE llama a construir acuerdo nacional\u00a0para mantener MiPymes ante Covid-19 <\/p>\n<p>El Consejo Coordinador Empresarial (CCE) llam\u00f3 a evitar la confrontaci\u00f3n y caminar rumbo a un acuerdo nacional, que ante la emergencia del Covid-19, permita a las MiPymes conservar su viabilidad.  En un comunicado, los empresarios apuntaron, &#8220;no debemos caer en falsos dilemas. La prioridad, por supuesto, son las familias m\u00e1s pobres. Pero s\u00f3lo les garantizaremos una vida digna si ayudamos a que las MiPymes mantengan sus empleos&#8221;. Y agreg\u00f3, &#8220;son las empresas, de todos los tama\u00f1os, las que emplean a la gran mayor\u00eda de los mexicanos. Son los impuestos que pagan las empresas los que generan los recursos para la operaci\u00f3n del gobierno. Son estos recursos los que permiten financiar los importantes programas sociales&#8221;. Lee la nota aqu\u00ed \u2b07\ufe0f  \u200b<br \/>\n\u200b<\/p>\n<p>9\/04\/2020 9:36 AM <\/p>\n<p>Wall Street abre en verde por medidas de la Fed<\/p>\n<p>Wall Street abri\u00f3 este jueves con sus \u00edndices principales en verde y con un avance del 1.22 por ciento y m\u00e1s de 250 puntos en el Dow Jones de Industriales empujado por las acciones de la Reserva Federal para paliar los efectos econ\u00f3micos del Covid-19 y la ligera mejora en las estad\u00edsticas de la pandemia, que han compensado para los inversores los malos datos de desempleo. Lee aqu\u00ed la nota completa \u2b07\ufe0f \u200b<br \/>\n\u200b<\/p>\n<p>8\/04\/2020 10:20 AM <\/p>\n<p>Incertidumbre pega a BMV ante repunte de Covid-19 en EU <\/p>\n<p>El repunte registrado este martes en los decesos en Estados Unidos por Covid-19 alert\u00f3 a los mercados e impact\u00f3 en la Bolsa Mexicana de Valores (BMV) que abri\u00f3 el mi\u00e9rcoles con p\u00e9rdidas, luego de dos jornadas seguidas con alzas. El \u00cdndice de Precios y Cotizaciones (IPC), compuesto por las 35 emisoras con mayor liquidez, cay\u00f3 hasta 0.61 por ciento tras la apertura del mercado. Fibra Uno, Cr\u00e9dito Real y Minera Frisco eran las firmas con mayores variaciones a la baja. Lee aqu\u00ed la nota completa \u2b07\ufe0f \u200b<br \/>\n\u200b<\/p>\n<p>7\/04\/2020 10:43 AM <\/p>\n<p>Covid-19 genera en empleo &#8220;crisis m\u00e1s grave&#8221; desde la II Guerra mundial: OIT <\/p>\n<p>La OIT considera que el mercado del empleo se enfrenta con la pandemia a su &#8220;mayor crisis desde la Segunda Guerra mundial&#8221;, con mil 250 millones de trabajadores que corren el riesgo de despidos o de reducci\u00f3n de salarios. Seg\u00fan un estudio publicado el martes de la Organizaci\u00f3n Mundial del Trabajo (OIT), una agencia de la ONU, se estima que la pandemia del coronavirus puede hacer desaparecer 6.7% de las horas de trabajo en el mundo solamente en el segundo trimestre de 2020, es decir el equivalente de 195 millones de puestos a tiempo completos.  Estas duras p\u00e9rdidas en t\u00e9rmino de empleos son sobre todo esperadas en pa\u00edses de ingresos intermediarios superiores (100 millones de equivalente tiempo completo afectados), una situaci\u00f3n que &#8220;va m\u00e1s all\u00e1 de los efectos de la crisis financiera de 2008-09&#8221;. Puedes leer la nota aqu\u00ed \u2b07 \u200b<br \/>\n\u200b<\/p>\n<p>3\/04\/2020 1:53 PM <\/p>\n<p>Cepal pronostica &#8216;profunda recesi\u00f3n&#8217; en Am\u00e9rica Latina por Covid-19<\/p>\n<p>Am\u00e9rica Latina est\u00e1 ante el comienzo &#8220;de una profunda recesi\u00f3n&#8221;, con una contracci\u00f3n del Producto Interno Bruto (PIB) regional que alcanzar\u00e1 en 2020 entre 1.8 a 4 por ciento por la expansi\u00f3n mundial del coronavirus, estim\u00f3 este viernes la Cepal. &#8220;Estamos ante el principio de una profunda recesi\u00f3n. Estamos ante la ca\u00edda del crecimiento m\u00e1s fuerte que ha tenido la regi\u00f3n&#8221;, dijo Alicia B\u00e1rcena, secretaria ejecutiva de la Comisi\u00f3n Econ\u00f3mica para Am\u00e9rica Latina y el Caribe (Cepal), un organismo t\u00e9cnico de las Naciones Unidas con sede en Santiago. Lee aqu\u00ed la nota completa \u2b07\ufe0f \u200b<br \/>\n\u200b<\/p>\n<p>3\/04\/2020 11:33 AM <\/p>\n<p>Banxico prev\u00e9 mayor deterioro en perspectivas econ\u00f3micas por Covid-19<\/p>\n<p>El Banco de M\u00e9xico (Banxico) prev\u00e9 un mayor deterioro de las perspectivas econ\u00f3micas debido al impacto del coronavirus y advirti\u00f3 que la ca\u00edda de los precios del petr\u00f3leo empeor\u00f3 el panorama para Petr\u00f3leos Mexicanos (Pemex), lo que es un factor de riesgo para las finanzas p\u00fablicas y la calificaci\u00f3n soberana. En la minuta de su decisi\u00f3n de pol\u00edtica monetaria, el \u00f3rgano monetario explic\u00f3 que decidi\u00f3 adelantar al 20 de marzo desde el 26 el recorte de 50 puntos porcentuales base, con el que llev\u00f3 la tasa clave de inter\u00e9s al actual 6.50%, debido a las afectaciones previstas de los choques de la pandemia. &#8220;Las perspectivas econ\u00f3micas se han deteriorado de forma importante, mientras que el tipo de cambio se ha depreciado significativamente, en un entorno en que aumentaron las primas de riesgo&#8221;, dijo la mayor\u00eda de la junta de gobierno del banco. Puedes leer la nota aqu\u00ed \u2b07\ufe0f \u200b<br \/>\n\u200b<\/p>\n<p>3\/04\/2020 8:07 AM <\/p>\n<p>Wall Street abre a la baja tras datos de desempleo en EU por Covid-19<\/p>\n<p>La bolsa de Nueva York abri\u00f3 a la baja este viernes tras el anuncio de que la econom\u00eda estadounidense perdi\u00f3 701 mil empleos en marzo. El Dow Jones ced\u00eda un 0.54% en las primeras operaciones y el Nasdaq, un 0.13%. Wall Street cerr\u00f3 en positivo el jueves tras una jornada de altibajos, con inversores que dudaban entre celebrar el fuerte incremento de los precios del petr\u00f3leo o lamentar los malos datos sobre solicitudes de prestaciones por desempleo en Estados Unidos. El Dow Jones subi\u00f3 un 2.24% y el Nasdaq, un 1.72%. Lee aqu\u00ed la nota completa \u2b07\ufe0f \u200b<br \/>\n\u200b<\/p>\n<p>2\/04\/2020 11:03 AM <\/p>\n<p>Bank of America recort\u00f3 el jueves su pron\u00f3stico del Producto Interno Bruto de M\u00e9xico a una contracci\u00f3n del 8% desde su estimaci\u00f3n previa de una ca\u00edda de 4.5%, por el desplome de los precios del petr\u00f3leo y la reducci\u00f3n de la actividad econ\u00f3mica por la epidemia del coronavirus. El banco espera que la econom\u00eda mexicana crezca un 4.5% en 2021 previendo una recuperaci\u00f3n de Estados Unidos, su principal socio comercial, dijo en una nota de an\u00e1lisis el jueves. La entidad pronostic\u00f3 en 2020 &#8220;una modesta reducci\u00f3n en el gasto p\u00fablico en t\u00e9rminos reales (-2%) y una eventual recomposici\u00f3n del gasto&#8221; y que el banco central baje la tasa clave de inter\u00e9s a 5.5% de 6.5% hasta finales de a\u00f1o. El gobierno de M\u00e9xico inform\u00f3 el jueves que prev\u00e9 una contracci\u00f3n de hasta un 3.9% este a\u00f1o, frente a una expansi\u00f3n de entre un 1.5% y un 2.5% estimada en el presupuesto 2020. Aqu\u00ed la informaci\u00f3n \u2b07\ufe0f \u200b<br \/>\n\u200b<\/p>\n<p>\n<!--noindex--><br \/>\n<a href=\"https:\/\/www.elsoldemexico.com.mx\/finanzas\/coronavirus-infecta-a-economias-mundiales-4896557.html\" rel=\"nofollow\">Source link <\/a><br \/>\n<!--\/noindex--><\/p>\n","protected":false},"excerpt":{"rendered":"<p>hace 52 minutos UE acuerda hist\u00f3rico plan econ\u00f3mico contra Covid-19 Los l\u00edderes de los pa\u00edses de la Uni\u00f3n Europea (UE) han logrado un acuerdo sobre el fondo de recuperaci\u00f3n econ\u00f3mica tras la pandemia en una cumbre que pasar\u00e1 a la Historia tanto por la duraci\u00f3n de las negociaciones como por el contenido de lo pactado, [&hellip;]<\/p>\n","protected":false},"author":2,"featured_media":4097,"comment_status":"open","ping_status":"open","sticky":false,"template":"","format":"standard","meta":{"footnotes":""},"categories":[1],"tags":[],"class_list":["post-4096","post","type-post","status-publish","format-standard","has-post-thumbnail","hentry","category-noticias-financieras"],"yoast_head":"<!-- This site is optimized with the Yoast SEO plugin v27.4 - https:\/\/yoast.com\/product\/yoast-seo-wordpress\/ -->\n<title>Coronavirus infecta a econom\u00edas mundiales - Favorite News<\/title>\n<meta name=\"robots\" content=\"index, follow, max-snippet:-1, max-image-preview:large, max-video-preview:-1\" \/>\n<link rel=\"canonical\" href=\"https:\/\/favorite-news.com\/mx\/coronavirus-infecta-a-economias-mundiales\/\" \/>\n<meta property=\"og:locale\" content=\"es_MX\" \/>\n<meta property=\"og:type\" content=\"article\" \/>\n<meta property=\"og:title\" content=\"Coronavirus infecta a econom\u00edas mundiales - Favorite News\" \/>\n<meta property=\"og:description\" content=\"hace 52 minutos UE acuerda hist\u00f3rico plan econ\u00f3mico contra Covid-19 Los l\u00edderes de los pa\u00edses de la Uni\u00f3n Europea (UE) han logrado un acuerdo sobre el fondo de recuperaci\u00f3n econ\u00f3mica tras la pandemia en una cumbre que pasar\u00e1 a la Historia tanto por la duraci\u00f3n de las negociaciones como por el contenido de lo pactado, [&hellip;]\" \/>\n<meta property=\"og:url\" content=\"https:\/\/favorite-news.com\/mx\/coronavirus-infecta-a-economias-mundiales\/\" \/>\n<meta property=\"og:site_name\" content=\"Favorite News\" \/>\n<meta property=\"article:published_time\" content=\"2020-07-21T15:27:33+00:00\" \/>\n<meta property=\"article:modified_time\" content=\"2020-07-21T15:27:35+00:00\" \/>\n<meta property=\"og:image\" content=\"https:\/\/favorite-news.com\/mx\/wp-content\/uploads\/sites\/8\/2020\/07\/Coronavirus-infecta-a-econom\u00edas-mundiales.jpg\" \/>\n\t<meta property=\"og:image:width\" content=\"1140\" \/>\n\t<meta property=\"og:image:height\" content=\"712\" \/>\n\t<meta property=\"og:image:type\" content=\"image\/jpeg\" \/>\n<meta name=\"author\" content=\"favorite-news\" \/>\n<meta name=\"twitter:card\" content=\"summary_large_image\" \/>\n<meta name=\"twitter:label1\" content=\"Escrito por\" \/>\n\t<meta name=\"twitter:data1\" content=\"favorite-news\" \/>\n\t<meta name=\"twitter:label2\" content=\"Tiempo de lectura\" \/>\n\t<meta name=\"twitter:data2\" content=\"73 minutos\" \/>\n<script type=\"application\/ld+json\" class=\"yoast-schema-graph\">{\"@context\":\"https:\\\/\\\/schema.org\",\"@graph\":[{\"@type\":\"Article\",\"@id\":\"https:\\\/\\\/favorite-news.com\\\/mx\\\/coronavirus-infecta-a-economias-mundiales\\\/#article\",\"isPartOf\":{\"@id\":\"https:\\\/\\\/favorite-news.com\\\/mx\\\/coronavirus-infecta-a-economias-mundiales\\\/\"},\"author\":{\"name\":\"favorite-news\",\"@id\":\"https:\\\/\\\/favorite-news.com\\\/mx\\\/#\\\/schema\\\/person\\\/b91573b717dcfa5e4696032a9d28d3e8\"},\"headline\":\"Coronavirus infecta a econom\u00edas mundiales\",\"datePublished\":\"2020-07-21T15:27:33+00:00\",\"dateModified\":\"2020-07-21T15:27:35+00:00\",\"mainEntityOfPage\":{\"@id\":\"https:\\\/\\\/favorite-news.com\\\/mx\\\/coronavirus-infecta-a-economias-mundiales\\\/\"},\"wordCount\":14585,\"commentCount\":0,\"image\":{\"@id\":\"https:\\\/\\\/favorite-news.com\\\/mx\\\/coronavirus-infecta-a-economias-mundiales\\\/#primaryimage\"},\"thumbnailUrl\":\"https:\\\/\\\/favorite-news.com\\\/mx\\\/wp-content\\\/uploads\\\/sites\\\/8\\\/2020\\\/07\\\/Coronavirus-infecta-a-econom\u00edas-mundiales.jpg\",\"articleSection\":[\"NOTICIAS FINANCIERAS\"],\"inLanguage\":\"es\",\"potentialAction\":[{\"@type\":\"CommentAction\",\"name\":\"Comment\",\"target\":[\"https:\\\/\\\/favorite-news.com\\\/mx\\\/coronavirus-infecta-a-economias-mundiales\\\/#respond\"]}]},{\"@type\":\"WebPage\",\"@id\":\"https:\\\/\\\/favorite-news.com\\\/mx\\\/coronavirus-infecta-a-economias-mundiales\\\/\",\"url\":\"https:\\\/\\\/favorite-news.com\\\/mx\\\/coronavirus-infecta-a-economias-mundiales\\\/\",\"name\":\"Coronavirus infecta a econom\u00edas mundiales - Favorite News\",\"isPartOf\":{\"@id\":\"https:\\\/\\\/favorite-news.com\\\/mx\\\/#website\"},\"primaryImageOfPage\":{\"@id\":\"https:\\\/\\\/favorite-news.com\\\/mx\\\/coronavirus-infecta-a-economias-mundiales\\\/#primaryimage\"},\"image\":{\"@id\":\"https:\\\/\\\/favorite-news.com\\\/mx\\\/coronavirus-infecta-a-economias-mundiales\\\/#primaryimage\"},\"thumbnailUrl\":\"https:\\\/\\\/favorite-news.com\\\/mx\\\/wp-content\\\/uploads\\\/sites\\\/8\\\/2020\\\/07\\\/Coronavirus-infecta-a-econom\u00edas-mundiales.jpg\",\"datePublished\":\"2020-07-21T15:27:33+00:00\",\"dateModified\":\"2020-07-21T15:27:35+00:00\",\"author\":{\"@id\":\"https:\\\/\\\/favorite-news.com\\\/mx\\\/#\\\/schema\\\/person\\\/b91573b717dcfa5e4696032a9d28d3e8\"},\"breadcrumb\":{\"@id\":\"https:\\\/\\\/favorite-news.com\\\/mx\\\/coronavirus-infecta-a-economias-mundiales\\\/#breadcrumb\"},\"inLanguage\":\"es\",\"potentialAction\":[{\"@type\":\"ReadAction\",\"target\":[\"https:\\\/\\\/favorite-news.com\\\/mx\\\/coronavirus-infecta-a-economias-mundiales\\\/\"]}]},{\"@type\":\"ImageObject\",\"inLanguage\":\"es\",\"@id\":\"https:\\\/\\\/favorite-news.com\\\/mx\\\/coronavirus-infecta-a-economias-mundiales\\\/#primaryimage\",\"url\":\"https:\\\/\\\/favorite-news.com\\\/mx\\\/wp-content\\\/uploads\\\/sites\\\/8\\\/2020\\\/07\\\/Coronavirus-infecta-a-econom\u00edas-mundiales.jpg\",\"contentUrl\":\"https:\\\/\\\/favorite-news.com\\\/mx\\\/wp-content\\\/uploads\\\/sites\\\/8\\\/2020\\\/07\\\/Coronavirus-infecta-a-econom\u00edas-mundiales.jpg\",\"width\":1140,\"height\":712,\"caption\":\"Coronavirus infecta a econom\u00edas mundiales\"},{\"@type\":\"BreadcrumbList\",\"@id\":\"https:\\\/\\\/favorite-news.com\\\/mx\\\/coronavirus-infecta-a-economias-mundiales\\\/#breadcrumb\",\"itemListElement\":[{\"@type\":\"ListItem\",\"position\":1,\"name\":\"\u0413\u043b\u0430\u0432\u043d\u0430\u044f \u0441\u0442\u0440\u0430\u043d\u0438\u0446\u0430\",\"item\":\"https:\\\/\\\/favorite-news.com\\\/mx\\\/\"},{\"@type\":\"ListItem\",\"position\":2,\"name\":\"Coronavirus infecta a econom\u00edas mundiales\"}]},{\"@type\":\"WebSite\",\"@id\":\"https:\\\/\\\/favorite-news.com\\\/mx\\\/#website\",\"url\":\"https:\\\/\\\/favorite-news.com\\\/mx\\\/\",\"name\":\"Favorite News\",\"description\":\"Favorite News Mexico\",\"potentialAction\":[{\"@type\":\"SearchAction\",\"target\":{\"@type\":\"EntryPoint\",\"urlTemplate\":\"https:\\\/\\\/favorite-news.com\\\/mx\\\/?s={search_term_string}\"},\"query-input\":{\"@type\":\"PropertyValueSpecification\",\"valueRequired\":true,\"valueName\":\"search_term_string\"}}],\"inLanguage\":\"es\"},{\"@type\":\"Person\",\"@id\":\"https:\\\/\\\/favorite-news.com\\\/mx\\\/#\\\/schema\\\/person\\\/b91573b717dcfa5e4696032a9d28d3e8\",\"name\":\"favorite-news\",\"image\":{\"@type\":\"ImageObject\",\"inLanguage\":\"es\",\"@id\":\"https:\\\/\\\/secure.gravatar.com\\\/avatar\\\/6c5a5cb12b74e9d517ee91cf570335b7d16177f1977cc91db161adfa435945a7?s=96&d=mm&r=g\",\"url\":\"https:\\\/\\\/secure.gravatar.com\\\/avatar\\\/6c5a5cb12b74e9d517ee91cf570335b7d16177f1977cc91db161adfa435945a7?s=96&d=mm&r=g\",\"contentUrl\":\"https:\\\/\\\/secure.gravatar.com\\\/avatar\\\/6c5a5cb12b74e9d517ee91cf570335b7d16177f1977cc91db161adfa435945a7?s=96&d=mm&r=g\",\"caption\":\"favorite-news\"},\"url\":\"https:\\\/\\\/favorite-news.com\\\/mx\\\/author\\\/pt\\\/\"}]}<\/script>\n<!-- \/ Yoast SEO plugin. -->","yoast_head_json":{"title":"Coronavirus infecta a econom\u00edas mundiales - Favorite News","robots":{"index":"index","follow":"follow","max-snippet":"max-snippet:-1","max-image-preview":"max-image-preview:large","max-video-preview":"max-video-preview:-1"},"canonical":"https:\/\/favorite-news.com\/mx\/coronavirus-infecta-a-economias-mundiales\/","og_locale":"es_MX","og_type":"article","og_title":"Coronavirus infecta a econom\u00edas mundiales - Favorite News","og_description":"hace 52 minutos UE acuerda hist\u00f3rico plan econ\u00f3mico contra Covid-19 Los l\u00edderes de los pa\u00edses de la Uni\u00f3n Europea (UE) han logrado un acuerdo sobre el fondo de recuperaci\u00f3n econ\u00f3mica tras la pandemia en una cumbre que pasar\u00e1 a la Historia tanto por la duraci\u00f3n de las negociaciones como por el contenido de lo pactado, [&hellip;]","og_url":"https:\/\/favorite-news.com\/mx\/coronavirus-infecta-a-economias-mundiales\/","og_site_name":"Favorite News","article_published_time":"2020-07-21T15:27:33+00:00","article_modified_time":"2020-07-21T15:27:35+00:00","og_image":[{"width":1140,"height":712,"url":"https:\/\/favorite-news.com\/mx\/wp-content\/uploads\/sites\/8\/2020\/07\/Coronavirus-infecta-a-econom\u00edas-mundiales.jpg","type":"image\/jpeg"}],"author":"favorite-news","twitter_card":"summary_large_image","twitter_misc":{"Escrito por":"favorite-news","Tiempo de lectura":"73 minutos"},"schema":{"@context":"https:\/\/schema.org","@graph":[{"@type":"Article","@id":"https:\/\/favorite-news.com\/mx\/coronavirus-infecta-a-economias-mundiales\/#article","isPartOf":{"@id":"https:\/\/favorite-news.com\/mx\/coronavirus-infecta-a-economias-mundiales\/"},"author":{"name":"favorite-news","@id":"https:\/\/favorite-news.com\/mx\/#\/schema\/person\/b91573b717dcfa5e4696032a9d28d3e8"},"headline":"Coronavirus infecta a econom\u00edas mundiales","datePublished":"2020-07-21T15:27:33+00:00","dateModified":"2020-07-21T15:27:35+00:00","mainEntityOfPage":{"@id":"https:\/\/favorite-news.com\/mx\/coronavirus-infecta-a-economias-mundiales\/"},"wordCount":14585,"commentCount":0,"image":{"@id":"https:\/\/favorite-news.com\/mx\/coronavirus-infecta-a-economias-mundiales\/#primaryimage"},"thumbnailUrl":"https:\/\/favorite-news.com\/mx\/wp-content\/uploads\/sites\/8\/2020\/07\/Coronavirus-infecta-a-econom\u00edas-mundiales.jpg","articleSection":["NOTICIAS FINANCIERAS"],"inLanguage":"es","potentialAction":[{"@type":"CommentAction","name":"Comment","target":["https:\/\/favorite-news.com\/mx\/coronavirus-infecta-a-economias-mundiales\/#respond"]}]},{"@type":"WebPage","@id":"https:\/\/favorite-news.com\/mx\/coronavirus-infecta-a-economias-mundiales\/","url":"https:\/\/favorite-news.com\/mx\/coronavirus-infecta-a-economias-mundiales\/","name":"Coronavirus infecta a econom\u00edas mundiales - Favorite News","isPartOf":{"@id":"https:\/\/favorite-news.com\/mx\/#website"},"primaryImageOfPage":{"@id":"https:\/\/favorite-news.com\/mx\/coronavirus-infecta-a-economias-mundiales\/#primaryimage"},"image":{"@id":"https:\/\/favorite-news.com\/mx\/coronavirus-infecta-a-economias-mundiales\/#primaryimage"},"thumbnailUrl":"https:\/\/favorite-news.com\/mx\/wp-content\/uploads\/sites\/8\/2020\/07\/Coronavirus-infecta-a-econom\u00edas-mundiales.jpg","datePublished":"2020-07-21T15:27:33+00:00","dateModified":"2020-07-21T15:27:35+00:00","author":{"@id":"https:\/\/favorite-news.com\/mx\/#\/schema\/person\/b91573b717dcfa5e4696032a9d28d3e8"},"breadcrumb":{"@id":"https:\/\/favorite-news.com\/mx\/coronavirus-infecta-a-economias-mundiales\/#breadcrumb"},"inLanguage":"es","potentialAction":[{"@type":"ReadAction","target":["https:\/\/favorite-news.com\/mx\/coronavirus-infecta-a-economias-mundiales\/"]}]},{"@type":"ImageObject","inLanguage":"es","@id":"https:\/\/favorite-news.com\/mx\/coronavirus-infecta-a-economias-mundiales\/#primaryimage","url":"https:\/\/favorite-news.com\/mx\/wp-content\/uploads\/sites\/8\/2020\/07\/Coronavirus-infecta-a-econom\u00edas-mundiales.jpg","contentUrl":"https:\/\/favorite-news.com\/mx\/wp-content\/uploads\/sites\/8\/2020\/07\/Coronavirus-infecta-a-econom\u00edas-mundiales.jpg","width":1140,"height":712,"caption":"Coronavirus infecta a econom\u00edas mundiales"},{"@type":"BreadcrumbList","@id":"https:\/\/favorite-news.com\/mx\/coronavirus-infecta-a-economias-mundiales\/#breadcrumb","itemListElement":[{"@type":"ListItem","position":1,"name":"\u0413\u043b\u0430\u0432\u043d\u0430\u044f \u0441\u0442\u0440\u0430\u043d\u0438\u0446\u0430","item":"https:\/\/favorite-news.com\/mx\/"},{"@type":"ListItem","position":2,"name":"Coronavirus infecta a econom\u00edas mundiales"}]},{"@type":"WebSite","@id":"https:\/\/favorite-news.com\/mx\/#website","url":"https:\/\/favorite-news.com\/mx\/","name":"Favorite News","description":"Favorite News Mexico","potentialAction":[{"@type":"SearchAction","target":{"@type":"EntryPoint","urlTemplate":"https:\/\/favorite-news.com\/mx\/?s={search_term_string}"},"query-input":{"@type":"PropertyValueSpecification","valueRequired":true,"valueName":"search_term_string"}}],"inLanguage":"es"},{"@type":"Person","@id":"https:\/\/favorite-news.com\/mx\/#\/schema\/person\/b91573b717dcfa5e4696032a9d28d3e8","name":"favorite-news","image":{"@type":"ImageObject","inLanguage":"es","@id":"https:\/\/secure.gravatar.com\/avatar\/6c5a5cb12b74e9d517ee91cf570335b7d16177f1977cc91db161adfa435945a7?s=96&d=mm&r=g","url":"https:\/\/secure.gravatar.com\/avatar\/6c5a5cb12b74e9d517ee91cf570335b7d16177f1977cc91db161adfa435945a7?s=96&d=mm&r=g","contentUrl":"https:\/\/secure.gravatar.com\/avatar\/6c5a5cb12b74e9d517ee91cf570335b7d16177f1977cc91db161adfa435945a7?s=96&d=mm&r=g","caption":"favorite-news"},"url":"https:\/\/favorite-news.com\/mx\/author\/pt\/"}]}},"_links":{"self":[{"href":"https:\/\/favorite-news.com\/mx\/wp-json\/wp\/v2\/posts\/4096","targetHints":{"allow":["GET"]}}],"collection":[{"href":"https:\/\/favorite-news.com\/mx\/wp-json\/wp\/v2\/posts"}],"about":[{"href":"https:\/\/favorite-news.com\/mx\/wp-json\/wp\/v2\/types\/post"}],"author":[{"embeddable":true,"href":"https:\/\/favorite-news.com\/mx\/wp-json\/wp\/v2\/users\/2"}],"replies":[{"embeddable":true,"href":"https:\/\/favorite-news.com\/mx\/wp-json\/wp\/v2\/comments?post=4096"}],"version-history":[{"count":1,"href":"https:\/\/favorite-news.com\/mx\/wp-json\/wp\/v2\/posts\/4096\/revisions"}],"predecessor-version":[{"id":4098,"href":"https:\/\/favorite-news.com\/mx\/wp-json\/wp\/v2\/posts\/4096\/revisions\/4098"}],"wp:featuredmedia":[{"embeddable":true,"href":"https:\/\/favorite-news.com\/mx\/wp-json\/wp\/v2\/media\/4097"}],"wp:attachment":[{"href":"https:\/\/favorite-news.com\/mx\/wp-json\/wp\/v2\/media?parent=4096"}],"wp:term":[{"taxonomy":"category","embeddable":true,"href":"https:\/\/favorite-news.com\/mx\/wp-json\/wp\/v2\/categories?post=4096"},{"taxonomy":"post_tag","embeddable":true,"href":"https:\/\/favorite-news.com\/mx\/wp-json\/wp\/v2\/tags?post=4096"}],"curies":[{"name":"wp","href":"https:\/\/api.w.org\/{rel}","templated":true}]}}