{"id":4095,"date":"2020-07-21T18:27:13","date_gmt":"2020-07-21T15:27:13","guid":{"rendered":"https:\/\/favorite-news.com\/mx\/aeropuerto-de-santa-lucia-estara-listo-en-marzo-de-2022-amlo\/"},"modified":"2020-07-21T18:27:13","modified_gmt":"2020-07-21T15:27:13","slug":"aeropuerto-de-santa-lucia-estara-listo-en-marzo-de-2022-amlo","status":"publish","type":"post","link":"https:\/\/favorite-news.com\/mx\/aeropuerto-de-santa-lucia-estara-listo-en-marzo-de-2022-amlo\/","title":{"rendered":"Aeropuerto de Santa Luc\u00eda estar\u00e1 listo en marzo de 2022: AMLO"},"content":{"rendered":"<p>Pese a problemas legales en torno a terrenos que ocupar\u00e1 el nuevo Aeropuerto Internacional de Santa Luc\u00eda, la Presidencia de la Rep\u00fablica asegur\u00f3 que el Nuevo Aeropuerto Internacional de M\u00e9xico (NAIM), en Santa Luc\u00eda, Estado de M\u00e9xico se inaugurar\u00e1 el 21 de marzo de 2022.Al ser cuestionado por el problema de 128 hect\u00e1reas que reclama un presunto propietario por la ocupaci\u00f3n del NAIM en el poblado de Xaltocan, Municipio de Nextlalpan, Estado de M\u00e9xico, el presidente Andr\u00e9s Manuel L\u00f3pez Obrador asegur\u00f3 en su conferencia matutina que, &#8220;no hay problema nada que impida seguir avanzando vamos muy bien&#8221;. El mandatario calific\u00f3 de incre\u00edble que no se hubiera explorado antes la posibilidad de realizar el aeropuerto en Santa Lucia, pues ah\u00ed se cuenta con un \u00e1rea cercana a las 3 mil hect\u00e1reas tan solo en la Base A\u00e9rea Militar de Santa Lucia y por ello no hay problema para construir las pistas y el resto de las obras necesarias. Asimismo, sostuvo que se adquiri\u00f3 una cantidad de mil 500 hect\u00e1reas adicionales para desarrollar la obra y, puntualiz\u00f3 que si existe alg\u00fan caso donde se ocupe la tierra de alg\u00fan particular hay el compromiso de la Secretar\u00eda de la Defensa y de la Secretar\u00eda de Medio Ambiente y Recursos Naturales para que se pague, una vez que acredite la propiedad.<\/p>\n<p>\n<!--noindex--><br \/>\n<a href=\"https:\/\/www.elsoldemexico.com.mx\/finanzas\/aeropuerto-de-santa-lucia-estara-listo-en-marzo-de-2022-amlo-5520672.html\" rel=\"nofollow\">Source link <\/a><br \/>\n<!--\/noindex--><\/p>\n","protected":false},"excerpt":{"rendered":"<p>Pese a problemas legales en torno a terrenos que ocupar\u00e1 el nuevo Aeropuerto Internacional de Santa Luc\u00eda, la Presidencia de la Rep\u00fablica asegur\u00f3 que el Nuevo Aeropuerto Internacional de M\u00e9xico (NAIM), en Santa Luc\u00eda, Estado de M\u00e9xico se inaugurar\u00e1 el 21 de marzo de 2022.Al ser cuestionado por el problema de 128 hect\u00e1reas que reclama [&hellip;]<\/p>\n","protected":false},"author":2,"featured_media":0,"comment_status":"open","ping_status":"open","sticky":false,"template":"","format":"standard","meta":{"footnotes":""},"categories":[1],"tags":[],"class_list":["post-4095","post","type-post","status-publish","format-standard","hentry","category-noticias-financieras"],"yoast_head":"<!-- This site is optimized with the Yoast SEO plugin v27.4 - https:\/\/yoast.com\/product\/yoast-seo-wordpress\/ -->\n<title>Aeropuerto de Santa Luc\u00eda estar\u00e1 listo en marzo de 2022: AMLO - Favorite News<\/title>\n<meta name=\"robots\" content=\"index, follow, max-snippet:-1, max-image-preview:large, max-video-preview:-1\" \/>\n<link rel=\"canonical\" href=\"https:\/\/favorite-news.com\/mx\/aeropuerto-de-santa-lucia-estara-listo-en-marzo-de-2022-amlo\/\" \/>\n<meta property=\"og:locale\" content=\"es_MX\" \/>\n<meta property=\"og:type\" content=\"article\" \/>\n<meta property=\"og:title\" content=\"Aeropuerto de Santa Luc\u00eda estar\u00e1 listo en marzo de 2022: AMLO - Favorite News\" \/>\n<meta property=\"og:description\" content=\"Pese a problemas legales en torno a terrenos que ocupar\u00e1 el nuevo Aeropuerto Internacional de Santa Luc\u00eda, la Presidencia de la Rep\u00fablica asegur\u00f3 que el Nuevo Aeropuerto Internacional de M\u00e9xico (NAIM), en Santa Luc\u00eda, Estado de M\u00e9xico se inaugurar\u00e1 el 21 de marzo de 2022.Al ser cuestionado por el problema de 128 hect\u00e1reas que reclama [&hellip;]\" \/>\n<meta property=\"og:url\" content=\"https:\/\/favorite-news.com\/mx\/aeropuerto-de-santa-lucia-estara-listo-en-marzo-de-2022-amlo\/\" \/>\n<meta property=\"og:site_name\" content=\"Favorite News\" \/>\n<meta property=\"article:published_time\" content=\"2020-07-21T15:27:13+00:00\" \/>\n<meta name=\"author\" content=\"favorite-news\" \/>\n<meta name=\"twitter:card\" content=\"summary_large_image\" \/>\n<meta name=\"twitter:label1\" content=\"Escrito por\" \/>\n\t<meta name=\"twitter:data1\" content=\"favorite-news\" \/>\n\t<meta name=\"twitter:label2\" content=\"Tiempo de lectura\" \/>\n\t<meta name=\"twitter:data2\" content=\"1 minuto\" \/>\n<script type=\"application\/ld+json\" class=\"yoast-schema-graph\">{\"@context\":\"https:\\\/\\\/schema.org\",\"@graph\":[{\"@type\":\"Article\",\"@id\":\"https:\\\/\\\/favorite-news.com\\\/mx\\\/aeropuerto-de-santa-lucia-estara-listo-en-marzo-de-2022-amlo\\\/#article\",\"isPartOf\":{\"@id\":\"https:\\\/\\\/favorite-news.com\\\/mx\\\/aeropuerto-de-santa-lucia-estara-listo-en-marzo-de-2022-amlo\\\/\"},\"author\":{\"name\":\"favorite-news\",\"@id\":\"https:\\\/\\\/favorite-news.com\\\/mx\\\/#\\\/schema\\\/person\\\/b91573b717dcfa5e4696032a9d28d3e8\"},\"headline\":\"Aeropuerto de Santa Luc\u00eda estar\u00e1 listo en marzo de 2022: AMLO\",\"datePublished\":\"2020-07-21T15:27:13+00:00\",\"mainEntityOfPage\":{\"@id\":\"https:\\\/\\\/favorite-news.com\\\/mx\\\/aeropuerto-de-santa-lucia-estara-listo-en-marzo-de-2022-amlo\\\/\"},\"wordCount\":244,\"commentCount\":0,\"articleSection\":[\"NOTICIAS FINANCIERAS\"],\"inLanguage\":\"es\",\"potentialAction\":[{\"@type\":\"CommentAction\",\"name\":\"Comment\",\"target\":[\"https:\\\/\\\/favorite-news.com\\\/mx\\\/aeropuerto-de-santa-lucia-estara-listo-en-marzo-de-2022-amlo\\\/#respond\"]}]},{\"@type\":\"WebPage\",\"@id\":\"https:\\\/\\\/favorite-news.com\\\/mx\\\/aeropuerto-de-santa-lucia-estara-listo-en-marzo-de-2022-amlo\\\/\",\"url\":\"https:\\\/\\\/favorite-news.com\\\/mx\\\/aeropuerto-de-santa-lucia-estara-listo-en-marzo-de-2022-amlo\\\/\",\"name\":\"Aeropuerto de Santa Luc\u00eda estar\u00e1 listo en marzo de 2022: AMLO - Favorite News\",\"isPartOf\":{\"@id\":\"https:\\\/\\\/favorite-news.com\\\/mx\\\/#website\"},\"datePublished\":\"2020-07-21T15:27:13+00:00\",\"author\":{\"@id\":\"https:\\\/\\\/favorite-news.com\\\/mx\\\/#\\\/schema\\\/person\\\/b91573b717dcfa5e4696032a9d28d3e8\"},\"breadcrumb\":{\"@id\":\"https:\\\/\\\/favorite-news.com\\\/mx\\\/aeropuerto-de-santa-lucia-estara-listo-en-marzo-de-2022-amlo\\\/#breadcrumb\"},\"inLanguage\":\"es\",\"potentialAction\":[{\"@type\":\"ReadAction\",\"target\":[\"https:\\\/\\\/favorite-news.com\\\/mx\\\/aeropuerto-de-santa-lucia-estara-listo-en-marzo-de-2022-amlo\\\/\"]}]},{\"@type\":\"BreadcrumbList\",\"@id\":\"https:\\\/\\\/favorite-news.com\\\/mx\\\/aeropuerto-de-santa-lucia-estara-listo-en-marzo-de-2022-amlo\\\/#breadcrumb\",\"itemListElement\":[{\"@type\":\"ListItem\",\"position\":1,\"name\":\"\u0413\u043b\u0430\u0432\u043d\u0430\u044f \u0441\u0442\u0440\u0430\u043d\u0438\u0446\u0430\",\"item\":\"https:\\\/\\\/favorite-news.com\\\/mx\\\/\"},{\"@type\":\"ListItem\",\"position\":2,\"name\":\"Aeropuerto de Santa Luc\u00eda estar\u00e1 listo en marzo de 2022: AMLO\"}]},{\"@type\":\"WebSite\",\"@id\":\"https:\\\/\\\/favorite-news.com\\\/mx\\\/#website\",\"url\":\"https:\\\/\\\/favorite-news.com\\\/mx\\\/\",\"name\":\"Favorite News\",\"description\":\"Favorite News Mexico\",\"potentialAction\":[{\"@type\":\"SearchAction\",\"target\":{\"@type\":\"EntryPoint\",\"urlTemplate\":\"https:\\\/\\\/favorite-news.com\\\/mx\\\/?s={search_term_string}\"},\"query-input\":{\"@type\":\"PropertyValueSpecification\",\"valueRequired\":true,\"valueName\":\"search_term_string\"}}],\"inLanguage\":\"es\"},{\"@type\":\"Person\",\"@id\":\"https:\\\/\\\/favorite-news.com\\\/mx\\\/#\\\/schema\\\/person\\\/b91573b717dcfa5e4696032a9d28d3e8\",\"name\":\"favorite-news\",\"image\":{\"@type\":\"ImageObject\",\"inLanguage\":\"es\",\"@id\":\"https:\\\/\\\/secure.gravatar.com\\\/avatar\\\/6c5a5cb12b74e9d517ee91cf570335b7d16177f1977cc91db161adfa435945a7?s=96&d=mm&r=g\",\"url\":\"https:\\\/\\\/secure.gravatar.com\\\/avatar\\\/6c5a5cb12b74e9d517ee91cf570335b7d16177f1977cc91db161adfa435945a7?s=96&d=mm&r=g\",\"contentUrl\":\"https:\\\/\\\/secure.gravatar.com\\\/avatar\\\/6c5a5cb12b74e9d517ee91cf570335b7d16177f1977cc91db161adfa435945a7?s=96&d=mm&r=g\",\"caption\":\"favorite-news\"},\"url\":\"https:\\\/\\\/favorite-news.com\\\/mx\\\/author\\\/pt\\\/\"}]}<\/script>\n<!-- \/ Yoast SEO plugin. -->","yoast_head_json":{"title":"Aeropuerto de Santa Luc\u00eda estar\u00e1 listo en marzo de 2022: AMLO - Favorite News","robots":{"index":"index","follow":"follow","max-snippet":"max-snippet:-1","max-image-preview":"max-image-preview:large","max-video-preview":"max-video-preview:-1"},"canonical":"https:\/\/favorite-news.com\/mx\/aeropuerto-de-santa-lucia-estara-listo-en-marzo-de-2022-amlo\/","og_locale":"es_MX","og_type":"article","og_title":"Aeropuerto de Santa Luc\u00eda estar\u00e1 listo en marzo de 2022: AMLO - Favorite News","og_description":"Pese a problemas legales en torno a terrenos que ocupar\u00e1 el nuevo Aeropuerto Internacional de Santa Luc\u00eda, la Presidencia de la Rep\u00fablica asegur\u00f3 que el Nuevo Aeropuerto Internacional de M\u00e9xico (NAIM), en Santa Luc\u00eda, Estado de M\u00e9xico se inaugurar\u00e1 el 21 de marzo de 2022.Al ser cuestionado por el problema de 128 hect\u00e1reas que reclama [&hellip;]","og_url":"https:\/\/favorite-news.com\/mx\/aeropuerto-de-santa-lucia-estara-listo-en-marzo-de-2022-amlo\/","og_site_name":"Favorite News","article_published_time":"2020-07-21T15:27:13+00:00","author":"favorite-news","twitter_card":"summary_large_image","twitter_misc":{"Escrito por":"favorite-news","Tiempo de lectura":"1 minuto"},"schema":{"@context":"https:\/\/schema.org","@graph":[{"@type":"Article","@id":"https:\/\/favorite-news.com\/mx\/aeropuerto-de-santa-lucia-estara-listo-en-marzo-de-2022-amlo\/#article","isPartOf":{"@id":"https:\/\/favorite-news.com\/mx\/aeropuerto-de-santa-lucia-estara-listo-en-marzo-de-2022-amlo\/"},"author":{"name":"favorite-news","@id":"https:\/\/favorite-news.com\/mx\/#\/schema\/person\/b91573b717dcfa5e4696032a9d28d3e8"},"headline":"Aeropuerto de Santa Luc\u00eda estar\u00e1 listo en marzo de 2022: AMLO","datePublished":"2020-07-21T15:27:13+00:00","mainEntityOfPage":{"@id":"https:\/\/favorite-news.com\/mx\/aeropuerto-de-santa-lucia-estara-listo-en-marzo-de-2022-amlo\/"},"wordCount":244,"commentCount":0,"articleSection":["NOTICIAS FINANCIERAS"],"inLanguage":"es","potentialAction":[{"@type":"CommentAction","name":"Comment","target":["https:\/\/favorite-news.com\/mx\/aeropuerto-de-santa-lucia-estara-listo-en-marzo-de-2022-amlo\/#respond"]}]},{"@type":"WebPage","@id":"https:\/\/favorite-news.com\/mx\/aeropuerto-de-santa-lucia-estara-listo-en-marzo-de-2022-amlo\/","url":"https:\/\/favorite-news.com\/mx\/aeropuerto-de-santa-lucia-estara-listo-en-marzo-de-2022-amlo\/","name":"Aeropuerto de Santa Luc\u00eda estar\u00e1 listo en marzo de 2022: AMLO - Favorite News","isPartOf":{"@id":"https:\/\/favorite-news.com\/mx\/#website"},"datePublished":"2020-07-21T15:27:13+00:00","author":{"@id":"https:\/\/favorite-news.com\/mx\/#\/schema\/person\/b91573b717dcfa5e4696032a9d28d3e8"},"breadcrumb":{"@id":"https:\/\/favorite-news.com\/mx\/aeropuerto-de-santa-lucia-estara-listo-en-marzo-de-2022-amlo\/#breadcrumb"},"inLanguage":"es","potentialAction":[{"@type":"ReadAction","target":["https:\/\/favorite-news.com\/mx\/aeropuerto-de-santa-lucia-estara-listo-en-marzo-de-2022-amlo\/"]}]},{"@type":"BreadcrumbList","@id":"https:\/\/favorite-news.com\/mx\/aeropuerto-de-santa-lucia-estara-listo-en-marzo-de-2022-amlo\/#breadcrumb","itemListElement":[{"@type":"ListItem","position":1,"name":"\u0413\u043b\u0430\u0432\u043d\u0430\u044f \u0441\u0442\u0440\u0430\u043d\u0438\u0446\u0430","item":"https:\/\/favorite-news.com\/mx\/"},{"@type":"ListItem","position":2,"name":"Aeropuerto de Santa Luc\u00eda estar\u00e1 listo en marzo de 2022: AMLO"}]},{"@type":"WebSite","@id":"https:\/\/favorite-news.com\/mx\/#website","url":"https:\/\/favorite-news.com\/mx\/","name":"Favorite News","description":"Favorite News Mexico","potentialAction":[{"@type":"SearchAction","target":{"@type":"EntryPoint","urlTemplate":"https:\/\/favorite-news.com\/mx\/?s={search_term_string}"},"query-input":{"@type":"PropertyValueSpecification","valueRequired":true,"valueName":"search_term_string"}}],"inLanguage":"es"},{"@type":"Person","@id":"https:\/\/favorite-news.com\/mx\/#\/schema\/person\/b91573b717dcfa5e4696032a9d28d3e8","name":"favorite-news","image":{"@type":"ImageObject","inLanguage":"es","@id":"https:\/\/secure.gravatar.com\/avatar\/6c5a5cb12b74e9d517ee91cf570335b7d16177f1977cc91db161adfa435945a7?s=96&d=mm&r=g","url":"https:\/\/secure.gravatar.com\/avatar\/6c5a5cb12b74e9d517ee91cf570335b7d16177f1977cc91db161adfa435945a7?s=96&d=mm&r=g","contentUrl":"https:\/\/secure.gravatar.com\/avatar\/6c5a5cb12b74e9d517ee91cf570335b7d16177f1977cc91db161adfa435945a7?s=96&d=mm&r=g","caption":"favorite-news"},"url":"https:\/\/favorite-news.com\/mx\/author\/pt\/"}]}},"_links":{"self":[{"href":"https:\/\/favorite-news.com\/mx\/wp-json\/wp\/v2\/posts\/4095","targetHints":{"allow":["GET"]}}],"collection":[{"href":"https:\/\/favorite-news.com\/mx\/wp-json\/wp\/v2\/posts"}],"about":[{"href":"https:\/\/favorite-news.com\/mx\/wp-json\/wp\/v2\/types\/post"}],"author":[{"embeddable":true,"href":"https:\/\/favorite-news.com\/mx\/wp-json\/wp\/v2\/users\/2"}],"replies":[{"embeddable":true,"href":"https:\/\/favorite-news.com\/mx\/wp-json\/wp\/v2\/comments?post=4095"}],"version-history":[{"count":0,"href":"https:\/\/favorite-news.com\/mx\/wp-json\/wp\/v2\/posts\/4095\/revisions"}],"wp:attachment":[{"href":"https:\/\/favorite-news.com\/mx\/wp-json\/wp\/v2\/media?parent=4095"}],"wp:term":[{"taxonomy":"category","embeddable":true,"href":"https:\/\/favorite-news.com\/mx\/wp-json\/wp\/v2\/categories?post=4095"},{"taxonomy":"post_tag","embeddable":true,"href":"https:\/\/favorite-news.com\/mx\/wp-json\/wp\/v2\/tags?post=4095"}],"curies":[{"name":"wp","href":"https:\/\/api.w.org\/{rel}","templated":true}]}}