{"id":3132,"date":"2019-08-16T10:27:36","date_gmt":"2019-08-16T07:27:36","guid":{"rendered":"https:\/\/favorite-news.com\/mx\/aeropuerto-de-santa-lucia-no-es-factible-gloria-guevara\/"},"modified":"2019-08-16T10:27:36","modified_gmt":"2019-08-16T07:27:36","slug":"aeropuerto-de-santa-lucia-no-es-factible-gloria-guevara","status":"publish","type":"post","link":"https:\/\/favorite-news.com\/mx\/aeropuerto-de-santa-lucia-no-es-factible-gloria-guevara\/","title":{"rendered":"Aeropuerto de Santa Lucia no es factible: Gloria Guevara"},"content":{"rendered":"<p> [ad_1]<br \/>\n<\/p>\n<div id=\"content-body-226-4043477\">\n<p>La construcci\u00f3n del aeropuerto en la base militar de Santa Lucia es inviable, consider\u00f3 Gloria Guevara Manzo, presidenta y CEO del World Travel &amp; Tourism Council (WTTC) IAP, al recibir la Medalla Liderazgo An\u00e1huac en Turismo y Gastronom\u00eda 2019.<\/p>\n<p>La exsecretaria de turismo en el sexenio de Felipe Calderon, dijo que entiende la decisi\u00f3n del presidente &#8220;porque me comentaron que hab\u00edan problemas de corrupci\u00f3n&#8221;, con los terrenos de alrededor y &#8220;se agradece la lucha contra la corrupci\u00f3n, pero al mismo tiempo, tenemos la necesidad de un aeropuerto de calidad&#8221;. <\/p>\n<p>&#8220;Yo no creo (que sea viable) y los expertos con los que interact\u00fao de la Asociaci\u00f3n Mundial de Aeropuertos, no creen que el aeropuerto de Santa Lucia sea factible&#8221;.<\/p>\n<p>Guevara refiri\u00f3 que el impacto por la cancelaci\u00f3n del Nuevo Aeropuerto Internacional de M\u00e9xico &#8220;lo vamos a ver en unos cinco a\u00f1os, nos estamos quedando en una gran desventaja competitiva&#8221;, asegur\u00f3.<\/p>\n<p>Ejemplific\u00f3 que Singapur, que es un pa\u00eds m\u00e1s chico que M\u00e9xico, &#8220;tiene un mejor aeropuerto&#8221;.<\/p>\n<p>Gloria Guevara se ofreci\u00f3 a aportar su experiencia en el ramo para apoyar al gobierno federal a traer m\u00e1s inversionistas o lo que necesite el pa\u00eds.<\/p>\n<p>Por \u00faltimo, dijo que al contrario de lo que se podr\u00eda pensar, la inestabilidad pol\u00edtica afecta m\u00e1s el turismo que los ataques terroristas.<\/p>\n<p>&#8220;Barcelona, la capital de Catalu\u00f1a, despu\u00e9s de los ataques terroristas (de 2017), a las seis semanas ten\u00edan arriba su capacidad hotelera. En contraste, en Catalu\u00f1a, que el a\u00f1o pasado estuvo envuelta en protestas que exig\u00edan su independencia de Espa\u00f1a, el turismo todav\u00eda no se recupera&#8221;.<\/p>\n<\/div>\n<p><script>(function(d, s, id) {\nvar js, fjs = d.getElementsByTagName(s)[0];\nif (d.getElementById(id)) return;\njs = d.createElement(s); js.id = id;\njs.src = 'https:\/\/connect.facebook.net\/es_LA\/sdk.js#xfbml=1&version=v3.2&appId=641196362757391&autoLogAppEvents=1';\nfjs.parentNode.insertBefore(js, fjs);\n}(document, 'script', 'facebook-jssdk'));\n<\/script><br \/>\n<br \/>[ad_2]<br \/>\n<br \/><a href=\"https:\/\/www.elsoldemexico.com.mx\/finanzas\/aeropuerto-de-santa-lucia-no-es-factible-gloria-guevara-presidenta-y-ceo-del-world-travel-tourism-council-4043477.html\">Source link <\/a><\/p>\n","protected":false},"excerpt":{"rendered":"<p>[ad_1] La construcci\u00f3n del aeropuerto en la base militar de Santa Lucia es inviable, consider\u00f3 Gloria Guevara Manzo, presidenta y CEO del World Travel &amp; Tourism Council (WTTC) IAP, al recibir la Medalla Liderazgo An\u00e1huac en Turismo y Gastronom\u00eda 2019. La exsecretaria de turismo en el sexenio de Felipe Calderon, dijo que entiende la decisi\u00f3n [&hellip;]<\/p>\n","protected":false},"author":2,"featured_media":0,"comment_status":"open","ping_status":"open","sticky":false,"template":"","format":"standard","meta":{"footnotes":""},"categories":[1],"tags":[],"class_list":["post-3132","post","type-post","status-publish","format-standard","hentry","category-noticias-financieras"],"yoast_head":"<!-- This site is optimized with the Yoast SEO plugin v27.4 - https:\/\/yoast.com\/product\/yoast-seo-wordpress\/ -->\n<title>Aeropuerto de Santa Lucia no es factible: Gloria Guevara - Favorite News<\/title>\n<meta name=\"robots\" content=\"index, follow, max-snippet:-1, max-image-preview:large, max-video-preview:-1\" \/>\n<link rel=\"canonical\" href=\"https:\/\/favorite-news.com\/mx\/aeropuerto-de-santa-lucia-no-es-factible-gloria-guevara\/\" \/>\n<meta property=\"og:locale\" content=\"es_MX\" \/>\n<meta property=\"og:type\" content=\"article\" \/>\n<meta property=\"og:title\" content=\"Aeropuerto de Santa Lucia no es factible: Gloria Guevara - Favorite News\" \/>\n<meta property=\"og:description\" content=\"[ad_1] La construcci\u00f3n del aeropuerto en la base militar de Santa Lucia es inviable, consider\u00f3 Gloria Guevara Manzo, presidenta y CEO del World Travel &amp; Tourism Council (WTTC) IAP, al recibir la Medalla Liderazgo An\u00e1huac en Turismo y Gastronom\u00eda 2019. La exsecretaria de turismo en el sexenio de Felipe Calderon, dijo que entiende la decisi\u00f3n [&hellip;]\" \/>\n<meta property=\"og:url\" content=\"https:\/\/favorite-news.com\/mx\/aeropuerto-de-santa-lucia-no-es-factible-gloria-guevara\/\" \/>\n<meta property=\"og:site_name\" content=\"Favorite News\" \/>\n<meta property=\"article:published_time\" content=\"2019-08-16T07:27:36+00:00\" \/>\n<meta name=\"author\" content=\"favorite-news\" \/>\n<meta name=\"twitter:card\" content=\"summary_large_image\" \/>\n<meta name=\"twitter:label1\" content=\"Escrito por\" \/>\n\t<meta name=\"twitter:data1\" content=\"favorite-news\" \/>\n\t<meta name=\"twitter:label2\" content=\"Tiempo de lectura\" \/>\n\t<meta name=\"twitter:data2\" content=\"1 minuto\" \/>\n<script type=\"application\/ld+json\" class=\"yoast-schema-graph\">{\"@context\":\"https:\\\/\\\/schema.org\",\"@graph\":[{\"@type\":\"Article\",\"@id\":\"https:\\\/\\\/favorite-news.com\\\/mx\\\/aeropuerto-de-santa-lucia-no-es-factible-gloria-guevara\\\/#article\",\"isPartOf\":{\"@id\":\"https:\\\/\\\/favorite-news.com\\\/mx\\\/aeropuerto-de-santa-lucia-no-es-factible-gloria-guevara\\\/\"},\"author\":{\"name\":\"favorite-news\",\"@id\":\"https:\\\/\\\/favorite-news.com\\\/mx\\\/#\\\/schema\\\/person\\\/b91573b717dcfa5e4696032a9d28d3e8\"},\"headline\":\"Aeropuerto de Santa Lucia no es factible: Gloria Guevara\",\"datePublished\":\"2019-08-16T07:27:36+00:00\",\"mainEntityOfPage\":{\"@id\":\"https:\\\/\\\/favorite-news.com\\\/mx\\\/aeropuerto-de-santa-lucia-no-es-factible-gloria-guevara\\\/\"},\"wordCount\":297,\"commentCount\":0,\"articleSection\":[\"NOTICIAS FINANCIERAS\"],\"inLanguage\":\"es\",\"potentialAction\":[{\"@type\":\"CommentAction\",\"name\":\"Comment\",\"target\":[\"https:\\\/\\\/favorite-news.com\\\/mx\\\/aeropuerto-de-santa-lucia-no-es-factible-gloria-guevara\\\/#respond\"]}]},{\"@type\":\"WebPage\",\"@id\":\"https:\\\/\\\/favorite-news.com\\\/mx\\\/aeropuerto-de-santa-lucia-no-es-factible-gloria-guevara\\\/\",\"url\":\"https:\\\/\\\/favorite-news.com\\\/mx\\\/aeropuerto-de-santa-lucia-no-es-factible-gloria-guevara\\\/\",\"name\":\"Aeropuerto de Santa Lucia no es factible: Gloria Guevara - Favorite News\",\"isPartOf\":{\"@id\":\"https:\\\/\\\/favorite-news.com\\\/mx\\\/#website\"},\"datePublished\":\"2019-08-16T07:27:36+00:00\",\"author\":{\"@id\":\"https:\\\/\\\/favorite-news.com\\\/mx\\\/#\\\/schema\\\/person\\\/b91573b717dcfa5e4696032a9d28d3e8\"},\"breadcrumb\":{\"@id\":\"https:\\\/\\\/favorite-news.com\\\/mx\\\/aeropuerto-de-santa-lucia-no-es-factible-gloria-guevara\\\/#breadcrumb\"},\"inLanguage\":\"es\",\"potentialAction\":[{\"@type\":\"ReadAction\",\"target\":[\"https:\\\/\\\/favorite-news.com\\\/mx\\\/aeropuerto-de-santa-lucia-no-es-factible-gloria-guevara\\\/\"]}]},{\"@type\":\"BreadcrumbList\",\"@id\":\"https:\\\/\\\/favorite-news.com\\\/mx\\\/aeropuerto-de-santa-lucia-no-es-factible-gloria-guevara\\\/#breadcrumb\",\"itemListElement\":[{\"@type\":\"ListItem\",\"position\":1,\"name\":\"\u0413\u043b\u0430\u0432\u043d\u0430\u044f \u0441\u0442\u0440\u0430\u043d\u0438\u0446\u0430\",\"item\":\"https:\\\/\\\/favorite-news.com\\\/mx\\\/\"},{\"@type\":\"ListItem\",\"position\":2,\"name\":\"Aeropuerto de Santa Lucia no es factible: Gloria Guevara\"}]},{\"@type\":\"WebSite\",\"@id\":\"https:\\\/\\\/favorite-news.com\\\/mx\\\/#website\",\"url\":\"https:\\\/\\\/favorite-news.com\\\/mx\\\/\",\"name\":\"Favorite News\",\"description\":\"Favorite News Mexico\",\"potentialAction\":[{\"@type\":\"SearchAction\",\"target\":{\"@type\":\"EntryPoint\",\"urlTemplate\":\"https:\\\/\\\/favorite-news.com\\\/mx\\\/?s={search_term_string}\"},\"query-input\":{\"@type\":\"PropertyValueSpecification\",\"valueRequired\":true,\"valueName\":\"search_term_string\"}}],\"inLanguage\":\"es\"},{\"@type\":\"Person\",\"@id\":\"https:\\\/\\\/favorite-news.com\\\/mx\\\/#\\\/schema\\\/person\\\/b91573b717dcfa5e4696032a9d28d3e8\",\"name\":\"favorite-news\",\"image\":{\"@type\":\"ImageObject\",\"inLanguage\":\"es\",\"@id\":\"https:\\\/\\\/secure.gravatar.com\\\/avatar\\\/6c5a5cb12b74e9d517ee91cf570335b7d16177f1977cc91db161adfa435945a7?s=96&d=mm&r=g\",\"url\":\"https:\\\/\\\/secure.gravatar.com\\\/avatar\\\/6c5a5cb12b74e9d517ee91cf570335b7d16177f1977cc91db161adfa435945a7?s=96&d=mm&r=g\",\"contentUrl\":\"https:\\\/\\\/secure.gravatar.com\\\/avatar\\\/6c5a5cb12b74e9d517ee91cf570335b7d16177f1977cc91db161adfa435945a7?s=96&d=mm&r=g\",\"caption\":\"favorite-news\"},\"url\":\"https:\\\/\\\/favorite-news.com\\\/mx\\\/author\\\/pt\\\/\"}]}<\/script>\n<!-- \/ Yoast SEO plugin. -->","yoast_head_json":{"title":"Aeropuerto de Santa Lucia no es factible: Gloria Guevara - Favorite News","robots":{"index":"index","follow":"follow","max-snippet":"max-snippet:-1","max-image-preview":"max-image-preview:large","max-video-preview":"max-video-preview:-1"},"canonical":"https:\/\/favorite-news.com\/mx\/aeropuerto-de-santa-lucia-no-es-factible-gloria-guevara\/","og_locale":"es_MX","og_type":"article","og_title":"Aeropuerto de Santa Lucia no es factible: Gloria Guevara - Favorite News","og_description":"[ad_1] La construcci\u00f3n del aeropuerto en la base militar de Santa Lucia es inviable, consider\u00f3 Gloria Guevara Manzo, presidenta y CEO del World Travel &amp; Tourism Council (WTTC) IAP, al recibir la Medalla Liderazgo An\u00e1huac en Turismo y Gastronom\u00eda 2019. La exsecretaria de turismo en el sexenio de Felipe Calderon, dijo que entiende la decisi\u00f3n [&hellip;]","og_url":"https:\/\/favorite-news.com\/mx\/aeropuerto-de-santa-lucia-no-es-factible-gloria-guevara\/","og_site_name":"Favorite News","article_published_time":"2019-08-16T07:27:36+00:00","author":"favorite-news","twitter_card":"summary_large_image","twitter_misc":{"Escrito por":"favorite-news","Tiempo de lectura":"1 minuto"},"schema":{"@context":"https:\/\/schema.org","@graph":[{"@type":"Article","@id":"https:\/\/favorite-news.com\/mx\/aeropuerto-de-santa-lucia-no-es-factible-gloria-guevara\/#article","isPartOf":{"@id":"https:\/\/favorite-news.com\/mx\/aeropuerto-de-santa-lucia-no-es-factible-gloria-guevara\/"},"author":{"name":"favorite-news","@id":"https:\/\/favorite-news.com\/mx\/#\/schema\/person\/b91573b717dcfa5e4696032a9d28d3e8"},"headline":"Aeropuerto de Santa Lucia no es factible: Gloria Guevara","datePublished":"2019-08-16T07:27:36+00:00","mainEntityOfPage":{"@id":"https:\/\/favorite-news.com\/mx\/aeropuerto-de-santa-lucia-no-es-factible-gloria-guevara\/"},"wordCount":297,"commentCount":0,"articleSection":["NOTICIAS FINANCIERAS"],"inLanguage":"es","potentialAction":[{"@type":"CommentAction","name":"Comment","target":["https:\/\/favorite-news.com\/mx\/aeropuerto-de-santa-lucia-no-es-factible-gloria-guevara\/#respond"]}]},{"@type":"WebPage","@id":"https:\/\/favorite-news.com\/mx\/aeropuerto-de-santa-lucia-no-es-factible-gloria-guevara\/","url":"https:\/\/favorite-news.com\/mx\/aeropuerto-de-santa-lucia-no-es-factible-gloria-guevara\/","name":"Aeropuerto de Santa Lucia no es factible: Gloria Guevara - Favorite News","isPartOf":{"@id":"https:\/\/favorite-news.com\/mx\/#website"},"datePublished":"2019-08-16T07:27:36+00:00","author":{"@id":"https:\/\/favorite-news.com\/mx\/#\/schema\/person\/b91573b717dcfa5e4696032a9d28d3e8"},"breadcrumb":{"@id":"https:\/\/favorite-news.com\/mx\/aeropuerto-de-santa-lucia-no-es-factible-gloria-guevara\/#breadcrumb"},"inLanguage":"es","potentialAction":[{"@type":"ReadAction","target":["https:\/\/favorite-news.com\/mx\/aeropuerto-de-santa-lucia-no-es-factible-gloria-guevara\/"]}]},{"@type":"BreadcrumbList","@id":"https:\/\/favorite-news.com\/mx\/aeropuerto-de-santa-lucia-no-es-factible-gloria-guevara\/#breadcrumb","itemListElement":[{"@type":"ListItem","position":1,"name":"\u0413\u043b\u0430\u0432\u043d\u0430\u044f \u0441\u0442\u0440\u0430\u043d\u0438\u0446\u0430","item":"https:\/\/favorite-news.com\/mx\/"},{"@type":"ListItem","position":2,"name":"Aeropuerto de Santa Lucia no es factible: Gloria Guevara"}]},{"@type":"WebSite","@id":"https:\/\/favorite-news.com\/mx\/#website","url":"https:\/\/favorite-news.com\/mx\/","name":"Favorite News","description":"Favorite News Mexico","potentialAction":[{"@type":"SearchAction","target":{"@type":"EntryPoint","urlTemplate":"https:\/\/favorite-news.com\/mx\/?s={search_term_string}"},"query-input":{"@type":"PropertyValueSpecification","valueRequired":true,"valueName":"search_term_string"}}],"inLanguage":"es"},{"@type":"Person","@id":"https:\/\/favorite-news.com\/mx\/#\/schema\/person\/b91573b717dcfa5e4696032a9d28d3e8","name":"favorite-news","image":{"@type":"ImageObject","inLanguage":"es","@id":"https:\/\/secure.gravatar.com\/avatar\/6c5a5cb12b74e9d517ee91cf570335b7d16177f1977cc91db161adfa435945a7?s=96&d=mm&r=g","url":"https:\/\/secure.gravatar.com\/avatar\/6c5a5cb12b74e9d517ee91cf570335b7d16177f1977cc91db161adfa435945a7?s=96&d=mm&r=g","contentUrl":"https:\/\/secure.gravatar.com\/avatar\/6c5a5cb12b74e9d517ee91cf570335b7d16177f1977cc91db161adfa435945a7?s=96&d=mm&r=g","caption":"favorite-news"},"url":"https:\/\/favorite-news.com\/mx\/author\/pt\/"}]}},"_links":{"self":[{"href":"https:\/\/favorite-news.com\/mx\/wp-json\/wp\/v2\/posts\/3132","targetHints":{"allow":["GET"]}}],"collection":[{"href":"https:\/\/favorite-news.com\/mx\/wp-json\/wp\/v2\/posts"}],"about":[{"href":"https:\/\/favorite-news.com\/mx\/wp-json\/wp\/v2\/types\/post"}],"author":[{"embeddable":true,"href":"https:\/\/favorite-news.com\/mx\/wp-json\/wp\/v2\/users\/2"}],"replies":[{"embeddable":true,"href":"https:\/\/favorite-news.com\/mx\/wp-json\/wp\/v2\/comments?post=3132"}],"version-history":[{"count":0,"href":"https:\/\/favorite-news.com\/mx\/wp-json\/wp\/v2\/posts\/3132\/revisions"}],"wp:attachment":[{"href":"https:\/\/favorite-news.com\/mx\/wp-json\/wp\/v2\/media?parent=3132"}],"wp:term":[{"taxonomy":"category","embeddable":true,"href":"https:\/\/favorite-news.com\/mx\/wp-json\/wp\/v2\/categories?post=3132"},{"taxonomy":"post_tag","embeddable":true,"href":"https:\/\/favorite-news.com\/mx\/wp-json\/wp\/v2\/tags?post=3132"}],"curies":[{"name":"wp","href":"https:\/\/api.w.org\/{rel}","templated":true}]}}