{"id":3125,"date":"2019-08-16T05:23:07","date_gmt":"2019-08-16T02:23:07","guid":{"rendered":"https:\/\/favorite-news.com\/mx\/agenda-turistica-debe-estar-arriba-de-la-politica-alejandro-zozaya\/"},"modified":"2019-08-16T05:23:07","modified_gmt":"2019-08-16T02:23:07","slug":"agenda-turistica-debe-estar-arriba-de-la-politica-alejandro-zozaya","status":"publish","type":"post","link":"https:\/\/favorite-news.com\/mx\/agenda-turistica-debe-estar-arriba-de-la-politica-alejandro-zozaya\/","title":{"rendered":"Agenda tur\u00edstica, debe estar arriba de la pol\u00edtica: Alejandro Zozaya"},"content":{"rendered":"<p> [ad_1]<br \/>\n<\/p>\n<div id=\"content-body-226-4045504\">\n<p>Alejandro Zozaya-Goroztiza, CEO de Apple Leisere Group, el mayor operador de viajes todo incluido de EU a M\u00e9xico, demand\u00f3 poner la agenda del turismo por encima de la pol\u00edtica, esto ante los datos que apuntan al declive del sector en el pa\u00eds. <\/p>\n<p>En el primer trimestre de 2019, el PIB tur\u00edstico cay\u00f3 0.8 por ciento y Zozaya avizora n\u00fameros negativos en el sector turismo en los pr\u00f3ximos a\u00f1os.<\/p>\n<p>Al participar en el congreso &#8220;El desaf\u00edo del Turismo en M\u00e9xico y el Mundo&#8221;, organizado por la Asociaci\u00f3n Femenil de Ejecutivas de Empresas Tur\u00edsticas de la Rep\u00fablica Mexicana, el empresario dijo que si nos vamos a dedicar a cumplir las promesas campa\u00f1as a cualquier costo \u201cva a pasar lo que sucede en Estados Unidos\u201d.<\/p>\n<p>Reconocer equivocaciones es de sabios. Creo que nos hemos equivocado como en la cancelaci\u00f3n del aeropuerto, la disminuci\u00f3n de recursos a la promoci\u00f3n tur\u00edstica y \u201cel Tren Maya, maravilloso, pero a costa de qu\u00e9\u201d, cuestion\u00f3. <\/p>\n<p>\u201cEl fin no justifica los medios\u201d, ojal\u00e1 que nos escuchen, dijo Zozaya. <\/p>\n<p>En el mismo evento, Jos\u00e9 Luis Castro, CEO de Corporate Travel Services, se\u00f1al\u00f3 que &#8220;hay se\u00f1ales que el ciclo positivo del turismo se est\u00e1 acabando&#8221;.<\/p>\n<p>Ignacio Cabrera Fern\u00e1ndez, director General del Programa de Promoci\u00f3n Tur\u00edstica de la Secretaria de Relaciones Exteriores, precis\u00f3 que esta tarea es prioritaria para el gobierno, por lo que se adelant\u00f3 para el 28 de agosto la sesi\u00f3n de instalaci\u00f3n de este organismo que sustituir\u00e1 la labor que realizaba el Consejo de Promoci\u00f3n Tur\u00edstica. <\/p>\n<p>Sin embargo, aclar\u00f3 que la nueva entidad tendr\u00e1 recursos y comenzar\u00e1 a operar en 2020. El dinero que hab\u00eda en el CPTM se fue al Tren Maya, dijo el exsecretario de turismo de Sonora.<\/p>\n<p>El funcionario dijo que tras la extinci\u00f3n del CPTM, en el que hab\u00eda 30 consejeros, hay menos molestia entre los empresarios. <\/p>\n<p>Dijo la creaci\u00f3n del consejo es un acuerdo para apoyar a la Secretar\u00eda de Turismo en la parte internacional. &#8220;Tenemos 150 representaciones alrededor del mundo y se est\u00e1 capacitando a los embajadores en promoci\u00f3n tur\u00edstica&#8221;. &#8220;Si antes ten\u00edas 20 oficinas del CPTM, ahora tenemos 150&#8221;.<\/p>\n<\/div>\n<p><script>(function(d, s, id) {\nvar js, fjs = d.getElementsByTagName(s)[0];\nif (d.getElementById(id)) return;\njs = d.createElement(s); js.id = id;\njs.src = 'https:\/\/connect.facebook.net\/es_LA\/sdk.js#xfbml=1&version=v3.2&appId=641196362757391&autoLogAppEvents=1';\nfjs.parentNode.insertBefore(js, fjs);\n}(document, 'script', 'facebook-jssdk'));\n<\/script><br \/>\n<br \/>[ad_2]<br \/>\n<br \/><a href=\"https:\/\/www.elsoldemexico.com.mx\/finanzas\/agenda-turistica-debe-estar-arriba-de-la-politica-alejandro-zozaya-apple-leisere-group-4045504.html\">Source link <\/a><\/p>\n","protected":false},"excerpt":{"rendered":"<p>[ad_1] Alejandro Zozaya-Goroztiza, CEO de Apple Leisere Group, el mayor operador de viajes todo incluido de EU a M\u00e9xico, demand\u00f3 poner la agenda del turismo por encima de la pol\u00edtica, esto ante los datos que apuntan al declive del sector en el pa\u00eds. En el primer trimestre de 2019, el PIB tur\u00edstico cay\u00f3 0.8 por [&hellip;]<\/p>\n","protected":false},"author":2,"featured_media":0,"comment_status":"open","ping_status":"open","sticky":false,"template":"","format":"standard","meta":{"footnotes":""},"categories":[1],"tags":[],"class_list":["post-3125","post","type-post","status-publish","format-standard","hentry","category-noticias-financieras"],"yoast_head":"<!-- This site is optimized with the Yoast SEO plugin v27.4 - https:\/\/yoast.com\/product\/yoast-seo-wordpress\/ -->\n<title>Agenda tur\u00edstica, debe estar arriba de la pol\u00edtica: Alejandro Zozaya - Favorite News<\/title>\n<meta name=\"robots\" content=\"index, follow, max-snippet:-1, max-image-preview:large, max-video-preview:-1\" \/>\n<link rel=\"canonical\" href=\"https:\/\/favorite-news.com\/mx\/agenda-turistica-debe-estar-arriba-de-la-politica-alejandro-zozaya\/\" \/>\n<meta property=\"og:locale\" content=\"es_MX\" \/>\n<meta property=\"og:type\" content=\"article\" \/>\n<meta property=\"og:title\" content=\"Agenda tur\u00edstica, debe estar arriba de la pol\u00edtica: Alejandro Zozaya - Favorite News\" \/>\n<meta property=\"og:description\" content=\"[ad_1] Alejandro Zozaya-Goroztiza, CEO de Apple Leisere Group, el mayor operador de viajes todo incluido de EU a M\u00e9xico, demand\u00f3 poner la agenda del turismo por encima de la pol\u00edtica, esto ante los datos que apuntan al declive del sector en el pa\u00eds. En el primer trimestre de 2019, el PIB tur\u00edstico cay\u00f3 0.8 por [&hellip;]\" \/>\n<meta property=\"og:url\" content=\"https:\/\/favorite-news.com\/mx\/agenda-turistica-debe-estar-arriba-de-la-politica-alejandro-zozaya\/\" \/>\n<meta property=\"og:site_name\" content=\"Favorite News\" \/>\n<meta property=\"article:published_time\" content=\"2019-08-16T02:23:07+00:00\" \/>\n<meta name=\"author\" content=\"favorite-news\" \/>\n<meta name=\"twitter:card\" content=\"summary_large_image\" \/>\n<meta name=\"twitter:label1\" content=\"Escrito por\" \/>\n\t<meta name=\"twitter:data1\" content=\"favorite-news\" \/>\n\t<meta name=\"twitter:label2\" content=\"Tiempo de lectura\" \/>\n\t<meta name=\"twitter:data2\" content=\"2 minutos\" \/>\n<script type=\"application\/ld+json\" class=\"yoast-schema-graph\">{\"@context\":\"https:\\\/\\\/schema.org\",\"@graph\":[{\"@type\":\"Article\",\"@id\":\"https:\\\/\\\/favorite-news.com\\\/mx\\\/agenda-turistica-debe-estar-arriba-de-la-politica-alejandro-zozaya\\\/#article\",\"isPartOf\":{\"@id\":\"https:\\\/\\\/favorite-news.com\\\/mx\\\/agenda-turistica-debe-estar-arriba-de-la-politica-alejandro-zozaya\\\/\"},\"author\":{\"name\":\"favorite-news\",\"@id\":\"https:\\\/\\\/favorite-news.com\\\/mx\\\/#\\\/schema\\\/person\\\/b91573b717dcfa5e4696032a9d28d3e8\"},\"headline\":\"Agenda tur\u00edstica, debe estar arriba de la pol\u00edtica: Alejandro Zozaya\",\"datePublished\":\"2019-08-16T02:23:07+00:00\",\"mainEntityOfPage\":{\"@id\":\"https:\\\/\\\/favorite-news.com\\\/mx\\\/agenda-turistica-debe-estar-arriba-de-la-politica-alejandro-zozaya\\\/\"},\"wordCount\":389,\"commentCount\":0,\"articleSection\":[\"NOTICIAS FINANCIERAS\"],\"inLanguage\":\"es\",\"potentialAction\":[{\"@type\":\"CommentAction\",\"name\":\"Comment\",\"target\":[\"https:\\\/\\\/favorite-news.com\\\/mx\\\/agenda-turistica-debe-estar-arriba-de-la-politica-alejandro-zozaya\\\/#respond\"]}]},{\"@type\":\"WebPage\",\"@id\":\"https:\\\/\\\/favorite-news.com\\\/mx\\\/agenda-turistica-debe-estar-arriba-de-la-politica-alejandro-zozaya\\\/\",\"url\":\"https:\\\/\\\/favorite-news.com\\\/mx\\\/agenda-turistica-debe-estar-arriba-de-la-politica-alejandro-zozaya\\\/\",\"name\":\"Agenda tur\u00edstica, debe estar arriba de la pol\u00edtica: Alejandro Zozaya - Favorite News\",\"isPartOf\":{\"@id\":\"https:\\\/\\\/favorite-news.com\\\/mx\\\/#website\"},\"datePublished\":\"2019-08-16T02:23:07+00:00\",\"author\":{\"@id\":\"https:\\\/\\\/favorite-news.com\\\/mx\\\/#\\\/schema\\\/person\\\/b91573b717dcfa5e4696032a9d28d3e8\"},\"breadcrumb\":{\"@id\":\"https:\\\/\\\/favorite-news.com\\\/mx\\\/agenda-turistica-debe-estar-arriba-de-la-politica-alejandro-zozaya\\\/#breadcrumb\"},\"inLanguage\":\"es\",\"potentialAction\":[{\"@type\":\"ReadAction\",\"target\":[\"https:\\\/\\\/favorite-news.com\\\/mx\\\/agenda-turistica-debe-estar-arriba-de-la-politica-alejandro-zozaya\\\/\"]}]},{\"@type\":\"BreadcrumbList\",\"@id\":\"https:\\\/\\\/favorite-news.com\\\/mx\\\/agenda-turistica-debe-estar-arriba-de-la-politica-alejandro-zozaya\\\/#breadcrumb\",\"itemListElement\":[{\"@type\":\"ListItem\",\"position\":1,\"name\":\"\u0413\u043b\u0430\u0432\u043d\u0430\u044f \u0441\u0442\u0440\u0430\u043d\u0438\u0446\u0430\",\"item\":\"https:\\\/\\\/favorite-news.com\\\/mx\\\/\"},{\"@type\":\"ListItem\",\"position\":2,\"name\":\"Agenda tur\u00edstica, debe estar arriba de la pol\u00edtica: Alejandro Zozaya\"}]},{\"@type\":\"WebSite\",\"@id\":\"https:\\\/\\\/favorite-news.com\\\/mx\\\/#website\",\"url\":\"https:\\\/\\\/favorite-news.com\\\/mx\\\/\",\"name\":\"Favorite News\",\"description\":\"Favorite News Mexico\",\"potentialAction\":[{\"@type\":\"SearchAction\",\"target\":{\"@type\":\"EntryPoint\",\"urlTemplate\":\"https:\\\/\\\/favorite-news.com\\\/mx\\\/?s={search_term_string}\"},\"query-input\":{\"@type\":\"PropertyValueSpecification\",\"valueRequired\":true,\"valueName\":\"search_term_string\"}}],\"inLanguage\":\"es\"},{\"@type\":\"Person\",\"@id\":\"https:\\\/\\\/favorite-news.com\\\/mx\\\/#\\\/schema\\\/person\\\/b91573b717dcfa5e4696032a9d28d3e8\",\"name\":\"favorite-news\",\"image\":{\"@type\":\"ImageObject\",\"inLanguage\":\"es\",\"@id\":\"https:\\\/\\\/secure.gravatar.com\\\/avatar\\\/6c5a5cb12b74e9d517ee91cf570335b7d16177f1977cc91db161adfa435945a7?s=96&d=mm&r=g\",\"url\":\"https:\\\/\\\/secure.gravatar.com\\\/avatar\\\/6c5a5cb12b74e9d517ee91cf570335b7d16177f1977cc91db161adfa435945a7?s=96&d=mm&r=g\",\"contentUrl\":\"https:\\\/\\\/secure.gravatar.com\\\/avatar\\\/6c5a5cb12b74e9d517ee91cf570335b7d16177f1977cc91db161adfa435945a7?s=96&d=mm&r=g\",\"caption\":\"favorite-news\"},\"url\":\"https:\\\/\\\/favorite-news.com\\\/mx\\\/author\\\/pt\\\/\"}]}<\/script>\n<!-- \/ Yoast SEO plugin. -->","yoast_head_json":{"title":"Agenda tur\u00edstica, debe estar arriba de la pol\u00edtica: Alejandro Zozaya - Favorite News","robots":{"index":"index","follow":"follow","max-snippet":"max-snippet:-1","max-image-preview":"max-image-preview:large","max-video-preview":"max-video-preview:-1"},"canonical":"https:\/\/favorite-news.com\/mx\/agenda-turistica-debe-estar-arriba-de-la-politica-alejandro-zozaya\/","og_locale":"es_MX","og_type":"article","og_title":"Agenda tur\u00edstica, debe estar arriba de la pol\u00edtica: Alejandro Zozaya - Favorite News","og_description":"[ad_1] Alejandro Zozaya-Goroztiza, CEO de Apple Leisere Group, el mayor operador de viajes todo incluido de EU a M\u00e9xico, demand\u00f3 poner la agenda del turismo por encima de la pol\u00edtica, esto ante los datos que apuntan al declive del sector en el pa\u00eds. En el primer trimestre de 2019, el PIB tur\u00edstico cay\u00f3 0.8 por [&hellip;]","og_url":"https:\/\/favorite-news.com\/mx\/agenda-turistica-debe-estar-arriba-de-la-politica-alejandro-zozaya\/","og_site_name":"Favorite News","article_published_time":"2019-08-16T02:23:07+00:00","author":"favorite-news","twitter_card":"summary_large_image","twitter_misc":{"Escrito por":"favorite-news","Tiempo de lectura":"2 minutos"},"schema":{"@context":"https:\/\/schema.org","@graph":[{"@type":"Article","@id":"https:\/\/favorite-news.com\/mx\/agenda-turistica-debe-estar-arriba-de-la-politica-alejandro-zozaya\/#article","isPartOf":{"@id":"https:\/\/favorite-news.com\/mx\/agenda-turistica-debe-estar-arriba-de-la-politica-alejandro-zozaya\/"},"author":{"name":"favorite-news","@id":"https:\/\/favorite-news.com\/mx\/#\/schema\/person\/b91573b717dcfa5e4696032a9d28d3e8"},"headline":"Agenda tur\u00edstica, debe estar arriba de la pol\u00edtica: Alejandro Zozaya","datePublished":"2019-08-16T02:23:07+00:00","mainEntityOfPage":{"@id":"https:\/\/favorite-news.com\/mx\/agenda-turistica-debe-estar-arriba-de-la-politica-alejandro-zozaya\/"},"wordCount":389,"commentCount":0,"articleSection":["NOTICIAS FINANCIERAS"],"inLanguage":"es","potentialAction":[{"@type":"CommentAction","name":"Comment","target":["https:\/\/favorite-news.com\/mx\/agenda-turistica-debe-estar-arriba-de-la-politica-alejandro-zozaya\/#respond"]}]},{"@type":"WebPage","@id":"https:\/\/favorite-news.com\/mx\/agenda-turistica-debe-estar-arriba-de-la-politica-alejandro-zozaya\/","url":"https:\/\/favorite-news.com\/mx\/agenda-turistica-debe-estar-arriba-de-la-politica-alejandro-zozaya\/","name":"Agenda tur\u00edstica, debe estar arriba de la pol\u00edtica: Alejandro Zozaya - Favorite News","isPartOf":{"@id":"https:\/\/favorite-news.com\/mx\/#website"},"datePublished":"2019-08-16T02:23:07+00:00","author":{"@id":"https:\/\/favorite-news.com\/mx\/#\/schema\/person\/b91573b717dcfa5e4696032a9d28d3e8"},"breadcrumb":{"@id":"https:\/\/favorite-news.com\/mx\/agenda-turistica-debe-estar-arriba-de-la-politica-alejandro-zozaya\/#breadcrumb"},"inLanguage":"es","potentialAction":[{"@type":"ReadAction","target":["https:\/\/favorite-news.com\/mx\/agenda-turistica-debe-estar-arriba-de-la-politica-alejandro-zozaya\/"]}]},{"@type":"BreadcrumbList","@id":"https:\/\/favorite-news.com\/mx\/agenda-turistica-debe-estar-arriba-de-la-politica-alejandro-zozaya\/#breadcrumb","itemListElement":[{"@type":"ListItem","position":1,"name":"\u0413\u043b\u0430\u0432\u043d\u0430\u044f \u0441\u0442\u0440\u0430\u043d\u0438\u0446\u0430","item":"https:\/\/favorite-news.com\/mx\/"},{"@type":"ListItem","position":2,"name":"Agenda tur\u00edstica, debe estar arriba de la pol\u00edtica: Alejandro Zozaya"}]},{"@type":"WebSite","@id":"https:\/\/favorite-news.com\/mx\/#website","url":"https:\/\/favorite-news.com\/mx\/","name":"Favorite News","description":"Favorite News Mexico","potentialAction":[{"@type":"SearchAction","target":{"@type":"EntryPoint","urlTemplate":"https:\/\/favorite-news.com\/mx\/?s={search_term_string}"},"query-input":{"@type":"PropertyValueSpecification","valueRequired":true,"valueName":"search_term_string"}}],"inLanguage":"es"},{"@type":"Person","@id":"https:\/\/favorite-news.com\/mx\/#\/schema\/person\/b91573b717dcfa5e4696032a9d28d3e8","name":"favorite-news","image":{"@type":"ImageObject","inLanguage":"es","@id":"https:\/\/secure.gravatar.com\/avatar\/6c5a5cb12b74e9d517ee91cf570335b7d16177f1977cc91db161adfa435945a7?s=96&d=mm&r=g","url":"https:\/\/secure.gravatar.com\/avatar\/6c5a5cb12b74e9d517ee91cf570335b7d16177f1977cc91db161adfa435945a7?s=96&d=mm&r=g","contentUrl":"https:\/\/secure.gravatar.com\/avatar\/6c5a5cb12b74e9d517ee91cf570335b7d16177f1977cc91db161adfa435945a7?s=96&d=mm&r=g","caption":"favorite-news"},"url":"https:\/\/favorite-news.com\/mx\/author\/pt\/"}]}},"_links":{"self":[{"href":"https:\/\/favorite-news.com\/mx\/wp-json\/wp\/v2\/posts\/3125","targetHints":{"allow":["GET"]}}],"collection":[{"href":"https:\/\/favorite-news.com\/mx\/wp-json\/wp\/v2\/posts"}],"about":[{"href":"https:\/\/favorite-news.com\/mx\/wp-json\/wp\/v2\/types\/post"}],"author":[{"embeddable":true,"href":"https:\/\/favorite-news.com\/mx\/wp-json\/wp\/v2\/users\/2"}],"replies":[{"embeddable":true,"href":"https:\/\/favorite-news.com\/mx\/wp-json\/wp\/v2\/comments?post=3125"}],"version-history":[{"count":0,"href":"https:\/\/favorite-news.com\/mx\/wp-json\/wp\/v2\/posts\/3125\/revisions"}],"wp:attachment":[{"href":"https:\/\/favorite-news.com\/mx\/wp-json\/wp\/v2\/media?parent=3125"}],"wp:term":[{"taxonomy":"category","embeddable":true,"href":"https:\/\/favorite-news.com\/mx\/wp-json\/wp\/v2\/categories?post=3125"},{"taxonomy":"post_tag","embeddable":true,"href":"https:\/\/favorite-news.com\/mx\/wp-json\/wp\/v2\/tags?post=3125"}],"curies":[{"name":"wp","href":"https:\/\/api.w.org\/{rel}","templated":true}]}}