{"id":3118,"date":"2019-08-16T00:25:20","date_gmt":"2019-08-15T21:25:20","guid":{"rendered":"https:\/\/favorite-news.com\/mx\/podcast-despierta-con-el-sol-prometen-en-pacto-oaxaca-100-mil-mdd-para-sureste-del-pais\/"},"modified":"2019-08-16T00:25:22","modified_gmt":"2019-08-15T21:25:22","slug":"podcast-despierta-con-el-sol-prometen-en-pacto-oaxaca-100-mil-mdd-para-sureste-del-pais","status":"publish","type":"post","link":"https:\/\/favorite-news.com\/mx\/podcast-despierta-con-el-sol-prometen-en-pacto-oaxaca-100-mil-mdd-para-sureste-del-pais\/","title":{"rendered":"[Podcast] Despierta con el Sol | Prometen en Pacto Oaxaca 100 mil mdd para sureste del pa\u00eds"},"content":{"rendered":"<p> [ad_1]<br \/>\n<\/p>\n<div id=\"content-body-226-4044048\">\n<h3>Escucha aqu\u00ed el podcast \u2b07<\/h3>\n<p><b>Apple Podcast<\/b><\/p>\n<p><b>Google Podcast<\/b><\/p>\n<p><b>ABC Radio<\/b><\/p>\n<p>Hiroshi Takahashi da la bienvenida a Despierta con El Sol con la noticia de que <b>Aleatica confirm\u00f3 que su subsidiaria Administradora de Acciones de Toluca<\/b> suscribi\u00f3 una carta de intenci\u00f3n en la que se establecen los criterios para la negociaci\u00f3n.<\/p>\n<p>El periodista Felipe C\u00e1rdenas nos presenta un resumen OEM. En Inteligencia Artificial las portadas de los principales peri\u00f3dicos de la Ciudad de M\u00e9xico con Tania Avil\u00e9s y las portadas internacionales con Israel L\u00f3pez. La informaci\u00f3n de los mercados en Cashtag con Hiroshi Takahashi.<\/p>\n<p>Juan Luis Ramos, reportero de El Sol de M\u00e9xico, presenta el Tema. El presidente de la Confederaci\u00f3n de C\u00e1maras Industriales (Concamin), Francisco Cervantes, calcul\u00f3 que el Pacto Oaxaca, firmado por el presidente Andr\u00e9s Manuel L\u00f3pez Obrador, las principales c\u00e1maras empresariales del pa\u00eds y los gobernadores de nueve estados del sur-sureste, atraer\u00e1 una inversi\u00f3n de m\u00e1s de 100 mil millones de d\u00f3lares a esa regi\u00f3n.<\/p>\n<p>En Dicen los que saben, Juan Carlo Flores Aquino, Gerente Nacional Operativo de ABC Radio, habla de su columna en el diario La Prensa: \u201cAlertadores Ciudadanos\u201d En M\u00e9xico se estima que s\u00f3lo 4.6% de las v\u00edctimas de actos de corrupci\u00f3n denuncian, generalmente por el temor a sufrir represalias. Ante este oscuro panorama era indispensable contar un canal seguro para garantizar la seguridad de quien denuncia.<\/p>\n<h2>No te pierdas \u2b07<\/h2>\n<\/div>\n<p><script>(function(d, s, id) {\nvar js, fjs = d.getElementsByTagName(s)[0];\nif (d.getElementById(id)) return;\njs = d.createElement(s); js.id = id;\njs.src = 'https:\/\/connect.facebook.net\/es_LA\/sdk.js#xfbml=1&version=v3.2&appId=641196362757391&autoLogAppEvents=1';\nfjs.parentNode.insertBefore(js, fjs);\n}(document, 'script', 'facebook-jssdk'));\n<\/script><br \/>\n<br \/>[ad_2]<br \/>\n<br \/><a href=\"https:\/\/www.elsoldemexico.com.mx\/finanzas\/podcast-despierta-con-el-sol-abc-radio-prometen-en-pacto-oaxaca-100-mil-mdd-para-sureste-del-pais-4044048.html\">Source link <\/a><\/p>\n","protected":false},"excerpt":{"rendered":"<p>[ad_1] Escucha aqu\u00ed el podcast \u2b07 Apple Podcast Google Podcast ABC Radio Hiroshi Takahashi da la bienvenida a Despierta con El Sol con la noticia de que Aleatica confirm\u00f3 que su subsidiaria Administradora de Acciones de Toluca suscribi\u00f3 una carta de intenci\u00f3n en la que se establecen los criterios para la negociaci\u00f3n. El periodista Felipe [&hellip;]<\/p>\n","protected":false},"author":2,"featured_media":3119,"comment_status":"open","ping_status":"open","sticky":false,"template":"","format":"standard","meta":{"footnotes":""},"categories":[1],"tags":[],"class_list":["post-3118","post","type-post","status-publish","format-standard","has-post-thumbnail","hentry","category-noticias-financieras"],"yoast_head":"<!-- This site is optimized with the Yoast SEO plugin v27.4 - https:\/\/yoast.com\/product\/yoast-seo-wordpress\/ -->\n<title>[Podcast] Despierta con el Sol | Prometen en Pacto Oaxaca 100 mil mdd para sureste del pa\u00eds - Favorite News<\/title>\n<meta name=\"robots\" content=\"index, follow, max-snippet:-1, max-image-preview:large, max-video-preview:-1\" \/>\n<link rel=\"canonical\" href=\"https:\/\/favorite-news.com\/mx\/podcast-despierta-con-el-sol-prometen-en-pacto-oaxaca-100-mil-mdd-para-sureste-del-pais\/\" \/>\n<meta property=\"og:locale\" content=\"es_MX\" \/>\n<meta property=\"og:type\" content=\"article\" \/>\n<meta property=\"og:title\" content=\"[Podcast] Despierta con el Sol | Prometen en Pacto Oaxaca 100 mil mdd para sureste del pa\u00eds - Favorite News\" \/>\n<meta property=\"og:description\" content=\"[ad_1] Escucha aqu\u00ed el podcast \u2b07 Apple Podcast Google Podcast ABC Radio Hiroshi Takahashi da la bienvenida a Despierta con El Sol con la noticia de que Aleatica confirm\u00f3 que su subsidiaria Administradora de Acciones de Toluca suscribi\u00f3 una carta de intenci\u00f3n en la que se establecen los criterios para la negociaci\u00f3n. El periodista Felipe [&hellip;]\" \/>\n<meta property=\"og:url\" content=\"https:\/\/favorite-news.com\/mx\/podcast-despierta-con-el-sol-prometen-en-pacto-oaxaca-100-mil-mdd-para-sureste-del-pais\/\" \/>\n<meta property=\"og:site_name\" content=\"Favorite News\" \/>\n<meta property=\"article:published_time\" content=\"2019-08-15T21:25:20+00:00\" \/>\n<meta property=\"article:modified_time\" content=\"2019-08-15T21:25:22+00:00\" \/>\n<meta property=\"og:image\" content=\"https:\/\/favorite-news.com\/mx\/wp-content\/uploads\/sites\/8\/2019\/08\/Podcast-Despierta-con-el-Sol-Prometen-en-Pacto-Oaxaca.png\" \/>\n\t<meta property=\"og:image:width\" content=\"1140\" \/>\n\t<meta property=\"og:image:height\" content=\"712\" \/>\n\t<meta property=\"og:image:type\" content=\"image\/png\" \/>\n<meta name=\"author\" content=\"favorite-news\" \/>\n<meta name=\"twitter:card\" content=\"summary_large_image\" \/>\n<meta name=\"twitter:label1\" content=\"Escrito por\" \/>\n\t<meta name=\"twitter:data1\" content=\"favorite-news\" \/>\n\t<meta name=\"twitter:label2\" content=\"Tiempo de lectura\" \/>\n\t<meta name=\"twitter:data2\" content=\"1 minuto\" \/>\n<script type=\"application\/ld+json\" class=\"yoast-schema-graph\">{\"@context\":\"https:\\\/\\\/schema.org\",\"@graph\":[{\"@type\":\"Article\",\"@id\":\"https:\\\/\\\/favorite-news.com\\\/mx\\\/podcast-despierta-con-el-sol-prometen-en-pacto-oaxaca-100-mil-mdd-para-sureste-del-pais\\\/#article\",\"isPartOf\":{\"@id\":\"https:\\\/\\\/favorite-news.com\\\/mx\\\/podcast-despierta-con-el-sol-prometen-en-pacto-oaxaca-100-mil-mdd-para-sureste-del-pais\\\/\"},\"author\":{\"name\":\"favorite-news\",\"@id\":\"https:\\\/\\\/favorite-news.com\\\/mx\\\/#\\\/schema\\\/person\\\/b91573b717dcfa5e4696032a9d28d3e8\"},\"headline\":\"[Podcast] Despierta con el Sol | Prometen en Pacto Oaxaca 100 mil mdd para sureste del pa\u00eds\",\"datePublished\":\"2019-08-15T21:25:20+00:00\",\"dateModified\":\"2019-08-15T21:25:22+00:00\",\"mainEntityOfPage\":{\"@id\":\"https:\\\/\\\/favorite-news.com\\\/mx\\\/podcast-despierta-con-el-sol-prometen-en-pacto-oaxaca-100-mil-mdd-para-sureste-del-pais\\\/\"},\"wordCount\":266,\"commentCount\":0,\"image\":{\"@id\":\"https:\\\/\\\/favorite-news.com\\\/mx\\\/podcast-despierta-con-el-sol-prometen-en-pacto-oaxaca-100-mil-mdd-para-sureste-del-pais\\\/#primaryimage\"},\"thumbnailUrl\":\"https:\\\/\\\/favorite-news.com\\\/mx\\\/wp-content\\\/uploads\\\/sites\\\/8\\\/2019\\\/08\\\/Podcast-Despierta-con-el-Sol-Prometen-en-Pacto-Oaxaca.png\",\"articleSection\":[\"NOTICIAS FINANCIERAS\"],\"inLanguage\":\"es\",\"potentialAction\":[{\"@type\":\"CommentAction\",\"name\":\"Comment\",\"target\":[\"https:\\\/\\\/favorite-news.com\\\/mx\\\/podcast-despierta-con-el-sol-prometen-en-pacto-oaxaca-100-mil-mdd-para-sureste-del-pais\\\/#respond\"]}]},{\"@type\":\"WebPage\",\"@id\":\"https:\\\/\\\/favorite-news.com\\\/mx\\\/podcast-despierta-con-el-sol-prometen-en-pacto-oaxaca-100-mil-mdd-para-sureste-del-pais\\\/\",\"url\":\"https:\\\/\\\/favorite-news.com\\\/mx\\\/podcast-despierta-con-el-sol-prometen-en-pacto-oaxaca-100-mil-mdd-para-sureste-del-pais\\\/\",\"name\":\"[Podcast] Despierta con el Sol | Prometen en Pacto Oaxaca 100 mil mdd para sureste del pa\u00eds - Favorite News\",\"isPartOf\":{\"@id\":\"https:\\\/\\\/favorite-news.com\\\/mx\\\/#website\"},\"primaryImageOfPage\":{\"@id\":\"https:\\\/\\\/favorite-news.com\\\/mx\\\/podcast-despierta-con-el-sol-prometen-en-pacto-oaxaca-100-mil-mdd-para-sureste-del-pais\\\/#primaryimage\"},\"image\":{\"@id\":\"https:\\\/\\\/favorite-news.com\\\/mx\\\/podcast-despierta-con-el-sol-prometen-en-pacto-oaxaca-100-mil-mdd-para-sureste-del-pais\\\/#primaryimage\"},\"thumbnailUrl\":\"https:\\\/\\\/favorite-news.com\\\/mx\\\/wp-content\\\/uploads\\\/sites\\\/8\\\/2019\\\/08\\\/Podcast-Despierta-con-el-Sol-Prometen-en-Pacto-Oaxaca.png\",\"datePublished\":\"2019-08-15T21:25:20+00:00\",\"dateModified\":\"2019-08-15T21:25:22+00:00\",\"author\":{\"@id\":\"https:\\\/\\\/favorite-news.com\\\/mx\\\/#\\\/schema\\\/person\\\/b91573b717dcfa5e4696032a9d28d3e8\"},\"breadcrumb\":{\"@id\":\"https:\\\/\\\/favorite-news.com\\\/mx\\\/podcast-despierta-con-el-sol-prometen-en-pacto-oaxaca-100-mil-mdd-para-sureste-del-pais\\\/#breadcrumb\"},\"inLanguage\":\"es\",\"potentialAction\":[{\"@type\":\"ReadAction\",\"target\":[\"https:\\\/\\\/favorite-news.com\\\/mx\\\/podcast-despierta-con-el-sol-prometen-en-pacto-oaxaca-100-mil-mdd-para-sureste-del-pais\\\/\"]}]},{\"@type\":\"ImageObject\",\"inLanguage\":\"es\",\"@id\":\"https:\\\/\\\/favorite-news.com\\\/mx\\\/podcast-despierta-con-el-sol-prometen-en-pacto-oaxaca-100-mil-mdd-para-sureste-del-pais\\\/#primaryimage\",\"url\":\"https:\\\/\\\/favorite-news.com\\\/mx\\\/wp-content\\\/uploads\\\/sites\\\/8\\\/2019\\\/08\\\/Podcast-Despierta-con-el-Sol-Prometen-en-Pacto-Oaxaca.png\",\"contentUrl\":\"https:\\\/\\\/favorite-news.com\\\/mx\\\/wp-content\\\/uploads\\\/sites\\\/8\\\/2019\\\/08\\\/Podcast-Despierta-con-el-Sol-Prometen-en-Pacto-Oaxaca.png\",\"width\":1140,\"height\":712,\"caption\":\"[Podcast] Despierta con el Sol | Prometen en Pacto Oaxaca 100 mil mdd para sureste del pa\u00eds\"},{\"@type\":\"BreadcrumbList\",\"@id\":\"https:\\\/\\\/favorite-news.com\\\/mx\\\/podcast-despierta-con-el-sol-prometen-en-pacto-oaxaca-100-mil-mdd-para-sureste-del-pais\\\/#breadcrumb\",\"itemListElement\":[{\"@type\":\"ListItem\",\"position\":1,\"name\":\"\u0413\u043b\u0430\u0432\u043d\u0430\u044f \u0441\u0442\u0440\u0430\u043d\u0438\u0446\u0430\",\"item\":\"https:\\\/\\\/favorite-news.com\\\/mx\\\/\"},{\"@type\":\"ListItem\",\"position\":2,\"name\":\"[Podcast] Despierta con el Sol | Prometen en Pacto Oaxaca 100 mil mdd para sureste del pa\u00eds\"}]},{\"@type\":\"WebSite\",\"@id\":\"https:\\\/\\\/favorite-news.com\\\/mx\\\/#website\",\"url\":\"https:\\\/\\\/favorite-news.com\\\/mx\\\/\",\"name\":\"Favorite News\",\"description\":\"Favorite News Mexico\",\"potentialAction\":[{\"@type\":\"SearchAction\",\"target\":{\"@type\":\"EntryPoint\",\"urlTemplate\":\"https:\\\/\\\/favorite-news.com\\\/mx\\\/?s={search_term_string}\"},\"query-input\":{\"@type\":\"PropertyValueSpecification\",\"valueRequired\":true,\"valueName\":\"search_term_string\"}}],\"inLanguage\":\"es\"},{\"@type\":\"Person\",\"@id\":\"https:\\\/\\\/favorite-news.com\\\/mx\\\/#\\\/schema\\\/person\\\/b91573b717dcfa5e4696032a9d28d3e8\",\"name\":\"favorite-news\",\"image\":{\"@type\":\"ImageObject\",\"inLanguage\":\"es\",\"@id\":\"https:\\\/\\\/secure.gravatar.com\\\/avatar\\\/6c5a5cb12b74e9d517ee91cf570335b7d16177f1977cc91db161adfa435945a7?s=96&d=mm&r=g\",\"url\":\"https:\\\/\\\/secure.gravatar.com\\\/avatar\\\/6c5a5cb12b74e9d517ee91cf570335b7d16177f1977cc91db161adfa435945a7?s=96&d=mm&r=g\",\"contentUrl\":\"https:\\\/\\\/secure.gravatar.com\\\/avatar\\\/6c5a5cb12b74e9d517ee91cf570335b7d16177f1977cc91db161adfa435945a7?s=96&d=mm&r=g\",\"caption\":\"favorite-news\"},\"url\":\"https:\\\/\\\/favorite-news.com\\\/mx\\\/author\\\/pt\\\/\"}]}<\/script>\n<!-- \/ Yoast SEO plugin. -->","yoast_head_json":{"title":"[Podcast] Despierta con el Sol | Prometen en Pacto Oaxaca 100 mil mdd para sureste del pa\u00eds - Favorite News","robots":{"index":"index","follow":"follow","max-snippet":"max-snippet:-1","max-image-preview":"max-image-preview:large","max-video-preview":"max-video-preview:-1"},"canonical":"https:\/\/favorite-news.com\/mx\/podcast-despierta-con-el-sol-prometen-en-pacto-oaxaca-100-mil-mdd-para-sureste-del-pais\/","og_locale":"es_MX","og_type":"article","og_title":"[Podcast] Despierta con el Sol | Prometen en Pacto Oaxaca 100 mil mdd para sureste del pa\u00eds - Favorite News","og_description":"[ad_1] Escucha aqu\u00ed el podcast \u2b07 Apple Podcast Google Podcast ABC Radio Hiroshi Takahashi da la bienvenida a Despierta con El Sol con la noticia de que Aleatica confirm\u00f3 que su subsidiaria Administradora de Acciones de Toluca suscribi\u00f3 una carta de intenci\u00f3n en la que se establecen los criterios para la negociaci\u00f3n. El periodista Felipe [&hellip;]","og_url":"https:\/\/favorite-news.com\/mx\/podcast-despierta-con-el-sol-prometen-en-pacto-oaxaca-100-mil-mdd-para-sureste-del-pais\/","og_site_name":"Favorite News","article_published_time":"2019-08-15T21:25:20+00:00","article_modified_time":"2019-08-15T21:25:22+00:00","og_image":[{"width":1140,"height":712,"url":"https:\/\/favorite-news.com\/mx\/wp-content\/uploads\/sites\/8\/2019\/08\/Podcast-Despierta-con-el-Sol-Prometen-en-Pacto-Oaxaca.png","type":"image\/png"}],"author":"favorite-news","twitter_card":"summary_large_image","twitter_misc":{"Escrito por":"favorite-news","Tiempo de lectura":"1 minuto"},"schema":{"@context":"https:\/\/schema.org","@graph":[{"@type":"Article","@id":"https:\/\/favorite-news.com\/mx\/podcast-despierta-con-el-sol-prometen-en-pacto-oaxaca-100-mil-mdd-para-sureste-del-pais\/#article","isPartOf":{"@id":"https:\/\/favorite-news.com\/mx\/podcast-despierta-con-el-sol-prometen-en-pacto-oaxaca-100-mil-mdd-para-sureste-del-pais\/"},"author":{"name":"favorite-news","@id":"https:\/\/favorite-news.com\/mx\/#\/schema\/person\/b91573b717dcfa5e4696032a9d28d3e8"},"headline":"[Podcast] Despierta con el Sol | Prometen en Pacto Oaxaca 100 mil mdd para sureste del pa\u00eds","datePublished":"2019-08-15T21:25:20+00:00","dateModified":"2019-08-15T21:25:22+00:00","mainEntityOfPage":{"@id":"https:\/\/favorite-news.com\/mx\/podcast-despierta-con-el-sol-prometen-en-pacto-oaxaca-100-mil-mdd-para-sureste-del-pais\/"},"wordCount":266,"commentCount":0,"image":{"@id":"https:\/\/favorite-news.com\/mx\/podcast-despierta-con-el-sol-prometen-en-pacto-oaxaca-100-mil-mdd-para-sureste-del-pais\/#primaryimage"},"thumbnailUrl":"https:\/\/favorite-news.com\/mx\/wp-content\/uploads\/sites\/8\/2019\/08\/Podcast-Despierta-con-el-Sol-Prometen-en-Pacto-Oaxaca.png","articleSection":["NOTICIAS FINANCIERAS"],"inLanguage":"es","potentialAction":[{"@type":"CommentAction","name":"Comment","target":["https:\/\/favorite-news.com\/mx\/podcast-despierta-con-el-sol-prometen-en-pacto-oaxaca-100-mil-mdd-para-sureste-del-pais\/#respond"]}]},{"@type":"WebPage","@id":"https:\/\/favorite-news.com\/mx\/podcast-despierta-con-el-sol-prometen-en-pacto-oaxaca-100-mil-mdd-para-sureste-del-pais\/","url":"https:\/\/favorite-news.com\/mx\/podcast-despierta-con-el-sol-prometen-en-pacto-oaxaca-100-mil-mdd-para-sureste-del-pais\/","name":"[Podcast] Despierta con el Sol | Prometen en Pacto Oaxaca 100 mil mdd para sureste del pa\u00eds - Favorite News","isPartOf":{"@id":"https:\/\/favorite-news.com\/mx\/#website"},"primaryImageOfPage":{"@id":"https:\/\/favorite-news.com\/mx\/podcast-despierta-con-el-sol-prometen-en-pacto-oaxaca-100-mil-mdd-para-sureste-del-pais\/#primaryimage"},"image":{"@id":"https:\/\/favorite-news.com\/mx\/podcast-despierta-con-el-sol-prometen-en-pacto-oaxaca-100-mil-mdd-para-sureste-del-pais\/#primaryimage"},"thumbnailUrl":"https:\/\/favorite-news.com\/mx\/wp-content\/uploads\/sites\/8\/2019\/08\/Podcast-Despierta-con-el-Sol-Prometen-en-Pacto-Oaxaca.png","datePublished":"2019-08-15T21:25:20+00:00","dateModified":"2019-08-15T21:25:22+00:00","author":{"@id":"https:\/\/favorite-news.com\/mx\/#\/schema\/person\/b91573b717dcfa5e4696032a9d28d3e8"},"breadcrumb":{"@id":"https:\/\/favorite-news.com\/mx\/podcast-despierta-con-el-sol-prometen-en-pacto-oaxaca-100-mil-mdd-para-sureste-del-pais\/#breadcrumb"},"inLanguage":"es","potentialAction":[{"@type":"ReadAction","target":["https:\/\/favorite-news.com\/mx\/podcast-despierta-con-el-sol-prometen-en-pacto-oaxaca-100-mil-mdd-para-sureste-del-pais\/"]}]},{"@type":"ImageObject","inLanguage":"es","@id":"https:\/\/favorite-news.com\/mx\/podcast-despierta-con-el-sol-prometen-en-pacto-oaxaca-100-mil-mdd-para-sureste-del-pais\/#primaryimage","url":"https:\/\/favorite-news.com\/mx\/wp-content\/uploads\/sites\/8\/2019\/08\/Podcast-Despierta-con-el-Sol-Prometen-en-Pacto-Oaxaca.png","contentUrl":"https:\/\/favorite-news.com\/mx\/wp-content\/uploads\/sites\/8\/2019\/08\/Podcast-Despierta-con-el-Sol-Prometen-en-Pacto-Oaxaca.png","width":1140,"height":712,"caption":"[Podcast] Despierta con el Sol | Prometen en Pacto Oaxaca 100 mil mdd para sureste del pa\u00eds"},{"@type":"BreadcrumbList","@id":"https:\/\/favorite-news.com\/mx\/podcast-despierta-con-el-sol-prometen-en-pacto-oaxaca-100-mil-mdd-para-sureste-del-pais\/#breadcrumb","itemListElement":[{"@type":"ListItem","position":1,"name":"\u0413\u043b\u0430\u0432\u043d\u0430\u044f \u0441\u0442\u0440\u0430\u043d\u0438\u0446\u0430","item":"https:\/\/favorite-news.com\/mx\/"},{"@type":"ListItem","position":2,"name":"[Podcast] Despierta con el Sol | Prometen en Pacto Oaxaca 100 mil mdd para sureste del pa\u00eds"}]},{"@type":"WebSite","@id":"https:\/\/favorite-news.com\/mx\/#website","url":"https:\/\/favorite-news.com\/mx\/","name":"Favorite News","description":"Favorite News Mexico","potentialAction":[{"@type":"SearchAction","target":{"@type":"EntryPoint","urlTemplate":"https:\/\/favorite-news.com\/mx\/?s={search_term_string}"},"query-input":{"@type":"PropertyValueSpecification","valueRequired":true,"valueName":"search_term_string"}}],"inLanguage":"es"},{"@type":"Person","@id":"https:\/\/favorite-news.com\/mx\/#\/schema\/person\/b91573b717dcfa5e4696032a9d28d3e8","name":"favorite-news","image":{"@type":"ImageObject","inLanguage":"es","@id":"https:\/\/secure.gravatar.com\/avatar\/6c5a5cb12b74e9d517ee91cf570335b7d16177f1977cc91db161adfa435945a7?s=96&d=mm&r=g","url":"https:\/\/secure.gravatar.com\/avatar\/6c5a5cb12b74e9d517ee91cf570335b7d16177f1977cc91db161adfa435945a7?s=96&d=mm&r=g","contentUrl":"https:\/\/secure.gravatar.com\/avatar\/6c5a5cb12b74e9d517ee91cf570335b7d16177f1977cc91db161adfa435945a7?s=96&d=mm&r=g","caption":"favorite-news"},"url":"https:\/\/favorite-news.com\/mx\/author\/pt\/"}]}},"_links":{"self":[{"href":"https:\/\/favorite-news.com\/mx\/wp-json\/wp\/v2\/posts\/3118","targetHints":{"allow":["GET"]}}],"collection":[{"href":"https:\/\/favorite-news.com\/mx\/wp-json\/wp\/v2\/posts"}],"about":[{"href":"https:\/\/favorite-news.com\/mx\/wp-json\/wp\/v2\/types\/post"}],"author":[{"embeddable":true,"href":"https:\/\/favorite-news.com\/mx\/wp-json\/wp\/v2\/users\/2"}],"replies":[{"embeddable":true,"href":"https:\/\/favorite-news.com\/mx\/wp-json\/wp\/v2\/comments?post=3118"}],"version-history":[{"count":1,"href":"https:\/\/favorite-news.com\/mx\/wp-json\/wp\/v2\/posts\/3118\/revisions"}],"predecessor-version":[{"id":3120,"href":"https:\/\/favorite-news.com\/mx\/wp-json\/wp\/v2\/posts\/3118\/revisions\/3120"}],"wp:featuredmedia":[{"embeddable":true,"href":"https:\/\/favorite-news.com\/mx\/wp-json\/wp\/v2\/media\/3119"}],"wp:attachment":[{"href":"https:\/\/favorite-news.com\/mx\/wp-json\/wp\/v2\/media?parent=3118"}],"wp:term":[{"taxonomy":"category","embeddable":true,"href":"https:\/\/favorite-news.com\/mx\/wp-json\/wp\/v2\/categories?post=3118"},{"taxonomy":"post_tag","embeddable":true,"href":"https:\/\/favorite-news.com\/mx\/wp-json\/wp\/v2\/tags?post=3118"}],"curies":[{"name":"wp","href":"https:\/\/api.w.org\/{rel}","templated":true}]}}