{"id":3116,"date":"2019-08-15T22:45:44","date_gmt":"2019-08-15T19:45:44","guid":{"rendered":"https:\/\/favorite-news.com\/mx\/banxico-recorta-tasa-de-interes-25-puntos-base\/"},"modified":"2019-08-15T22:45:45","modified_gmt":"2019-08-15T19:45:45","slug":"banxico-recorta-tasa-de-interes-25-puntos-base","status":"publish","type":"post","link":"https:\/\/favorite-news.com\/mx\/banxico-recorta-tasa-de-interes-25-puntos-base\/","title":{"rendered":"Banxico recorta tasa de inter\u00e9s 25 puntos base"},"content":{"rendered":"<p> [ad_1]<br \/>\n<\/p>\n<div id=\"content-body-226-4043488\">\n<p>El Banco de M\u00e9xico redujo la tasa de inter\u00e9s referencial en 25 puntos base para ubicarla en 8%, con una votaci\u00f3n de cuatro a uno, y en medio de la incertidumbre econ\u00f3mica internacional.<\/p>\n<p>En su comunicado de pol\u00edtica econ\u00f3mica, el Banxico se\u00f1al\u00f3 que los mercados financieros nacionales reflejan los efectos de las menores tasas de inter\u00e9s y de los episodios de volatilidad cambiaria.<\/p>\n<p>A esto, sum\u00f3 la incertidumbre de la relaci\u00f3n bilateral entre M\u00e9xico y Estados Unidos, as\u00ed como las calificaciones crediticias de Pemex y del pa\u00eds.<\/p>\n<p>El entorno actual, a\u00f1adi\u00f3, sigue presentando importantes riesgos de mediano y largo plazos que pudieran afectar las condiciones macroecon\u00f3micas del pa\u00eds, su capacidad de crecimiento y los precios. <\/p>\n<p>Por ello, asegur\u00f3 que adem\u00e1s de la pol\u00edtica monetaria, es urgente impulsar un ambiente de confianza y certidumbre para la inversi\u00f3n, mejorar la productividad y consolidar de forma sostenible las finanzas p\u00fablicas.<\/p>\n<p>El Banxico reconoci\u00f3 que a\u00fan persiste una marcada incertidumbre en los riesgos que pudieran influir en la inflaci\u00f3n, por lo que \u201cestar\u00e1 atento a la posible materializaci\u00f3n de los riesgos para la inflaci\u00f3n, tanto a la baja como al alza\u201d y actuar en consecuencia con la tasa de inter\u00e9s referencial. <\/p>\n<\/div>\n<p><script>(function(d, s, id) {\nvar js, fjs = d.getElementsByTagName(s)[0];\nif (d.getElementById(id)) return;\njs = d.createElement(s); js.id = id;\njs.src = 'https:\/\/connect.facebook.net\/es_LA\/sdk.js#xfbml=1&version=v3.2&appId=641196362757391&autoLogAppEvents=1';\nfjs.parentNode.insertBefore(js, fjs);\n}(document, 'script', 'facebook-jssdk'));\n<\/script><br \/>\n<br \/>[ad_2]<br \/>\n<br \/><a href=\"https:\/\/www.elsoldemexico.com.mx\/finanzas\/banxico-recorta-tasa-de-interes-25-puntos-base-4043488.html\">Source link <\/a><\/p>\n","protected":false},"excerpt":{"rendered":"<p>[ad_1] El Banco de M\u00e9xico redujo la tasa de inter\u00e9s referencial en 25 puntos base para ubicarla en 8%, con una votaci\u00f3n de cuatro a uno, y en medio de la incertidumbre econ\u00f3mica internacional. En su comunicado de pol\u00edtica econ\u00f3mica, el Banxico se\u00f1al\u00f3 que los mercados financieros nacionales reflejan los efectos de las menores tasas [&hellip;]<\/p>\n","protected":false},"author":2,"featured_media":278,"comment_status":"open","ping_status":"open","sticky":false,"template":"","format":"standard","meta":{"footnotes":""},"categories":[1],"tags":[],"class_list":["post-3116","post","type-post","status-publish","format-standard","has-post-thumbnail","hentry","category-noticias-financieras"],"yoast_head":"<!-- This site is optimized with the Yoast SEO plugin v27.4 - https:\/\/yoast.com\/product\/yoast-seo-wordpress\/ -->\n<title>Banxico recorta tasa de inter\u00e9s 25 puntos base - Favorite News<\/title>\n<meta name=\"robots\" content=\"index, follow, max-snippet:-1, max-image-preview:large, max-video-preview:-1\" \/>\n<link rel=\"canonical\" href=\"https:\/\/favorite-news.com\/mx\/banxico-recorta-tasa-de-interes-25-puntos-base\/\" \/>\n<meta property=\"og:locale\" content=\"es_MX\" \/>\n<meta property=\"og:type\" content=\"article\" \/>\n<meta property=\"og:title\" content=\"Banxico recorta tasa de inter\u00e9s 25 puntos base - Favorite News\" \/>\n<meta property=\"og:description\" content=\"[ad_1] El Banco de M\u00e9xico redujo la tasa de inter\u00e9s referencial en 25 puntos base para ubicarla en 8%, con una votaci\u00f3n de cuatro a uno, y en medio de la incertidumbre econ\u00f3mica internacional. En su comunicado de pol\u00edtica econ\u00f3mica, el Banxico se\u00f1al\u00f3 que los mercados financieros nacionales reflejan los efectos de las menores tasas [&hellip;]\" \/>\n<meta property=\"og:url\" content=\"https:\/\/favorite-news.com\/mx\/banxico-recorta-tasa-de-interes-25-puntos-base\/\" \/>\n<meta property=\"og:site_name\" content=\"Favorite News\" \/>\n<meta property=\"article:published_time\" content=\"2019-08-15T19:45:44+00:00\" \/>\n<meta property=\"article:modified_time\" content=\"2019-08-15T19:45:45+00:00\" \/>\n<meta property=\"og:image\" content=\"https:\/\/favorite-news.com\/mx\/wp-content\/uploads\/sites\/8\/2019\/05\/Analistas-de-Banxico-bajan-perspectiva-de-crecimiento-para-M\u00e9xico.jpg\" \/>\n\t<meta property=\"og:image:width\" content=\"1140\" \/>\n\t<meta property=\"og:image:height\" content=\"712\" \/>\n\t<meta property=\"og:image:type\" content=\"image\/jpeg\" \/>\n<meta name=\"author\" content=\"favorite-news\" \/>\n<meta name=\"twitter:card\" content=\"summary_large_image\" \/>\n<meta name=\"twitter:label1\" content=\"Escrito por\" \/>\n\t<meta name=\"twitter:data1\" content=\"favorite-news\" \/>\n\t<meta name=\"twitter:label2\" content=\"Tiempo de lectura\" \/>\n\t<meta name=\"twitter:data2\" content=\"1 minuto\" \/>\n<script type=\"application\/ld+json\" class=\"yoast-schema-graph\">{\"@context\":\"https:\\\/\\\/schema.org\",\"@graph\":[{\"@type\":\"Article\",\"@id\":\"https:\\\/\\\/favorite-news.com\\\/mx\\\/banxico-recorta-tasa-de-interes-25-puntos-base\\\/#article\",\"isPartOf\":{\"@id\":\"https:\\\/\\\/favorite-news.com\\\/mx\\\/banxico-recorta-tasa-de-interes-25-puntos-base\\\/\"},\"author\":{\"name\":\"favorite-news\",\"@id\":\"https:\\\/\\\/favorite-news.com\\\/mx\\\/#\\\/schema\\\/person\\\/b91573b717dcfa5e4696032a9d28d3e8\"},\"headline\":\"Banxico recorta tasa de inter\u00e9s 25 puntos base\",\"datePublished\":\"2019-08-15T19:45:44+00:00\",\"dateModified\":\"2019-08-15T19:45:45+00:00\",\"mainEntityOfPage\":{\"@id\":\"https:\\\/\\\/favorite-news.com\\\/mx\\\/banxico-recorta-tasa-de-interes-25-puntos-base\\\/\"},\"wordCount\":230,\"commentCount\":0,\"image\":{\"@id\":\"https:\\\/\\\/favorite-news.com\\\/mx\\\/banxico-recorta-tasa-de-interes-25-puntos-base\\\/#primaryimage\"},\"thumbnailUrl\":\"https:\\\/\\\/favorite-news.com\\\/mx\\\/wp-content\\\/uploads\\\/sites\\\/8\\\/2019\\\/05\\\/Analistas-de-Banxico-bajan-perspectiva-de-crecimiento-para-M\u00e9xico.jpg\",\"articleSection\":[\"NOTICIAS FINANCIERAS\"],\"inLanguage\":\"es\",\"potentialAction\":[{\"@type\":\"CommentAction\",\"name\":\"Comment\",\"target\":[\"https:\\\/\\\/favorite-news.com\\\/mx\\\/banxico-recorta-tasa-de-interes-25-puntos-base\\\/#respond\"]}]},{\"@type\":\"WebPage\",\"@id\":\"https:\\\/\\\/favorite-news.com\\\/mx\\\/banxico-recorta-tasa-de-interes-25-puntos-base\\\/\",\"url\":\"https:\\\/\\\/favorite-news.com\\\/mx\\\/banxico-recorta-tasa-de-interes-25-puntos-base\\\/\",\"name\":\"Banxico recorta tasa de inter\u00e9s 25 puntos base - Favorite News\",\"isPartOf\":{\"@id\":\"https:\\\/\\\/favorite-news.com\\\/mx\\\/#website\"},\"primaryImageOfPage\":{\"@id\":\"https:\\\/\\\/favorite-news.com\\\/mx\\\/banxico-recorta-tasa-de-interes-25-puntos-base\\\/#primaryimage\"},\"image\":{\"@id\":\"https:\\\/\\\/favorite-news.com\\\/mx\\\/banxico-recorta-tasa-de-interes-25-puntos-base\\\/#primaryimage\"},\"thumbnailUrl\":\"https:\\\/\\\/favorite-news.com\\\/mx\\\/wp-content\\\/uploads\\\/sites\\\/8\\\/2019\\\/05\\\/Analistas-de-Banxico-bajan-perspectiva-de-crecimiento-para-M\u00e9xico.jpg\",\"datePublished\":\"2019-08-15T19:45:44+00:00\",\"dateModified\":\"2019-08-15T19:45:45+00:00\",\"author\":{\"@id\":\"https:\\\/\\\/favorite-news.com\\\/mx\\\/#\\\/schema\\\/person\\\/b91573b717dcfa5e4696032a9d28d3e8\"},\"breadcrumb\":{\"@id\":\"https:\\\/\\\/favorite-news.com\\\/mx\\\/banxico-recorta-tasa-de-interes-25-puntos-base\\\/#breadcrumb\"},\"inLanguage\":\"es\",\"potentialAction\":[{\"@type\":\"ReadAction\",\"target\":[\"https:\\\/\\\/favorite-news.com\\\/mx\\\/banxico-recorta-tasa-de-interes-25-puntos-base\\\/\"]}]},{\"@type\":\"ImageObject\",\"inLanguage\":\"es\",\"@id\":\"https:\\\/\\\/favorite-news.com\\\/mx\\\/banxico-recorta-tasa-de-interes-25-puntos-base\\\/#primaryimage\",\"url\":\"https:\\\/\\\/favorite-news.com\\\/mx\\\/wp-content\\\/uploads\\\/sites\\\/8\\\/2019\\\/05\\\/Analistas-de-Banxico-bajan-perspectiva-de-crecimiento-para-M\u00e9xico.jpg\",\"contentUrl\":\"https:\\\/\\\/favorite-news.com\\\/mx\\\/wp-content\\\/uploads\\\/sites\\\/8\\\/2019\\\/05\\\/Analistas-de-Banxico-bajan-perspectiva-de-crecimiento-para-M\u00e9xico.jpg\",\"width\":1140,\"height\":712,\"caption\":\"Analistas de Banxico bajan perspectiva de crecimiento para M\u00e9xico\"},{\"@type\":\"BreadcrumbList\",\"@id\":\"https:\\\/\\\/favorite-news.com\\\/mx\\\/banxico-recorta-tasa-de-interes-25-puntos-base\\\/#breadcrumb\",\"itemListElement\":[{\"@type\":\"ListItem\",\"position\":1,\"name\":\"\u0413\u043b\u0430\u0432\u043d\u0430\u044f \u0441\u0442\u0440\u0430\u043d\u0438\u0446\u0430\",\"item\":\"https:\\\/\\\/favorite-news.com\\\/mx\\\/\"},{\"@type\":\"ListItem\",\"position\":2,\"name\":\"Banxico recorta tasa de inter\u00e9s 25 puntos base\"}]},{\"@type\":\"WebSite\",\"@id\":\"https:\\\/\\\/favorite-news.com\\\/mx\\\/#website\",\"url\":\"https:\\\/\\\/favorite-news.com\\\/mx\\\/\",\"name\":\"Favorite News\",\"description\":\"Favorite News Mexico\",\"potentialAction\":[{\"@type\":\"SearchAction\",\"target\":{\"@type\":\"EntryPoint\",\"urlTemplate\":\"https:\\\/\\\/favorite-news.com\\\/mx\\\/?s={search_term_string}\"},\"query-input\":{\"@type\":\"PropertyValueSpecification\",\"valueRequired\":true,\"valueName\":\"search_term_string\"}}],\"inLanguage\":\"es\"},{\"@type\":\"Person\",\"@id\":\"https:\\\/\\\/favorite-news.com\\\/mx\\\/#\\\/schema\\\/person\\\/b91573b717dcfa5e4696032a9d28d3e8\",\"name\":\"favorite-news\",\"image\":{\"@type\":\"ImageObject\",\"inLanguage\":\"es\",\"@id\":\"https:\\\/\\\/secure.gravatar.com\\\/avatar\\\/6c5a5cb12b74e9d517ee91cf570335b7d16177f1977cc91db161adfa435945a7?s=96&d=mm&r=g\",\"url\":\"https:\\\/\\\/secure.gravatar.com\\\/avatar\\\/6c5a5cb12b74e9d517ee91cf570335b7d16177f1977cc91db161adfa435945a7?s=96&d=mm&r=g\",\"contentUrl\":\"https:\\\/\\\/secure.gravatar.com\\\/avatar\\\/6c5a5cb12b74e9d517ee91cf570335b7d16177f1977cc91db161adfa435945a7?s=96&d=mm&r=g\",\"caption\":\"favorite-news\"},\"url\":\"https:\\\/\\\/favorite-news.com\\\/mx\\\/author\\\/pt\\\/\"}]}<\/script>\n<!-- \/ Yoast SEO plugin. -->","yoast_head_json":{"title":"Banxico recorta tasa de inter\u00e9s 25 puntos base - Favorite News","robots":{"index":"index","follow":"follow","max-snippet":"max-snippet:-1","max-image-preview":"max-image-preview:large","max-video-preview":"max-video-preview:-1"},"canonical":"https:\/\/favorite-news.com\/mx\/banxico-recorta-tasa-de-interes-25-puntos-base\/","og_locale":"es_MX","og_type":"article","og_title":"Banxico recorta tasa de inter\u00e9s 25 puntos base - Favorite News","og_description":"[ad_1] El Banco de M\u00e9xico redujo la tasa de inter\u00e9s referencial en 25 puntos base para ubicarla en 8%, con una votaci\u00f3n de cuatro a uno, y en medio de la incertidumbre econ\u00f3mica internacional. En su comunicado de pol\u00edtica econ\u00f3mica, el Banxico se\u00f1al\u00f3 que los mercados financieros nacionales reflejan los efectos de las menores tasas [&hellip;]","og_url":"https:\/\/favorite-news.com\/mx\/banxico-recorta-tasa-de-interes-25-puntos-base\/","og_site_name":"Favorite News","article_published_time":"2019-08-15T19:45:44+00:00","article_modified_time":"2019-08-15T19:45:45+00:00","og_image":[{"width":1140,"height":712,"url":"https:\/\/favorite-news.com\/mx\/wp-content\/uploads\/sites\/8\/2019\/05\/Analistas-de-Banxico-bajan-perspectiva-de-crecimiento-para-M\u00e9xico.jpg","type":"image\/jpeg"}],"author":"favorite-news","twitter_card":"summary_large_image","twitter_misc":{"Escrito por":"favorite-news","Tiempo de lectura":"1 minuto"},"schema":{"@context":"https:\/\/schema.org","@graph":[{"@type":"Article","@id":"https:\/\/favorite-news.com\/mx\/banxico-recorta-tasa-de-interes-25-puntos-base\/#article","isPartOf":{"@id":"https:\/\/favorite-news.com\/mx\/banxico-recorta-tasa-de-interes-25-puntos-base\/"},"author":{"name":"favorite-news","@id":"https:\/\/favorite-news.com\/mx\/#\/schema\/person\/b91573b717dcfa5e4696032a9d28d3e8"},"headline":"Banxico recorta tasa de inter\u00e9s 25 puntos base","datePublished":"2019-08-15T19:45:44+00:00","dateModified":"2019-08-15T19:45:45+00:00","mainEntityOfPage":{"@id":"https:\/\/favorite-news.com\/mx\/banxico-recorta-tasa-de-interes-25-puntos-base\/"},"wordCount":230,"commentCount":0,"image":{"@id":"https:\/\/favorite-news.com\/mx\/banxico-recorta-tasa-de-interes-25-puntos-base\/#primaryimage"},"thumbnailUrl":"https:\/\/favorite-news.com\/mx\/wp-content\/uploads\/sites\/8\/2019\/05\/Analistas-de-Banxico-bajan-perspectiva-de-crecimiento-para-M\u00e9xico.jpg","articleSection":["NOTICIAS FINANCIERAS"],"inLanguage":"es","potentialAction":[{"@type":"CommentAction","name":"Comment","target":["https:\/\/favorite-news.com\/mx\/banxico-recorta-tasa-de-interes-25-puntos-base\/#respond"]}]},{"@type":"WebPage","@id":"https:\/\/favorite-news.com\/mx\/banxico-recorta-tasa-de-interes-25-puntos-base\/","url":"https:\/\/favorite-news.com\/mx\/banxico-recorta-tasa-de-interes-25-puntos-base\/","name":"Banxico recorta tasa de inter\u00e9s 25 puntos base - Favorite News","isPartOf":{"@id":"https:\/\/favorite-news.com\/mx\/#website"},"primaryImageOfPage":{"@id":"https:\/\/favorite-news.com\/mx\/banxico-recorta-tasa-de-interes-25-puntos-base\/#primaryimage"},"image":{"@id":"https:\/\/favorite-news.com\/mx\/banxico-recorta-tasa-de-interes-25-puntos-base\/#primaryimage"},"thumbnailUrl":"https:\/\/favorite-news.com\/mx\/wp-content\/uploads\/sites\/8\/2019\/05\/Analistas-de-Banxico-bajan-perspectiva-de-crecimiento-para-M\u00e9xico.jpg","datePublished":"2019-08-15T19:45:44+00:00","dateModified":"2019-08-15T19:45:45+00:00","author":{"@id":"https:\/\/favorite-news.com\/mx\/#\/schema\/person\/b91573b717dcfa5e4696032a9d28d3e8"},"breadcrumb":{"@id":"https:\/\/favorite-news.com\/mx\/banxico-recorta-tasa-de-interes-25-puntos-base\/#breadcrumb"},"inLanguage":"es","potentialAction":[{"@type":"ReadAction","target":["https:\/\/favorite-news.com\/mx\/banxico-recorta-tasa-de-interes-25-puntos-base\/"]}]},{"@type":"ImageObject","inLanguage":"es","@id":"https:\/\/favorite-news.com\/mx\/banxico-recorta-tasa-de-interes-25-puntos-base\/#primaryimage","url":"https:\/\/favorite-news.com\/mx\/wp-content\/uploads\/sites\/8\/2019\/05\/Analistas-de-Banxico-bajan-perspectiva-de-crecimiento-para-M\u00e9xico.jpg","contentUrl":"https:\/\/favorite-news.com\/mx\/wp-content\/uploads\/sites\/8\/2019\/05\/Analistas-de-Banxico-bajan-perspectiva-de-crecimiento-para-M\u00e9xico.jpg","width":1140,"height":712,"caption":"Analistas de Banxico bajan perspectiva de crecimiento para M\u00e9xico"},{"@type":"BreadcrumbList","@id":"https:\/\/favorite-news.com\/mx\/banxico-recorta-tasa-de-interes-25-puntos-base\/#breadcrumb","itemListElement":[{"@type":"ListItem","position":1,"name":"\u0413\u043b\u0430\u0432\u043d\u0430\u044f \u0441\u0442\u0440\u0430\u043d\u0438\u0446\u0430","item":"https:\/\/favorite-news.com\/mx\/"},{"@type":"ListItem","position":2,"name":"Banxico recorta tasa de inter\u00e9s 25 puntos base"}]},{"@type":"WebSite","@id":"https:\/\/favorite-news.com\/mx\/#website","url":"https:\/\/favorite-news.com\/mx\/","name":"Favorite News","description":"Favorite News Mexico","potentialAction":[{"@type":"SearchAction","target":{"@type":"EntryPoint","urlTemplate":"https:\/\/favorite-news.com\/mx\/?s={search_term_string}"},"query-input":{"@type":"PropertyValueSpecification","valueRequired":true,"valueName":"search_term_string"}}],"inLanguage":"es"},{"@type":"Person","@id":"https:\/\/favorite-news.com\/mx\/#\/schema\/person\/b91573b717dcfa5e4696032a9d28d3e8","name":"favorite-news","image":{"@type":"ImageObject","inLanguage":"es","@id":"https:\/\/secure.gravatar.com\/avatar\/6c5a5cb12b74e9d517ee91cf570335b7d16177f1977cc91db161adfa435945a7?s=96&d=mm&r=g","url":"https:\/\/secure.gravatar.com\/avatar\/6c5a5cb12b74e9d517ee91cf570335b7d16177f1977cc91db161adfa435945a7?s=96&d=mm&r=g","contentUrl":"https:\/\/secure.gravatar.com\/avatar\/6c5a5cb12b74e9d517ee91cf570335b7d16177f1977cc91db161adfa435945a7?s=96&d=mm&r=g","caption":"favorite-news"},"url":"https:\/\/favorite-news.com\/mx\/author\/pt\/"}]}},"_links":{"self":[{"href":"https:\/\/favorite-news.com\/mx\/wp-json\/wp\/v2\/posts\/3116","targetHints":{"allow":["GET"]}}],"collection":[{"href":"https:\/\/favorite-news.com\/mx\/wp-json\/wp\/v2\/posts"}],"about":[{"href":"https:\/\/favorite-news.com\/mx\/wp-json\/wp\/v2\/types\/post"}],"author":[{"embeddable":true,"href":"https:\/\/favorite-news.com\/mx\/wp-json\/wp\/v2\/users\/2"}],"replies":[{"embeddable":true,"href":"https:\/\/favorite-news.com\/mx\/wp-json\/wp\/v2\/comments?post=3116"}],"version-history":[{"count":1,"href":"https:\/\/favorite-news.com\/mx\/wp-json\/wp\/v2\/posts\/3116\/revisions"}],"predecessor-version":[{"id":3117,"href":"https:\/\/favorite-news.com\/mx\/wp-json\/wp\/v2\/posts\/3116\/revisions\/3117"}],"wp:featuredmedia":[{"embeddable":true,"href":"https:\/\/favorite-news.com\/mx\/wp-json\/wp\/v2\/media\/278"}],"wp:attachment":[{"href":"https:\/\/favorite-news.com\/mx\/wp-json\/wp\/v2\/media?parent=3116"}],"wp:term":[{"taxonomy":"category","embeddable":true,"href":"https:\/\/favorite-news.com\/mx\/wp-json\/wp\/v2\/categories?post=3116"},{"taxonomy":"post_tag","embeddable":true,"href":"https:\/\/favorite-news.com\/mx\/wp-json\/wp\/v2\/tags?post=3116"}],"curies":[{"name":"wp","href":"https:\/\/api.w.org\/{rel}","templated":true}]}}