{"id":3104,"date":"2019-08-15T15:59:04","date_gmt":"2019-08-15T12:59:04","guid":{"rendered":"https:\/\/favorite-news.com\/mx\/vitalmex-niega-a-empresa-vetada\/"},"modified":"2019-08-15T15:59:05","modified_gmt":"2019-08-15T12:59:05","slug":"vitalmex-niega-a-empresa-vetada","status":"publish","type":"post","link":"https:\/\/favorite-news.com\/mx\/vitalmex-niega-a-empresa-vetada\/","title":{"rendered":"Vitalmex niega a empresa vetada"},"content":{"rendered":"<p> [ad_1]<br \/>\n<\/p>\n<div id=\"content-body-226-4042029\">\n<p>Grupo Vitalmex dijo a este medio que no est\u00e1 relacionada de ninguna forma con la empresa Aplicaciones M\u00e9dicas Integrales, que fue sancionada por la Secretar\u00eda de la Funci\u00f3n P\u00fablica el martes pasado.<\/p>\n<p>En un comunicado, Vitalmex asegur\u00f3 que desarrollan todas sus actividades de negocio \u201cejerciendo nuestros valores, individual y grupalmente y en estricto apego a nuestra pol\u00edtica de cumplimiento\u201d.<\/p>\n<h4\/>\n<p>El mi\u00e9rcoles pasado, este diario public\u00f3 que la Secretar\u00eda de la Funci\u00f3n P\u00fablica (SFP) vet\u00f3 de las compras de gobierno a la empresa Aplicaciones M\u00e9dicas Integrales para obtener contratos con cualquier entidad del sector p\u00fablico por un a\u00f1o con seis meses y que era filial de la compa\u00f1\u00eda.<\/p>\n<p>La empresa dirigida por Jaime Cervantes Covarrubias rechaz\u00f3 \u201ccateg\u00f3ricamente que la empresa sancionada sea matriz, filial o subsidiaria de Grupo Vitalmex. De las estructuras corporativas y de capitales de las sociedades que integran Grupo Vitalmex, no existen ni se derivan v\u00ednculos o relaciones que pudieran ejercer un control directo o indirecto en la toma de decisiones de la empresa Aplicaciones M\u00e9dicas Integrales\u201d.<\/p>\n<p>La empresa asegur\u00f3 que no comparte accionistas, representantes o equipo administrativo con Aplicaciones M\u00e9dicas Integrales.<\/p>\n<p>La oferta de productos y servicios de Vitalmex incluye equipo m\u00e9dico y mobiliario, insumos, instrumental, personal m\u00e9dico y t\u00e9cnico, capacitaci\u00f3n, y mantenimiento en un s\u00f3lo canal que ofrece ahorros y eficiencias para hospitales p\u00fablicos y privados.<\/p>\n<p>En el documento, la compa\u00f1\u00eda detall\u00f3 que &#8220;es una empresa institucional con m\u00e1s de 43 a\u00f1os de experiencia en el sector salud mexicano, consolidada en los servicios articulados de salud, as\u00ed como un referente en la innovaci\u00f3n m\u00e9dica de sus productos y servicios.<\/p>\n<p>&#8220;Al interior de la compa\u00f1\u00eda vivimos y desarrollamos todas nuestras actividades de negocio ejerciendo nuestros valores, individual y grupalmente y en estricto apego a nuestrapol\u00edtica de cumplimiento&#8221;, a\u00f1ade.<\/p>\n<p>&#8220;Grupo Vitalmex reitera su esfuerzo diario por fortalecer el sector salud en M\u00e9xico a trav\u00e9s de la excelencia en su prestaci\u00f3n de servicios y su compromiso con mejorar la calidad de vida de los pacientes por medio de soluciones articuladas de salud, bajo los m\u00e1s altos principios de profesionalismo, \u00e9tica y transparencia&#8221;, agreg\u00f3 la compa\u00f1\u00eda de insumos m\u00e9dicos en el comunicado.<\/p>\n<\/div>\n<p><script>(function(d, s, id) {\nvar js, fjs = d.getElementsByTagName(s)[0];\nif (d.getElementById(id)) return;\njs = d.createElement(s); js.id = id;\njs.src = 'https:\/\/connect.facebook.net\/es_LA\/sdk.js#xfbml=1&version=v3.2&appId=641196362757391&autoLogAppEvents=1';\nfjs.parentNode.insertBefore(js, fjs);\n}(document, 'script', 'facebook-jssdk'));\n<\/script><br \/>\n<br \/>[ad_2]<br \/>\n<br \/><a href=\"https:\/\/www.elsoldemexico.com.mx\/finanzas\/vitalmex-niega-a-empresa-vetada-4042029.html\">Source link <\/a><\/p>\n","protected":false},"excerpt":{"rendered":"<p>[ad_1] Grupo Vitalmex dijo a este medio que no est\u00e1 relacionada de ninguna forma con la empresa Aplicaciones M\u00e9dicas Integrales, que fue sancionada por la Secretar\u00eda de la Funci\u00f3n P\u00fablica el martes pasado. En un comunicado, Vitalmex asegur\u00f3 que desarrollan todas sus actividades de negocio \u201cejerciendo nuestros valores, individual y grupalmente y en estricto apego [&hellip;]<\/p>\n","protected":false},"author":2,"featured_media":3105,"comment_status":"open","ping_status":"open","sticky":false,"template":"","format":"standard","meta":{"footnotes":""},"categories":[1],"tags":[],"class_list":["post-3104","post","type-post","status-publish","format-standard","has-post-thumbnail","hentry","category-noticias-financieras"],"yoast_head":"<!-- This site is optimized with the Yoast SEO plugin v27.4 - https:\/\/yoast.com\/product\/yoast-seo-wordpress\/ -->\n<title>Vitalmex niega a empresa vetada - Favorite News<\/title>\n<meta name=\"robots\" content=\"index, follow, max-snippet:-1, max-image-preview:large, max-video-preview:-1\" \/>\n<link rel=\"canonical\" href=\"https:\/\/favorite-news.com\/mx\/vitalmex-niega-a-empresa-vetada\/\" \/>\n<meta property=\"og:locale\" content=\"es_MX\" \/>\n<meta property=\"og:type\" content=\"article\" \/>\n<meta property=\"og:title\" content=\"Vitalmex niega a empresa vetada - Favorite News\" \/>\n<meta property=\"og:description\" content=\"[ad_1] Grupo Vitalmex dijo a este medio que no est\u00e1 relacionada de ninguna forma con la empresa Aplicaciones M\u00e9dicas Integrales, que fue sancionada por la Secretar\u00eda de la Funci\u00f3n P\u00fablica el martes pasado. En un comunicado, Vitalmex asegur\u00f3 que desarrollan todas sus actividades de negocio \u201cejerciendo nuestros valores, individual y grupalmente y en estricto apego [&hellip;]\" \/>\n<meta property=\"og:url\" content=\"https:\/\/favorite-news.com\/mx\/vitalmex-niega-a-empresa-vetada\/\" \/>\n<meta property=\"og:site_name\" content=\"Favorite News\" \/>\n<meta property=\"article:published_time\" content=\"2019-08-15T12:59:04+00:00\" \/>\n<meta property=\"article:modified_time\" content=\"2019-08-15T12:59:05+00:00\" \/>\n<meta property=\"og:image\" content=\"https:\/\/favorite-news.com\/mx\/wp-content\/uploads\/sites\/8\/2019\/08\/Vitalmex-niega-a-empresa-vetada.jpg\" \/>\n\t<meta property=\"og:image:width\" content=\"1140\" \/>\n\t<meta property=\"og:image:height\" content=\"712\" \/>\n\t<meta property=\"og:image:type\" content=\"image\/jpeg\" \/>\n<meta name=\"author\" content=\"favorite-news\" \/>\n<meta name=\"twitter:card\" content=\"summary_large_image\" \/>\n<meta name=\"twitter:label1\" content=\"Escrito por\" \/>\n\t<meta name=\"twitter:data1\" content=\"favorite-news\" \/>\n\t<meta name=\"twitter:label2\" content=\"Tiempo de lectura\" \/>\n\t<meta name=\"twitter:data2\" content=\"2 minutos\" \/>\n<script type=\"application\/ld+json\" class=\"yoast-schema-graph\">{\"@context\":\"https:\\\/\\\/schema.org\",\"@graph\":[{\"@type\":\"Article\",\"@id\":\"https:\\\/\\\/favorite-news.com\\\/mx\\\/vitalmex-niega-a-empresa-vetada\\\/#article\",\"isPartOf\":{\"@id\":\"https:\\\/\\\/favorite-news.com\\\/mx\\\/vitalmex-niega-a-empresa-vetada\\\/\"},\"author\":{\"name\":\"favorite-news\",\"@id\":\"https:\\\/\\\/favorite-news.com\\\/mx\\\/#\\\/schema\\\/person\\\/b91573b717dcfa5e4696032a9d28d3e8\"},\"headline\":\"Vitalmex niega a empresa vetada\",\"datePublished\":\"2019-08-15T12:59:04+00:00\",\"dateModified\":\"2019-08-15T12:59:05+00:00\",\"mainEntityOfPage\":{\"@id\":\"https:\\\/\\\/favorite-news.com\\\/mx\\\/vitalmex-niega-a-empresa-vetada\\\/\"},\"wordCount\":397,\"commentCount\":0,\"image\":{\"@id\":\"https:\\\/\\\/favorite-news.com\\\/mx\\\/vitalmex-niega-a-empresa-vetada\\\/#primaryimage\"},\"thumbnailUrl\":\"https:\\\/\\\/favorite-news.com\\\/mx\\\/wp-content\\\/uploads\\\/sites\\\/8\\\/2019\\\/08\\\/Vitalmex-niega-a-empresa-vetada.jpg\",\"articleSection\":[\"NOTICIAS FINANCIERAS\"],\"inLanguage\":\"es\",\"potentialAction\":[{\"@type\":\"CommentAction\",\"name\":\"Comment\",\"target\":[\"https:\\\/\\\/favorite-news.com\\\/mx\\\/vitalmex-niega-a-empresa-vetada\\\/#respond\"]}]},{\"@type\":\"WebPage\",\"@id\":\"https:\\\/\\\/favorite-news.com\\\/mx\\\/vitalmex-niega-a-empresa-vetada\\\/\",\"url\":\"https:\\\/\\\/favorite-news.com\\\/mx\\\/vitalmex-niega-a-empresa-vetada\\\/\",\"name\":\"Vitalmex niega a empresa vetada - Favorite News\",\"isPartOf\":{\"@id\":\"https:\\\/\\\/favorite-news.com\\\/mx\\\/#website\"},\"primaryImageOfPage\":{\"@id\":\"https:\\\/\\\/favorite-news.com\\\/mx\\\/vitalmex-niega-a-empresa-vetada\\\/#primaryimage\"},\"image\":{\"@id\":\"https:\\\/\\\/favorite-news.com\\\/mx\\\/vitalmex-niega-a-empresa-vetada\\\/#primaryimage\"},\"thumbnailUrl\":\"https:\\\/\\\/favorite-news.com\\\/mx\\\/wp-content\\\/uploads\\\/sites\\\/8\\\/2019\\\/08\\\/Vitalmex-niega-a-empresa-vetada.jpg\",\"datePublished\":\"2019-08-15T12:59:04+00:00\",\"dateModified\":\"2019-08-15T12:59:05+00:00\",\"author\":{\"@id\":\"https:\\\/\\\/favorite-news.com\\\/mx\\\/#\\\/schema\\\/person\\\/b91573b717dcfa5e4696032a9d28d3e8\"},\"breadcrumb\":{\"@id\":\"https:\\\/\\\/favorite-news.com\\\/mx\\\/vitalmex-niega-a-empresa-vetada\\\/#breadcrumb\"},\"inLanguage\":\"es\",\"potentialAction\":[{\"@type\":\"ReadAction\",\"target\":[\"https:\\\/\\\/favorite-news.com\\\/mx\\\/vitalmex-niega-a-empresa-vetada\\\/\"]}]},{\"@type\":\"ImageObject\",\"inLanguage\":\"es\",\"@id\":\"https:\\\/\\\/favorite-news.com\\\/mx\\\/vitalmex-niega-a-empresa-vetada\\\/#primaryimage\",\"url\":\"https:\\\/\\\/favorite-news.com\\\/mx\\\/wp-content\\\/uploads\\\/sites\\\/8\\\/2019\\\/08\\\/Vitalmex-niega-a-empresa-vetada.jpg\",\"contentUrl\":\"https:\\\/\\\/favorite-news.com\\\/mx\\\/wp-content\\\/uploads\\\/sites\\\/8\\\/2019\\\/08\\\/Vitalmex-niega-a-empresa-vetada.jpg\",\"width\":1140,\"height\":712,\"caption\":\"Vitalmex niega a empresa vetada\"},{\"@type\":\"BreadcrumbList\",\"@id\":\"https:\\\/\\\/favorite-news.com\\\/mx\\\/vitalmex-niega-a-empresa-vetada\\\/#breadcrumb\",\"itemListElement\":[{\"@type\":\"ListItem\",\"position\":1,\"name\":\"\u0413\u043b\u0430\u0432\u043d\u0430\u044f \u0441\u0442\u0440\u0430\u043d\u0438\u0446\u0430\",\"item\":\"https:\\\/\\\/favorite-news.com\\\/mx\\\/\"},{\"@type\":\"ListItem\",\"position\":2,\"name\":\"Vitalmex niega a empresa vetada\"}]},{\"@type\":\"WebSite\",\"@id\":\"https:\\\/\\\/favorite-news.com\\\/mx\\\/#website\",\"url\":\"https:\\\/\\\/favorite-news.com\\\/mx\\\/\",\"name\":\"Favorite News\",\"description\":\"Favorite News Mexico\",\"potentialAction\":[{\"@type\":\"SearchAction\",\"target\":{\"@type\":\"EntryPoint\",\"urlTemplate\":\"https:\\\/\\\/favorite-news.com\\\/mx\\\/?s={search_term_string}\"},\"query-input\":{\"@type\":\"PropertyValueSpecification\",\"valueRequired\":true,\"valueName\":\"search_term_string\"}}],\"inLanguage\":\"es\"},{\"@type\":\"Person\",\"@id\":\"https:\\\/\\\/favorite-news.com\\\/mx\\\/#\\\/schema\\\/person\\\/b91573b717dcfa5e4696032a9d28d3e8\",\"name\":\"favorite-news\",\"image\":{\"@type\":\"ImageObject\",\"inLanguage\":\"es\",\"@id\":\"https:\\\/\\\/secure.gravatar.com\\\/avatar\\\/6c5a5cb12b74e9d517ee91cf570335b7d16177f1977cc91db161adfa435945a7?s=96&d=mm&r=g\",\"url\":\"https:\\\/\\\/secure.gravatar.com\\\/avatar\\\/6c5a5cb12b74e9d517ee91cf570335b7d16177f1977cc91db161adfa435945a7?s=96&d=mm&r=g\",\"contentUrl\":\"https:\\\/\\\/secure.gravatar.com\\\/avatar\\\/6c5a5cb12b74e9d517ee91cf570335b7d16177f1977cc91db161adfa435945a7?s=96&d=mm&r=g\",\"caption\":\"favorite-news\"},\"url\":\"https:\\\/\\\/favorite-news.com\\\/mx\\\/author\\\/pt\\\/\"}]}<\/script>\n<!-- \/ Yoast SEO plugin. -->","yoast_head_json":{"title":"Vitalmex niega a empresa vetada - Favorite News","robots":{"index":"index","follow":"follow","max-snippet":"max-snippet:-1","max-image-preview":"max-image-preview:large","max-video-preview":"max-video-preview:-1"},"canonical":"https:\/\/favorite-news.com\/mx\/vitalmex-niega-a-empresa-vetada\/","og_locale":"es_MX","og_type":"article","og_title":"Vitalmex niega a empresa vetada - Favorite News","og_description":"[ad_1] Grupo Vitalmex dijo a este medio que no est\u00e1 relacionada de ninguna forma con la empresa Aplicaciones M\u00e9dicas Integrales, que fue sancionada por la Secretar\u00eda de la Funci\u00f3n P\u00fablica el martes pasado. En un comunicado, Vitalmex asegur\u00f3 que desarrollan todas sus actividades de negocio \u201cejerciendo nuestros valores, individual y grupalmente y en estricto apego [&hellip;]","og_url":"https:\/\/favorite-news.com\/mx\/vitalmex-niega-a-empresa-vetada\/","og_site_name":"Favorite News","article_published_time":"2019-08-15T12:59:04+00:00","article_modified_time":"2019-08-15T12:59:05+00:00","og_image":[{"width":1140,"height":712,"url":"https:\/\/favorite-news.com\/mx\/wp-content\/uploads\/sites\/8\/2019\/08\/Vitalmex-niega-a-empresa-vetada.jpg","type":"image\/jpeg"}],"author":"favorite-news","twitter_card":"summary_large_image","twitter_misc":{"Escrito por":"favorite-news","Tiempo de lectura":"2 minutos"},"schema":{"@context":"https:\/\/schema.org","@graph":[{"@type":"Article","@id":"https:\/\/favorite-news.com\/mx\/vitalmex-niega-a-empresa-vetada\/#article","isPartOf":{"@id":"https:\/\/favorite-news.com\/mx\/vitalmex-niega-a-empresa-vetada\/"},"author":{"name":"favorite-news","@id":"https:\/\/favorite-news.com\/mx\/#\/schema\/person\/b91573b717dcfa5e4696032a9d28d3e8"},"headline":"Vitalmex niega a empresa vetada","datePublished":"2019-08-15T12:59:04+00:00","dateModified":"2019-08-15T12:59:05+00:00","mainEntityOfPage":{"@id":"https:\/\/favorite-news.com\/mx\/vitalmex-niega-a-empresa-vetada\/"},"wordCount":397,"commentCount":0,"image":{"@id":"https:\/\/favorite-news.com\/mx\/vitalmex-niega-a-empresa-vetada\/#primaryimage"},"thumbnailUrl":"https:\/\/favorite-news.com\/mx\/wp-content\/uploads\/sites\/8\/2019\/08\/Vitalmex-niega-a-empresa-vetada.jpg","articleSection":["NOTICIAS FINANCIERAS"],"inLanguage":"es","potentialAction":[{"@type":"CommentAction","name":"Comment","target":["https:\/\/favorite-news.com\/mx\/vitalmex-niega-a-empresa-vetada\/#respond"]}]},{"@type":"WebPage","@id":"https:\/\/favorite-news.com\/mx\/vitalmex-niega-a-empresa-vetada\/","url":"https:\/\/favorite-news.com\/mx\/vitalmex-niega-a-empresa-vetada\/","name":"Vitalmex niega a empresa vetada - Favorite News","isPartOf":{"@id":"https:\/\/favorite-news.com\/mx\/#website"},"primaryImageOfPage":{"@id":"https:\/\/favorite-news.com\/mx\/vitalmex-niega-a-empresa-vetada\/#primaryimage"},"image":{"@id":"https:\/\/favorite-news.com\/mx\/vitalmex-niega-a-empresa-vetada\/#primaryimage"},"thumbnailUrl":"https:\/\/favorite-news.com\/mx\/wp-content\/uploads\/sites\/8\/2019\/08\/Vitalmex-niega-a-empresa-vetada.jpg","datePublished":"2019-08-15T12:59:04+00:00","dateModified":"2019-08-15T12:59:05+00:00","author":{"@id":"https:\/\/favorite-news.com\/mx\/#\/schema\/person\/b91573b717dcfa5e4696032a9d28d3e8"},"breadcrumb":{"@id":"https:\/\/favorite-news.com\/mx\/vitalmex-niega-a-empresa-vetada\/#breadcrumb"},"inLanguage":"es","potentialAction":[{"@type":"ReadAction","target":["https:\/\/favorite-news.com\/mx\/vitalmex-niega-a-empresa-vetada\/"]}]},{"@type":"ImageObject","inLanguage":"es","@id":"https:\/\/favorite-news.com\/mx\/vitalmex-niega-a-empresa-vetada\/#primaryimage","url":"https:\/\/favorite-news.com\/mx\/wp-content\/uploads\/sites\/8\/2019\/08\/Vitalmex-niega-a-empresa-vetada.jpg","contentUrl":"https:\/\/favorite-news.com\/mx\/wp-content\/uploads\/sites\/8\/2019\/08\/Vitalmex-niega-a-empresa-vetada.jpg","width":1140,"height":712,"caption":"Vitalmex niega a empresa vetada"},{"@type":"BreadcrumbList","@id":"https:\/\/favorite-news.com\/mx\/vitalmex-niega-a-empresa-vetada\/#breadcrumb","itemListElement":[{"@type":"ListItem","position":1,"name":"\u0413\u043b\u0430\u0432\u043d\u0430\u044f \u0441\u0442\u0440\u0430\u043d\u0438\u0446\u0430","item":"https:\/\/favorite-news.com\/mx\/"},{"@type":"ListItem","position":2,"name":"Vitalmex niega a empresa vetada"}]},{"@type":"WebSite","@id":"https:\/\/favorite-news.com\/mx\/#website","url":"https:\/\/favorite-news.com\/mx\/","name":"Favorite News","description":"Favorite News Mexico","potentialAction":[{"@type":"SearchAction","target":{"@type":"EntryPoint","urlTemplate":"https:\/\/favorite-news.com\/mx\/?s={search_term_string}"},"query-input":{"@type":"PropertyValueSpecification","valueRequired":true,"valueName":"search_term_string"}}],"inLanguage":"es"},{"@type":"Person","@id":"https:\/\/favorite-news.com\/mx\/#\/schema\/person\/b91573b717dcfa5e4696032a9d28d3e8","name":"favorite-news","image":{"@type":"ImageObject","inLanguage":"es","@id":"https:\/\/secure.gravatar.com\/avatar\/6c5a5cb12b74e9d517ee91cf570335b7d16177f1977cc91db161adfa435945a7?s=96&d=mm&r=g","url":"https:\/\/secure.gravatar.com\/avatar\/6c5a5cb12b74e9d517ee91cf570335b7d16177f1977cc91db161adfa435945a7?s=96&d=mm&r=g","contentUrl":"https:\/\/secure.gravatar.com\/avatar\/6c5a5cb12b74e9d517ee91cf570335b7d16177f1977cc91db161adfa435945a7?s=96&d=mm&r=g","caption":"favorite-news"},"url":"https:\/\/favorite-news.com\/mx\/author\/pt\/"}]}},"_links":{"self":[{"href":"https:\/\/favorite-news.com\/mx\/wp-json\/wp\/v2\/posts\/3104","targetHints":{"allow":["GET"]}}],"collection":[{"href":"https:\/\/favorite-news.com\/mx\/wp-json\/wp\/v2\/posts"}],"about":[{"href":"https:\/\/favorite-news.com\/mx\/wp-json\/wp\/v2\/types\/post"}],"author":[{"embeddable":true,"href":"https:\/\/favorite-news.com\/mx\/wp-json\/wp\/v2\/users\/2"}],"replies":[{"embeddable":true,"href":"https:\/\/favorite-news.com\/mx\/wp-json\/wp\/v2\/comments?post=3104"}],"version-history":[{"count":1,"href":"https:\/\/favorite-news.com\/mx\/wp-json\/wp\/v2\/posts\/3104\/revisions"}],"predecessor-version":[{"id":3106,"href":"https:\/\/favorite-news.com\/mx\/wp-json\/wp\/v2\/posts\/3104\/revisions\/3106"}],"wp:featuredmedia":[{"embeddable":true,"href":"https:\/\/favorite-news.com\/mx\/wp-json\/wp\/v2\/media\/3105"}],"wp:attachment":[{"href":"https:\/\/favorite-news.com\/mx\/wp-json\/wp\/v2\/media?parent=3104"}],"wp:term":[{"taxonomy":"category","embeddable":true,"href":"https:\/\/favorite-news.com\/mx\/wp-json\/wp\/v2\/categories?post=3104"},{"taxonomy":"post_tag","embeddable":true,"href":"https:\/\/favorite-news.com\/mx\/wp-json\/wp\/v2\/tags?post=3104"}],"curies":[{"name":"wp","href":"https:\/\/api.w.org\/{rel}","templated":true}]}}