{"id":3101,"date":"2019-08-15T14:19:47","date_gmt":"2019-08-15T11:19:47","guid":{"rendered":"https:\/\/favorite-news.com\/mx\/se-desploman-las-bolsas-a-nivel-global-por-incertidumbre\/"},"modified":"2019-08-15T14:19:48","modified_gmt":"2019-08-15T11:19:48","slug":"se-desploman-las-bolsas-a-nivel-global-por-incertidumbre","status":"publish","type":"post","link":"https:\/\/favorite-news.com\/mx\/se-desploman-las-bolsas-a-nivel-global-por-incertidumbre\/","title":{"rendered":"Se desploman las bolsas a nivel global por incertidumbre"},"content":{"rendered":"<p> [ad_1]<br \/>\n<\/p>\n<div id=\"content-body-226-4042023\">\n<p>El p\u00e1nico se apoder\u00f3 ayer de las bolsas del mundo. Un paquete de medidas anunciado en Argentina que no logr\u00f3 disipar los temores a un default, noticias que colocan a Alemania al borde de la recesi\u00f3n y la persistente tensi\u00f3n comercial entre China y EU ahuyentaron a los inversionistas burs\u00e1tiles.<\/p>\n<p>El peso argentino cay\u00f3 7.14 por ciento, a 60.20 unidades por d\u00f3lar, ignorando la intervenci\u00f3n del banco central, que vendi\u00f3 248 millones de d\u00f3lares para apaciguar la demanda. La moneda acumul\u00f3 un derrumbe de 25 por ciento en la semana.<\/p>\n<h4\/>\n<p>A la Bolsa, que sum\u00f3 ayer su tercera baja, ahora de 1.86 por ciento, tampoco le importaron las medidas econ\u00f3micas anunciadas por el presidente Mauricio Macri antes de la apertura del mercado.<\/p>\n<p>Un recorte en el impuesto a las ganancias personales, aumento a los subsidios para los pobres y congelamiento del precio de los combustibles por 90 d\u00edas, entre otras medidas. &#8220;Son medidas que van a traer alivio a 17 millones de trabajadores y sus familias&#8221;, ofreci\u00f3 Macri.<\/p>\n<p>En su af\u00e1n de contener la ca\u00edda, el mandatario argentino convers\u00f3 por tel\u00e9fono con el candidato de centroizquierda Alberto Fern\u00e1ndez, quien obtuvo la victoria en las elecciones primarias del domingo, antes de una nueva jornada de comicios en octubre y la toma de posesi\u00f3n en diciembre.<\/p>\n<p>Fern\u00e1ndez confirm\u00f3 la llamada y en una conferencia de prensa habl\u00f3 a los mercados: &#8220;Todos queremos que la econom\u00eda se estabilice&#8221;.<\/p>\n<p>Su propuesta, dijo, &#8220;no supone ni riesgo de default ni riesgo de no pagar la deuda ni desconocer obligaciones que el Estado ha contra\u00eddo&#8221;.<\/p>\n<p>Las \u00faltimas estimaciones de la consulta IHS Markit, sobre la base del nivel de cierre de los seguros de incumplimiento de cr\u00e9dito (CDS) de la deuda a cinco a\u00f1os de Argentina del martes, cifran la probabilidad de incumplimiento soberano en 78 por ciento.<\/p>\n<p>&#8220;Yo le ruego (a Macri) que por la gravedad de la situaci\u00f3n, hoy prime la condici\u00f3n de presidente (a la de candidato), porque el riesgo es muy grande. El riesgo es adem\u00e1s que nos quedemos sin reservas, que el Fondo Monetario Internacional nos termine dando la espalda&#8221;, hab\u00eda declarado Alberto Fern\u00e1ndez en una entrevista con El Destape Radio.<\/p>\n<p><b>CONTAGIO GLOBAL<\/b><\/p>\n<p>En los mercados de las econom\u00edas desarrolladas la historia fue similar. En Estados Unidos los temores a una recesi\u00f3n se hicieron presentes despu\u00e9s de que la curva de rendimiento del Tesoro se invirti\u00f3 temporalmente, por primera vez en 12 a\u00f1os.<\/p>\n<p>El retorno de los bonos del Tesoro a dos a\u00f1os super\u00f3 al de los papeles a 10 a\u00f1os, algo que no pasaba desde junio de 2007, lo que se considera una se\u00f1al de recesi\u00f3n.<\/p>\n<p>En Alemania, el Producto Interno Bruto (PIB) se contrajo 0.1 por ciento en el segundo trimestre, debido a la ca\u00edda en las exportaciones del pa\u00eds, provocada por la incertidumbre en torno al proceso de separaci\u00f3n de Reino Unido de la Uni\u00f3n Europea, as\u00ed como por los conflictos arancelarios mundiales.<\/p>\n<p>En Asia, la noticia de que la expansi\u00f3n de la producci\u00f3n industrial china de julio fue la m\u00e1s baja en 17 a\u00f1os volvi\u00f3 a centrar la atenci\u00f3n en la guerra comercial entre Estados Unidos y China y su impacto en el crecimiento mundial.<\/p>\n<p>A nivel local, el \u00cdndice de Precios y Cotizaciones de la Bolsa Mexicana de Valores cerr\u00f3 en 38 mil 680 puntos, su menor nivel desde el 14 de marzo de 2014. <\/p>\n<p>En ventanillas bancarias, el peso mexicano perdi\u00f3 31 centavos frente al d\u00f3lar, que se vendi\u00f3 en un m\u00e1ximo de 20.07 unidades.<\/p>\n<\/div>\n<p><script>(function(d, s, id) {\nvar js, fjs = d.getElementsByTagName(s)[0];\nif (d.getElementById(id)) return;\njs = d.createElement(s); js.id = id;\njs.src = 'https:\/\/connect.facebook.net\/es_LA\/sdk.js#xfbml=1&version=v3.2&appId=641196362757391&autoLogAppEvents=1';\nfjs.parentNode.insertBefore(js, fjs);\n}(document, 'script', 'facebook-jssdk'));\n<\/script><br \/>\n<br \/>[ad_2]<br \/>\n<br \/><a href=\"https:\/\/www.elsoldemexico.com.mx\/finanzas\/se-desploman-las-bolsas-a-nivel-global-por-incertidumbre-4042023.html\">Source link <\/a><\/p>\n","protected":false},"excerpt":{"rendered":"<p>[ad_1] El p\u00e1nico se apoder\u00f3 ayer de las bolsas del mundo. Un paquete de medidas anunciado en Argentina que no logr\u00f3 disipar los temores a un default, noticias que colocan a Alemania al borde de la recesi\u00f3n y la persistente tensi\u00f3n comercial entre China y EU ahuyentaron a los inversionistas burs\u00e1tiles. El peso argentino cay\u00f3 [&hellip;]<\/p>\n","protected":false},"author":2,"featured_media":3102,"comment_status":"open","ping_status":"open","sticky":false,"template":"","format":"standard","meta":{"footnotes":""},"categories":[1],"tags":[],"class_list":["post-3101","post","type-post","status-publish","format-standard","has-post-thumbnail","hentry","category-noticias-financieras"],"yoast_head":"<!-- This site is optimized with the Yoast SEO plugin v27.4 - https:\/\/yoast.com\/product\/yoast-seo-wordpress\/ -->\n<title>Se desploman las bolsas a nivel global por incertidumbre - Favorite News<\/title>\n<meta name=\"robots\" content=\"index, follow, max-snippet:-1, max-image-preview:large, max-video-preview:-1\" \/>\n<link rel=\"canonical\" href=\"https:\/\/favorite-news.com\/mx\/se-desploman-las-bolsas-a-nivel-global-por-incertidumbre\/\" \/>\n<meta property=\"og:locale\" content=\"es_MX\" \/>\n<meta property=\"og:type\" content=\"article\" \/>\n<meta property=\"og:title\" content=\"Se desploman las bolsas a nivel global por incertidumbre - Favorite News\" \/>\n<meta property=\"og:description\" content=\"[ad_1] El p\u00e1nico se apoder\u00f3 ayer de las bolsas del mundo. Un paquete de medidas anunciado en Argentina que no logr\u00f3 disipar los temores a un default, noticias que colocan a Alemania al borde de la recesi\u00f3n y la persistente tensi\u00f3n comercial entre China y EU ahuyentaron a los inversionistas burs\u00e1tiles. El peso argentino cay\u00f3 [&hellip;]\" \/>\n<meta property=\"og:url\" content=\"https:\/\/favorite-news.com\/mx\/se-desploman-las-bolsas-a-nivel-global-por-incertidumbre\/\" \/>\n<meta property=\"og:site_name\" content=\"Favorite News\" \/>\n<meta property=\"article:published_time\" content=\"2019-08-15T11:19:47+00:00\" \/>\n<meta property=\"article:modified_time\" content=\"2019-08-15T11:19:48+00:00\" \/>\n<meta property=\"og:image\" content=\"https:\/\/favorite-news.com\/mx\/wp-content\/uploads\/sites\/8\/2019\/08\/Se-desploman-las-bolsas-a-nivel-global-por-incertidumbre.jpg\" \/>\n\t<meta property=\"og:image:width\" content=\"1140\" \/>\n\t<meta property=\"og:image:height\" content=\"712\" \/>\n\t<meta property=\"og:image:type\" content=\"image\/jpeg\" \/>\n<meta name=\"author\" content=\"favorite-news\" \/>\n<meta name=\"twitter:card\" content=\"summary_large_image\" \/>\n<meta name=\"twitter:label1\" content=\"Escrito por\" \/>\n\t<meta name=\"twitter:data1\" content=\"favorite-news\" \/>\n\t<meta name=\"twitter:label2\" content=\"Tiempo de lectura\" \/>\n\t<meta name=\"twitter:data2\" content=\"3 minutos\" \/>\n<script type=\"application\/ld+json\" class=\"yoast-schema-graph\">{\"@context\":\"https:\\\/\\\/schema.org\",\"@graph\":[{\"@type\":\"Article\",\"@id\":\"https:\\\/\\\/favorite-news.com\\\/mx\\\/se-desploman-las-bolsas-a-nivel-global-por-incertidumbre\\\/#article\",\"isPartOf\":{\"@id\":\"https:\\\/\\\/favorite-news.com\\\/mx\\\/se-desploman-las-bolsas-a-nivel-global-por-incertidumbre\\\/\"},\"author\":{\"name\":\"favorite-news\",\"@id\":\"https:\\\/\\\/favorite-news.com\\\/mx\\\/#\\\/schema\\\/person\\\/b91573b717dcfa5e4696032a9d28d3e8\"},\"headline\":\"Se desploman las bolsas a nivel global por incertidumbre\",\"datePublished\":\"2019-08-15T11:19:47+00:00\",\"dateModified\":\"2019-08-15T11:19:48+00:00\",\"mainEntityOfPage\":{\"@id\":\"https:\\\/\\\/favorite-news.com\\\/mx\\\/se-desploman-las-bolsas-a-nivel-global-por-incertidumbre\\\/\"},\"wordCount\":617,\"commentCount\":0,\"image\":{\"@id\":\"https:\\\/\\\/favorite-news.com\\\/mx\\\/se-desploman-las-bolsas-a-nivel-global-por-incertidumbre\\\/#primaryimage\"},\"thumbnailUrl\":\"https:\\\/\\\/favorite-news.com\\\/mx\\\/wp-content\\\/uploads\\\/sites\\\/8\\\/2019\\\/08\\\/Se-desploman-las-bolsas-a-nivel-global-por-incertidumbre.jpg\",\"articleSection\":[\"NOTICIAS FINANCIERAS\"],\"inLanguage\":\"es\",\"potentialAction\":[{\"@type\":\"CommentAction\",\"name\":\"Comment\",\"target\":[\"https:\\\/\\\/favorite-news.com\\\/mx\\\/se-desploman-las-bolsas-a-nivel-global-por-incertidumbre\\\/#respond\"]}]},{\"@type\":\"WebPage\",\"@id\":\"https:\\\/\\\/favorite-news.com\\\/mx\\\/se-desploman-las-bolsas-a-nivel-global-por-incertidumbre\\\/\",\"url\":\"https:\\\/\\\/favorite-news.com\\\/mx\\\/se-desploman-las-bolsas-a-nivel-global-por-incertidumbre\\\/\",\"name\":\"Se desploman las bolsas a nivel global por incertidumbre - Favorite News\",\"isPartOf\":{\"@id\":\"https:\\\/\\\/favorite-news.com\\\/mx\\\/#website\"},\"primaryImageOfPage\":{\"@id\":\"https:\\\/\\\/favorite-news.com\\\/mx\\\/se-desploman-las-bolsas-a-nivel-global-por-incertidumbre\\\/#primaryimage\"},\"image\":{\"@id\":\"https:\\\/\\\/favorite-news.com\\\/mx\\\/se-desploman-las-bolsas-a-nivel-global-por-incertidumbre\\\/#primaryimage\"},\"thumbnailUrl\":\"https:\\\/\\\/favorite-news.com\\\/mx\\\/wp-content\\\/uploads\\\/sites\\\/8\\\/2019\\\/08\\\/Se-desploman-las-bolsas-a-nivel-global-por-incertidumbre.jpg\",\"datePublished\":\"2019-08-15T11:19:47+00:00\",\"dateModified\":\"2019-08-15T11:19:48+00:00\",\"author\":{\"@id\":\"https:\\\/\\\/favorite-news.com\\\/mx\\\/#\\\/schema\\\/person\\\/b91573b717dcfa5e4696032a9d28d3e8\"},\"breadcrumb\":{\"@id\":\"https:\\\/\\\/favorite-news.com\\\/mx\\\/se-desploman-las-bolsas-a-nivel-global-por-incertidumbre\\\/#breadcrumb\"},\"inLanguage\":\"es\",\"potentialAction\":[{\"@type\":\"ReadAction\",\"target\":[\"https:\\\/\\\/favorite-news.com\\\/mx\\\/se-desploman-las-bolsas-a-nivel-global-por-incertidumbre\\\/\"]}]},{\"@type\":\"ImageObject\",\"inLanguage\":\"es\",\"@id\":\"https:\\\/\\\/favorite-news.com\\\/mx\\\/se-desploman-las-bolsas-a-nivel-global-por-incertidumbre\\\/#primaryimage\",\"url\":\"https:\\\/\\\/favorite-news.com\\\/mx\\\/wp-content\\\/uploads\\\/sites\\\/8\\\/2019\\\/08\\\/Se-desploman-las-bolsas-a-nivel-global-por-incertidumbre.jpg\",\"contentUrl\":\"https:\\\/\\\/favorite-news.com\\\/mx\\\/wp-content\\\/uploads\\\/sites\\\/8\\\/2019\\\/08\\\/Se-desploman-las-bolsas-a-nivel-global-por-incertidumbre.jpg\",\"width\":1140,\"height\":712,\"caption\":\"Se desploman las bolsas a nivel global por incertidumbre\"},{\"@type\":\"BreadcrumbList\",\"@id\":\"https:\\\/\\\/favorite-news.com\\\/mx\\\/se-desploman-las-bolsas-a-nivel-global-por-incertidumbre\\\/#breadcrumb\",\"itemListElement\":[{\"@type\":\"ListItem\",\"position\":1,\"name\":\"\u0413\u043b\u0430\u0432\u043d\u0430\u044f \u0441\u0442\u0440\u0430\u043d\u0438\u0446\u0430\",\"item\":\"https:\\\/\\\/favorite-news.com\\\/mx\\\/\"},{\"@type\":\"ListItem\",\"position\":2,\"name\":\"Se desploman las bolsas a nivel global por incertidumbre\"}]},{\"@type\":\"WebSite\",\"@id\":\"https:\\\/\\\/favorite-news.com\\\/mx\\\/#website\",\"url\":\"https:\\\/\\\/favorite-news.com\\\/mx\\\/\",\"name\":\"Favorite News\",\"description\":\"Favorite News Mexico\",\"potentialAction\":[{\"@type\":\"SearchAction\",\"target\":{\"@type\":\"EntryPoint\",\"urlTemplate\":\"https:\\\/\\\/favorite-news.com\\\/mx\\\/?s={search_term_string}\"},\"query-input\":{\"@type\":\"PropertyValueSpecification\",\"valueRequired\":true,\"valueName\":\"search_term_string\"}}],\"inLanguage\":\"es\"},{\"@type\":\"Person\",\"@id\":\"https:\\\/\\\/favorite-news.com\\\/mx\\\/#\\\/schema\\\/person\\\/b91573b717dcfa5e4696032a9d28d3e8\",\"name\":\"favorite-news\",\"image\":{\"@type\":\"ImageObject\",\"inLanguage\":\"es\",\"@id\":\"https:\\\/\\\/secure.gravatar.com\\\/avatar\\\/6c5a5cb12b74e9d517ee91cf570335b7d16177f1977cc91db161adfa435945a7?s=96&d=mm&r=g\",\"url\":\"https:\\\/\\\/secure.gravatar.com\\\/avatar\\\/6c5a5cb12b74e9d517ee91cf570335b7d16177f1977cc91db161adfa435945a7?s=96&d=mm&r=g\",\"contentUrl\":\"https:\\\/\\\/secure.gravatar.com\\\/avatar\\\/6c5a5cb12b74e9d517ee91cf570335b7d16177f1977cc91db161adfa435945a7?s=96&d=mm&r=g\",\"caption\":\"favorite-news\"},\"url\":\"https:\\\/\\\/favorite-news.com\\\/mx\\\/author\\\/pt\\\/\"}]}<\/script>\n<!-- \/ Yoast SEO plugin. -->","yoast_head_json":{"title":"Se desploman las bolsas a nivel global por incertidumbre - Favorite News","robots":{"index":"index","follow":"follow","max-snippet":"max-snippet:-1","max-image-preview":"max-image-preview:large","max-video-preview":"max-video-preview:-1"},"canonical":"https:\/\/favorite-news.com\/mx\/se-desploman-las-bolsas-a-nivel-global-por-incertidumbre\/","og_locale":"es_MX","og_type":"article","og_title":"Se desploman las bolsas a nivel global por incertidumbre - Favorite News","og_description":"[ad_1] El p\u00e1nico se apoder\u00f3 ayer de las bolsas del mundo. Un paquete de medidas anunciado en Argentina que no logr\u00f3 disipar los temores a un default, noticias que colocan a Alemania al borde de la recesi\u00f3n y la persistente tensi\u00f3n comercial entre China y EU ahuyentaron a los inversionistas burs\u00e1tiles. El peso argentino cay\u00f3 [&hellip;]","og_url":"https:\/\/favorite-news.com\/mx\/se-desploman-las-bolsas-a-nivel-global-por-incertidumbre\/","og_site_name":"Favorite News","article_published_time":"2019-08-15T11:19:47+00:00","article_modified_time":"2019-08-15T11:19:48+00:00","og_image":[{"width":1140,"height":712,"url":"https:\/\/favorite-news.com\/mx\/wp-content\/uploads\/sites\/8\/2019\/08\/Se-desploman-las-bolsas-a-nivel-global-por-incertidumbre.jpg","type":"image\/jpeg"}],"author":"favorite-news","twitter_card":"summary_large_image","twitter_misc":{"Escrito por":"favorite-news","Tiempo de lectura":"3 minutos"},"schema":{"@context":"https:\/\/schema.org","@graph":[{"@type":"Article","@id":"https:\/\/favorite-news.com\/mx\/se-desploman-las-bolsas-a-nivel-global-por-incertidumbre\/#article","isPartOf":{"@id":"https:\/\/favorite-news.com\/mx\/se-desploman-las-bolsas-a-nivel-global-por-incertidumbre\/"},"author":{"name":"favorite-news","@id":"https:\/\/favorite-news.com\/mx\/#\/schema\/person\/b91573b717dcfa5e4696032a9d28d3e8"},"headline":"Se desploman las bolsas a nivel global por incertidumbre","datePublished":"2019-08-15T11:19:47+00:00","dateModified":"2019-08-15T11:19:48+00:00","mainEntityOfPage":{"@id":"https:\/\/favorite-news.com\/mx\/se-desploman-las-bolsas-a-nivel-global-por-incertidumbre\/"},"wordCount":617,"commentCount":0,"image":{"@id":"https:\/\/favorite-news.com\/mx\/se-desploman-las-bolsas-a-nivel-global-por-incertidumbre\/#primaryimage"},"thumbnailUrl":"https:\/\/favorite-news.com\/mx\/wp-content\/uploads\/sites\/8\/2019\/08\/Se-desploman-las-bolsas-a-nivel-global-por-incertidumbre.jpg","articleSection":["NOTICIAS FINANCIERAS"],"inLanguage":"es","potentialAction":[{"@type":"CommentAction","name":"Comment","target":["https:\/\/favorite-news.com\/mx\/se-desploman-las-bolsas-a-nivel-global-por-incertidumbre\/#respond"]}]},{"@type":"WebPage","@id":"https:\/\/favorite-news.com\/mx\/se-desploman-las-bolsas-a-nivel-global-por-incertidumbre\/","url":"https:\/\/favorite-news.com\/mx\/se-desploman-las-bolsas-a-nivel-global-por-incertidumbre\/","name":"Se desploman las bolsas a nivel global por incertidumbre - Favorite News","isPartOf":{"@id":"https:\/\/favorite-news.com\/mx\/#website"},"primaryImageOfPage":{"@id":"https:\/\/favorite-news.com\/mx\/se-desploman-las-bolsas-a-nivel-global-por-incertidumbre\/#primaryimage"},"image":{"@id":"https:\/\/favorite-news.com\/mx\/se-desploman-las-bolsas-a-nivel-global-por-incertidumbre\/#primaryimage"},"thumbnailUrl":"https:\/\/favorite-news.com\/mx\/wp-content\/uploads\/sites\/8\/2019\/08\/Se-desploman-las-bolsas-a-nivel-global-por-incertidumbre.jpg","datePublished":"2019-08-15T11:19:47+00:00","dateModified":"2019-08-15T11:19:48+00:00","author":{"@id":"https:\/\/favorite-news.com\/mx\/#\/schema\/person\/b91573b717dcfa5e4696032a9d28d3e8"},"breadcrumb":{"@id":"https:\/\/favorite-news.com\/mx\/se-desploman-las-bolsas-a-nivel-global-por-incertidumbre\/#breadcrumb"},"inLanguage":"es","potentialAction":[{"@type":"ReadAction","target":["https:\/\/favorite-news.com\/mx\/se-desploman-las-bolsas-a-nivel-global-por-incertidumbre\/"]}]},{"@type":"ImageObject","inLanguage":"es","@id":"https:\/\/favorite-news.com\/mx\/se-desploman-las-bolsas-a-nivel-global-por-incertidumbre\/#primaryimage","url":"https:\/\/favorite-news.com\/mx\/wp-content\/uploads\/sites\/8\/2019\/08\/Se-desploman-las-bolsas-a-nivel-global-por-incertidumbre.jpg","contentUrl":"https:\/\/favorite-news.com\/mx\/wp-content\/uploads\/sites\/8\/2019\/08\/Se-desploman-las-bolsas-a-nivel-global-por-incertidumbre.jpg","width":1140,"height":712,"caption":"Se desploman las bolsas a nivel global por incertidumbre"},{"@type":"BreadcrumbList","@id":"https:\/\/favorite-news.com\/mx\/se-desploman-las-bolsas-a-nivel-global-por-incertidumbre\/#breadcrumb","itemListElement":[{"@type":"ListItem","position":1,"name":"\u0413\u043b\u0430\u0432\u043d\u0430\u044f \u0441\u0442\u0440\u0430\u043d\u0438\u0446\u0430","item":"https:\/\/favorite-news.com\/mx\/"},{"@type":"ListItem","position":2,"name":"Se desploman las bolsas a nivel global por incertidumbre"}]},{"@type":"WebSite","@id":"https:\/\/favorite-news.com\/mx\/#website","url":"https:\/\/favorite-news.com\/mx\/","name":"Favorite News","description":"Favorite News Mexico","potentialAction":[{"@type":"SearchAction","target":{"@type":"EntryPoint","urlTemplate":"https:\/\/favorite-news.com\/mx\/?s={search_term_string}"},"query-input":{"@type":"PropertyValueSpecification","valueRequired":true,"valueName":"search_term_string"}}],"inLanguage":"es"},{"@type":"Person","@id":"https:\/\/favorite-news.com\/mx\/#\/schema\/person\/b91573b717dcfa5e4696032a9d28d3e8","name":"favorite-news","image":{"@type":"ImageObject","inLanguage":"es","@id":"https:\/\/secure.gravatar.com\/avatar\/6c5a5cb12b74e9d517ee91cf570335b7d16177f1977cc91db161adfa435945a7?s=96&d=mm&r=g","url":"https:\/\/secure.gravatar.com\/avatar\/6c5a5cb12b74e9d517ee91cf570335b7d16177f1977cc91db161adfa435945a7?s=96&d=mm&r=g","contentUrl":"https:\/\/secure.gravatar.com\/avatar\/6c5a5cb12b74e9d517ee91cf570335b7d16177f1977cc91db161adfa435945a7?s=96&d=mm&r=g","caption":"favorite-news"},"url":"https:\/\/favorite-news.com\/mx\/author\/pt\/"}]}},"_links":{"self":[{"href":"https:\/\/favorite-news.com\/mx\/wp-json\/wp\/v2\/posts\/3101","targetHints":{"allow":["GET"]}}],"collection":[{"href":"https:\/\/favorite-news.com\/mx\/wp-json\/wp\/v2\/posts"}],"about":[{"href":"https:\/\/favorite-news.com\/mx\/wp-json\/wp\/v2\/types\/post"}],"author":[{"embeddable":true,"href":"https:\/\/favorite-news.com\/mx\/wp-json\/wp\/v2\/users\/2"}],"replies":[{"embeddable":true,"href":"https:\/\/favorite-news.com\/mx\/wp-json\/wp\/v2\/comments?post=3101"}],"version-history":[{"count":1,"href":"https:\/\/favorite-news.com\/mx\/wp-json\/wp\/v2\/posts\/3101\/revisions"}],"predecessor-version":[{"id":3103,"href":"https:\/\/favorite-news.com\/mx\/wp-json\/wp\/v2\/posts\/3101\/revisions\/3103"}],"wp:featuredmedia":[{"embeddable":true,"href":"https:\/\/favorite-news.com\/mx\/wp-json\/wp\/v2\/media\/3102"}],"wp:attachment":[{"href":"https:\/\/favorite-news.com\/mx\/wp-json\/wp\/v2\/media?parent=3101"}],"wp:term":[{"taxonomy":"category","embeddable":true,"href":"https:\/\/favorite-news.com\/mx\/wp-json\/wp\/v2\/categories?post=3101"},{"taxonomy":"post_tag","embeddable":true,"href":"https:\/\/favorite-news.com\/mx\/wp-json\/wp\/v2\/tags?post=3101"}],"curies":[{"name":"wp","href":"https:\/\/api.w.org\/{rel}","templated":true}]}}