{"id":3098,"date":"2019-08-15T12:28:43","date_gmt":"2019-08-15T09:28:43","guid":{"rendered":"https:\/\/favorite-news.com\/mx\/prometen-en-pacto-oaxaca-100-mil-mdd-para-sureste-del-pais\/"},"modified":"2019-08-15T12:28:45","modified_gmt":"2019-08-15T09:28:45","slug":"prometen-en-pacto-oaxaca-100-mil-mdd-para-sureste-del-pais","status":"publish","type":"post","link":"https:\/\/favorite-news.com\/mx\/prometen-en-pacto-oaxaca-100-mil-mdd-para-sureste-del-pais\/","title":{"rendered":"Prometen en Pacto Oaxaca 100 mil mdd para sureste del pa\u00eds"},"content":{"rendered":"<p> [ad_1]<br \/>\n<\/p>\n<div id=\"content-body-226-4041950\">\n<p>OAXACA. El presidente de la Confederaci\u00f3n de C\u00e1maras Industriales (Concamin), Francisco Cervantes, calcul\u00f3 que el Pacto Oaxaca, firmado por el presidente Andr\u00e9s Manuel L\u00f3pez Obrador, las principales c\u00e1maras empresariales del pa\u00eds y los gobernadores de nueve estados del sur-sureste, atraer\u00e1 una inversi\u00f3n de m\u00e1s de 100 mil millones de d\u00f3lares a esa regi\u00f3n.<\/p>\n<p>En entrevista con El Sol de M\u00e9xico, el l\u00edder los industriales del pa\u00eds indic\u00f3 que en lo que va del a\u00f1o ya se tienen comprometidos para la regi\u00f3n 32 millones de d\u00f3lares por parte de empresas de distintos sectores. A esto se sumar\u00e1n la mayor\u00eda de los cinco mil millones de d\u00f3lares anunciados por la firma espa\u00f1ola Iberdrola para esta administraci\u00f3n.<\/p>\n<h4\/>\n<p>Los datos oficiales indican que la regios sur-sureste concentra 28 por ciento de la poblaci\u00f3n, pero s\u00f3lo aporta 18 por ciento del PIB, y el porcentaje es cada vez m\u00e1s peque\u00f1o.<\/p>\n<p>En el Pacto Oaxaca, el gobierno federal, los estatales y la iniciativa privada acordaron una agenda para atraer inversiones y crear infraestructura industrial y comercial que se traduzca en mayores empleos y crecimiento del PIB regional.<\/p>\n<p>En el Centro de Convenciones de la capital de Oaxaca, el presidente Andr\u00e9s Manuel L\u00f3pez Obrador, ofreci\u00f3 al sector privado garant\u00edas para ejercer en el pa\u00eds un aut\u00e9ntico Estado de derecho, que ya se lleva a la pr\u00e1ctica, a\u00f1adi\u00f3, respeto a las leyes, sin farsas, donde no ocurra como en el pasado, cuando se respetaba la forma, pero se violentaba el fondo.<\/p>\n<p>\u201cQue nadie diga: \u2018Necesitamos mensajes de confianza\u2019. Todos los mensajes de confianza. No vamos nosotros a cometer ning\u00fan acto arbitrario en contra del sector privado, necesitamos la participaci\u00f3n de la inversi\u00f3n privada\u201d, reiter\u00f3. El mandatario pidi\u00f3 al sector empresarial su apoyo para impulsar la estrategia para el Sur- Sureste, a la que calific\u00f3 como un acto de justicia para la regi\u00f3n que hab\u00eda sido abandonada por gobiernos anteriores.<\/p>\n<p>La estrategia tiene cuatro objetivos: apoyo a la econom\u00eda popular a trav\u00e9s de las micro empresas, la creaci\u00f3n de proyectos estrat\u00e9gicos, incentivos para la iniciativa privada y el fomento a la inversi\u00f3n extranjera y al comercio exterior.<\/p>\n<p>Como incentivos ofreci\u00f3 la simplificaci\u00f3n del pago de impuestos, la conservaci\u00f3n de las tasas y mantener sin cambios el precio de los insumos energ\u00e9ticos para el a\u00f1o 2020.<\/p>\n<p>Los beneficios, agreg\u00f3 el titular del Ejecutivo, alcanzar\u00e1n tambi\u00e9n a los responsables de la inversi\u00f3n extranjera, la cual asever\u00f3 no se ha detenido.<\/p>\n<p>\u201cMientras algunos est\u00e1n pidiendo confianza, se\u00f1ales de que van a tener garant\u00edas, lo cierto es que las empresas extranjeras siguen invirtiendo en nuestro pa\u00eds y son bienvenidas. Cada semana hay una empresa extranjera que quiere, a trav\u00e9s de sus directivos, notificarme, darnos a conocer que van a invertir m\u00e1s y que est\u00e1n apostando por M\u00e9xico\u201d, expuso.<\/p>\n<p>L\u00f3pez Obrador aprovech\u00f3 para asegurar que la relaci\u00f3n con el gobierno de Estados Unidos es buena.<\/p>\n<p>&#8220;Necesitamos mantener buenas relaciones con todas las naciones y pueblos del mundo&#8221;, dijo en el evento en el que estuvo acompa\u00f1ado de los secretarios de Econom\u00eda, Graciela M\u00e1rquez, de Turismo, Miguel Torruco, de Gobernaci\u00f3n, Olga S\u00e1nchez Cordero y otros.<\/p>\n<p>Tambi\u00e9n estaban los gobernadores de Oaxaca, Alejandro Murat; de Chiapas, Rutilio Escand\u00f3n; de Guerrero, H\u00e9ctor Astudillo; de Puebla, Miguel Barbosa; de Veracruz, Cuitl\u00e1huac Garc\u00eda; de Tabasco, Ad\u00e1n Augusto L\u00f3pez; de Quintana Roo, Carlos Joaqu\u00edn Gonz\u00e1lez; de Yucat\u00e1n, Mauricio Vila, y de Campeche, Carlos Miguel Aysa. Como anfitri\u00f3n, Murat subray\u00f3 que el pacto representa la oportunidad para cerrar la brecha de desarrollo entre los estados del sur y el norte del pa\u00eds.<\/p>\n<p><b>CRECIMIENTO PAREJO<\/b><\/p>\n<p>El presidente de la Concamin, Francisco Cervantes, record\u00f3 que el gobierno federal y los empresarios se comprometieron a alcanzar un crecimiento de cuatro por ciento, para lo cual es fundamental impulsar a la regi\u00f3n sur-sureste.<\/p>\n<p>\u201cLos tomadores de decisiones est\u00e1n aqu\u00ed para sacar de la marginaci\u00f3n al sur del pa\u00eds, vamos a emparejar el crecimiento, a firmar un pacto que ser\u00e1 historia porque todos los proyectos son de mediano y largo plazos\u201d, sostuvo Cervantes.<\/p>\n<p>&#8220;Que \u00e9ste sea el &#8216;ahora s\u00ed&#8217; por tratar de resolver la situaci\u00f3n del sur, para resolver la de todo el pa\u00eds&#8221;, expres\u00f3 Carlos Salazar, presidente del Consejo Coordinador Empresarial (CCE).<\/p>\n<p>Respecto a las inversiones, Bosco de la Vega, presidente del Consejo Nacional Agropecuario (CNA), destac\u00f3 que empresas como Lala y Danone ya se comprometieron a invertir hasta dos mil millones de d\u00f3lares en los siguientes cinco a\u00f1os. Se busca replicar la cuenca lechera que existe en la regi\u00f3n de La Laguna, en Coahuila.<\/p>\n<p>Para alcanzar la autosuficiencia en ma\u00edz, los empresarios prev\u00e9n producir dos millones de toneladas del grano, de las 18 millones que actualmente se importan.<\/p>\n<p>Antonio del Valle Peronchena, presidente del Consejo Mexicano de Negocios (CMN), confirm\u00f3 a El Sol de M\u00e9xico que algunos de los empresarios m\u00e1s ricos del pa\u00eds tienen inter\u00e9s en invertir en el Corredor Trans\u00edstmico, en proyectos como parques industriales, plantas de energ\u00eda, desarrollos agroindustriales y gasoductos.<\/p>\n<p>&#8220;Lo m\u00e1s importante (del Pacto Oaxaca) es que ya se est\u00e1n definiendo los proyectos, ya hay una visi\u00f3n m\u00e1s clara de qu\u00e9 hay que hacer en la regi\u00f3n, eso aclara muchas cosas y da mayor oportunidad a que se inicie la inversi\u00f3n m\u00e1s r\u00e1pido&#8221;, sostuvo.<\/p>\n<p>Entre los asistentes estaban los empresarios M\u00e1ximo Bedolla, del Grupo Monterrey, Juan Ignacio Garza, de Signus, y Armando Garza Sada, de Grupo Alfa.<\/p>\n<p><b>CORREDOR TRANS\u00cdSTMICO TAMBI\u00c9N SER\u00c1 TUR\u00cdSTICO<\/b><\/p>\n<p>El Corredor Trans\u00edstmico, uno de los grandes proyectos de la actual administraci\u00f3n, pensado para el transporte de carga entre el oc\u00e9ano Pac\u00edfico y el Golfo de M\u00e9xico, tambi\u00e9n tendr\u00e1 un tren tur\u00edstico.<\/p>\n<p>El titular de la Secretar\u00eda de Turismo (Sectur), Miguel Torruco, dijo a este diario que se reuni\u00f3 con los secretarios del ramo de Veracruz y Oaxaca para comenzar a planear el proyecto.<\/p>\n<p>&#8220;Vamos a aprovechar que la v\u00eda del tren del Istmo cuenta con algunos nodos para meter otro tren que sea tur\u00edstico&#8221;, coment\u00f3 en una entrevista en el aeropuerto de Oaxaca, antes de abordar el avi\u00f3n de regreso a la Ciudad de M\u00e9xico.<\/p>\n<p>De esta manera, en la presente administraci\u00f3n se construir\u00e1n dos trenes tur\u00edsticos en la regi\u00f3n sur-sureste: el Tren Maya, y ahora el del Istmo.<\/p>\n<p>El Tren del Istmo forma parte del Corredor Trans\u00edstmico con el que el gobierno federal busca el desarrollo de la regi\u00f3n al conectar los puertos de Salina Cruz, en Oaxaca, con el de Coatzacoalcos, en el estado de Veracruz.<\/p>\n<p>El programa de desarrollo del Istmo de Tehuantepec, con el que se busca que la regi\u00f3n compita con el Canal de Panam\u00e1 para mover carga entre Asia y la costa este de Estados Unidos as\u00ed como Europa, prev\u00e9 una inversi\u00f3n de alrededor de 259 mil millones de pesos.<\/p>\n<\/div>\n<p><script>(function(d, s, id) {\nvar js, fjs = d.getElementsByTagName(s)[0];\nif (d.getElementById(id)) return;\njs = d.createElement(s); js.id = id;\njs.src = 'https:\/\/connect.facebook.net\/es_LA\/sdk.js#xfbml=1&version=v3.2&appId=641196362757391&autoLogAppEvents=1';\nfjs.parentNode.insertBefore(js, fjs);\n}(document, 'script', 'facebook-jssdk'));\n<\/script><br \/>\n<br \/>[ad_2]<br \/>\n<br \/><a href=\"https:\/\/www.elsoldemexico.com.mx\/finanzas\/prometen-en-pacto-oaxaca-100-mil-mdd-para-sureste-del-pais-4041950.html\">Source link <\/a><\/p>\n","protected":false},"excerpt":{"rendered":"<p>[ad_1] OAXACA. El presidente de la Confederaci\u00f3n de C\u00e1maras Industriales (Concamin), Francisco Cervantes, calcul\u00f3 que el Pacto Oaxaca, firmado por el presidente Andr\u00e9s Manuel L\u00f3pez Obrador, las principales c\u00e1maras empresariales del pa\u00eds y los gobernadores de nueve estados del sur-sureste, atraer\u00e1 una inversi\u00f3n de m\u00e1s de 100 mil millones de d\u00f3lares a esa regi\u00f3n. En [&hellip;]<\/p>\n","protected":false},"author":2,"featured_media":3099,"comment_status":"open","ping_status":"open","sticky":false,"template":"","format":"standard","meta":{"footnotes":""},"categories":[1],"tags":[],"class_list":["post-3098","post","type-post","status-publish","format-standard","has-post-thumbnail","hentry","category-noticias-financieras"],"yoast_head":"<!-- This site is optimized with the Yoast SEO plugin v27.4 - https:\/\/yoast.com\/product\/yoast-seo-wordpress\/ -->\n<title>Prometen en Pacto Oaxaca 100 mil mdd para sureste del pa\u00eds - Favorite News<\/title>\n<meta name=\"robots\" content=\"index, follow, max-snippet:-1, max-image-preview:large, max-video-preview:-1\" \/>\n<link rel=\"canonical\" href=\"https:\/\/favorite-news.com\/mx\/prometen-en-pacto-oaxaca-100-mil-mdd-para-sureste-del-pais\/\" \/>\n<meta property=\"og:locale\" content=\"es_MX\" \/>\n<meta property=\"og:type\" content=\"article\" \/>\n<meta property=\"og:title\" content=\"Prometen en Pacto Oaxaca 100 mil mdd para sureste del pa\u00eds - Favorite News\" \/>\n<meta property=\"og:description\" content=\"[ad_1] OAXACA. El presidente de la Confederaci\u00f3n de C\u00e1maras Industriales (Concamin), Francisco Cervantes, calcul\u00f3 que el Pacto Oaxaca, firmado por el presidente Andr\u00e9s Manuel L\u00f3pez Obrador, las principales c\u00e1maras empresariales del pa\u00eds y los gobernadores de nueve estados del sur-sureste, atraer\u00e1 una inversi\u00f3n de m\u00e1s de 100 mil millones de d\u00f3lares a esa regi\u00f3n. En [&hellip;]\" \/>\n<meta property=\"og:url\" content=\"https:\/\/favorite-news.com\/mx\/prometen-en-pacto-oaxaca-100-mil-mdd-para-sureste-del-pais\/\" \/>\n<meta property=\"og:site_name\" content=\"Favorite News\" \/>\n<meta property=\"article:published_time\" content=\"2019-08-15T09:28:43+00:00\" \/>\n<meta property=\"article:modified_time\" content=\"2019-08-15T09:28:45+00:00\" \/>\n<meta property=\"og:image\" content=\"https:\/\/favorite-news.com\/mx\/wp-content\/uploads\/sites\/8\/2019\/08\/Prometen-en-Pacto-Oaxaca-100-mil-mdd-para-sureste-del.jpg\" \/>\n\t<meta property=\"og:image:width\" content=\"1140\" \/>\n\t<meta property=\"og:image:height\" content=\"712\" \/>\n\t<meta property=\"og:image:type\" content=\"image\/jpeg\" \/>\n<meta name=\"author\" content=\"favorite-news\" \/>\n<meta name=\"twitter:card\" content=\"summary_large_image\" \/>\n<meta name=\"twitter:label1\" content=\"Escrito por\" \/>\n\t<meta name=\"twitter:data1\" content=\"favorite-news\" \/>\n\t<meta name=\"twitter:label2\" content=\"Tiempo de lectura\" \/>\n\t<meta name=\"twitter:data2\" content=\"6 minutos\" \/>\n<script type=\"application\/ld+json\" class=\"yoast-schema-graph\">{\"@context\":\"https:\\\/\\\/schema.org\",\"@graph\":[{\"@type\":\"Article\",\"@id\":\"https:\\\/\\\/favorite-news.com\\\/mx\\\/prometen-en-pacto-oaxaca-100-mil-mdd-para-sureste-del-pais\\\/#article\",\"isPartOf\":{\"@id\":\"https:\\\/\\\/favorite-news.com\\\/mx\\\/prometen-en-pacto-oaxaca-100-mil-mdd-para-sureste-del-pais\\\/\"},\"author\":{\"name\":\"favorite-news\",\"@id\":\"https:\\\/\\\/favorite-news.com\\\/mx\\\/#\\\/schema\\\/person\\\/b91573b717dcfa5e4696032a9d28d3e8\"},\"headline\":\"Prometen en Pacto Oaxaca 100 mil mdd para sureste del pa\u00eds\",\"datePublished\":\"2019-08-15T09:28:43+00:00\",\"dateModified\":\"2019-08-15T09:28:45+00:00\",\"mainEntityOfPage\":{\"@id\":\"https:\\\/\\\/favorite-news.com\\\/mx\\\/prometen-en-pacto-oaxaca-100-mil-mdd-para-sureste-del-pais\\\/\"},\"wordCount\":1233,\"commentCount\":0,\"image\":{\"@id\":\"https:\\\/\\\/favorite-news.com\\\/mx\\\/prometen-en-pacto-oaxaca-100-mil-mdd-para-sureste-del-pais\\\/#primaryimage\"},\"thumbnailUrl\":\"https:\\\/\\\/favorite-news.com\\\/mx\\\/wp-content\\\/uploads\\\/sites\\\/8\\\/2019\\\/08\\\/Prometen-en-Pacto-Oaxaca-100-mil-mdd-para-sureste-del.jpg\",\"articleSection\":[\"NOTICIAS FINANCIERAS\"],\"inLanguage\":\"es\",\"potentialAction\":[{\"@type\":\"CommentAction\",\"name\":\"Comment\",\"target\":[\"https:\\\/\\\/favorite-news.com\\\/mx\\\/prometen-en-pacto-oaxaca-100-mil-mdd-para-sureste-del-pais\\\/#respond\"]}]},{\"@type\":\"WebPage\",\"@id\":\"https:\\\/\\\/favorite-news.com\\\/mx\\\/prometen-en-pacto-oaxaca-100-mil-mdd-para-sureste-del-pais\\\/\",\"url\":\"https:\\\/\\\/favorite-news.com\\\/mx\\\/prometen-en-pacto-oaxaca-100-mil-mdd-para-sureste-del-pais\\\/\",\"name\":\"Prometen en Pacto Oaxaca 100 mil mdd para sureste del pa\u00eds - Favorite News\",\"isPartOf\":{\"@id\":\"https:\\\/\\\/favorite-news.com\\\/mx\\\/#website\"},\"primaryImageOfPage\":{\"@id\":\"https:\\\/\\\/favorite-news.com\\\/mx\\\/prometen-en-pacto-oaxaca-100-mil-mdd-para-sureste-del-pais\\\/#primaryimage\"},\"image\":{\"@id\":\"https:\\\/\\\/favorite-news.com\\\/mx\\\/prometen-en-pacto-oaxaca-100-mil-mdd-para-sureste-del-pais\\\/#primaryimage\"},\"thumbnailUrl\":\"https:\\\/\\\/favorite-news.com\\\/mx\\\/wp-content\\\/uploads\\\/sites\\\/8\\\/2019\\\/08\\\/Prometen-en-Pacto-Oaxaca-100-mil-mdd-para-sureste-del.jpg\",\"datePublished\":\"2019-08-15T09:28:43+00:00\",\"dateModified\":\"2019-08-15T09:28:45+00:00\",\"author\":{\"@id\":\"https:\\\/\\\/favorite-news.com\\\/mx\\\/#\\\/schema\\\/person\\\/b91573b717dcfa5e4696032a9d28d3e8\"},\"breadcrumb\":{\"@id\":\"https:\\\/\\\/favorite-news.com\\\/mx\\\/prometen-en-pacto-oaxaca-100-mil-mdd-para-sureste-del-pais\\\/#breadcrumb\"},\"inLanguage\":\"es\",\"potentialAction\":[{\"@type\":\"ReadAction\",\"target\":[\"https:\\\/\\\/favorite-news.com\\\/mx\\\/prometen-en-pacto-oaxaca-100-mil-mdd-para-sureste-del-pais\\\/\"]}]},{\"@type\":\"ImageObject\",\"inLanguage\":\"es\",\"@id\":\"https:\\\/\\\/favorite-news.com\\\/mx\\\/prometen-en-pacto-oaxaca-100-mil-mdd-para-sureste-del-pais\\\/#primaryimage\",\"url\":\"https:\\\/\\\/favorite-news.com\\\/mx\\\/wp-content\\\/uploads\\\/sites\\\/8\\\/2019\\\/08\\\/Prometen-en-Pacto-Oaxaca-100-mil-mdd-para-sureste-del.jpg\",\"contentUrl\":\"https:\\\/\\\/favorite-news.com\\\/mx\\\/wp-content\\\/uploads\\\/sites\\\/8\\\/2019\\\/08\\\/Prometen-en-Pacto-Oaxaca-100-mil-mdd-para-sureste-del.jpg\",\"width\":1140,\"height\":712,\"caption\":\"Prometen en Pacto Oaxaca 100 mil mdd para sureste del pa\u00eds\"},{\"@type\":\"BreadcrumbList\",\"@id\":\"https:\\\/\\\/favorite-news.com\\\/mx\\\/prometen-en-pacto-oaxaca-100-mil-mdd-para-sureste-del-pais\\\/#breadcrumb\",\"itemListElement\":[{\"@type\":\"ListItem\",\"position\":1,\"name\":\"\u0413\u043b\u0430\u0432\u043d\u0430\u044f \u0441\u0442\u0440\u0430\u043d\u0438\u0446\u0430\",\"item\":\"https:\\\/\\\/favorite-news.com\\\/mx\\\/\"},{\"@type\":\"ListItem\",\"position\":2,\"name\":\"Prometen en Pacto Oaxaca 100 mil mdd para sureste del pa\u00eds\"}]},{\"@type\":\"WebSite\",\"@id\":\"https:\\\/\\\/favorite-news.com\\\/mx\\\/#website\",\"url\":\"https:\\\/\\\/favorite-news.com\\\/mx\\\/\",\"name\":\"Favorite News\",\"description\":\"Favorite News Mexico\",\"potentialAction\":[{\"@type\":\"SearchAction\",\"target\":{\"@type\":\"EntryPoint\",\"urlTemplate\":\"https:\\\/\\\/favorite-news.com\\\/mx\\\/?s={search_term_string}\"},\"query-input\":{\"@type\":\"PropertyValueSpecification\",\"valueRequired\":true,\"valueName\":\"search_term_string\"}}],\"inLanguage\":\"es\"},{\"@type\":\"Person\",\"@id\":\"https:\\\/\\\/favorite-news.com\\\/mx\\\/#\\\/schema\\\/person\\\/b91573b717dcfa5e4696032a9d28d3e8\",\"name\":\"favorite-news\",\"image\":{\"@type\":\"ImageObject\",\"inLanguage\":\"es\",\"@id\":\"https:\\\/\\\/secure.gravatar.com\\\/avatar\\\/6c5a5cb12b74e9d517ee91cf570335b7d16177f1977cc91db161adfa435945a7?s=96&d=mm&r=g\",\"url\":\"https:\\\/\\\/secure.gravatar.com\\\/avatar\\\/6c5a5cb12b74e9d517ee91cf570335b7d16177f1977cc91db161adfa435945a7?s=96&d=mm&r=g\",\"contentUrl\":\"https:\\\/\\\/secure.gravatar.com\\\/avatar\\\/6c5a5cb12b74e9d517ee91cf570335b7d16177f1977cc91db161adfa435945a7?s=96&d=mm&r=g\",\"caption\":\"favorite-news\"},\"url\":\"https:\\\/\\\/favorite-news.com\\\/mx\\\/author\\\/pt\\\/\"}]}<\/script>\n<!-- \/ Yoast SEO plugin. -->","yoast_head_json":{"title":"Prometen en Pacto Oaxaca 100 mil mdd para sureste del pa\u00eds - Favorite News","robots":{"index":"index","follow":"follow","max-snippet":"max-snippet:-1","max-image-preview":"max-image-preview:large","max-video-preview":"max-video-preview:-1"},"canonical":"https:\/\/favorite-news.com\/mx\/prometen-en-pacto-oaxaca-100-mil-mdd-para-sureste-del-pais\/","og_locale":"es_MX","og_type":"article","og_title":"Prometen en Pacto Oaxaca 100 mil mdd para sureste del pa\u00eds - Favorite News","og_description":"[ad_1] OAXACA. El presidente de la Confederaci\u00f3n de C\u00e1maras Industriales (Concamin), Francisco Cervantes, calcul\u00f3 que el Pacto Oaxaca, firmado por el presidente Andr\u00e9s Manuel L\u00f3pez Obrador, las principales c\u00e1maras empresariales del pa\u00eds y los gobernadores de nueve estados del sur-sureste, atraer\u00e1 una inversi\u00f3n de m\u00e1s de 100 mil millones de d\u00f3lares a esa regi\u00f3n. En [&hellip;]","og_url":"https:\/\/favorite-news.com\/mx\/prometen-en-pacto-oaxaca-100-mil-mdd-para-sureste-del-pais\/","og_site_name":"Favorite News","article_published_time":"2019-08-15T09:28:43+00:00","article_modified_time":"2019-08-15T09:28:45+00:00","og_image":[{"width":1140,"height":712,"url":"https:\/\/favorite-news.com\/mx\/wp-content\/uploads\/sites\/8\/2019\/08\/Prometen-en-Pacto-Oaxaca-100-mil-mdd-para-sureste-del.jpg","type":"image\/jpeg"}],"author":"favorite-news","twitter_card":"summary_large_image","twitter_misc":{"Escrito por":"favorite-news","Tiempo de lectura":"6 minutos"},"schema":{"@context":"https:\/\/schema.org","@graph":[{"@type":"Article","@id":"https:\/\/favorite-news.com\/mx\/prometen-en-pacto-oaxaca-100-mil-mdd-para-sureste-del-pais\/#article","isPartOf":{"@id":"https:\/\/favorite-news.com\/mx\/prometen-en-pacto-oaxaca-100-mil-mdd-para-sureste-del-pais\/"},"author":{"name":"favorite-news","@id":"https:\/\/favorite-news.com\/mx\/#\/schema\/person\/b91573b717dcfa5e4696032a9d28d3e8"},"headline":"Prometen en Pacto Oaxaca 100 mil mdd para sureste del pa\u00eds","datePublished":"2019-08-15T09:28:43+00:00","dateModified":"2019-08-15T09:28:45+00:00","mainEntityOfPage":{"@id":"https:\/\/favorite-news.com\/mx\/prometen-en-pacto-oaxaca-100-mil-mdd-para-sureste-del-pais\/"},"wordCount":1233,"commentCount":0,"image":{"@id":"https:\/\/favorite-news.com\/mx\/prometen-en-pacto-oaxaca-100-mil-mdd-para-sureste-del-pais\/#primaryimage"},"thumbnailUrl":"https:\/\/favorite-news.com\/mx\/wp-content\/uploads\/sites\/8\/2019\/08\/Prometen-en-Pacto-Oaxaca-100-mil-mdd-para-sureste-del.jpg","articleSection":["NOTICIAS FINANCIERAS"],"inLanguage":"es","potentialAction":[{"@type":"CommentAction","name":"Comment","target":["https:\/\/favorite-news.com\/mx\/prometen-en-pacto-oaxaca-100-mil-mdd-para-sureste-del-pais\/#respond"]}]},{"@type":"WebPage","@id":"https:\/\/favorite-news.com\/mx\/prometen-en-pacto-oaxaca-100-mil-mdd-para-sureste-del-pais\/","url":"https:\/\/favorite-news.com\/mx\/prometen-en-pacto-oaxaca-100-mil-mdd-para-sureste-del-pais\/","name":"Prometen en Pacto Oaxaca 100 mil mdd para sureste del pa\u00eds - Favorite News","isPartOf":{"@id":"https:\/\/favorite-news.com\/mx\/#website"},"primaryImageOfPage":{"@id":"https:\/\/favorite-news.com\/mx\/prometen-en-pacto-oaxaca-100-mil-mdd-para-sureste-del-pais\/#primaryimage"},"image":{"@id":"https:\/\/favorite-news.com\/mx\/prometen-en-pacto-oaxaca-100-mil-mdd-para-sureste-del-pais\/#primaryimage"},"thumbnailUrl":"https:\/\/favorite-news.com\/mx\/wp-content\/uploads\/sites\/8\/2019\/08\/Prometen-en-Pacto-Oaxaca-100-mil-mdd-para-sureste-del.jpg","datePublished":"2019-08-15T09:28:43+00:00","dateModified":"2019-08-15T09:28:45+00:00","author":{"@id":"https:\/\/favorite-news.com\/mx\/#\/schema\/person\/b91573b717dcfa5e4696032a9d28d3e8"},"breadcrumb":{"@id":"https:\/\/favorite-news.com\/mx\/prometen-en-pacto-oaxaca-100-mil-mdd-para-sureste-del-pais\/#breadcrumb"},"inLanguage":"es","potentialAction":[{"@type":"ReadAction","target":["https:\/\/favorite-news.com\/mx\/prometen-en-pacto-oaxaca-100-mil-mdd-para-sureste-del-pais\/"]}]},{"@type":"ImageObject","inLanguage":"es","@id":"https:\/\/favorite-news.com\/mx\/prometen-en-pacto-oaxaca-100-mil-mdd-para-sureste-del-pais\/#primaryimage","url":"https:\/\/favorite-news.com\/mx\/wp-content\/uploads\/sites\/8\/2019\/08\/Prometen-en-Pacto-Oaxaca-100-mil-mdd-para-sureste-del.jpg","contentUrl":"https:\/\/favorite-news.com\/mx\/wp-content\/uploads\/sites\/8\/2019\/08\/Prometen-en-Pacto-Oaxaca-100-mil-mdd-para-sureste-del.jpg","width":1140,"height":712,"caption":"Prometen en Pacto Oaxaca 100 mil mdd para sureste del pa\u00eds"},{"@type":"BreadcrumbList","@id":"https:\/\/favorite-news.com\/mx\/prometen-en-pacto-oaxaca-100-mil-mdd-para-sureste-del-pais\/#breadcrumb","itemListElement":[{"@type":"ListItem","position":1,"name":"\u0413\u043b\u0430\u0432\u043d\u0430\u044f \u0441\u0442\u0440\u0430\u043d\u0438\u0446\u0430","item":"https:\/\/favorite-news.com\/mx\/"},{"@type":"ListItem","position":2,"name":"Prometen en Pacto Oaxaca 100 mil mdd para sureste del pa\u00eds"}]},{"@type":"WebSite","@id":"https:\/\/favorite-news.com\/mx\/#website","url":"https:\/\/favorite-news.com\/mx\/","name":"Favorite News","description":"Favorite News Mexico","potentialAction":[{"@type":"SearchAction","target":{"@type":"EntryPoint","urlTemplate":"https:\/\/favorite-news.com\/mx\/?s={search_term_string}"},"query-input":{"@type":"PropertyValueSpecification","valueRequired":true,"valueName":"search_term_string"}}],"inLanguage":"es"},{"@type":"Person","@id":"https:\/\/favorite-news.com\/mx\/#\/schema\/person\/b91573b717dcfa5e4696032a9d28d3e8","name":"favorite-news","image":{"@type":"ImageObject","inLanguage":"es","@id":"https:\/\/secure.gravatar.com\/avatar\/6c5a5cb12b74e9d517ee91cf570335b7d16177f1977cc91db161adfa435945a7?s=96&d=mm&r=g","url":"https:\/\/secure.gravatar.com\/avatar\/6c5a5cb12b74e9d517ee91cf570335b7d16177f1977cc91db161adfa435945a7?s=96&d=mm&r=g","contentUrl":"https:\/\/secure.gravatar.com\/avatar\/6c5a5cb12b74e9d517ee91cf570335b7d16177f1977cc91db161adfa435945a7?s=96&d=mm&r=g","caption":"favorite-news"},"url":"https:\/\/favorite-news.com\/mx\/author\/pt\/"}]}},"_links":{"self":[{"href":"https:\/\/favorite-news.com\/mx\/wp-json\/wp\/v2\/posts\/3098","targetHints":{"allow":["GET"]}}],"collection":[{"href":"https:\/\/favorite-news.com\/mx\/wp-json\/wp\/v2\/posts"}],"about":[{"href":"https:\/\/favorite-news.com\/mx\/wp-json\/wp\/v2\/types\/post"}],"author":[{"embeddable":true,"href":"https:\/\/favorite-news.com\/mx\/wp-json\/wp\/v2\/users\/2"}],"replies":[{"embeddable":true,"href":"https:\/\/favorite-news.com\/mx\/wp-json\/wp\/v2\/comments?post=3098"}],"version-history":[{"count":1,"href":"https:\/\/favorite-news.com\/mx\/wp-json\/wp\/v2\/posts\/3098\/revisions"}],"predecessor-version":[{"id":3100,"href":"https:\/\/favorite-news.com\/mx\/wp-json\/wp\/v2\/posts\/3098\/revisions\/3100"}],"wp:featuredmedia":[{"embeddable":true,"href":"https:\/\/favorite-news.com\/mx\/wp-json\/wp\/v2\/media\/3099"}],"wp:attachment":[{"href":"https:\/\/favorite-news.com\/mx\/wp-json\/wp\/v2\/media?parent=3098"}],"wp:term":[{"taxonomy":"category","embeddable":true,"href":"https:\/\/favorite-news.com\/mx\/wp-json\/wp\/v2\/categories?post=3098"},{"taxonomy":"post_tag","embeddable":true,"href":"https:\/\/favorite-news.com\/mx\/wp-json\/wp\/v2\/tags?post=3098"}],"curies":[{"name":"wp","href":"https:\/\/api.w.org\/{rel}","templated":true}]}}