{"id":3092,"date":"2019-08-15T09:11:20","date_gmt":"2019-08-15T06:11:20","guid":{"rendered":"https:\/\/favorite-news.com\/mx\/gobierno-descarta-recortes-en-seguridad-salud-y-educacion-en-2020\/"},"modified":"2019-08-15T09:11:21","modified_gmt":"2019-08-15T06:11:21","slug":"gobierno-descarta-recortes-en-seguridad-salud-y-educacion-en-2020","status":"publish","type":"post","link":"https:\/\/favorite-news.com\/mx\/gobierno-descarta-recortes-en-seguridad-salud-y-educacion-en-2020\/","title":{"rendered":"Gobierno descarta recortes en seguridad, salud y educaci\u00f3n en 2020"},"content":{"rendered":"<p> [ad_1]<br \/>\n<\/p>\n<div id=\"content-body-226-4040532\">\n<p>La Comisi\u00f3n de Presupuesto y Cuenta P\u00fablica de la C\u00e1mara de Diputados que encabeza el diputado federal Alfonso Ram\u00edrez Cuellar, sostuvo la tarde de este mi\u00e9rcoles el primer el primer encuentro con la Secretario de Hacienda, para alinear el reajuste del Proyecto de Presupuesto de Egresos 2020, mismo que ser\u00e1 entregado por el Gobierno federal este 8 de septiembre, pr\u00f3ximo. <\/p>\n<p>Al concluir la reuni\u00f3n, que se realiz\u00f3 en Palacio Nacional, los integrantes de dicha comisi\u00f3n expresaron que se cre\u00f3 el compromiso con la Secretar\u00eda de Hacienda y Cr\u00e9dito P\u00fablico para no realizar recortes en el presupuesto a salud, educaci\u00f3n, seguridad y el sector agroalimentario.<\/p>\n<p>Asimismo, se\u00f1alaron que tambi\u00e9n existe otro compromiso m\u00e1s para brindar recursos a la infraestructura de estados y municipios, la cual, se\u00f1alaron, durante este a\u00f1o, b\u00e1sicamente fue nula. <\/p>\n<p>Al salir del encuentro, el diputado Ram\u00edrez Cu\u00e9llar declar\u00f3 que la reuni\u00f3n tuvo el prop\u00f3sito de iniciar el di\u00e1logo con la Secretar\u00eda de Hacienda a fin de encontrarse el pr\u00f3ximo martes nuevamente con el subsecretario de Hacienda en el Palacio Legislativo de San L\u00e1zaro, y detall\u00f3 que \u201capenas se est\u00e1 viendo en general los plazos, la preparaci\u00f3n de la llegada (del PEF) del d\u00eda 8 de septiembre, detalles no vimos\u201d.<\/p>\n<p>Asimismo, explic\u00f3 que durante el encuentro el titular de Hacienda, Arturo Herrera, subray\u00f3 que hay dificultades de parte del gobierno derivadas de los ingresos del petr\u00f3leo, mismos \u201cque adelgazan la estructura presupuestaria\u201d.<\/p>\n<p>En su oportunidad el legislador Armando Tejeda explic\u00f3 que hay un subejercicio del presupuesto que ronda los 200 mil millones de pesos, y que se acord\u00f3 con el titular de Hacienda reorientarlo para incrementar la recaudaci\u00f3n de la federaci\u00f3n.<\/p>\n<\/div>\n<p><script>(function(d, s, id) {\nvar js, fjs = d.getElementsByTagName(s)[0];\nif (d.getElementById(id)) return;\njs = d.createElement(s); js.id = id;\njs.src = 'https:\/\/connect.facebook.net\/es_LA\/sdk.js#xfbml=1&version=v3.2&appId=641196362757391&autoLogAppEvents=1';\nfjs.parentNode.insertBefore(js, fjs);\n}(document, 'script', 'facebook-jssdk'));\n<\/script><br \/>\n<br \/>[ad_2]<br \/>\n<br \/><a href=\"https:\/\/www.elsoldemexico.com.mx\/finanzas\/gobierno-descarta-recortes-en-seguridad-salud-y-educacion-en-2020-4040532.html\">Source link <\/a><\/p>\n","protected":false},"excerpt":{"rendered":"<p>[ad_1] La Comisi\u00f3n de Presupuesto y Cuenta P\u00fablica de la C\u00e1mara de Diputados que encabeza el diputado federal Alfonso Ram\u00edrez Cuellar, sostuvo la tarde de este mi\u00e9rcoles el primer el primer encuentro con la Secretario de Hacienda, para alinear el reajuste del Proyecto de Presupuesto de Egresos 2020, mismo que ser\u00e1 entregado por el Gobierno [&hellip;]<\/p>\n","protected":false},"author":2,"featured_media":3093,"comment_status":"open","ping_status":"open","sticky":false,"template":"","format":"standard","meta":{"footnotes":""},"categories":[1],"tags":[],"class_list":["post-3092","post","type-post","status-publish","format-standard","has-post-thumbnail","hentry","category-noticias-financieras"],"yoast_head":"<!-- This site is optimized with the Yoast SEO plugin v27.4 - https:\/\/yoast.com\/product\/yoast-seo-wordpress\/ -->\n<title>Gobierno descarta recortes en seguridad, salud y educaci\u00f3n en 2020 - Favorite News<\/title>\n<meta name=\"robots\" content=\"index, follow, max-snippet:-1, max-image-preview:large, max-video-preview:-1\" \/>\n<link rel=\"canonical\" href=\"https:\/\/favorite-news.com\/mx\/gobierno-descarta-recortes-en-seguridad-salud-y-educacion-en-2020\/\" \/>\n<meta property=\"og:locale\" content=\"es_MX\" \/>\n<meta property=\"og:type\" content=\"article\" \/>\n<meta property=\"og:title\" content=\"Gobierno descarta recortes en seguridad, salud y educaci\u00f3n en 2020 - Favorite News\" \/>\n<meta property=\"og:description\" content=\"[ad_1] La Comisi\u00f3n de Presupuesto y Cuenta P\u00fablica de la C\u00e1mara de Diputados que encabeza el diputado federal Alfonso Ram\u00edrez Cuellar, sostuvo la tarde de este mi\u00e9rcoles el primer el primer encuentro con la Secretario de Hacienda, para alinear el reajuste del Proyecto de Presupuesto de Egresos 2020, mismo que ser\u00e1 entregado por el Gobierno [&hellip;]\" \/>\n<meta property=\"og:url\" content=\"https:\/\/favorite-news.com\/mx\/gobierno-descarta-recortes-en-seguridad-salud-y-educacion-en-2020\/\" \/>\n<meta property=\"og:site_name\" content=\"Favorite News\" \/>\n<meta property=\"article:published_time\" content=\"2019-08-15T06:11:20+00:00\" \/>\n<meta property=\"article:modified_time\" content=\"2019-08-15T06:11:21+00:00\" \/>\n<meta property=\"og:image\" content=\"https:\/\/favorite-news.com\/mx\/wp-content\/uploads\/sites\/8\/2019\/08\/Gobierno-descarta-recortes-en-seguridad-salud-y-educaci\u00f3n-en-2020.jpg\" \/>\n\t<meta property=\"og:image:width\" content=\"1140\" \/>\n\t<meta property=\"og:image:height\" content=\"712\" \/>\n\t<meta property=\"og:image:type\" content=\"image\/jpeg\" \/>\n<meta name=\"author\" content=\"favorite-news\" \/>\n<meta name=\"twitter:card\" content=\"summary_large_image\" \/>\n<meta name=\"twitter:label1\" content=\"Escrito por\" \/>\n\t<meta name=\"twitter:data1\" content=\"favorite-news\" \/>\n\t<meta name=\"twitter:label2\" content=\"Tiempo de lectura\" \/>\n\t<meta name=\"twitter:data2\" content=\"2 minutos\" \/>\n<script type=\"application\/ld+json\" class=\"yoast-schema-graph\">{\"@context\":\"https:\\\/\\\/schema.org\",\"@graph\":[{\"@type\":\"Article\",\"@id\":\"https:\\\/\\\/favorite-news.com\\\/mx\\\/gobierno-descarta-recortes-en-seguridad-salud-y-educacion-en-2020\\\/#article\",\"isPartOf\":{\"@id\":\"https:\\\/\\\/favorite-news.com\\\/mx\\\/gobierno-descarta-recortes-en-seguridad-salud-y-educacion-en-2020\\\/\"},\"author\":{\"name\":\"favorite-news\",\"@id\":\"https:\\\/\\\/favorite-news.com\\\/mx\\\/#\\\/schema\\\/person\\\/b91573b717dcfa5e4696032a9d28d3e8\"},\"headline\":\"Gobierno descarta recortes en seguridad, salud y educaci\u00f3n en 2020\",\"datePublished\":\"2019-08-15T06:11:20+00:00\",\"dateModified\":\"2019-08-15T06:11:21+00:00\",\"mainEntityOfPage\":{\"@id\":\"https:\\\/\\\/favorite-news.com\\\/mx\\\/gobierno-descarta-recortes-en-seguridad-salud-y-educacion-en-2020\\\/\"},\"wordCount\":313,\"commentCount\":0,\"image\":{\"@id\":\"https:\\\/\\\/favorite-news.com\\\/mx\\\/gobierno-descarta-recortes-en-seguridad-salud-y-educacion-en-2020\\\/#primaryimage\"},\"thumbnailUrl\":\"https:\\\/\\\/favorite-news.com\\\/mx\\\/wp-content\\\/uploads\\\/sites\\\/8\\\/2019\\\/08\\\/Gobierno-descarta-recortes-en-seguridad-salud-y-educaci\u00f3n-en-2020.jpg\",\"articleSection\":[\"NOTICIAS FINANCIERAS\"],\"inLanguage\":\"es\",\"potentialAction\":[{\"@type\":\"CommentAction\",\"name\":\"Comment\",\"target\":[\"https:\\\/\\\/favorite-news.com\\\/mx\\\/gobierno-descarta-recortes-en-seguridad-salud-y-educacion-en-2020\\\/#respond\"]}]},{\"@type\":\"WebPage\",\"@id\":\"https:\\\/\\\/favorite-news.com\\\/mx\\\/gobierno-descarta-recortes-en-seguridad-salud-y-educacion-en-2020\\\/\",\"url\":\"https:\\\/\\\/favorite-news.com\\\/mx\\\/gobierno-descarta-recortes-en-seguridad-salud-y-educacion-en-2020\\\/\",\"name\":\"Gobierno descarta recortes en seguridad, salud y educaci\u00f3n en 2020 - Favorite News\",\"isPartOf\":{\"@id\":\"https:\\\/\\\/favorite-news.com\\\/mx\\\/#website\"},\"primaryImageOfPage\":{\"@id\":\"https:\\\/\\\/favorite-news.com\\\/mx\\\/gobierno-descarta-recortes-en-seguridad-salud-y-educacion-en-2020\\\/#primaryimage\"},\"image\":{\"@id\":\"https:\\\/\\\/favorite-news.com\\\/mx\\\/gobierno-descarta-recortes-en-seguridad-salud-y-educacion-en-2020\\\/#primaryimage\"},\"thumbnailUrl\":\"https:\\\/\\\/favorite-news.com\\\/mx\\\/wp-content\\\/uploads\\\/sites\\\/8\\\/2019\\\/08\\\/Gobierno-descarta-recortes-en-seguridad-salud-y-educaci\u00f3n-en-2020.jpg\",\"datePublished\":\"2019-08-15T06:11:20+00:00\",\"dateModified\":\"2019-08-15T06:11:21+00:00\",\"author\":{\"@id\":\"https:\\\/\\\/favorite-news.com\\\/mx\\\/#\\\/schema\\\/person\\\/b91573b717dcfa5e4696032a9d28d3e8\"},\"breadcrumb\":{\"@id\":\"https:\\\/\\\/favorite-news.com\\\/mx\\\/gobierno-descarta-recortes-en-seguridad-salud-y-educacion-en-2020\\\/#breadcrumb\"},\"inLanguage\":\"es\",\"potentialAction\":[{\"@type\":\"ReadAction\",\"target\":[\"https:\\\/\\\/favorite-news.com\\\/mx\\\/gobierno-descarta-recortes-en-seguridad-salud-y-educacion-en-2020\\\/\"]}]},{\"@type\":\"ImageObject\",\"inLanguage\":\"es\",\"@id\":\"https:\\\/\\\/favorite-news.com\\\/mx\\\/gobierno-descarta-recortes-en-seguridad-salud-y-educacion-en-2020\\\/#primaryimage\",\"url\":\"https:\\\/\\\/favorite-news.com\\\/mx\\\/wp-content\\\/uploads\\\/sites\\\/8\\\/2019\\\/08\\\/Gobierno-descarta-recortes-en-seguridad-salud-y-educaci\u00f3n-en-2020.jpg\",\"contentUrl\":\"https:\\\/\\\/favorite-news.com\\\/mx\\\/wp-content\\\/uploads\\\/sites\\\/8\\\/2019\\\/08\\\/Gobierno-descarta-recortes-en-seguridad-salud-y-educaci\u00f3n-en-2020.jpg\",\"width\":1140,\"height\":712,\"caption\":\"Gobierno descarta recortes en seguridad, salud y educaci\u00f3n en 2020\"},{\"@type\":\"BreadcrumbList\",\"@id\":\"https:\\\/\\\/favorite-news.com\\\/mx\\\/gobierno-descarta-recortes-en-seguridad-salud-y-educacion-en-2020\\\/#breadcrumb\",\"itemListElement\":[{\"@type\":\"ListItem\",\"position\":1,\"name\":\"\u0413\u043b\u0430\u0432\u043d\u0430\u044f \u0441\u0442\u0440\u0430\u043d\u0438\u0446\u0430\",\"item\":\"https:\\\/\\\/favorite-news.com\\\/mx\\\/\"},{\"@type\":\"ListItem\",\"position\":2,\"name\":\"Gobierno descarta recortes en seguridad, salud y educaci\u00f3n en 2020\"}]},{\"@type\":\"WebSite\",\"@id\":\"https:\\\/\\\/favorite-news.com\\\/mx\\\/#website\",\"url\":\"https:\\\/\\\/favorite-news.com\\\/mx\\\/\",\"name\":\"Favorite News\",\"description\":\"Favorite News Mexico\",\"potentialAction\":[{\"@type\":\"SearchAction\",\"target\":{\"@type\":\"EntryPoint\",\"urlTemplate\":\"https:\\\/\\\/favorite-news.com\\\/mx\\\/?s={search_term_string}\"},\"query-input\":{\"@type\":\"PropertyValueSpecification\",\"valueRequired\":true,\"valueName\":\"search_term_string\"}}],\"inLanguage\":\"es\"},{\"@type\":\"Person\",\"@id\":\"https:\\\/\\\/favorite-news.com\\\/mx\\\/#\\\/schema\\\/person\\\/b91573b717dcfa5e4696032a9d28d3e8\",\"name\":\"favorite-news\",\"image\":{\"@type\":\"ImageObject\",\"inLanguage\":\"es\",\"@id\":\"https:\\\/\\\/secure.gravatar.com\\\/avatar\\\/6c5a5cb12b74e9d517ee91cf570335b7d16177f1977cc91db161adfa435945a7?s=96&d=mm&r=g\",\"url\":\"https:\\\/\\\/secure.gravatar.com\\\/avatar\\\/6c5a5cb12b74e9d517ee91cf570335b7d16177f1977cc91db161adfa435945a7?s=96&d=mm&r=g\",\"contentUrl\":\"https:\\\/\\\/secure.gravatar.com\\\/avatar\\\/6c5a5cb12b74e9d517ee91cf570335b7d16177f1977cc91db161adfa435945a7?s=96&d=mm&r=g\",\"caption\":\"favorite-news\"},\"url\":\"https:\\\/\\\/favorite-news.com\\\/mx\\\/author\\\/pt\\\/\"}]}<\/script>\n<!-- \/ Yoast SEO plugin. -->","yoast_head_json":{"title":"Gobierno descarta recortes en seguridad, salud y educaci\u00f3n en 2020 - Favorite News","robots":{"index":"index","follow":"follow","max-snippet":"max-snippet:-1","max-image-preview":"max-image-preview:large","max-video-preview":"max-video-preview:-1"},"canonical":"https:\/\/favorite-news.com\/mx\/gobierno-descarta-recortes-en-seguridad-salud-y-educacion-en-2020\/","og_locale":"es_MX","og_type":"article","og_title":"Gobierno descarta recortes en seguridad, salud y educaci\u00f3n en 2020 - Favorite News","og_description":"[ad_1] La Comisi\u00f3n de Presupuesto y Cuenta P\u00fablica de la C\u00e1mara de Diputados que encabeza el diputado federal Alfonso Ram\u00edrez Cuellar, sostuvo la tarde de este mi\u00e9rcoles el primer el primer encuentro con la Secretario de Hacienda, para alinear el reajuste del Proyecto de Presupuesto de Egresos 2020, mismo que ser\u00e1 entregado por el Gobierno [&hellip;]","og_url":"https:\/\/favorite-news.com\/mx\/gobierno-descarta-recortes-en-seguridad-salud-y-educacion-en-2020\/","og_site_name":"Favorite News","article_published_time":"2019-08-15T06:11:20+00:00","article_modified_time":"2019-08-15T06:11:21+00:00","og_image":[{"width":1140,"height":712,"url":"https:\/\/favorite-news.com\/mx\/wp-content\/uploads\/sites\/8\/2019\/08\/Gobierno-descarta-recortes-en-seguridad-salud-y-educaci\u00f3n-en-2020.jpg","type":"image\/jpeg"}],"author":"favorite-news","twitter_card":"summary_large_image","twitter_misc":{"Escrito por":"favorite-news","Tiempo de lectura":"2 minutos"},"schema":{"@context":"https:\/\/schema.org","@graph":[{"@type":"Article","@id":"https:\/\/favorite-news.com\/mx\/gobierno-descarta-recortes-en-seguridad-salud-y-educacion-en-2020\/#article","isPartOf":{"@id":"https:\/\/favorite-news.com\/mx\/gobierno-descarta-recortes-en-seguridad-salud-y-educacion-en-2020\/"},"author":{"name":"favorite-news","@id":"https:\/\/favorite-news.com\/mx\/#\/schema\/person\/b91573b717dcfa5e4696032a9d28d3e8"},"headline":"Gobierno descarta recortes en seguridad, salud y educaci\u00f3n en 2020","datePublished":"2019-08-15T06:11:20+00:00","dateModified":"2019-08-15T06:11:21+00:00","mainEntityOfPage":{"@id":"https:\/\/favorite-news.com\/mx\/gobierno-descarta-recortes-en-seguridad-salud-y-educacion-en-2020\/"},"wordCount":313,"commentCount":0,"image":{"@id":"https:\/\/favorite-news.com\/mx\/gobierno-descarta-recortes-en-seguridad-salud-y-educacion-en-2020\/#primaryimage"},"thumbnailUrl":"https:\/\/favorite-news.com\/mx\/wp-content\/uploads\/sites\/8\/2019\/08\/Gobierno-descarta-recortes-en-seguridad-salud-y-educaci\u00f3n-en-2020.jpg","articleSection":["NOTICIAS FINANCIERAS"],"inLanguage":"es","potentialAction":[{"@type":"CommentAction","name":"Comment","target":["https:\/\/favorite-news.com\/mx\/gobierno-descarta-recortes-en-seguridad-salud-y-educacion-en-2020\/#respond"]}]},{"@type":"WebPage","@id":"https:\/\/favorite-news.com\/mx\/gobierno-descarta-recortes-en-seguridad-salud-y-educacion-en-2020\/","url":"https:\/\/favorite-news.com\/mx\/gobierno-descarta-recortes-en-seguridad-salud-y-educacion-en-2020\/","name":"Gobierno descarta recortes en seguridad, salud y educaci\u00f3n en 2020 - Favorite News","isPartOf":{"@id":"https:\/\/favorite-news.com\/mx\/#website"},"primaryImageOfPage":{"@id":"https:\/\/favorite-news.com\/mx\/gobierno-descarta-recortes-en-seguridad-salud-y-educacion-en-2020\/#primaryimage"},"image":{"@id":"https:\/\/favorite-news.com\/mx\/gobierno-descarta-recortes-en-seguridad-salud-y-educacion-en-2020\/#primaryimage"},"thumbnailUrl":"https:\/\/favorite-news.com\/mx\/wp-content\/uploads\/sites\/8\/2019\/08\/Gobierno-descarta-recortes-en-seguridad-salud-y-educaci\u00f3n-en-2020.jpg","datePublished":"2019-08-15T06:11:20+00:00","dateModified":"2019-08-15T06:11:21+00:00","author":{"@id":"https:\/\/favorite-news.com\/mx\/#\/schema\/person\/b91573b717dcfa5e4696032a9d28d3e8"},"breadcrumb":{"@id":"https:\/\/favorite-news.com\/mx\/gobierno-descarta-recortes-en-seguridad-salud-y-educacion-en-2020\/#breadcrumb"},"inLanguage":"es","potentialAction":[{"@type":"ReadAction","target":["https:\/\/favorite-news.com\/mx\/gobierno-descarta-recortes-en-seguridad-salud-y-educacion-en-2020\/"]}]},{"@type":"ImageObject","inLanguage":"es","@id":"https:\/\/favorite-news.com\/mx\/gobierno-descarta-recortes-en-seguridad-salud-y-educacion-en-2020\/#primaryimage","url":"https:\/\/favorite-news.com\/mx\/wp-content\/uploads\/sites\/8\/2019\/08\/Gobierno-descarta-recortes-en-seguridad-salud-y-educaci\u00f3n-en-2020.jpg","contentUrl":"https:\/\/favorite-news.com\/mx\/wp-content\/uploads\/sites\/8\/2019\/08\/Gobierno-descarta-recortes-en-seguridad-salud-y-educaci\u00f3n-en-2020.jpg","width":1140,"height":712,"caption":"Gobierno descarta recortes en seguridad, salud y educaci\u00f3n en 2020"},{"@type":"BreadcrumbList","@id":"https:\/\/favorite-news.com\/mx\/gobierno-descarta-recortes-en-seguridad-salud-y-educacion-en-2020\/#breadcrumb","itemListElement":[{"@type":"ListItem","position":1,"name":"\u0413\u043b\u0430\u0432\u043d\u0430\u044f \u0441\u0442\u0440\u0430\u043d\u0438\u0446\u0430","item":"https:\/\/favorite-news.com\/mx\/"},{"@type":"ListItem","position":2,"name":"Gobierno descarta recortes en seguridad, salud y educaci\u00f3n en 2020"}]},{"@type":"WebSite","@id":"https:\/\/favorite-news.com\/mx\/#website","url":"https:\/\/favorite-news.com\/mx\/","name":"Favorite News","description":"Favorite News Mexico","potentialAction":[{"@type":"SearchAction","target":{"@type":"EntryPoint","urlTemplate":"https:\/\/favorite-news.com\/mx\/?s={search_term_string}"},"query-input":{"@type":"PropertyValueSpecification","valueRequired":true,"valueName":"search_term_string"}}],"inLanguage":"es"},{"@type":"Person","@id":"https:\/\/favorite-news.com\/mx\/#\/schema\/person\/b91573b717dcfa5e4696032a9d28d3e8","name":"favorite-news","image":{"@type":"ImageObject","inLanguage":"es","@id":"https:\/\/secure.gravatar.com\/avatar\/6c5a5cb12b74e9d517ee91cf570335b7d16177f1977cc91db161adfa435945a7?s=96&d=mm&r=g","url":"https:\/\/secure.gravatar.com\/avatar\/6c5a5cb12b74e9d517ee91cf570335b7d16177f1977cc91db161adfa435945a7?s=96&d=mm&r=g","contentUrl":"https:\/\/secure.gravatar.com\/avatar\/6c5a5cb12b74e9d517ee91cf570335b7d16177f1977cc91db161adfa435945a7?s=96&d=mm&r=g","caption":"favorite-news"},"url":"https:\/\/favorite-news.com\/mx\/author\/pt\/"}]}},"_links":{"self":[{"href":"https:\/\/favorite-news.com\/mx\/wp-json\/wp\/v2\/posts\/3092","targetHints":{"allow":["GET"]}}],"collection":[{"href":"https:\/\/favorite-news.com\/mx\/wp-json\/wp\/v2\/posts"}],"about":[{"href":"https:\/\/favorite-news.com\/mx\/wp-json\/wp\/v2\/types\/post"}],"author":[{"embeddable":true,"href":"https:\/\/favorite-news.com\/mx\/wp-json\/wp\/v2\/users\/2"}],"replies":[{"embeddable":true,"href":"https:\/\/favorite-news.com\/mx\/wp-json\/wp\/v2\/comments?post=3092"}],"version-history":[{"count":1,"href":"https:\/\/favorite-news.com\/mx\/wp-json\/wp\/v2\/posts\/3092\/revisions"}],"predecessor-version":[{"id":3094,"href":"https:\/\/favorite-news.com\/mx\/wp-json\/wp\/v2\/posts\/3092\/revisions\/3094"}],"wp:featuredmedia":[{"embeddable":true,"href":"https:\/\/favorite-news.com\/mx\/wp-json\/wp\/v2\/media\/3093"}],"wp:attachment":[{"href":"https:\/\/favorite-news.com\/mx\/wp-json\/wp\/v2\/media?parent=3092"}],"wp:term":[{"taxonomy":"category","embeddable":true,"href":"https:\/\/favorite-news.com\/mx\/wp-json\/wp\/v2\/categories?post=3092"},{"taxonomy":"post_tag","embeddable":true,"href":"https:\/\/favorite-news.com\/mx\/wp-json\/wp\/v2\/tags?post=3092"}],"curies":[{"name":"wp","href":"https:\/\/api.w.org\/{rel}","templated":true}]}}