{"id":3087,"date":"2019-08-15T05:26:29","date_gmt":"2019-08-15T02:26:29","guid":{"rendered":"https:\/\/favorite-news.com\/mx\/logran-recaudar-mas-de-7-mdp-en-subasta-de-autos-y-camionetas-del-senado\/"},"modified":"2019-08-15T05:26:30","modified_gmt":"2019-08-15T02:26:30","slug":"logran-recaudar-mas-de-7-mdp-en-subasta-de-autos-y-camionetas-del-senado","status":"publish","type":"post","link":"https:\/\/favorite-news.com\/mx\/logran-recaudar-mas-de-7-mdp-en-subasta-de-autos-y-camionetas-del-senado\/","title":{"rendered":"Logran recaudar m\u00e1s de 7 mdp en subasta de autos y camionetas del Senado"},"content":{"rendered":"<p> [ad_1]<br \/>\n<\/p>\n<div id=\"content-body-226-4040744\">\n<p>El Senado de la Rep\u00fablica logr\u00f3 beneficiarse de siete millones 279 mil 637 pesos por la enajenaci\u00f3n de 76 veh\u00edculos que fueron subastados v\u00eda electr\u00f3nica, a trav\u00e9s del portal del Servicio de Administraci\u00f3n y Enajenaci\u00f3n de Bienes (SAE).<\/p>\n<p>Con la salida de los 76 lotes ofertados, el SAE tambi\u00e9n recibi\u00f3 547 mil 929 pesos por concepto de comisi\u00f3n, lo cual es equivalente al siete por ciento del valor total.<\/p>\n<p>Despu\u00e9s de 13 d\u00edas, el monto total obtenido por los autom\u00f3viles y camionetas de funcionarios del Senado fue de siete millones 827 mil 567 pesos, es decir una diferencia de dos millones 298 mil 444 pesos.<\/p>\n<p>El precio base de salida de los 76 veh\u00edculos fue presupuestado en los cinco millones 529 mil 122 pesos. <\/p>\n<p>Cabe recordar, que la subasta electr\u00f3nica en el SAE se realiz\u00f3 del d\u00eda primero al 14 de agosto, en donde lograron sacar todos los veh\u00edculos ofertados.<\/p>\n<\/div>\n<p><script>(function(d, s, id) {\nvar js, fjs = d.getElementsByTagName(s)[0];\nif (d.getElementById(id)) return;\njs = d.createElement(s); js.id = id;\njs.src = 'https:\/\/connect.facebook.net\/es_LA\/sdk.js#xfbml=1&version=v3.2&appId=641196362757391&autoLogAppEvents=1';\nfjs.parentNode.insertBefore(js, fjs);\n}(document, 'script', 'facebook-jssdk'));\n<\/script><br \/>\n<br \/>[ad_2]<br \/>\n<br \/><a href=\"https:\/\/www.elsoldemexico.com.mx\/finanzas\/logran-recaudar-mas-de-7-mdp-en-subasta-de-autos-y-camionetas-del-senado-4040744.html\">Source link <\/a><\/p>\n","protected":false},"excerpt":{"rendered":"<p>[ad_1] El Senado de la Rep\u00fablica logr\u00f3 beneficiarse de siete millones 279 mil 637 pesos por la enajenaci\u00f3n de 76 veh\u00edculos que fueron subastados v\u00eda electr\u00f3nica, a trav\u00e9s del portal del Servicio de Administraci\u00f3n y Enajenaci\u00f3n de Bienes (SAE). Con la salida de los 76 lotes ofertados, el SAE tambi\u00e9n recibi\u00f3 547 mil 929 pesos [&hellip;]<\/p>\n","protected":false},"author":2,"featured_media":2752,"comment_status":"open","ping_status":"open","sticky":false,"template":"","format":"standard","meta":{"footnotes":""},"categories":[1],"tags":[],"class_list":["post-3087","post","type-post","status-publish","format-standard","has-post-thumbnail","hentry","category-noticias-financieras"],"yoast_head":"<!-- This site is optimized with the Yoast SEO plugin v27.4 - https:\/\/yoast.com\/product\/yoast-seo-wordpress\/ -->\n<title>Logran recaudar m\u00e1s de 7 mdp en subasta de autos y camionetas del Senado - Favorite News<\/title>\n<meta name=\"robots\" content=\"index, follow, max-snippet:-1, max-image-preview:large, max-video-preview:-1\" \/>\n<link rel=\"canonical\" href=\"https:\/\/favorite-news.com\/mx\/logran-recaudar-mas-de-7-mdp-en-subasta-de-autos-y-camionetas-del-senado\/\" \/>\n<meta property=\"og:locale\" content=\"es_MX\" \/>\n<meta property=\"og:type\" content=\"article\" \/>\n<meta property=\"og:title\" content=\"Logran recaudar m\u00e1s de 7 mdp en subasta de autos y camionetas del Senado - Favorite News\" \/>\n<meta property=\"og:description\" content=\"[ad_1] El Senado de la Rep\u00fablica logr\u00f3 beneficiarse de siete millones 279 mil 637 pesos por la enajenaci\u00f3n de 76 veh\u00edculos que fueron subastados v\u00eda electr\u00f3nica, a trav\u00e9s del portal del Servicio de Administraci\u00f3n y Enajenaci\u00f3n de Bienes (SAE). Con la salida de los 76 lotes ofertados, el SAE tambi\u00e9n recibi\u00f3 547 mil 929 pesos [&hellip;]\" \/>\n<meta property=\"og:url\" content=\"https:\/\/favorite-news.com\/mx\/logran-recaudar-mas-de-7-mdp-en-subasta-de-autos-y-camionetas-del-senado\/\" \/>\n<meta property=\"og:site_name\" content=\"Favorite News\" \/>\n<meta property=\"article:published_time\" content=\"2019-08-15T02:26:29+00:00\" \/>\n<meta property=\"article:modified_time\" content=\"2019-08-15T02:26:30+00:00\" \/>\n<meta property=\"og:image\" content=\"https:\/\/favorite-news.com\/mx\/wp-content\/uploads\/sites\/8\/2019\/08\/Con-subasta-de-autos-del-Senado-SAE-prev\u00e9-recaudar-casi.jpg\" \/>\n\t<meta property=\"og:image:width\" content=\"1140\" \/>\n\t<meta property=\"og:image:height\" content=\"712\" \/>\n\t<meta property=\"og:image:type\" content=\"image\/jpeg\" \/>\n<meta name=\"author\" content=\"favorite-news\" \/>\n<meta name=\"twitter:card\" content=\"summary_large_image\" \/>\n<meta name=\"twitter:label1\" content=\"Escrito por\" \/>\n\t<meta name=\"twitter:data1\" content=\"favorite-news\" \/>\n\t<meta name=\"twitter:label2\" content=\"Tiempo de lectura\" \/>\n\t<meta name=\"twitter:data2\" content=\"1 minuto\" \/>\n<script type=\"application\/ld+json\" class=\"yoast-schema-graph\">{\"@context\":\"https:\\\/\\\/schema.org\",\"@graph\":[{\"@type\":\"Article\",\"@id\":\"https:\\\/\\\/favorite-news.com\\\/mx\\\/logran-recaudar-mas-de-7-mdp-en-subasta-de-autos-y-camionetas-del-senado\\\/#article\",\"isPartOf\":{\"@id\":\"https:\\\/\\\/favorite-news.com\\\/mx\\\/logran-recaudar-mas-de-7-mdp-en-subasta-de-autos-y-camionetas-del-senado\\\/\"},\"author\":{\"name\":\"favorite-news\",\"@id\":\"https:\\\/\\\/favorite-news.com\\\/mx\\\/#\\\/schema\\\/person\\\/b91573b717dcfa5e4696032a9d28d3e8\"},\"headline\":\"Logran recaudar m\u00e1s de 7 mdp en subasta de autos y camionetas del Senado\",\"datePublished\":\"2019-08-15T02:26:29+00:00\",\"dateModified\":\"2019-08-15T02:26:30+00:00\",\"mainEntityOfPage\":{\"@id\":\"https:\\\/\\\/favorite-news.com\\\/mx\\\/logran-recaudar-mas-de-7-mdp-en-subasta-de-autos-y-camionetas-del-senado\\\/\"},\"wordCount\":170,\"commentCount\":0,\"image\":{\"@id\":\"https:\\\/\\\/favorite-news.com\\\/mx\\\/logran-recaudar-mas-de-7-mdp-en-subasta-de-autos-y-camionetas-del-senado\\\/#primaryimage\"},\"thumbnailUrl\":\"https:\\\/\\\/favorite-news.com\\\/mx\\\/wp-content\\\/uploads\\\/sites\\\/8\\\/2019\\\/08\\\/Con-subasta-de-autos-del-Senado-SAE-prev\u00e9-recaudar-casi.jpg\",\"articleSection\":[\"NOTICIAS FINANCIERAS\"],\"inLanguage\":\"es\",\"potentialAction\":[{\"@type\":\"CommentAction\",\"name\":\"Comment\",\"target\":[\"https:\\\/\\\/favorite-news.com\\\/mx\\\/logran-recaudar-mas-de-7-mdp-en-subasta-de-autos-y-camionetas-del-senado\\\/#respond\"]}]},{\"@type\":\"WebPage\",\"@id\":\"https:\\\/\\\/favorite-news.com\\\/mx\\\/logran-recaudar-mas-de-7-mdp-en-subasta-de-autos-y-camionetas-del-senado\\\/\",\"url\":\"https:\\\/\\\/favorite-news.com\\\/mx\\\/logran-recaudar-mas-de-7-mdp-en-subasta-de-autos-y-camionetas-del-senado\\\/\",\"name\":\"Logran recaudar m\u00e1s de 7 mdp en subasta de autos y camionetas del Senado - Favorite News\",\"isPartOf\":{\"@id\":\"https:\\\/\\\/favorite-news.com\\\/mx\\\/#website\"},\"primaryImageOfPage\":{\"@id\":\"https:\\\/\\\/favorite-news.com\\\/mx\\\/logran-recaudar-mas-de-7-mdp-en-subasta-de-autos-y-camionetas-del-senado\\\/#primaryimage\"},\"image\":{\"@id\":\"https:\\\/\\\/favorite-news.com\\\/mx\\\/logran-recaudar-mas-de-7-mdp-en-subasta-de-autos-y-camionetas-del-senado\\\/#primaryimage\"},\"thumbnailUrl\":\"https:\\\/\\\/favorite-news.com\\\/mx\\\/wp-content\\\/uploads\\\/sites\\\/8\\\/2019\\\/08\\\/Con-subasta-de-autos-del-Senado-SAE-prev\u00e9-recaudar-casi.jpg\",\"datePublished\":\"2019-08-15T02:26:29+00:00\",\"dateModified\":\"2019-08-15T02:26:30+00:00\",\"author\":{\"@id\":\"https:\\\/\\\/favorite-news.com\\\/mx\\\/#\\\/schema\\\/person\\\/b91573b717dcfa5e4696032a9d28d3e8\"},\"breadcrumb\":{\"@id\":\"https:\\\/\\\/favorite-news.com\\\/mx\\\/logran-recaudar-mas-de-7-mdp-en-subasta-de-autos-y-camionetas-del-senado\\\/#breadcrumb\"},\"inLanguage\":\"es\",\"potentialAction\":[{\"@type\":\"ReadAction\",\"target\":[\"https:\\\/\\\/favorite-news.com\\\/mx\\\/logran-recaudar-mas-de-7-mdp-en-subasta-de-autos-y-camionetas-del-senado\\\/\"]}]},{\"@type\":\"ImageObject\",\"inLanguage\":\"es\",\"@id\":\"https:\\\/\\\/favorite-news.com\\\/mx\\\/logran-recaudar-mas-de-7-mdp-en-subasta-de-autos-y-camionetas-del-senado\\\/#primaryimage\",\"url\":\"https:\\\/\\\/favorite-news.com\\\/mx\\\/wp-content\\\/uploads\\\/sites\\\/8\\\/2019\\\/08\\\/Con-subasta-de-autos-del-Senado-SAE-prev\u00e9-recaudar-casi.jpg\",\"contentUrl\":\"https:\\\/\\\/favorite-news.com\\\/mx\\\/wp-content\\\/uploads\\\/sites\\\/8\\\/2019\\\/08\\\/Con-subasta-de-autos-del-Senado-SAE-prev\u00e9-recaudar-casi.jpg\",\"width\":1140,\"height\":712,\"caption\":\"Con subasta de autos del Senado, SAE prev\u00e9 recaudar casi 6 mdp\"},{\"@type\":\"BreadcrumbList\",\"@id\":\"https:\\\/\\\/favorite-news.com\\\/mx\\\/logran-recaudar-mas-de-7-mdp-en-subasta-de-autos-y-camionetas-del-senado\\\/#breadcrumb\",\"itemListElement\":[{\"@type\":\"ListItem\",\"position\":1,\"name\":\"\u0413\u043b\u0430\u0432\u043d\u0430\u044f \u0441\u0442\u0440\u0430\u043d\u0438\u0446\u0430\",\"item\":\"https:\\\/\\\/favorite-news.com\\\/mx\\\/\"},{\"@type\":\"ListItem\",\"position\":2,\"name\":\"Logran recaudar m\u00e1s de 7 mdp en subasta de autos y camionetas del Senado\"}]},{\"@type\":\"WebSite\",\"@id\":\"https:\\\/\\\/favorite-news.com\\\/mx\\\/#website\",\"url\":\"https:\\\/\\\/favorite-news.com\\\/mx\\\/\",\"name\":\"Favorite News\",\"description\":\"Favorite News Mexico\",\"potentialAction\":[{\"@type\":\"SearchAction\",\"target\":{\"@type\":\"EntryPoint\",\"urlTemplate\":\"https:\\\/\\\/favorite-news.com\\\/mx\\\/?s={search_term_string}\"},\"query-input\":{\"@type\":\"PropertyValueSpecification\",\"valueRequired\":true,\"valueName\":\"search_term_string\"}}],\"inLanguage\":\"es\"},{\"@type\":\"Person\",\"@id\":\"https:\\\/\\\/favorite-news.com\\\/mx\\\/#\\\/schema\\\/person\\\/b91573b717dcfa5e4696032a9d28d3e8\",\"name\":\"favorite-news\",\"image\":{\"@type\":\"ImageObject\",\"inLanguage\":\"es\",\"@id\":\"https:\\\/\\\/secure.gravatar.com\\\/avatar\\\/6c5a5cb12b74e9d517ee91cf570335b7d16177f1977cc91db161adfa435945a7?s=96&d=mm&r=g\",\"url\":\"https:\\\/\\\/secure.gravatar.com\\\/avatar\\\/6c5a5cb12b74e9d517ee91cf570335b7d16177f1977cc91db161adfa435945a7?s=96&d=mm&r=g\",\"contentUrl\":\"https:\\\/\\\/secure.gravatar.com\\\/avatar\\\/6c5a5cb12b74e9d517ee91cf570335b7d16177f1977cc91db161adfa435945a7?s=96&d=mm&r=g\",\"caption\":\"favorite-news\"},\"url\":\"https:\\\/\\\/favorite-news.com\\\/mx\\\/author\\\/pt\\\/\"}]}<\/script>\n<!-- \/ Yoast SEO plugin. -->","yoast_head_json":{"title":"Logran recaudar m\u00e1s de 7 mdp en subasta de autos y camionetas del Senado - Favorite News","robots":{"index":"index","follow":"follow","max-snippet":"max-snippet:-1","max-image-preview":"max-image-preview:large","max-video-preview":"max-video-preview:-1"},"canonical":"https:\/\/favorite-news.com\/mx\/logran-recaudar-mas-de-7-mdp-en-subasta-de-autos-y-camionetas-del-senado\/","og_locale":"es_MX","og_type":"article","og_title":"Logran recaudar m\u00e1s de 7 mdp en subasta de autos y camionetas del Senado - Favorite News","og_description":"[ad_1] El Senado de la Rep\u00fablica logr\u00f3 beneficiarse de siete millones 279 mil 637 pesos por la enajenaci\u00f3n de 76 veh\u00edculos que fueron subastados v\u00eda electr\u00f3nica, a trav\u00e9s del portal del Servicio de Administraci\u00f3n y Enajenaci\u00f3n de Bienes (SAE). Con la salida de los 76 lotes ofertados, el SAE tambi\u00e9n recibi\u00f3 547 mil 929 pesos [&hellip;]","og_url":"https:\/\/favorite-news.com\/mx\/logran-recaudar-mas-de-7-mdp-en-subasta-de-autos-y-camionetas-del-senado\/","og_site_name":"Favorite News","article_published_time":"2019-08-15T02:26:29+00:00","article_modified_time":"2019-08-15T02:26:30+00:00","og_image":[{"width":1140,"height":712,"url":"https:\/\/favorite-news.com\/mx\/wp-content\/uploads\/sites\/8\/2019\/08\/Con-subasta-de-autos-del-Senado-SAE-prev\u00e9-recaudar-casi.jpg","type":"image\/jpeg"}],"author":"favorite-news","twitter_card":"summary_large_image","twitter_misc":{"Escrito por":"favorite-news","Tiempo de lectura":"1 minuto"},"schema":{"@context":"https:\/\/schema.org","@graph":[{"@type":"Article","@id":"https:\/\/favorite-news.com\/mx\/logran-recaudar-mas-de-7-mdp-en-subasta-de-autos-y-camionetas-del-senado\/#article","isPartOf":{"@id":"https:\/\/favorite-news.com\/mx\/logran-recaudar-mas-de-7-mdp-en-subasta-de-autos-y-camionetas-del-senado\/"},"author":{"name":"favorite-news","@id":"https:\/\/favorite-news.com\/mx\/#\/schema\/person\/b91573b717dcfa5e4696032a9d28d3e8"},"headline":"Logran recaudar m\u00e1s de 7 mdp en subasta de autos y camionetas del Senado","datePublished":"2019-08-15T02:26:29+00:00","dateModified":"2019-08-15T02:26:30+00:00","mainEntityOfPage":{"@id":"https:\/\/favorite-news.com\/mx\/logran-recaudar-mas-de-7-mdp-en-subasta-de-autos-y-camionetas-del-senado\/"},"wordCount":170,"commentCount":0,"image":{"@id":"https:\/\/favorite-news.com\/mx\/logran-recaudar-mas-de-7-mdp-en-subasta-de-autos-y-camionetas-del-senado\/#primaryimage"},"thumbnailUrl":"https:\/\/favorite-news.com\/mx\/wp-content\/uploads\/sites\/8\/2019\/08\/Con-subasta-de-autos-del-Senado-SAE-prev\u00e9-recaudar-casi.jpg","articleSection":["NOTICIAS FINANCIERAS"],"inLanguage":"es","potentialAction":[{"@type":"CommentAction","name":"Comment","target":["https:\/\/favorite-news.com\/mx\/logran-recaudar-mas-de-7-mdp-en-subasta-de-autos-y-camionetas-del-senado\/#respond"]}]},{"@type":"WebPage","@id":"https:\/\/favorite-news.com\/mx\/logran-recaudar-mas-de-7-mdp-en-subasta-de-autos-y-camionetas-del-senado\/","url":"https:\/\/favorite-news.com\/mx\/logran-recaudar-mas-de-7-mdp-en-subasta-de-autos-y-camionetas-del-senado\/","name":"Logran recaudar m\u00e1s de 7 mdp en subasta de autos y camionetas del Senado - Favorite News","isPartOf":{"@id":"https:\/\/favorite-news.com\/mx\/#website"},"primaryImageOfPage":{"@id":"https:\/\/favorite-news.com\/mx\/logran-recaudar-mas-de-7-mdp-en-subasta-de-autos-y-camionetas-del-senado\/#primaryimage"},"image":{"@id":"https:\/\/favorite-news.com\/mx\/logran-recaudar-mas-de-7-mdp-en-subasta-de-autos-y-camionetas-del-senado\/#primaryimage"},"thumbnailUrl":"https:\/\/favorite-news.com\/mx\/wp-content\/uploads\/sites\/8\/2019\/08\/Con-subasta-de-autos-del-Senado-SAE-prev\u00e9-recaudar-casi.jpg","datePublished":"2019-08-15T02:26:29+00:00","dateModified":"2019-08-15T02:26:30+00:00","author":{"@id":"https:\/\/favorite-news.com\/mx\/#\/schema\/person\/b91573b717dcfa5e4696032a9d28d3e8"},"breadcrumb":{"@id":"https:\/\/favorite-news.com\/mx\/logran-recaudar-mas-de-7-mdp-en-subasta-de-autos-y-camionetas-del-senado\/#breadcrumb"},"inLanguage":"es","potentialAction":[{"@type":"ReadAction","target":["https:\/\/favorite-news.com\/mx\/logran-recaudar-mas-de-7-mdp-en-subasta-de-autos-y-camionetas-del-senado\/"]}]},{"@type":"ImageObject","inLanguage":"es","@id":"https:\/\/favorite-news.com\/mx\/logran-recaudar-mas-de-7-mdp-en-subasta-de-autos-y-camionetas-del-senado\/#primaryimage","url":"https:\/\/favorite-news.com\/mx\/wp-content\/uploads\/sites\/8\/2019\/08\/Con-subasta-de-autos-del-Senado-SAE-prev\u00e9-recaudar-casi.jpg","contentUrl":"https:\/\/favorite-news.com\/mx\/wp-content\/uploads\/sites\/8\/2019\/08\/Con-subasta-de-autos-del-Senado-SAE-prev\u00e9-recaudar-casi.jpg","width":1140,"height":712,"caption":"Con subasta de autos del Senado, SAE prev\u00e9 recaudar casi 6 mdp"},{"@type":"BreadcrumbList","@id":"https:\/\/favorite-news.com\/mx\/logran-recaudar-mas-de-7-mdp-en-subasta-de-autos-y-camionetas-del-senado\/#breadcrumb","itemListElement":[{"@type":"ListItem","position":1,"name":"\u0413\u043b\u0430\u0432\u043d\u0430\u044f \u0441\u0442\u0440\u0430\u043d\u0438\u0446\u0430","item":"https:\/\/favorite-news.com\/mx\/"},{"@type":"ListItem","position":2,"name":"Logran recaudar m\u00e1s de 7 mdp en subasta de autos y camionetas del Senado"}]},{"@type":"WebSite","@id":"https:\/\/favorite-news.com\/mx\/#website","url":"https:\/\/favorite-news.com\/mx\/","name":"Favorite News","description":"Favorite News Mexico","potentialAction":[{"@type":"SearchAction","target":{"@type":"EntryPoint","urlTemplate":"https:\/\/favorite-news.com\/mx\/?s={search_term_string}"},"query-input":{"@type":"PropertyValueSpecification","valueRequired":true,"valueName":"search_term_string"}}],"inLanguage":"es"},{"@type":"Person","@id":"https:\/\/favorite-news.com\/mx\/#\/schema\/person\/b91573b717dcfa5e4696032a9d28d3e8","name":"favorite-news","image":{"@type":"ImageObject","inLanguage":"es","@id":"https:\/\/secure.gravatar.com\/avatar\/6c5a5cb12b74e9d517ee91cf570335b7d16177f1977cc91db161adfa435945a7?s=96&d=mm&r=g","url":"https:\/\/secure.gravatar.com\/avatar\/6c5a5cb12b74e9d517ee91cf570335b7d16177f1977cc91db161adfa435945a7?s=96&d=mm&r=g","contentUrl":"https:\/\/secure.gravatar.com\/avatar\/6c5a5cb12b74e9d517ee91cf570335b7d16177f1977cc91db161adfa435945a7?s=96&d=mm&r=g","caption":"favorite-news"},"url":"https:\/\/favorite-news.com\/mx\/author\/pt\/"}]}},"_links":{"self":[{"href":"https:\/\/favorite-news.com\/mx\/wp-json\/wp\/v2\/posts\/3087","targetHints":{"allow":["GET"]}}],"collection":[{"href":"https:\/\/favorite-news.com\/mx\/wp-json\/wp\/v2\/posts"}],"about":[{"href":"https:\/\/favorite-news.com\/mx\/wp-json\/wp\/v2\/types\/post"}],"author":[{"embeddable":true,"href":"https:\/\/favorite-news.com\/mx\/wp-json\/wp\/v2\/users\/2"}],"replies":[{"embeddable":true,"href":"https:\/\/favorite-news.com\/mx\/wp-json\/wp\/v2\/comments?post=3087"}],"version-history":[{"count":1,"href":"https:\/\/favorite-news.com\/mx\/wp-json\/wp\/v2\/posts\/3087\/revisions"}],"predecessor-version":[{"id":3088,"href":"https:\/\/favorite-news.com\/mx\/wp-json\/wp\/v2\/posts\/3087\/revisions\/3088"}],"wp:featuredmedia":[{"embeddable":true,"href":"https:\/\/favorite-news.com\/mx\/wp-json\/wp\/v2\/media\/2752"}],"wp:attachment":[{"href":"https:\/\/favorite-news.com\/mx\/wp-json\/wp\/v2\/media?parent=3087"}],"wp:term":[{"taxonomy":"category","embeddable":true,"href":"https:\/\/favorite-news.com\/mx\/wp-json\/wp\/v2\/categories?post=3087"},{"taxonomy":"post_tag","embeddable":true,"href":"https:\/\/favorite-news.com\/mx\/wp-json\/wp\/v2\/tags?post=3087"}],"curies":[{"name":"wp","href":"https:\/\/api.w.org\/{rel}","templated":true}]}}