{"id":1782,"date":"2019-06-27T20:18:40","date_gmt":"2019-06-27T17:18:40","guid":{"rendered":"https:\/\/favorite-news.com\/mx\/trump-acepto-no-incluir-la-venta-de-energeticos-en-t-mec-amlo\/"},"modified":"2019-06-27T20:18:41","modified_gmt":"2019-06-27T17:18:41","slug":"trump-acepto-no-incluir-la-venta-de-energeticos-en-t-mec-amlo","status":"publish","type":"post","link":"https:\/\/favorite-news.com\/mx\/trump-acepto-no-incluir-la-venta-de-energeticos-en-t-mec-amlo\/","title":{"rendered":"Trump acept\u00f3 no incluir la venta de energ\u00e9ticos en T-MEC: AMLO"},"content":{"rendered":"<p> [ad_1]<br \/>\n<\/p>\n<div id=\"content-body-226-3821701\">\n<p>El presidente Andr\u00e9s Manuel L\u00f3pez Obrador confes\u00f3 que le tiene consideraciones y respeto a su hom\u00f3logo estadounidense, Donald Trump, porque acept\u00f3 no incluir la venta de energ\u00e9ticos y petr\u00f3leo en la renegociaci\u00f3n del Tratado de Libre Comercio, hoy llamado Tratado de M\u00e9xico-Estados Unidos-Canad\u00e1.<\/p>\n<p>Durante la conferencia ma\u00f1anera, dio a conocer que el T-MEC estuvo a punto de no pactarse, debido a que M\u00e9xico no quer\u00eda ceder en ese capitulado, pero en la v\u00edspera de dicho anuncio, Trump acept\u00f3 la propuesta de la delegaci\u00f3n mexicana.<\/p>\n<p>\u201cY por eso yo le tengo consideraciones respeto al presidente Donald Trump porque ya cuando estaba a punto de darse a conocer de que no se iba a llegar a un acuerdo\u201d, dijo.<\/p>\n<p>Asegur\u00f3 que al no incluirse la venta de los energ\u00e9ticos y el petr\u00f3leo, no se pone en riesgo la ratificaci\u00f3n del T-MEC.<\/p>\n<p>Luego de que el embajador de Canad\u00e1, Pierre Alarie, reclam\u00f3 que M\u00e9xico no ha mantenido las reglas claras de los contratos entre la Comisi\u00f3n Federal de Electricidad y TransCanad\u00e1 en los ductos Texas-Tuxpan.<\/p>\n<p>Opin\u00f3 que el embajador de Canad\u00e1 est\u00e1 en su papel, defender los intereses de una empresa de su pa\u00eds, pero el tambi\u00e9n har\u00e1 lo propio con los recursos de M\u00e9xico, adem\u00e1s, de que no se incluye en el pacto internacional.<\/p>\n<p>L\u00f3pez Obrador resalt\u00f3 que se firmaron contratos entre mil y cinco mil millones de d\u00f3lares, los cuales no se han cumplido, y ahora quieren que se paguen hasta en 10 veces m\u00e1s, lo que arruinar\u00eda a la empresa paraestatal.<\/p>\n<\/div>\n<p><script>(function(d, s, id) {\nvar js, fjs = d.getElementsByTagName(s)[0];\nif (d.getElementById(id)) return;\njs = d.createElement(s); js.id = id;\njs.src = 'https:\/\/connect.facebook.net\/es_LA\/sdk.js#xfbml=1&version=v3.2&appId=641196362757391&autoLogAppEvents=1';\nfjs.parentNode.insertBefore(js, fjs);\n}(document, 'script', 'facebook-jssdk'));\n<\/script><br \/>\n<br \/>[ad_2]<br \/>\n<br \/><a href=\"https:\/\/www.elsoldemexico.com.mx\/finanzas\/trump-acepto-no-incluir-la-venta-de-energeticos-en-t-mec-amlo-3821701.html\">Source link <\/a><\/p>\n","protected":false},"excerpt":{"rendered":"<p>[ad_1] El presidente Andr\u00e9s Manuel L\u00f3pez Obrador confes\u00f3 que le tiene consideraciones y respeto a su hom\u00f3logo estadounidense, Donald Trump, porque acept\u00f3 no incluir la venta de energ\u00e9ticos y petr\u00f3leo en la renegociaci\u00f3n del Tratado de Libre Comercio, hoy llamado Tratado de M\u00e9xico-Estados Unidos-Canad\u00e1. Durante la conferencia ma\u00f1anera, dio a conocer que el T-MEC estuvo [&hellip;]<\/p>\n","protected":false},"author":2,"featured_media":1783,"comment_status":"open","ping_status":"open","sticky":false,"template":"","format":"standard","meta":{"footnotes":""},"categories":[1],"tags":[],"class_list":["post-1782","post","type-post","status-publish","format-standard","has-post-thumbnail","hentry","category-noticias-financieras"],"yoast_head":"<!-- This site is optimized with the Yoast SEO plugin v27.4 - https:\/\/yoast.com\/product\/yoast-seo-wordpress\/ -->\n<title>Trump acept\u00f3 no incluir la venta de energ\u00e9ticos en T-MEC: AMLO - Favorite News<\/title>\n<meta name=\"robots\" content=\"index, follow, max-snippet:-1, max-image-preview:large, max-video-preview:-1\" \/>\n<link rel=\"canonical\" href=\"https:\/\/favorite-news.com\/mx\/trump-acepto-no-incluir-la-venta-de-energeticos-en-t-mec-amlo\/\" \/>\n<meta property=\"og:locale\" content=\"es_MX\" \/>\n<meta property=\"og:type\" content=\"article\" \/>\n<meta property=\"og:title\" content=\"Trump acept\u00f3 no incluir la venta de energ\u00e9ticos en T-MEC: AMLO - Favorite News\" \/>\n<meta property=\"og:description\" content=\"[ad_1] El presidente Andr\u00e9s Manuel L\u00f3pez Obrador confes\u00f3 que le tiene consideraciones y respeto a su hom\u00f3logo estadounidense, Donald Trump, porque acept\u00f3 no incluir la venta de energ\u00e9ticos y petr\u00f3leo en la renegociaci\u00f3n del Tratado de Libre Comercio, hoy llamado Tratado de M\u00e9xico-Estados Unidos-Canad\u00e1. Durante la conferencia ma\u00f1anera, dio a conocer que el T-MEC estuvo [&hellip;]\" \/>\n<meta property=\"og:url\" content=\"https:\/\/favorite-news.com\/mx\/trump-acepto-no-incluir-la-venta-de-energeticos-en-t-mec-amlo\/\" \/>\n<meta property=\"og:site_name\" content=\"Favorite News\" \/>\n<meta property=\"article:published_time\" content=\"2019-06-27T17:18:40+00:00\" \/>\n<meta property=\"article:modified_time\" content=\"2019-06-27T17:18:41+00:00\" \/>\n<meta property=\"og:image\" content=\"https:\/\/favorite-news.com\/mx\/wp-content\/uploads\/sites\/8\/2019\/06\/Trump-acept\u00f3-no-incluir-la-venta-de-energ\u00e9ticos-en-T-MEC.JPG\" \/>\n\t<meta property=\"og:image:width\" content=\"1140\" \/>\n\t<meta property=\"og:image:height\" content=\"712\" \/>\n\t<meta property=\"og:image:type\" content=\"image\/jpeg\" \/>\n<meta name=\"author\" content=\"favorite-news\" \/>\n<meta name=\"twitter:card\" content=\"summary_large_image\" \/>\n<meta name=\"twitter:label1\" content=\"Escrito por\" \/>\n\t<meta name=\"twitter:data1\" content=\"favorite-news\" \/>\n\t<meta name=\"twitter:label2\" content=\"Tiempo de lectura\" \/>\n\t<meta name=\"twitter:data2\" content=\"1 minuto\" \/>\n<script type=\"application\/ld+json\" class=\"yoast-schema-graph\">{\"@context\":\"https:\\\/\\\/schema.org\",\"@graph\":[{\"@type\":\"Article\",\"@id\":\"https:\\\/\\\/favorite-news.com\\\/mx\\\/trump-acepto-no-incluir-la-venta-de-energeticos-en-t-mec-amlo\\\/#article\",\"isPartOf\":{\"@id\":\"https:\\\/\\\/favorite-news.com\\\/mx\\\/trump-acepto-no-incluir-la-venta-de-energeticos-en-t-mec-amlo\\\/\"},\"author\":{\"name\":\"favorite-news\",\"@id\":\"https:\\\/\\\/favorite-news.com\\\/mx\\\/#\\\/schema\\\/person\\\/b91573b717dcfa5e4696032a9d28d3e8\"},\"headline\":\"Trump acept\u00f3 no incluir la venta de energ\u00e9ticos en T-MEC: AMLO\",\"datePublished\":\"2019-06-27T17:18:40+00:00\",\"dateModified\":\"2019-06-27T17:18:41+00:00\",\"mainEntityOfPage\":{\"@id\":\"https:\\\/\\\/favorite-news.com\\\/mx\\\/trump-acepto-no-incluir-la-venta-de-energeticos-en-t-mec-amlo\\\/\"},\"wordCount\":291,\"commentCount\":0,\"image\":{\"@id\":\"https:\\\/\\\/favorite-news.com\\\/mx\\\/trump-acepto-no-incluir-la-venta-de-energeticos-en-t-mec-amlo\\\/#primaryimage\"},\"thumbnailUrl\":\"https:\\\/\\\/favorite-news.com\\\/mx\\\/wp-content\\\/uploads\\\/sites\\\/8\\\/2019\\\/06\\\/Trump-acept\u00f3-no-incluir-la-venta-de-energ\u00e9ticos-en-T-MEC.JPG\",\"articleSection\":[\"NOTICIAS FINANCIERAS\"],\"inLanguage\":\"es\",\"potentialAction\":[{\"@type\":\"CommentAction\",\"name\":\"Comment\",\"target\":[\"https:\\\/\\\/favorite-news.com\\\/mx\\\/trump-acepto-no-incluir-la-venta-de-energeticos-en-t-mec-amlo\\\/#respond\"]}]},{\"@type\":\"WebPage\",\"@id\":\"https:\\\/\\\/favorite-news.com\\\/mx\\\/trump-acepto-no-incluir-la-venta-de-energeticos-en-t-mec-amlo\\\/\",\"url\":\"https:\\\/\\\/favorite-news.com\\\/mx\\\/trump-acepto-no-incluir-la-venta-de-energeticos-en-t-mec-amlo\\\/\",\"name\":\"Trump acept\u00f3 no incluir la venta de energ\u00e9ticos en T-MEC: AMLO - Favorite News\",\"isPartOf\":{\"@id\":\"https:\\\/\\\/favorite-news.com\\\/mx\\\/#website\"},\"primaryImageOfPage\":{\"@id\":\"https:\\\/\\\/favorite-news.com\\\/mx\\\/trump-acepto-no-incluir-la-venta-de-energeticos-en-t-mec-amlo\\\/#primaryimage\"},\"image\":{\"@id\":\"https:\\\/\\\/favorite-news.com\\\/mx\\\/trump-acepto-no-incluir-la-venta-de-energeticos-en-t-mec-amlo\\\/#primaryimage\"},\"thumbnailUrl\":\"https:\\\/\\\/favorite-news.com\\\/mx\\\/wp-content\\\/uploads\\\/sites\\\/8\\\/2019\\\/06\\\/Trump-acept\u00f3-no-incluir-la-venta-de-energ\u00e9ticos-en-T-MEC.JPG\",\"datePublished\":\"2019-06-27T17:18:40+00:00\",\"dateModified\":\"2019-06-27T17:18:41+00:00\",\"author\":{\"@id\":\"https:\\\/\\\/favorite-news.com\\\/mx\\\/#\\\/schema\\\/person\\\/b91573b717dcfa5e4696032a9d28d3e8\"},\"breadcrumb\":{\"@id\":\"https:\\\/\\\/favorite-news.com\\\/mx\\\/trump-acepto-no-incluir-la-venta-de-energeticos-en-t-mec-amlo\\\/#breadcrumb\"},\"inLanguage\":\"es\",\"potentialAction\":[{\"@type\":\"ReadAction\",\"target\":[\"https:\\\/\\\/favorite-news.com\\\/mx\\\/trump-acepto-no-incluir-la-venta-de-energeticos-en-t-mec-amlo\\\/\"]}]},{\"@type\":\"ImageObject\",\"inLanguage\":\"es\",\"@id\":\"https:\\\/\\\/favorite-news.com\\\/mx\\\/trump-acepto-no-incluir-la-venta-de-energeticos-en-t-mec-amlo\\\/#primaryimage\",\"url\":\"https:\\\/\\\/favorite-news.com\\\/mx\\\/wp-content\\\/uploads\\\/sites\\\/8\\\/2019\\\/06\\\/Trump-acept\u00f3-no-incluir-la-venta-de-energ\u00e9ticos-en-T-MEC.JPG\",\"contentUrl\":\"https:\\\/\\\/favorite-news.com\\\/mx\\\/wp-content\\\/uploads\\\/sites\\\/8\\\/2019\\\/06\\\/Trump-acept\u00f3-no-incluir-la-venta-de-energ\u00e9ticos-en-T-MEC.JPG\",\"width\":1140,\"height\":712,\"caption\":\"Trump acept\u00f3 no incluir la venta de energ\u00e9ticos en T-MEC: AMLO\"},{\"@type\":\"BreadcrumbList\",\"@id\":\"https:\\\/\\\/favorite-news.com\\\/mx\\\/trump-acepto-no-incluir-la-venta-de-energeticos-en-t-mec-amlo\\\/#breadcrumb\",\"itemListElement\":[{\"@type\":\"ListItem\",\"position\":1,\"name\":\"\u0413\u043b\u0430\u0432\u043d\u0430\u044f \u0441\u0442\u0440\u0430\u043d\u0438\u0446\u0430\",\"item\":\"https:\\\/\\\/favorite-news.com\\\/mx\\\/\"},{\"@type\":\"ListItem\",\"position\":2,\"name\":\"Trump acept\u00f3 no incluir la venta de energ\u00e9ticos en T-MEC: AMLO\"}]},{\"@type\":\"WebSite\",\"@id\":\"https:\\\/\\\/favorite-news.com\\\/mx\\\/#website\",\"url\":\"https:\\\/\\\/favorite-news.com\\\/mx\\\/\",\"name\":\"Favorite News\",\"description\":\"Favorite News Mexico\",\"potentialAction\":[{\"@type\":\"SearchAction\",\"target\":{\"@type\":\"EntryPoint\",\"urlTemplate\":\"https:\\\/\\\/favorite-news.com\\\/mx\\\/?s={search_term_string}\"},\"query-input\":{\"@type\":\"PropertyValueSpecification\",\"valueRequired\":true,\"valueName\":\"search_term_string\"}}],\"inLanguage\":\"es\"},{\"@type\":\"Person\",\"@id\":\"https:\\\/\\\/favorite-news.com\\\/mx\\\/#\\\/schema\\\/person\\\/b91573b717dcfa5e4696032a9d28d3e8\",\"name\":\"favorite-news\",\"image\":{\"@type\":\"ImageObject\",\"inLanguage\":\"es\",\"@id\":\"https:\\\/\\\/secure.gravatar.com\\\/avatar\\\/6c5a5cb12b74e9d517ee91cf570335b7d16177f1977cc91db161adfa435945a7?s=96&d=mm&r=g\",\"url\":\"https:\\\/\\\/secure.gravatar.com\\\/avatar\\\/6c5a5cb12b74e9d517ee91cf570335b7d16177f1977cc91db161adfa435945a7?s=96&d=mm&r=g\",\"contentUrl\":\"https:\\\/\\\/secure.gravatar.com\\\/avatar\\\/6c5a5cb12b74e9d517ee91cf570335b7d16177f1977cc91db161adfa435945a7?s=96&d=mm&r=g\",\"caption\":\"favorite-news\"},\"url\":\"https:\\\/\\\/favorite-news.com\\\/mx\\\/author\\\/pt\\\/\"}]}<\/script>\n<!-- \/ Yoast SEO plugin. -->","yoast_head_json":{"title":"Trump acept\u00f3 no incluir la venta de energ\u00e9ticos en T-MEC: AMLO - Favorite News","robots":{"index":"index","follow":"follow","max-snippet":"max-snippet:-1","max-image-preview":"max-image-preview:large","max-video-preview":"max-video-preview:-1"},"canonical":"https:\/\/favorite-news.com\/mx\/trump-acepto-no-incluir-la-venta-de-energeticos-en-t-mec-amlo\/","og_locale":"es_MX","og_type":"article","og_title":"Trump acept\u00f3 no incluir la venta de energ\u00e9ticos en T-MEC: AMLO - Favorite News","og_description":"[ad_1] El presidente Andr\u00e9s Manuel L\u00f3pez Obrador confes\u00f3 que le tiene consideraciones y respeto a su hom\u00f3logo estadounidense, Donald Trump, porque acept\u00f3 no incluir la venta de energ\u00e9ticos y petr\u00f3leo en la renegociaci\u00f3n del Tratado de Libre Comercio, hoy llamado Tratado de M\u00e9xico-Estados Unidos-Canad\u00e1. Durante la conferencia ma\u00f1anera, dio a conocer que el T-MEC estuvo [&hellip;]","og_url":"https:\/\/favorite-news.com\/mx\/trump-acepto-no-incluir-la-venta-de-energeticos-en-t-mec-amlo\/","og_site_name":"Favorite News","article_published_time":"2019-06-27T17:18:40+00:00","article_modified_time":"2019-06-27T17:18:41+00:00","og_image":[{"width":1140,"height":712,"url":"https:\/\/favorite-news.com\/mx\/wp-content\/uploads\/sites\/8\/2019\/06\/Trump-acept\u00f3-no-incluir-la-venta-de-energ\u00e9ticos-en-T-MEC.JPG","type":"image\/jpeg"}],"author":"favorite-news","twitter_card":"summary_large_image","twitter_misc":{"Escrito por":"favorite-news","Tiempo de lectura":"1 minuto"},"schema":{"@context":"https:\/\/schema.org","@graph":[{"@type":"Article","@id":"https:\/\/favorite-news.com\/mx\/trump-acepto-no-incluir-la-venta-de-energeticos-en-t-mec-amlo\/#article","isPartOf":{"@id":"https:\/\/favorite-news.com\/mx\/trump-acepto-no-incluir-la-venta-de-energeticos-en-t-mec-amlo\/"},"author":{"name":"favorite-news","@id":"https:\/\/favorite-news.com\/mx\/#\/schema\/person\/b91573b717dcfa5e4696032a9d28d3e8"},"headline":"Trump acept\u00f3 no incluir la venta de energ\u00e9ticos en T-MEC: AMLO","datePublished":"2019-06-27T17:18:40+00:00","dateModified":"2019-06-27T17:18:41+00:00","mainEntityOfPage":{"@id":"https:\/\/favorite-news.com\/mx\/trump-acepto-no-incluir-la-venta-de-energeticos-en-t-mec-amlo\/"},"wordCount":291,"commentCount":0,"image":{"@id":"https:\/\/favorite-news.com\/mx\/trump-acepto-no-incluir-la-venta-de-energeticos-en-t-mec-amlo\/#primaryimage"},"thumbnailUrl":"https:\/\/favorite-news.com\/mx\/wp-content\/uploads\/sites\/8\/2019\/06\/Trump-acept\u00f3-no-incluir-la-venta-de-energ\u00e9ticos-en-T-MEC.JPG","articleSection":["NOTICIAS FINANCIERAS"],"inLanguage":"es","potentialAction":[{"@type":"CommentAction","name":"Comment","target":["https:\/\/favorite-news.com\/mx\/trump-acepto-no-incluir-la-venta-de-energeticos-en-t-mec-amlo\/#respond"]}]},{"@type":"WebPage","@id":"https:\/\/favorite-news.com\/mx\/trump-acepto-no-incluir-la-venta-de-energeticos-en-t-mec-amlo\/","url":"https:\/\/favorite-news.com\/mx\/trump-acepto-no-incluir-la-venta-de-energeticos-en-t-mec-amlo\/","name":"Trump acept\u00f3 no incluir la venta de energ\u00e9ticos en T-MEC: AMLO - Favorite News","isPartOf":{"@id":"https:\/\/favorite-news.com\/mx\/#website"},"primaryImageOfPage":{"@id":"https:\/\/favorite-news.com\/mx\/trump-acepto-no-incluir-la-venta-de-energeticos-en-t-mec-amlo\/#primaryimage"},"image":{"@id":"https:\/\/favorite-news.com\/mx\/trump-acepto-no-incluir-la-venta-de-energeticos-en-t-mec-amlo\/#primaryimage"},"thumbnailUrl":"https:\/\/favorite-news.com\/mx\/wp-content\/uploads\/sites\/8\/2019\/06\/Trump-acept\u00f3-no-incluir-la-venta-de-energ\u00e9ticos-en-T-MEC.JPG","datePublished":"2019-06-27T17:18:40+00:00","dateModified":"2019-06-27T17:18:41+00:00","author":{"@id":"https:\/\/favorite-news.com\/mx\/#\/schema\/person\/b91573b717dcfa5e4696032a9d28d3e8"},"breadcrumb":{"@id":"https:\/\/favorite-news.com\/mx\/trump-acepto-no-incluir-la-venta-de-energeticos-en-t-mec-amlo\/#breadcrumb"},"inLanguage":"es","potentialAction":[{"@type":"ReadAction","target":["https:\/\/favorite-news.com\/mx\/trump-acepto-no-incluir-la-venta-de-energeticos-en-t-mec-amlo\/"]}]},{"@type":"ImageObject","inLanguage":"es","@id":"https:\/\/favorite-news.com\/mx\/trump-acepto-no-incluir-la-venta-de-energeticos-en-t-mec-amlo\/#primaryimage","url":"https:\/\/favorite-news.com\/mx\/wp-content\/uploads\/sites\/8\/2019\/06\/Trump-acept\u00f3-no-incluir-la-venta-de-energ\u00e9ticos-en-T-MEC.JPG","contentUrl":"https:\/\/favorite-news.com\/mx\/wp-content\/uploads\/sites\/8\/2019\/06\/Trump-acept\u00f3-no-incluir-la-venta-de-energ\u00e9ticos-en-T-MEC.JPG","width":1140,"height":712,"caption":"Trump acept\u00f3 no incluir la venta de energ\u00e9ticos en T-MEC: AMLO"},{"@type":"BreadcrumbList","@id":"https:\/\/favorite-news.com\/mx\/trump-acepto-no-incluir-la-venta-de-energeticos-en-t-mec-amlo\/#breadcrumb","itemListElement":[{"@type":"ListItem","position":1,"name":"\u0413\u043b\u0430\u0432\u043d\u0430\u044f \u0441\u0442\u0440\u0430\u043d\u0438\u0446\u0430","item":"https:\/\/favorite-news.com\/mx\/"},{"@type":"ListItem","position":2,"name":"Trump acept\u00f3 no incluir la venta de energ\u00e9ticos en T-MEC: AMLO"}]},{"@type":"WebSite","@id":"https:\/\/favorite-news.com\/mx\/#website","url":"https:\/\/favorite-news.com\/mx\/","name":"Favorite News","description":"Favorite News Mexico","potentialAction":[{"@type":"SearchAction","target":{"@type":"EntryPoint","urlTemplate":"https:\/\/favorite-news.com\/mx\/?s={search_term_string}"},"query-input":{"@type":"PropertyValueSpecification","valueRequired":true,"valueName":"search_term_string"}}],"inLanguage":"es"},{"@type":"Person","@id":"https:\/\/favorite-news.com\/mx\/#\/schema\/person\/b91573b717dcfa5e4696032a9d28d3e8","name":"favorite-news","image":{"@type":"ImageObject","inLanguage":"es","@id":"https:\/\/secure.gravatar.com\/avatar\/6c5a5cb12b74e9d517ee91cf570335b7d16177f1977cc91db161adfa435945a7?s=96&d=mm&r=g","url":"https:\/\/secure.gravatar.com\/avatar\/6c5a5cb12b74e9d517ee91cf570335b7d16177f1977cc91db161adfa435945a7?s=96&d=mm&r=g","contentUrl":"https:\/\/secure.gravatar.com\/avatar\/6c5a5cb12b74e9d517ee91cf570335b7d16177f1977cc91db161adfa435945a7?s=96&d=mm&r=g","caption":"favorite-news"},"url":"https:\/\/favorite-news.com\/mx\/author\/pt\/"}]}},"_links":{"self":[{"href":"https:\/\/favorite-news.com\/mx\/wp-json\/wp\/v2\/posts\/1782","targetHints":{"allow":["GET"]}}],"collection":[{"href":"https:\/\/favorite-news.com\/mx\/wp-json\/wp\/v2\/posts"}],"about":[{"href":"https:\/\/favorite-news.com\/mx\/wp-json\/wp\/v2\/types\/post"}],"author":[{"embeddable":true,"href":"https:\/\/favorite-news.com\/mx\/wp-json\/wp\/v2\/users\/2"}],"replies":[{"embeddable":true,"href":"https:\/\/favorite-news.com\/mx\/wp-json\/wp\/v2\/comments?post=1782"}],"version-history":[{"count":1,"href":"https:\/\/favorite-news.com\/mx\/wp-json\/wp\/v2\/posts\/1782\/revisions"}],"predecessor-version":[{"id":1784,"href":"https:\/\/favorite-news.com\/mx\/wp-json\/wp\/v2\/posts\/1782\/revisions\/1784"}],"wp:featuredmedia":[{"embeddable":true,"href":"https:\/\/favorite-news.com\/mx\/wp-json\/wp\/v2\/media\/1783"}],"wp:attachment":[{"href":"https:\/\/favorite-news.com\/mx\/wp-json\/wp\/v2\/media?parent=1782"}],"wp:term":[{"taxonomy":"category","embeddable":true,"href":"https:\/\/favorite-news.com\/mx\/wp-json\/wp\/v2\/categories?post=1782"},{"taxonomy":"post_tag","embeddable":true,"href":"https:\/\/favorite-news.com\/mx\/wp-json\/wp\/v2\/tags?post=1782"}],"curies":[{"name":"wp","href":"https:\/\/api.w.org\/{rel}","templated":true}]}}