{"id":1722,"date":"2019-06-26T04:53:36","date_gmt":"2019-06-26T01:53:36","guid":{"rendered":"https:\/\/favorite-news.com\/mx\/altos-hornos-designa-como-ceo-interino-a-james-pignatelli\/"},"modified":"2019-06-26T04:53:37","modified_gmt":"2019-06-26T01:53:37","slug":"altos-hornos-designa-como-ceo-interino-a-james-pignatelli","status":"publish","type":"post","link":"https:\/\/favorite-news.com\/mx\/altos-hornos-designa-como-ceo-interino-a-james-pignatelli\/","title":{"rendered":"Altos Hornos designa como CEO interino a James Pignatelli"},"content":{"rendered":"<p> [ad_1]<br \/>\n<\/p>\n<div id=\"content-body-226-3813800\">\n<p>El Consejo de Administraci\u00f3n de AHMSA, que encabeza Alonso Ancira Elizondo, nombr\u00f3 al consejero James Pignatelli como CEO interino, para apoyar al actual director General Ejecutivo, Luis Zamudio, en la aplicaci\u00f3n de dos programas de especiales en producci\u00f3n y finanzas.<\/p>\n<p>James Pignatelli mantiene el cargo como integrante propietario del Consejo de Administraci\u00f3n de Altos Hornos de M\u00e9xico (AHMSA).<\/p>\n<h4\/>\n<p>E nombramiento se da a casi un mes de la aprehensi\u00f3n de Ancira en Espa\u00f1a, esto luego de que fue imputado por la Fiscal\u00eda General de la Rep\u00fablica (FGR) por operaciones con recursos de procedencia il\u00edcita.<\/p>\n<p>AHMSA a\u00f1adi\u00f3 que este nombramiento viene acompa\u00f1ado de una reformulaci\u00f3n del programa operativo para el presente a\u00f1o, as\u00ed como un plan financiero destinado a robustecer la posici\u00f3n de la empresa.<\/p>\n<p>La empresa subray\u00f3 que Alonso Ancira, quien permanece preso en Espa\u00f1a, contin\u00faa siendo el presidente del Consejo de Administraci\u00f3n.<\/p>\n<\/div>\n<p><script>(function(d, s, id) {\nvar js, fjs = d.getElementsByTagName(s)[0];\nif (d.getElementById(id)) return;\njs = d.createElement(s); js.id = id;\njs.src = 'https:\/\/connect.facebook.net\/es_LA\/sdk.js#xfbml=1&version=v3.2&appId=641196362757391&autoLogAppEvents=1';\nfjs.parentNode.insertBefore(js, fjs);\n}(document, 'script', 'facebook-jssdk'));\n<\/script><br \/>\n<br \/>[ad_2]<br \/>\n<br \/><a href=\"https:\/\/www.elsoldemexico.com.mx\/finanzas\/altos-hornos-designa-como-director-general-interino-a-james-pignatelli-ahmsa-alonso-ancira-extradicion-pemex-fabrica-fertilizantes-3813800.html\">Source link <\/a><\/p>\n","protected":false},"excerpt":{"rendered":"<p>[ad_1] El Consejo de Administraci\u00f3n de AHMSA, que encabeza Alonso Ancira Elizondo, nombr\u00f3 al consejero James Pignatelli como CEO interino, para apoyar al actual director General Ejecutivo, Luis Zamudio, en la aplicaci\u00f3n de dos programas de especiales en producci\u00f3n y finanzas. James Pignatelli mantiene el cargo como integrante propietario del Consejo de Administraci\u00f3n de Altos [&hellip;]<\/p>\n","protected":false},"author":2,"featured_media":1723,"comment_status":"open","ping_status":"open","sticky":false,"template":"","format":"standard","meta":{"footnotes":""},"categories":[1],"tags":[],"class_list":["post-1722","post","type-post","status-publish","format-standard","has-post-thumbnail","hentry","category-noticias-financieras"],"yoast_head":"<!-- This site is optimized with the Yoast SEO plugin v27.4 - https:\/\/yoast.com\/product\/yoast-seo-wordpress\/ -->\n<title>Altos Hornos designa como CEO interino a James Pignatelli - Favorite News<\/title>\n<meta name=\"robots\" content=\"index, follow, max-snippet:-1, max-image-preview:large, max-video-preview:-1\" \/>\n<link rel=\"canonical\" href=\"https:\/\/favorite-news.com\/mx\/altos-hornos-designa-como-ceo-interino-a-james-pignatelli\/\" \/>\n<meta property=\"og:locale\" content=\"es_MX\" \/>\n<meta property=\"og:type\" content=\"article\" \/>\n<meta property=\"og:title\" content=\"Altos Hornos designa como CEO interino a James Pignatelli - Favorite News\" \/>\n<meta property=\"og:description\" content=\"[ad_1] El Consejo de Administraci\u00f3n de AHMSA, que encabeza Alonso Ancira Elizondo, nombr\u00f3 al consejero James Pignatelli como CEO interino, para apoyar al actual director General Ejecutivo, Luis Zamudio, en la aplicaci\u00f3n de dos programas de especiales en producci\u00f3n y finanzas. James Pignatelli mantiene el cargo como integrante propietario del Consejo de Administraci\u00f3n de Altos [&hellip;]\" \/>\n<meta property=\"og:url\" content=\"https:\/\/favorite-news.com\/mx\/altos-hornos-designa-como-ceo-interino-a-james-pignatelli\/\" \/>\n<meta property=\"og:site_name\" content=\"Favorite News\" \/>\n<meta property=\"article:published_time\" content=\"2019-06-26T01:53:36+00:00\" \/>\n<meta property=\"article:modified_time\" content=\"2019-06-26T01:53:37+00:00\" \/>\n<meta property=\"og:image\" content=\"https:\/\/favorite-news.com\/mx\/wp-content\/uploads\/sites\/8\/2019\/06\/Altos-Hornos-designa-como-CEO-interino-a-James-Pignatelli.jpg\" \/>\n\t<meta property=\"og:image:width\" content=\"1140\" \/>\n\t<meta property=\"og:image:height\" content=\"712\" \/>\n\t<meta property=\"og:image:type\" content=\"image\/jpeg\" \/>\n<meta name=\"author\" content=\"favorite-news\" \/>\n<meta name=\"twitter:card\" content=\"summary_large_image\" \/>\n<meta name=\"twitter:label1\" content=\"Escrito por\" \/>\n\t<meta name=\"twitter:data1\" content=\"favorite-news\" \/>\n\t<meta name=\"twitter:label2\" content=\"Tiempo de lectura\" \/>\n\t<meta name=\"twitter:data2\" content=\"1 minuto\" \/>\n<script type=\"application\/ld+json\" class=\"yoast-schema-graph\">{\"@context\":\"https:\\\/\\\/schema.org\",\"@graph\":[{\"@type\":\"Article\",\"@id\":\"https:\\\/\\\/favorite-news.com\\\/mx\\\/altos-hornos-designa-como-ceo-interino-a-james-pignatelli\\\/#article\",\"isPartOf\":{\"@id\":\"https:\\\/\\\/favorite-news.com\\\/mx\\\/altos-hornos-designa-como-ceo-interino-a-james-pignatelli\\\/\"},\"author\":{\"name\":\"favorite-news\",\"@id\":\"https:\\\/\\\/favorite-news.com\\\/mx\\\/#\\\/schema\\\/person\\\/b91573b717dcfa5e4696032a9d28d3e8\"},\"headline\":\"Altos Hornos designa como CEO interino a James Pignatelli\",\"datePublished\":\"2019-06-26T01:53:36+00:00\",\"dateModified\":\"2019-06-26T01:53:37+00:00\",\"mainEntityOfPage\":{\"@id\":\"https:\\\/\\\/favorite-news.com\\\/mx\\\/altos-hornos-designa-como-ceo-interino-a-james-pignatelli\\\/\"},\"wordCount\":174,\"commentCount\":0,\"image\":{\"@id\":\"https:\\\/\\\/favorite-news.com\\\/mx\\\/altos-hornos-designa-como-ceo-interino-a-james-pignatelli\\\/#primaryimage\"},\"thumbnailUrl\":\"https:\\\/\\\/favorite-news.com\\\/mx\\\/wp-content\\\/uploads\\\/sites\\\/8\\\/2019\\\/06\\\/Altos-Hornos-designa-como-CEO-interino-a-James-Pignatelli.jpg\",\"articleSection\":[\"NOTICIAS FINANCIERAS\"],\"inLanguage\":\"es\",\"potentialAction\":[{\"@type\":\"CommentAction\",\"name\":\"Comment\",\"target\":[\"https:\\\/\\\/favorite-news.com\\\/mx\\\/altos-hornos-designa-como-ceo-interino-a-james-pignatelli\\\/#respond\"]}]},{\"@type\":\"WebPage\",\"@id\":\"https:\\\/\\\/favorite-news.com\\\/mx\\\/altos-hornos-designa-como-ceo-interino-a-james-pignatelli\\\/\",\"url\":\"https:\\\/\\\/favorite-news.com\\\/mx\\\/altos-hornos-designa-como-ceo-interino-a-james-pignatelli\\\/\",\"name\":\"Altos Hornos designa como CEO interino a James Pignatelli - Favorite News\",\"isPartOf\":{\"@id\":\"https:\\\/\\\/favorite-news.com\\\/mx\\\/#website\"},\"primaryImageOfPage\":{\"@id\":\"https:\\\/\\\/favorite-news.com\\\/mx\\\/altos-hornos-designa-como-ceo-interino-a-james-pignatelli\\\/#primaryimage\"},\"image\":{\"@id\":\"https:\\\/\\\/favorite-news.com\\\/mx\\\/altos-hornos-designa-como-ceo-interino-a-james-pignatelli\\\/#primaryimage\"},\"thumbnailUrl\":\"https:\\\/\\\/favorite-news.com\\\/mx\\\/wp-content\\\/uploads\\\/sites\\\/8\\\/2019\\\/06\\\/Altos-Hornos-designa-como-CEO-interino-a-James-Pignatelli.jpg\",\"datePublished\":\"2019-06-26T01:53:36+00:00\",\"dateModified\":\"2019-06-26T01:53:37+00:00\",\"author\":{\"@id\":\"https:\\\/\\\/favorite-news.com\\\/mx\\\/#\\\/schema\\\/person\\\/b91573b717dcfa5e4696032a9d28d3e8\"},\"breadcrumb\":{\"@id\":\"https:\\\/\\\/favorite-news.com\\\/mx\\\/altos-hornos-designa-como-ceo-interino-a-james-pignatelli\\\/#breadcrumb\"},\"inLanguage\":\"es\",\"potentialAction\":[{\"@type\":\"ReadAction\",\"target\":[\"https:\\\/\\\/favorite-news.com\\\/mx\\\/altos-hornos-designa-como-ceo-interino-a-james-pignatelli\\\/\"]}]},{\"@type\":\"ImageObject\",\"inLanguage\":\"es\",\"@id\":\"https:\\\/\\\/favorite-news.com\\\/mx\\\/altos-hornos-designa-como-ceo-interino-a-james-pignatelli\\\/#primaryimage\",\"url\":\"https:\\\/\\\/favorite-news.com\\\/mx\\\/wp-content\\\/uploads\\\/sites\\\/8\\\/2019\\\/06\\\/Altos-Hornos-designa-como-CEO-interino-a-James-Pignatelli.jpg\",\"contentUrl\":\"https:\\\/\\\/favorite-news.com\\\/mx\\\/wp-content\\\/uploads\\\/sites\\\/8\\\/2019\\\/06\\\/Altos-Hornos-designa-como-CEO-interino-a-James-Pignatelli.jpg\",\"width\":1140,\"height\":712,\"caption\":\"Altos Hornos designa como CEO interino a James Pignatelli\"},{\"@type\":\"BreadcrumbList\",\"@id\":\"https:\\\/\\\/favorite-news.com\\\/mx\\\/altos-hornos-designa-como-ceo-interino-a-james-pignatelli\\\/#breadcrumb\",\"itemListElement\":[{\"@type\":\"ListItem\",\"position\":1,\"name\":\"\u0413\u043b\u0430\u0432\u043d\u0430\u044f \u0441\u0442\u0440\u0430\u043d\u0438\u0446\u0430\",\"item\":\"https:\\\/\\\/favorite-news.com\\\/mx\\\/\"},{\"@type\":\"ListItem\",\"position\":2,\"name\":\"Altos Hornos designa como CEO interino a James Pignatelli\"}]},{\"@type\":\"WebSite\",\"@id\":\"https:\\\/\\\/favorite-news.com\\\/mx\\\/#website\",\"url\":\"https:\\\/\\\/favorite-news.com\\\/mx\\\/\",\"name\":\"Favorite News\",\"description\":\"Favorite News Mexico\",\"potentialAction\":[{\"@type\":\"SearchAction\",\"target\":{\"@type\":\"EntryPoint\",\"urlTemplate\":\"https:\\\/\\\/favorite-news.com\\\/mx\\\/?s={search_term_string}\"},\"query-input\":{\"@type\":\"PropertyValueSpecification\",\"valueRequired\":true,\"valueName\":\"search_term_string\"}}],\"inLanguage\":\"es\"},{\"@type\":\"Person\",\"@id\":\"https:\\\/\\\/favorite-news.com\\\/mx\\\/#\\\/schema\\\/person\\\/b91573b717dcfa5e4696032a9d28d3e8\",\"name\":\"favorite-news\",\"image\":{\"@type\":\"ImageObject\",\"inLanguage\":\"es\",\"@id\":\"https:\\\/\\\/secure.gravatar.com\\\/avatar\\\/6c5a5cb12b74e9d517ee91cf570335b7d16177f1977cc91db161adfa435945a7?s=96&d=mm&r=g\",\"url\":\"https:\\\/\\\/secure.gravatar.com\\\/avatar\\\/6c5a5cb12b74e9d517ee91cf570335b7d16177f1977cc91db161adfa435945a7?s=96&d=mm&r=g\",\"contentUrl\":\"https:\\\/\\\/secure.gravatar.com\\\/avatar\\\/6c5a5cb12b74e9d517ee91cf570335b7d16177f1977cc91db161adfa435945a7?s=96&d=mm&r=g\",\"caption\":\"favorite-news\"},\"url\":\"https:\\\/\\\/favorite-news.com\\\/mx\\\/author\\\/pt\\\/\"}]}<\/script>\n<!-- \/ Yoast SEO plugin. -->","yoast_head_json":{"title":"Altos Hornos designa como CEO interino a James Pignatelli - Favorite News","robots":{"index":"index","follow":"follow","max-snippet":"max-snippet:-1","max-image-preview":"max-image-preview:large","max-video-preview":"max-video-preview:-1"},"canonical":"https:\/\/favorite-news.com\/mx\/altos-hornos-designa-como-ceo-interino-a-james-pignatelli\/","og_locale":"es_MX","og_type":"article","og_title":"Altos Hornos designa como CEO interino a James Pignatelli - Favorite News","og_description":"[ad_1] El Consejo de Administraci\u00f3n de AHMSA, que encabeza Alonso Ancira Elizondo, nombr\u00f3 al consejero James Pignatelli como CEO interino, para apoyar al actual director General Ejecutivo, Luis Zamudio, en la aplicaci\u00f3n de dos programas de especiales en producci\u00f3n y finanzas. James Pignatelli mantiene el cargo como integrante propietario del Consejo de Administraci\u00f3n de Altos [&hellip;]","og_url":"https:\/\/favorite-news.com\/mx\/altos-hornos-designa-como-ceo-interino-a-james-pignatelli\/","og_site_name":"Favorite News","article_published_time":"2019-06-26T01:53:36+00:00","article_modified_time":"2019-06-26T01:53:37+00:00","og_image":[{"width":1140,"height":712,"url":"https:\/\/favorite-news.com\/mx\/wp-content\/uploads\/sites\/8\/2019\/06\/Altos-Hornos-designa-como-CEO-interino-a-James-Pignatelli.jpg","type":"image\/jpeg"}],"author":"favorite-news","twitter_card":"summary_large_image","twitter_misc":{"Escrito por":"favorite-news","Tiempo de lectura":"1 minuto"},"schema":{"@context":"https:\/\/schema.org","@graph":[{"@type":"Article","@id":"https:\/\/favorite-news.com\/mx\/altos-hornos-designa-como-ceo-interino-a-james-pignatelli\/#article","isPartOf":{"@id":"https:\/\/favorite-news.com\/mx\/altos-hornos-designa-como-ceo-interino-a-james-pignatelli\/"},"author":{"name":"favorite-news","@id":"https:\/\/favorite-news.com\/mx\/#\/schema\/person\/b91573b717dcfa5e4696032a9d28d3e8"},"headline":"Altos Hornos designa como CEO interino a James Pignatelli","datePublished":"2019-06-26T01:53:36+00:00","dateModified":"2019-06-26T01:53:37+00:00","mainEntityOfPage":{"@id":"https:\/\/favorite-news.com\/mx\/altos-hornos-designa-como-ceo-interino-a-james-pignatelli\/"},"wordCount":174,"commentCount":0,"image":{"@id":"https:\/\/favorite-news.com\/mx\/altos-hornos-designa-como-ceo-interino-a-james-pignatelli\/#primaryimage"},"thumbnailUrl":"https:\/\/favorite-news.com\/mx\/wp-content\/uploads\/sites\/8\/2019\/06\/Altos-Hornos-designa-como-CEO-interino-a-James-Pignatelli.jpg","articleSection":["NOTICIAS FINANCIERAS"],"inLanguage":"es","potentialAction":[{"@type":"CommentAction","name":"Comment","target":["https:\/\/favorite-news.com\/mx\/altos-hornos-designa-como-ceo-interino-a-james-pignatelli\/#respond"]}]},{"@type":"WebPage","@id":"https:\/\/favorite-news.com\/mx\/altos-hornos-designa-como-ceo-interino-a-james-pignatelli\/","url":"https:\/\/favorite-news.com\/mx\/altos-hornos-designa-como-ceo-interino-a-james-pignatelli\/","name":"Altos Hornos designa como CEO interino a James Pignatelli - Favorite News","isPartOf":{"@id":"https:\/\/favorite-news.com\/mx\/#website"},"primaryImageOfPage":{"@id":"https:\/\/favorite-news.com\/mx\/altos-hornos-designa-como-ceo-interino-a-james-pignatelli\/#primaryimage"},"image":{"@id":"https:\/\/favorite-news.com\/mx\/altos-hornos-designa-como-ceo-interino-a-james-pignatelli\/#primaryimage"},"thumbnailUrl":"https:\/\/favorite-news.com\/mx\/wp-content\/uploads\/sites\/8\/2019\/06\/Altos-Hornos-designa-como-CEO-interino-a-James-Pignatelli.jpg","datePublished":"2019-06-26T01:53:36+00:00","dateModified":"2019-06-26T01:53:37+00:00","author":{"@id":"https:\/\/favorite-news.com\/mx\/#\/schema\/person\/b91573b717dcfa5e4696032a9d28d3e8"},"breadcrumb":{"@id":"https:\/\/favorite-news.com\/mx\/altos-hornos-designa-como-ceo-interino-a-james-pignatelli\/#breadcrumb"},"inLanguage":"es","potentialAction":[{"@type":"ReadAction","target":["https:\/\/favorite-news.com\/mx\/altos-hornos-designa-como-ceo-interino-a-james-pignatelli\/"]}]},{"@type":"ImageObject","inLanguage":"es","@id":"https:\/\/favorite-news.com\/mx\/altos-hornos-designa-como-ceo-interino-a-james-pignatelli\/#primaryimage","url":"https:\/\/favorite-news.com\/mx\/wp-content\/uploads\/sites\/8\/2019\/06\/Altos-Hornos-designa-como-CEO-interino-a-James-Pignatelli.jpg","contentUrl":"https:\/\/favorite-news.com\/mx\/wp-content\/uploads\/sites\/8\/2019\/06\/Altos-Hornos-designa-como-CEO-interino-a-James-Pignatelli.jpg","width":1140,"height":712,"caption":"Altos Hornos designa como CEO interino a James Pignatelli"},{"@type":"BreadcrumbList","@id":"https:\/\/favorite-news.com\/mx\/altos-hornos-designa-como-ceo-interino-a-james-pignatelli\/#breadcrumb","itemListElement":[{"@type":"ListItem","position":1,"name":"\u0413\u043b\u0430\u0432\u043d\u0430\u044f \u0441\u0442\u0440\u0430\u043d\u0438\u0446\u0430","item":"https:\/\/favorite-news.com\/mx\/"},{"@type":"ListItem","position":2,"name":"Altos Hornos designa como CEO interino a James Pignatelli"}]},{"@type":"WebSite","@id":"https:\/\/favorite-news.com\/mx\/#website","url":"https:\/\/favorite-news.com\/mx\/","name":"Favorite News","description":"Favorite News Mexico","potentialAction":[{"@type":"SearchAction","target":{"@type":"EntryPoint","urlTemplate":"https:\/\/favorite-news.com\/mx\/?s={search_term_string}"},"query-input":{"@type":"PropertyValueSpecification","valueRequired":true,"valueName":"search_term_string"}}],"inLanguage":"es"},{"@type":"Person","@id":"https:\/\/favorite-news.com\/mx\/#\/schema\/person\/b91573b717dcfa5e4696032a9d28d3e8","name":"favorite-news","image":{"@type":"ImageObject","inLanguage":"es","@id":"https:\/\/secure.gravatar.com\/avatar\/6c5a5cb12b74e9d517ee91cf570335b7d16177f1977cc91db161adfa435945a7?s=96&d=mm&r=g","url":"https:\/\/secure.gravatar.com\/avatar\/6c5a5cb12b74e9d517ee91cf570335b7d16177f1977cc91db161adfa435945a7?s=96&d=mm&r=g","contentUrl":"https:\/\/secure.gravatar.com\/avatar\/6c5a5cb12b74e9d517ee91cf570335b7d16177f1977cc91db161adfa435945a7?s=96&d=mm&r=g","caption":"favorite-news"},"url":"https:\/\/favorite-news.com\/mx\/author\/pt\/"}]}},"_links":{"self":[{"href":"https:\/\/favorite-news.com\/mx\/wp-json\/wp\/v2\/posts\/1722","targetHints":{"allow":["GET"]}}],"collection":[{"href":"https:\/\/favorite-news.com\/mx\/wp-json\/wp\/v2\/posts"}],"about":[{"href":"https:\/\/favorite-news.com\/mx\/wp-json\/wp\/v2\/types\/post"}],"author":[{"embeddable":true,"href":"https:\/\/favorite-news.com\/mx\/wp-json\/wp\/v2\/users\/2"}],"replies":[{"embeddable":true,"href":"https:\/\/favorite-news.com\/mx\/wp-json\/wp\/v2\/comments?post=1722"}],"version-history":[{"count":1,"href":"https:\/\/favorite-news.com\/mx\/wp-json\/wp\/v2\/posts\/1722\/revisions"}],"predecessor-version":[{"id":1724,"href":"https:\/\/favorite-news.com\/mx\/wp-json\/wp\/v2\/posts\/1722\/revisions\/1724"}],"wp:featuredmedia":[{"embeddable":true,"href":"https:\/\/favorite-news.com\/mx\/wp-json\/wp\/v2\/media\/1723"}],"wp:attachment":[{"href":"https:\/\/favorite-news.com\/mx\/wp-json\/wp\/v2\/media?parent=1722"}],"wp:term":[{"taxonomy":"category","embeddable":true,"href":"https:\/\/favorite-news.com\/mx\/wp-json\/wp\/v2\/categories?post=1722"},{"taxonomy":"post_tag","embeddable":true,"href":"https:\/\/favorite-news.com\/mx\/wp-json\/wp\/v2\/tags?post=1722"}],"curies":[{"name":"wp","href":"https:\/\/api.w.org\/{rel}","templated":true}]}}