{"id":1716,"date":"2019-06-26T00:39:26","date_gmt":"2019-06-25T21:39:26","guid":{"rendered":"https:\/\/favorite-news.com\/mx\/corte-frena-fallo-sobre-acceso-de-fgr-a-cuentas-bancarias\/"},"modified":"2019-06-26T00:39:27","modified_gmt":"2019-06-25T21:39:27","slug":"corte-frena-fallo-sobre-acceso-de-fgr-a-cuentas-bancarias","status":"publish","type":"post","link":"https:\/\/favorite-news.com\/mx\/corte-frena-fallo-sobre-acceso-de-fgr-a-cuentas-bancarias\/","title":{"rendered":"Corte frena fallo sobre acceso de FGR a cuentas bancarias"},"content":{"rendered":"<p> [ad_1]<br \/>\n<\/p>\n<div id=\"content-body-226-3813208\">\n<p>La Suprema Corte de Justicia de la Naci\u00f3n dej\u00f3 sin efecto la sentencia que emiti\u00f3 la semana pasada en la que resolvi\u00f3 que es inconstitucional que la Fiscal\u00eda General de la Rep\u00fablica , pida informaci\u00f3n bancaria durante investigaciones penales, sin orden judicial previa.<\/p>\n<p>Por siete votos contra cuatro, la Corte acept\u00f3 hoy desistimientos presentados por la Fiscal\u00eda y la Secretar\u00eda de Hacienda el pasado viernes, para que los Ministros ya no resuelvan recursos de revisi\u00f3n en lo que se les pidi\u00f3 pronunciarse sobre la Constitucionalidad del art\u00edculo 142 de la Ley de Instituciones de Cr\u00e9dito. <\/p>\n<h4\/>\n<p>En la sesi\u00f3n del jueves pasado por 6 contra 5, el Pleno de la Corte lo consider\u00f3 violatorio del derecho humano a la vida privada, por no contemplar el requisito de orden judicial.<\/p>\n<p>Autoridades aprovecharon jurisprudencia de la propia Corte, que se\u00f1ala que las partes en juicio de amparo se pueden desistir en cualquier momento de sus recursos mientras no exista sentencia, incluso si el proyecto respectivo no fue publicado. <\/p>\n<\/div>\n<p><script>(function(d, s, id) {\nvar js, fjs = d.getElementsByTagName(s)[0];\nif (d.getElementById(id)) return;\njs = d.createElement(s); js.id = id;\njs.src = 'https:\/\/connect.facebook.net\/es_LA\/sdk.js#xfbml=1&version=v3.2&appId=641196362757391&autoLogAppEvents=1';\nfjs.parentNode.insertBefore(js, fjs);\n}(document, 'script', 'facebook-jssdk'));\n<\/script><br \/>\n<br \/>[ad_2]<br \/>\n<br \/><a href=\"https:\/\/www.elsoldemexico.com.mx\/finanzas\/corte-frena-fallo-sobre-acceso-de-fgr-a-cuentas-bancarias-desestimientos-secretaria-de-hacienda-3813208.html\">Source link <\/a><\/p>\n","protected":false},"excerpt":{"rendered":"<p>[ad_1] La Suprema Corte de Justicia de la Naci\u00f3n dej\u00f3 sin efecto la sentencia que emiti\u00f3 la semana pasada en la que resolvi\u00f3 que es inconstitucional que la Fiscal\u00eda General de la Rep\u00fablica , pida informaci\u00f3n bancaria durante investigaciones penales, sin orden judicial previa. Por siete votos contra cuatro, la Corte acept\u00f3 hoy desistimientos presentados [&hellip;]<\/p>\n","protected":false},"author":2,"featured_media":1717,"comment_status":"open","ping_status":"open","sticky":false,"template":"","format":"standard","meta":{"footnotes":""},"categories":[1],"tags":[],"class_list":["post-1716","post","type-post","status-publish","format-standard","has-post-thumbnail","hentry","category-noticias-financieras"],"yoast_head":"<!-- This site is optimized with the Yoast SEO plugin v27.4 - https:\/\/yoast.com\/product\/yoast-seo-wordpress\/ -->\n<title>Corte frena fallo sobre acceso de FGR a cuentas bancarias - Favorite News<\/title>\n<meta name=\"robots\" content=\"index, follow, max-snippet:-1, max-image-preview:large, max-video-preview:-1\" \/>\n<link rel=\"canonical\" href=\"https:\/\/favorite-news.com\/mx\/corte-frena-fallo-sobre-acceso-de-fgr-a-cuentas-bancarias\/\" \/>\n<meta property=\"og:locale\" content=\"es_MX\" \/>\n<meta property=\"og:type\" content=\"article\" \/>\n<meta property=\"og:title\" content=\"Corte frena fallo sobre acceso de FGR a cuentas bancarias - Favorite News\" \/>\n<meta property=\"og:description\" content=\"[ad_1] La Suprema Corte de Justicia de la Naci\u00f3n dej\u00f3 sin efecto la sentencia que emiti\u00f3 la semana pasada en la que resolvi\u00f3 que es inconstitucional que la Fiscal\u00eda General de la Rep\u00fablica , pida informaci\u00f3n bancaria durante investigaciones penales, sin orden judicial previa. Por siete votos contra cuatro, la Corte acept\u00f3 hoy desistimientos presentados [&hellip;]\" \/>\n<meta property=\"og:url\" content=\"https:\/\/favorite-news.com\/mx\/corte-frena-fallo-sobre-acceso-de-fgr-a-cuentas-bancarias\/\" \/>\n<meta property=\"og:site_name\" content=\"Favorite News\" \/>\n<meta property=\"article:published_time\" content=\"2019-06-25T21:39:26+00:00\" \/>\n<meta property=\"article:modified_time\" content=\"2019-06-25T21:39:27+00:00\" \/>\n<meta property=\"og:image\" content=\"https:\/\/favorite-news.com\/mx\/wp-content\/uploads\/sites\/8\/2019\/06\/Corte-frena-fallo-sobre-acceso-de-FGR-a-cuentas-bancarias.jpg\" \/>\n\t<meta property=\"og:image:width\" content=\"1140\" \/>\n\t<meta property=\"og:image:height\" content=\"712\" \/>\n\t<meta property=\"og:image:type\" content=\"image\/jpeg\" \/>\n<meta name=\"author\" content=\"favorite-news\" \/>\n<meta name=\"twitter:card\" content=\"summary_large_image\" \/>\n<meta name=\"twitter:label1\" content=\"Escrito por\" \/>\n\t<meta name=\"twitter:data1\" content=\"favorite-news\" \/>\n\t<meta name=\"twitter:label2\" content=\"Tiempo de lectura\" \/>\n\t<meta name=\"twitter:data2\" content=\"1 minuto\" \/>\n<script type=\"application\/ld+json\" class=\"yoast-schema-graph\">{\"@context\":\"https:\\\/\\\/schema.org\",\"@graph\":[{\"@type\":\"Article\",\"@id\":\"https:\\\/\\\/favorite-news.com\\\/mx\\\/corte-frena-fallo-sobre-acceso-de-fgr-a-cuentas-bancarias\\\/#article\",\"isPartOf\":{\"@id\":\"https:\\\/\\\/favorite-news.com\\\/mx\\\/corte-frena-fallo-sobre-acceso-de-fgr-a-cuentas-bancarias\\\/\"},\"author\":{\"name\":\"favorite-news\",\"@id\":\"https:\\\/\\\/favorite-news.com\\\/mx\\\/#\\\/schema\\\/person\\\/b91573b717dcfa5e4696032a9d28d3e8\"},\"headline\":\"Corte frena fallo sobre acceso de FGR a cuentas bancarias\",\"datePublished\":\"2019-06-25T21:39:26+00:00\",\"dateModified\":\"2019-06-25T21:39:27+00:00\",\"mainEntityOfPage\":{\"@id\":\"https:\\\/\\\/favorite-news.com\\\/mx\\\/corte-frena-fallo-sobre-acceso-de-fgr-a-cuentas-bancarias\\\/\"},\"wordCount\":186,\"commentCount\":0,\"image\":{\"@id\":\"https:\\\/\\\/favorite-news.com\\\/mx\\\/corte-frena-fallo-sobre-acceso-de-fgr-a-cuentas-bancarias\\\/#primaryimage\"},\"thumbnailUrl\":\"https:\\\/\\\/favorite-news.com\\\/mx\\\/wp-content\\\/uploads\\\/sites\\\/8\\\/2019\\\/06\\\/Corte-frena-fallo-sobre-acceso-de-FGR-a-cuentas-bancarias.jpg\",\"articleSection\":[\"NOTICIAS FINANCIERAS\"],\"inLanguage\":\"es\",\"potentialAction\":[{\"@type\":\"CommentAction\",\"name\":\"Comment\",\"target\":[\"https:\\\/\\\/favorite-news.com\\\/mx\\\/corte-frena-fallo-sobre-acceso-de-fgr-a-cuentas-bancarias\\\/#respond\"]}]},{\"@type\":\"WebPage\",\"@id\":\"https:\\\/\\\/favorite-news.com\\\/mx\\\/corte-frena-fallo-sobre-acceso-de-fgr-a-cuentas-bancarias\\\/\",\"url\":\"https:\\\/\\\/favorite-news.com\\\/mx\\\/corte-frena-fallo-sobre-acceso-de-fgr-a-cuentas-bancarias\\\/\",\"name\":\"Corte frena fallo sobre acceso de FGR a cuentas bancarias - Favorite News\",\"isPartOf\":{\"@id\":\"https:\\\/\\\/favorite-news.com\\\/mx\\\/#website\"},\"primaryImageOfPage\":{\"@id\":\"https:\\\/\\\/favorite-news.com\\\/mx\\\/corte-frena-fallo-sobre-acceso-de-fgr-a-cuentas-bancarias\\\/#primaryimage\"},\"image\":{\"@id\":\"https:\\\/\\\/favorite-news.com\\\/mx\\\/corte-frena-fallo-sobre-acceso-de-fgr-a-cuentas-bancarias\\\/#primaryimage\"},\"thumbnailUrl\":\"https:\\\/\\\/favorite-news.com\\\/mx\\\/wp-content\\\/uploads\\\/sites\\\/8\\\/2019\\\/06\\\/Corte-frena-fallo-sobre-acceso-de-FGR-a-cuentas-bancarias.jpg\",\"datePublished\":\"2019-06-25T21:39:26+00:00\",\"dateModified\":\"2019-06-25T21:39:27+00:00\",\"author\":{\"@id\":\"https:\\\/\\\/favorite-news.com\\\/mx\\\/#\\\/schema\\\/person\\\/b91573b717dcfa5e4696032a9d28d3e8\"},\"breadcrumb\":{\"@id\":\"https:\\\/\\\/favorite-news.com\\\/mx\\\/corte-frena-fallo-sobre-acceso-de-fgr-a-cuentas-bancarias\\\/#breadcrumb\"},\"inLanguage\":\"es\",\"potentialAction\":[{\"@type\":\"ReadAction\",\"target\":[\"https:\\\/\\\/favorite-news.com\\\/mx\\\/corte-frena-fallo-sobre-acceso-de-fgr-a-cuentas-bancarias\\\/\"]}]},{\"@type\":\"ImageObject\",\"inLanguage\":\"es\",\"@id\":\"https:\\\/\\\/favorite-news.com\\\/mx\\\/corte-frena-fallo-sobre-acceso-de-fgr-a-cuentas-bancarias\\\/#primaryimage\",\"url\":\"https:\\\/\\\/favorite-news.com\\\/mx\\\/wp-content\\\/uploads\\\/sites\\\/8\\\/2019\\\/06\\\/Corte-frena-fallo-sobre-acceso-de-FGR-a-cuentas-bancarias.jpg\",\"contentUrl\":\"https:\\\/\\\/favorite-news.com\\\/mx\\\/wp-content\\\/uploads\\\/sites\\\/8\\\/2019\\\/06\\\/Corte-frena-fallo-sobre-acceso-de-FGR-a-cuentas-bancarias.jpg\",\"width\":1140,\"height\":712,\"caption\":\"Corte frena fallo sobre acceso de FGR a cuentas bancarias\"},{\"@type\":\"BreadcrumbList\",\"@id\":\"https:\\\/\\\/favorite-news.com\\\/mx\\\/corte-frena-fallo-sobre-acceso-de-fgr-a-cuentas-bancarias\\\/#breadcrumb\",\"itemListElement\":[{\"@type\":\"ListItem\",\"position\":1,\"name\":\"\u0413\u043b\u0430\u0432\u043d\u0430\u044f \u0441\u0442\u0440\u0430\u043d\u0438\u0446\u0430\",\"item\":\"https:\\\/\\\/favorite-news.com\\\/mx\\\/\"},{\"@type\":\"ListItem\",\"position\":2,\"name\":\"Corte frena fallo sobre acceso de FGR a cuentas bancarias\"}]},{\"@type\":\"WebSite\",\"@id\":\"https:\\\/\\\/favorite-news.com\\\/mx\\\/#website\",\"url\":\"https:\\\/\\\/favorite-news.com\\\/mx\\\/\",\"name\":\"Favorite News\",\"description\":\"Favorite News Mexico\",\"potentialAction\":[{\"@type\":\"SearchAction\",\"target\":{\"@type\":\"EntryPoint\",\"urlTemplate\":\"https:\\\/\\\/favorite-news.com\\\/mx\\\/?s={search_term_string}\"},\"query-input\":{\"@type\":\"PropertyValueSpecification\",\"valueRequired\":true,\"valueName\":\"search_term_string\"}}],\"inLanguage\":\"es\"},{\"@type\":\"Person\",\"@id\":\"https:\\\/\\\/favorite-news.com\\\/mx\\\/#\\\/schema\\\/person\\\/b91573b717dcfa5e4696032a9d28d3e8\",\"name\":\"favorite-news\",\"image\":{\"@type\":\"ImageObject\",\"inLanguage\":\"es\",\"@id\":\"https:\\\/\\\/secure.gravatar.com\\\/avatar\\\/6c5a5cb12b74e9d517ee91cf570335b7d16177f1977cc91db161adfa435945a7?s=96&d=mm&r=g\",\"url\":\"https:\\\/\\\/secure.gravatar.com\\\/avatar\\\/6c5a5cb12b74e9d517ee91cf570335b7d16177f1977cc91db161adfa435945a7?s=96&d=mm&r=g\",\"contentUrl\":\"https:\\\/\\\/secure.gravatar.com\\\/avatar\\\/6c5a5cb12b74e9d517ee91cf570335b7d16177f1977cc91db161adfa435945a7?s=96&d=mm&r=g\",\"caption\":\"favorite-news\"},\"url\":\"https:\\\/\\\/favorite-news.com\\\/mx\\\/author\\\/pt\\\/\"}]}<\/script>\n<!-- \/ Yoast SEO plugin. -->","yoast_head_json":{"title":"Corte frena fallo sobre acceso de FGR a cuentas bancarias - Favorite News","robots":{"index":"index","follow":"follow","max-snippet":"max-snippet:-1","max-image-preview":"max-image-preview:large","max-video-preview":"max-video-preview:-1"},"canonical":"https:\/\/favorite-news.com\/mx\/corte-frena-fallo-sobre-acceso-de-fgr-a-cuentas-bancarias\/","og_locale":"es_MX","og_type":"article","og_title":"Corte frena fallo sobre acceso de FGR a cuentas bancarias - Favorite News","og_description":"[ad_1] La Suprema Corte de Justicia de la Naci\u00f3n dej\u00f3 sin efecto la sentencia que emiti\u00f3 la semana pasada en la que resolvi\u00f3 que es inconstitucional que la Fiscal\u00eda General de la Rep\u00fablica , pida informaci\u00f3n bancaria durante investigaciones penales, sin orden judicial previa. Por siete votos contra cuatro, la Corte acept\u00f3 hoy desistimientos presentados [&hellip;]","og_url":"https:\/\/favorite-news.com\/mx\/corte-frena-fallo-sobre-acceso-de-fgr-a-cuentas-bancarias\/","og_site_name":"Favorite News","article_published_time":"2019-06-25T21:39:26+00:00","article_modified_time":"2019-06-25T21:39:27+00:00","og_image":[{"width":1140,"height":712,"url":"https:\/\/favorite-news.com\/mx\/wp-content\/uploads\/sites\/8\/2019\/06\/Corte-frena-fallo-sobre-acceso-de-FGR-a-cuentas-bancarias.jpg","type":"image\/jpeg"}],"author":"favorite-news","twitter_card":"summary_large_image","twitter_misc":{"Escrito por":"favorite-news","Tiempo de lectura":"1 minuto"},"schema":{"@context":"https:\/\/schema.org","@graph":[{"@type":"Article","@id":"https:\/\/favorite-news.com\/mx\/corte-frena-fallo-sobre-acceso-de-fgr-a-cuentas-bancarias\/#article","isPartOf":{"@id":"https:\/\/favorite-news.com\/mx\/corte-frena-fallo-sobre-acceso-de-fgr-a-cuentas-bancarias\/"},"author":{"name":"favorite-news","@id":"https:\/\/favorite-news.com\/mx\/#\/schema\/person\/b91573b717dcfa5e4696032a9d28d3e8"},"headline":"Corte frena fallo sobre acceso de FGR a cuentas bancarias","datePublished":"2019-06-25T21:39:26+00:00","dateModified":"2019-06-25T21:39:27+00:00","mainEntityOfPage":{"@id":"https:\/\/favorite-news.com\/mx\/corte-frena-fallo-sobre-acceso-de-fgr-a-cuentas-bancarias\/"},"wordCount":186,"commentCount":0,"image":{"@id":"https:\/\/favorite-news.com\/mx\/corte-frena-fallo-sobre-acceso-de-fgr-a-cuentas-bancarias\/#primaryimage"},"thumbnailUrl":"https:\/\/favorite-news.com\/mx\/wp-content\/uploads\/sites\/8\/2019\/06\/Corte-frena-fallo-sobre-acceso-de-FGR-a-cuentas-bancarias.jpg","articleSection":["NOTICIAS FINANCIERAS"],"inLanguage":"es","potentialAction":[{"@type":"CommentAction","name":"Comment","target":["https:\/\/favorite-news.com\/mx\/corte-frena-fallo-sobre-acceso-de-fgr-a-cuentas-bancarias\/#respond"]}]},{"@type":"WebPage","@id":"https:\/\/favorite-news.com\/mx\/corte-frena-fallo-sobre-acceso-de-fgr-a-cuentas-bancarias\/","url":"https:\/\/favorite-news.com\/mx\/corte-frena-fallo-sobre-acceso-de-fgr-a-cuentas-bancarias\/","name":"Corte frena fallo sobre acceso de FGR a cuentas bancarias - Favorite News","isPartOf":{"@id":"https:\/\/favorite-news.com\/mx\/#website"},"primaryImageOfPage":{"@id":"https:\/\/favorite-news.com\/mx\/corte-frena-fallo-sobre-acceso-de-fgr-a-cuentas-bancarias\/#primaryimage"},"image":{"@id":"https:\/\/favorite-news.com\/mx\/corte-frena-fallo-sobre-acceso-de-fgr-a-cuentas-bancarias\/#primaryimage"},"thumbnailUrl":"https:\/\/favorite-news.com\/mx\/wp-content\/uploads\/sites\/8\/2019\/06\/Corte-frena-fallo-sobre-acceso-de-FGR-a-cuentas-bancarias.jpg","datePublished":"2019-06-25T21:39:26+00:00","dateModified":"2019-06-25T21:39:27+00:00","author":{"@id":"https:\/\/favorite-news.com\/mx\/#\/schema\/person\/b91573b717dcfa5e4696032a9d28d3e8"},"breadcrumb":{"@id":"https:\/\/favorite-news.com\/mx\/corte-frena-fallo-sobre-acceso-de-fgr-a-cuentas-bancarias\/#breadcrumb"},"inLanguage":"es","potentialAction":[{"@type":"ReadAction","target":["https:\/\/favorite-news.com\/mx\/corte-frena-fallo-sobre-acceso-de-fgr-a-cuentas-bancarias\/"]}]},{"@type":"ImageObject","inLanguage":"es","@id":"https:\/\/favorite-news.com\/mx\/corte-frena-fallo-sobre-acceso-de-fgr-a-cuentas-bancarias\/#primaryimage","url":"https:\/\/favorite-news.com\/mx\/wp-content\/uploads\/sites\/8\/2019\/06\/Corte-frena-fallo-sobre-acceso-de-FGR-a-cuentas-bancarias.jpg","contentUrl":"https:\/\/favorite-news.com\/mx\/wp-content\/uploads\/sites\/8\/2019\/06\/Corte-frena-fallo-sobre-acceso-de-FGR-a-cuentas-bancarias.jpg","width":1140,"height":712,"caption":"Corte frena fallo sobre acceso de FGR a cuentas bancarias"},{"@type":"BreadcrumbList","@id":"https:\/\/favorite-news.com\/mx\/corte-frena-fallo-sobre-acceso-de-fgr-a-cuentas-bancarias\/#breadcrumb","itemListElement":[{"@type":"ListItem","position":1,"name":"\u0413\u043b\u0430\u0432\u043d\u0430\u044f \u0441\u0442\u0440\u0430\u043d\u0438\u0446\u0430","item":"https:\/\/favorite-news.com\/mx\/"},{"@type":"ListItem","position":2,"name":"Corte frena fallo sobre acceso de FGR a cuentas bancarias"}]},{"@type":"WebSite","@id":"https:\/\/favorite-news.com\/mx\/#website","url":"https:\/\/favorite-news.com\/mx\/","name":"Favorite News","description":"Favorite News Mexico","potentialAction":[{"@type":"SearchAction","target":{"@type":"EntryPoint","urlTemplate":"https:\/\/favorite-news.com\/mx\/?s={search_term_string}"},"query-input":{"@type":"PropertyValueSpecification","valueRequired":true,"valueName":"search_term_string"}}],"inLanguage":"es"},{"@type":"Person","@id":"https:\/\/favorite-news.com\/mx\/#\/schema\/person\/b91573b717dcfa5e4696032a9d28d3e8","name":"favorite-news","image":{"@type":"ImageObject","inLanguage":"es","@id":"https:\/\/secure.gravatar.com\/avatar\/6c5a5cb12b74e9d517ee91cf570335b7d16177f1977cc91db161adfa435945a7?s=96&d=mm&r=g","url":"https:\/\/secure.gravatar.com\/avatar\/6c5a5cb12b74e9d517ee91cf570335b7d16177f1977cc91db161adfa435945a7?s=96&d=mm&r=g","contentUrl":"https:\/\/secure.gravatar.com\/avatar\/6c5a5cb12b74e9d517ee91cf570335b7d16177f1977cc91db161adfa435945a7?s=96&d=mm&r=g","caption":"favorite-news"},"url":"https:\/\/favorite-news.com\/mx\/author\/pt\/"}]}},"_links":{"self":[{"href":"https:\/\/favorite-news.com\/mx\/wp-json\/wp\/v2\/posts\/1716","targetHints":{"allow":["GET"]}}],"collection":[{"href":"https:\/\/favorite-news.com\/mx\/wp-json\/wp\/v2\/posts"}],"about":[{"href":"https:\/\/favorite-news.com\/mx\/wp-json\/wp\/v2\/types\/post"}],"author":[{"embeddable":true,"href":"https:\/\/favorite-news.com\/mx\/wp-json\/wp\/v2\/users\/2"}],"replies":[{"embeddable":true,"href":"https:\/\/favorite-news.com\/mx\/wp-json\/wp\/v2\/comments?post=1716"}],"version-history":[{"count":1,"href":"https:\/\/favorite-news.com\/mx\/wp-json\/wp\/v2\/posts\/1716\/revisions"}],"predecessor-version":[{"id":1718,"href":"https:\/\/favorite-news.com\/mx\/wp-json\/wp\/v2\/posts\/1716\/revisions\/1718"}],"wp:featuredmedia":[{"embeddable":true,"href":"https:\/\/favorite-news.com\/mx\/wp-json\/wp\/v2\/media\/1717"}],"wp:attachment":[{"href":"https:\/\/favorite-news.com\/mx\/wp-json\/wp\/v2\/media?parent=1716"}],"wp:term":[{"taxonomy":"category","embeddable":true,"href":"https:\/\/favorite-news.com\/mx\/wp-json\/wp\/v2\/categories?post=1716"},{"taxonomy":"post_tag","embeddable":true,"href":"https:\/\/favorite-news.com\/mx\/wp-json\/wp\/v2\/tags?post=1716"}],"curies":[{"name":"wp","href":"https:\/\/api.w.org\/{rel}","templated":true}]}}