{"id":1703,"date":"2019-06-25T12:54:16","date_gmt":"2019-06-25T09:54:16","guid":{"rendered":"https:\/\/favorite-news.com\/mx\/mexico-esta-a-un-paso-de-la-recesion-advierte-barclays\/"},"modified":"2019-06-25T12:54:16","modified_gmt":"2019-06-25T09:54:16","slug":"mexico-esta-a-un-paso-de-la-recesion-advierte-barclays","status":"publish","type":"post","link":"https:\/\/favorite-news.com\/mx\/mexico-esta-a-un-paso-de-la-recesion-advierte-barclays\/","title":{"rendered":"M\u00e9xico est\u00e1 a un paso de la recesi\u00f3n, advierte Barclays"},"content":{"rendered":"<p> [ad_1]<br \/>\n<\/p>\n<div id=\"content-body-226-3810977\">\n<p>La econom\u00eda mexicana est\u00e1 a un paso de la recesi\u00f3n, consider\u00f3 Marco Oviedo, Marco Oviedo, economista en jefe de Barclays M\u00e9xico, al considerar que el sector servicios, que incluye al consumo y aporta dos terceras partes del PIB lleva tres meses con datos d\u00e9biles, uno en cero y dos en negativo, aunado a que la generaci\u00f3n de empleos se ha desacelerado. <\/p>\n<p>Despu\u00e9s de que la entidad financiera ajust\u00f3 a 0.5 por ciento su pron\u00f3stico de crecimiento para este a\u00f1o, se le pregunt\u00f3 si la econom\u00eda estar\u00eda en recesi\u00f3n si el dato del segundo trimestre es negativo.<\/p>\n<h4\/>\n<p>&#8220;T\u00e9cnicamente s\u00ed. Hay una discusi\u00f3n de c\u00f3mo se define una recesi\u00f3n, incluso el Inegi est\u00e1 trabajando en ello con varios economistas, entre ellos el subgobernador del Banxico Jonathan Heath, para evaluar en qu\u00e9 parte del ciclo est\u00e1 la econom\u00eda mexicana y definir correctamente si ya estamos en una recesi\u00f3n, pero yo dir\u00eda que dada la definici\u00f3n s\u00ed estamos. <\/p>\n<p>El Indicador Global de la Actividad Econ\u00f3mica (IGAE) -considerado una aproximaci\u00f3n al PIB- de abril revel\u00f3 que el consumo y los servicios se contrajeron 0.3 por ciento en su comparaci\u00f3n mensual. Oviedo record\u00f3 que en marzo el retroceso fue de de 0.2 por ciento y en febrero el crecimiento fue de cero. <\/p>\n<p>&#8220;El sector servicios lleva tres meses reportando de manera d\u00e9bil, una en cero y dos en negativo, y la generaci\u00f3n de empleos tambi\u00e9n se ha desacelerado. Si vemos en mayo otra vez que las exportaciones mexicanas se caen, el riesgo es alt\u00edsimo, ver\u00edamos una ca\u00edda otra vez en el segundo trimestre del a\u00f1o y eso ya es una recesi\u00f3n&#8221;, subray\u00f3.<\/p>\n<p>El economista record\u00f3 que la desaceleraci\u00f3n en las exportaciones indica que la demanda externa est\u00e1 d\u00e9bil por la desaceleraci\u00f3n econ\u00f3mica global, y en M\u00e9xico este fen\u00f3meno se observa desde el tercer trimestre de 2018 y ha sido m\u00e1s persistente en lo que va del a\u00f1o. <\/p>\n<p>Consider\u00f3 que hay factores que seguir\u00e1n afectando a la inversi\u00f3n como la situaci\u00f3n de Pemex, la cancelaci\u00f3n de los farmouts y el ambiente externo generado por el presidente Donald Trump. <\/p>\n<p>Para Oviedo ni siquiera el anunci\u00f3 de una inversi\u00f3n de 32 mil millones de d\u00f3lares por parte del Consejo Mexicano de Negocios tendr\u00eda un impacto positivo en el PIB, parece m\u00e1s un af\u00e1n pol\u00edtico, dice. <\/p>\n<p>&#8220;Vemos esfuerzos pol\u00edticos para que esto se revierta, pero despu\u00e9s de ese anuncio (de la IP y el gobierno) se inform\u00f3 que la farmouts de Pemex se iban a cancelar, lo que gener\u00f3 una sorpresa para empresarios. Como que todav\u00eda no est\u00e1n las condiciones para que el sector privado se sienta c\u00f3modo para invertir m\u00e1s&#8221;, apunt\u00f3.<\/p>\n<\/div>\n<p><script>(function(d, s, id) {\nvar js, fjs = d.getElementsByTagName(s)[0];\nif (d.getElementById(id)) return;\njs = d.createElement(s); js.id = id;\njs.src = 'https:\/\/connect.facebook.net\/es_LA\/sdk.js#xfbml=1&version=v3.2&appId=641196362757391&autoLogAppEvents=1';\nfjs.parentNode.insertBefore(js, fjs);\n}(document, 'script', 'facebook-jssdk'));\n<\/script><br \/>\n<br \/>[ad_2]<br \/>\n<br \/><a href=\"https:\/\/www.elsoldemexico.com.mx\/finanzas\/mexico-esta-a-un-paso-de-la-recesion-advierte-barclays-3810977.html\">Source link <\/a><\/p>\n","protected":false},"excerpt":{"rendered":"<p>[ad_1] La econom\u00eda mexicana est\u00e1 a un paso de la recesi\u00f3n, consider\u00f3 Marco Oviedo, Marco Oviedo, economista en jefe de Barclays M\u00e9xico, al considerar que el sector servicios, que incluye al consumo y aporta dos terceras partes del PIB lleva tres meses con datos d\u00e9biles, uno en cero y dos en negativo, aunado a que [&hellip;]<\/p>\n","protected":false},"author":2,"featured_media":0,"comment_status":"open","ping_status":"open","sticky":false,"template":"","format":"standard","meta":{"footnotes":""},"categories":[1],"tags":[],"class_list":["post-1703","post","type-post","status-publish","format-standard","hentry","category-noticias-financieras"],"yoast_head":"<!-- This site is optimized with the Yoast SEO plugin v27.4 - https:\/\/yoast.com\/product\/yoast-seo-wordpress\/ -->\n<title>M\u00e9xico est\u00e1 a un paso de la recesi\u00f3n, advierte Barclays - Favorite News<\/title>\n<meta name=\"robots\" content=\"index, follow, max-snippet:-1, max-image-preview:large, max-video-preview:-1\" \/>\n<link rel=\"canonical\" href=\"https:\/\/favorite-news.com\/mx\/mexico-esta-a-un-paso-de-la-recesion-advierte-barclays\/\" \/>\n<meta property=\"og:locale\" content=\"es_MX\" \/>\n<meta property=\"og:type\" content=\"article\" \/>\n<meta property=\"og:title\" content=\"M\u00e9xico est\u00e1 a un paso de la recesi\u00f3n, advierte Barclays - Favorite News\" \/>\n<meta property=\"og:description\" content=\"[ad_1] La econom\u00eda mexicana est\u00e1 a un paso de la recesi\u00f3n, consider\u00f3 Marco Oviedo, Marco Oviedo, economista en jefe de Barclays M\u00e9xico, al considerar que el sector servicios, que incluye al consumo y aporta dos terceras partes del PIB lleva tres meses con datos d\u00e9biles, uno en cero y dos en negativo, aunado a que [&hellip;]\" \/>\n<meta property=\"og:url\" content=\"https:\/\/favorite-news.com\/mx\/mexico-esta-a-un-paso-de-la-recesion-advierte-barclays\/\" \/>\n<meta property=\"og:site_name\" content=\"Favorite News\" \/>\n<meta property=\"article:published_time\" content=\"2019-06-25T09:54:16+00:00\" \/>\n<meta name=\"author\" content=\"favorite-news\" \/>\n<meta name=\"twitter:card\" content=\"summary_large_image\" \/>\n<meta name=\"twitter:label1\" content=\"Escrito por\" \/>\n\t<meta name=\"twitter:data1\" content=\"favorite-news\" \/>\n\t<meta name=\"twitter:label2\" content=\"Tiempo de lectura\" \/>\n\t<meta name=\"twitter:data2\" content=\"2 minutos\" \/>\n<script type=\"application\/ld+json\" class=\"yoast-schema-graph\">{\"@context\":\"https:\\\/\\\/schema.org\",\"@graph\":[{\"@type\":\"Article\",\"@id\":\"https:\\\/\\\/favorite-news.com\\\/mx\\\/mexico-esta-a-un-paso-de-la-recesion-advierte-barclays\\\/#article\",\"isPartOf\":{\"@id\":\"https:\\\/\\\/favorite-news.com\\\/mx\\\/mexico-esta-a-un-paso-de-la-recesion-advierte-barclays\\\/\"},\"author\":{\"name\":\"favorite-news\",\"@id\":\"https:\\\/\\\/favorite-news.com\\\/mx\\\/#\\\/schema\\\/person\\\/b91573b717dcfa5e4696032a9d28d3e8\"},\"headline\":\"M\u00e9xico est\u00e1 a un paso de la recesi\u00f3n, advierte Barclays\",\"datePublished\":\"2019-06-25T09:54:16+00:00\",\"mainEntityOfPage\":{\"@id\":\"https:\\\/\\\/favorite-news.com\\\/mx\\\/mexico-esta-a-un-paso-de-la-recesion-advierte-barclays\\\/\"},\"wordCount\":497,\"commentCount\":0,\"articleSection\":[\"NOTICIAS FINANCIERAS\"],\"inLanguage\":\"es\",\"potentialAction\":[{\"@type\":\"CommentAction\",\"name\":\"Comment\",\"target\":[\"https:\\\/\\\/favorite-news.com\\\/mx\\\/mexico-esta-a-un-paso-de-la-recesion-advierte-barclays\\\/#respond\"]}]},{\"@type\":\"WebPage\",\"@id\":\"https:\\\/\\\/favorite-news.com\\\/mx\\\/mexico-esta-a-un-paso-de-la-recesion-advierte-barclays\\\/\",\"url\":\"https:\\\/\\\/favorite-news.com\\\/mx\\\/mexico-esta-a-un-paso-de-la-recesion-advierte-barclays\\\/\",\"name\":\"M\u00e9xico est\u00e1 a un paso de la recesi\u00f3n, advierte Barclays - Favorite News\",\"isPartOf\":{\"@id\":\"https:\\\/\\\/favorite-news.com\\\/mx\\\/#website\"},\"datePublished\":\"2019-06-25T09:54:16+00:00\",\"author\":{\"@id\":\"https:\\\/\\\/favorite-news.com\\\/mx\\\/#\\\/schema\\\/person\\\/b91573b717dcfa5e4696032a9d28d3e8\"},\"breadcrumb\":{\"@id\":\"https:\\\/\\\/favorite-news.com\\\/mx\\\/mexico-esta-a-un-paso-de-la-recesion-advierte-barclays\\\/#breadcrumb\"},\"inLanguage\":\"es\",\"potentialAction\":[{\"@type\":\"ReadAction\",\"target\":[\"https:\\\/\\\/favorite-news.com\\\/mx\\\/mexico-esta-a-un-paso-de-la-recesion-advierte-barclays\\\/\"]}]},{\"@type\":\"BreadcrumbList\",\"@id\":\"https:\\\/\\\/favorite-news.com\\\/mx\\\/mexico-esta-a-un-paso-de-la-recesion-advierte-barclays\\\/#breadcrumb\",\"itemListElement\":[{\"@type\":\"ListItem\",\"position\":1,\"name\":\"\u0413\u043b\u0430\u0432\u043d\u0430\u044f \u0441\u0442\u0440\u0430\u043d\u0438\u0446\u0430\",\"item\":\"https:\\\/\\\/favorite-news.com\\\/mx\\\/\"},{\"@type\":\"ListItem\",\"position\":2,\"name\":\"M\u00e9xico est\u00e1 a un paso de la recesi\u00f3n, advierte Barclays\"}]},{\"@type\":\"WebSite\",\"@id\":\"https:\\\/\\\/favorite-news.com\\\/mx\\\/#website\",\"url\":\"https:\\\/\\\/favorite-news.com\\\/mx\\\/\",\"name\":\"Favorite News\",\"description\":\"Favorite News Mexico\",\"potentialAction\":[{\"@type\":\"SearchAction\",\"target\":{\"@type\":\"EntryPoint\",\"urlTemplate\":\"https:\\\/\\\/favorite-news.com\\\/mx\\\/?s={search_term_string}\"},\"query-input\":{\"@type\":\"PropertyValueSpecification\",\"valueRequired\":true,\"valueName\":\"search_term_string\"}}],\"inLanguage\":\"es\"},{\"@type\":\"Person\",\"@id\":\"https:\\\/\\\/favorite-news.com\\\/mx\\\/#\\\/schema\\\/person\\\/b91573b717dcfa5e4696032a9d28d3e8\",\"name\":\"favorite-news\",\"image\":{\"@type\":\"ImageObject\",\"inLanguage\":\"es\",\"@id\":\"https:\\\/\\\/secure.gravatar.com\\\/avatar\\\/6c5a5cb12b74e9d517ee91cf570335b7d16177f1977cc91db161adfa435945a7?s=96&d=mm&r=g\",\"url\":\"https:\\\/\\\/secure.gravatar.com\\\/avatar\\\/6c5a5cb12b74e9d517ee91cf570335b7d16177f1977cc91db161adfa435945a7?s=96&d=mm&r=g\",\"contentUrl\":\"https:\\\/\\\/secure.gravatar.com\\\/avatar\\\/6c5a5cb12b74e9d517ee91cf570335b7d16177f1977cc91db161adfa435945a7?s=96&d=mm&r=g\",\"caption\":\"favorite-news\"},\"url\":\"https:\\\/\\\/favorite-news.com\\\/mx\\\/author\\\/pt\\\/\"}]}<\/script>\n<!-- \/ Yoast SEO plugin. -->","yoast_head_json":{"title":"M\u00e9xico est\u00e1 a un paso de la recesi\u00f3n, advierte Barclays - Favorite News","robots":{"index":"index","follow":"follow","max-snippet":"max-snippet:-1","max-image-preview":"max-image-preview:large","max-video-preview":"max-video-preview:-1"},"canonical":"https:\/\/favorite-news.com\/mx\/mexico-esta-a-un-paso-de-la-recesion-advierte-barclays\/","og_locale":"es_MX","og_type":"article","og_title":"M\u00e9xico est\u00e1 a un paso de la recesi\u00f3n, advierte Barclays - Favorite News","og_description":"[ad_1] La econom\u00eda mexicana est\u00e1 a un paso de la recesi\u00f3n, consider\u00f3 Marco Oviedo, Marco Oviedo, economista en jefe de Barclays M\u00e9xico, al considerar que el sector servicios, que incluye al consumo y aporta dos terceras partes del PIB lleva tres meses con datos d\u00e9biles, uno en cero y dos en negativo, aunado a que [&hellip;]","og_url":"https:\/\/favorite-news.com\/mx\/mexico-esta-a-un-paso-de-la-recesion-advierte-barclays\/","og_site_name":"Favorite News","article_published_time":"2019-06-25T09:54:16+00:00","author":"favorite-news","twitter_card":"summary_large_image","twitter_misc":{"Escrito por":"favorite-news","Tiempo de lectura":"2 minutos"},"schema":{"@context":"https:\/\/schema.org","@graph":[{"@type":"Article","@id":"https:\/\/favorite-news.com\/mx\/mexico-esta-a-un-paso-de-la-recesion-advierte-barclays\/#article","isPartOf":{"@id":"https:\/\/favorite-news.com\/mx\/mexico-esta-a-un-paso-de-la-recesion-advierte-barclays\/"},"author":{"name":"favorite-news","@id":"https:\/\/favorite-news.com\/mx\/#\/schema\/person\/b91573b717dcfa5e4696032a9d28d3e8"},"headline":"M\u00e9xico est\u00e1 a un paso de la recesi\u00f3n, advierte Barclays","datePublished":"2019-06-25T09:54:16+00:00","mainEntityOfPage":{"@id":"https:\/\/favorite-news.com\/mx\/mexico-esta-a-un-paso-de-la-recesion-advierte-barclays\/"},"wordCount":497,"commentCount":0,"articleSection":["NOTICIAS FINANCIERAS"],"inLanguage":"es","potentialAction":[{"@type":"CommentAction","name":"Comment","target":["https:\/\/favorite-news.com\/mx\/mexico-esta-a-un-paso-de-la-recesion-advierte-barclays\/#respond"]}]},{"@type":"WebPage","@id":"https:\/\/favorite-news.com\/mx\/mexico-esta-a-un-paso-de-la-recesion-advierte-barclays\/","url":"https:\/\/favorite-news.com\/mx\/mexico-esta-a-un-paso-de-la-recesion-advierte-barclays\/","name":"M\u00e9xico est\u00e1 a un paso de la recesi\u00f3n, advierte Barclays - Favorite News","isPartOf":{"@id":"https:\/\/favorite-news.com\/mx\/#website"},"datePublished":"2019-06-25T09:54:16+00:00","author":{"@id":"https:\/\/favorite-news.com\/mx\/#\/schema\/person\/b91573b717dcfa5e4696032a9d28d3e8"},"breadcrumb":{"@id":"https:\/\/favorite-news.com\/mx\/mexico-esta-a-un-paso-de-la-recesion-advierte-barclays\/#breadcrumb"},"inLanguage":"es","potentialAction":[{"@type":"ReadAction","target":["https:\/\/favorite-news.com\/mx\/mexico-esta-a-un-paso-de-la-recesion-advierte-barclays\/"]}]},{"@type":"BreadcrumbList","@id":"https:\/\/favorite-news.com\/mx\/mexico-esta-a-un-paso-de-la-recesion-advierte-barclays\/#breadcrumb","itemListElement":[{"@type":"ListItem","position":1,"name":"\u0413\u043b\u0430\u0432\u043d\u0430\u044f \u0441\u0442\u0440\u0430\u043d\u0438\u0446\u0430","item":"https:\/\/favorite-news.com\/mx\/"},{"@type":"ListItem","position":2,"name":"M\u00e9xico est\u00e1 a un paso de la recesi\u00f3n, advierte Barclays"}]},{"@type":"WebSite","@id":"https:\/\/favorite-news.com\/mx\/#website","url":"https:\/\/favorite-news.com\/mx\/","name":"Favorite News","description":"Favorite News Mexico","potentialAction":[{"@type":"SearchAction","target":{"@type":"EntryPoint","urlTemplate":"https:\/\/favorite-news.com\/mx\/?s={search_term_string}"},"query-input":{"@type":"PropertyValueSpecification","valueRequired":true,"valueName":"search_term_string"}}],"inLanguage":"es"},{"@type":"Person","@id":"https:\/\/favorite-news.com\/mx\/#\/schema\/person\/b91573b717dcfa5e4696032a9d28d3e8","name":"favorite-news","image":{"@type":"ImageObject","inLanguage":"es","@id":"https:\/\/secure.gravatar.com\/avatar\/6c5a5cb12b74e9d517ee91cf570335b7d16177f1977cc91db161adfa435945a7?s=96&d=mm&r=g","url":"https:\/\/secure.gravatar.com\/avatar\/6c5a5cb12b74e9d517ee91cf570335b7d16177f1977cc91db161adfa435945a7?s=96&d=mm&r=g","contentUrl":"https:\/\/secure.gravatar.com\/avatar\/6c5a5cb12b74e9d517ee91cf570335b7d16177f1977cc91db161adfa435945a7?s=96&d=mm&r=g","caption":"favorite-news"},"url":"https:\/\/favorite-news.com\/mx\/author\/pt\/"}]}},"_links":{"self":[{"href":"https:\/\/favorite-news.com\/mx\/wp-json\/wp\/v2\/posts\/1703","targetHints":{"allow":["GET"]}}],"collection":[{"href":"https:\/\/favorite-news.com\/mx\/wp-json\/wp\/v2\/posts"}],"about":[{"href":"https:\/\/favorite-news.com\/mx\/wp-json\/wp\/v2\/types\/post"}],"author":[{"embeddable":true,"href":"https:\/\/favorite-news.com\/mx\/wp-json\/wp\/v2\/users\/2"}],"replies":[{"embeddable":true,"href":"https:\/\/favorite-news.com\/mx\/wp-json\/wp\/v2\/comments?post=1703"}],"version-history":[{"count":0,"href":"https:\/\/favorite-news.com\/mx\/wp-json\/wp\/v2\/posts\/1703\/revisions"}],"wp:attachment":[{"href":"https:\/\/favorite-news.com\/mx\/wp-json\/wp\/v2\/media?parent=1703"}],"wp:term":[{"taxonomy":"category","embeddable":true,"href":"https:\/\/favorite-news.com\/mx\/wp-json\/wp\/v2\/categories?post=1703"},{"taxonomy":"post_tag","embeddable":true,"href":"https:\/\/favorite-news.com\/mx\/wp-json\/wp\/v2\/tags?post=1703"}],"curies":[{"name":"wp","href":"https:\/\/api.w.org\/{rel}","templated":true}]}}