{"id":1698,"date":"2019-06-25T09:58:51","date_gmt":"2019-06-25T06:58:51","guid":{"rendered":"https:\/\/favorite-news.com\/mx\/niega-juez-otra-suspension-definitiva-en-contra-de-santa-lucia\/"},"modified":"2019-06-25T09:58:51","modified_gmt":"2019-06-25T06:58:51","slug":"niega-juez-otra-suspension-definitiva-en-contra-de-santa-lucia","status":"publish","type":"post","link":"https:\/\/favorite-news.com\/mx\/niega-juez-otra-suspension-definitiva-en-contra-de-santa-lucia\/","title":{"rendered":"Niega juez otra suspensi\u00f3n definitiva en contra de Santa Luc\u00eda"},"content":{"rendered":"<p> [ad_1]<br \/>\n<\/p>\n<div id=\"content-body-226-3806737\">\n<p>El juez Cuarto de Distrito en el Estado de M\u00e9xico neg\u00f3 otra suspensi\u00f3n definitiva en contra de la construcci\u00f3n del aeropuerto de Santa Luc\u00eda, lo que significa que podr\u00e1 retomar los trabajos toda vez que a\u00fan haya amparo en tr\u00e1mite.<\/p>\n<p>La decisi\u00f3n del juez estuvo basada en la inspecci\u00f3n judicial que un notario llev\u00f3 a cabo la semana pasada para verificar el Estado en que se encuentra el terreno en donde se constat\u00f3 que el gobierno no ha iniciado obra alguna a la espera de resoluciones judiciales.<\/p>\n<p>Por segunda ocasi\u00f3n, el juez Cuarto de Distrito neg\u00f3 al colectivo <b>#NoMasDerroches<\/b> la suspensi\u00f3n definitiva en contra del aeropuerto en Santa Luc\u00eda y la determinaci\u00f3n de suspender el aeropuerto de Texcoco, aunque el colectivo afirma que ha tramitado 147 amparos contra dicha medida.<\/p>\n<p>De la misma manera, este lunes se inform\u00f3 que el juez cuarto de Distrito y el Octavo, ambos del Estado de M\u00e9xico concedieron suspensi\u00f3n definitiva en otros expedientes que tramit\u00f3 el colectivo lo que permite que las obras en Santa Luc\u00eda y lo que ya se hab\u00eda avanzado en Texcoco permanezcan suspendidas.<\/p>\n<h4\/>\n<p>Apenas el pasado viernes, el juez Sa\u00fal Mart\u00ednez Lira, titular del Juzgado Cuarto de Distrito, le neg\u00f3 la suspensi\u00f3n definitiva contra la construcci\u00f3n del aeropuerto de Santa Luc\u00eda al empresario Juan Ram\u00f3n Morera Mitre, due\u00f1o de la compa\u00f1\u00eda Novalan.<\/p>\n<p>Las obras de Santa Luc\u00eda no se pueden realizar debido a que a\u00fan hay otras seis suspensiones, dos de ellas definitivas, en las que se ordena frenar las obras hasta que el gobierno federal obtenga todos los permisos en materia ambiental y de seguridad, adem\u00e1s de que debe garantizar la protecci\u00f3n arqueol\u00f3gica de los vestigios existentes, y tambi\u00e9n de resguardo de los bienes hist\u00f3ricos.<\/p>\n<\/div>\n<p><script>(function(d, s, id) {\nvar js, fjs = d.getElementsByTagName(s)[0];\nif (d.getElementById(id)) return;\njs = d.createElement(s); js.id = id;\njs.src = 'https:\/\/connect.facebook.net\/es_LA\/sdk.js#xfbml=1&version=v3.2&appId=641196362757391&autoLogAppEvents=1';\nfjs.parentNode.insertBefore(js, fjs);\n}(document, 'script', 'facebook-jssdk'));\n<\/script><br \/>\n<br \/>[ad_2]<br \/>\n<br \/><a href=\"https:\/\/www.elsoldemexico.com.mx\/finanzas\/nuevamente-niegan-suspension-definitiva-en-contra-de-construccion-aeropuerto-santa-lucia-3806737.html\">Source link <\/a><\/p>\n","protected":false},"excerpt":{"rendered":"<p>[ad_1] El juez Cuarto de Distrito en el Estado de M\u00e9xico neg\u00f3 otra suspensi\u00f3n definitiva en contra de la construcci\u00f3n del aeropuerto de Santa Luc\u00eda, lo que significa que podr\u00e1 retomar los trabajos toda vez que a\u00fan haya amparo en tr\u00e1mite. La decisi\u00f3n del juez estuvo basada en la inspecci\u00f3n judicial que un notario llev\u00f3 [&hellip;]<\/p>\n","protected":false},"author":2,"featured_media":136,"comment_status":"open","ping_status":"open","sticky":false,"template":"","format":"standard","meta":{"footnotes":""},"categories":[1],"tags":[],"class_list":["post-1698","post","type-post","status-publish","format-standard","has-post-thumbnail","hentry","category-noticias-financieras"],"yoast_head":"<!-- This site is optimized with the Yoast SEO plugin v27.4 - https:\/\/yoast.com\/product\/yoast-seo-wordpress\/ -->\n<title>Niega juez otra suspensi\u00f3n definitiva en contra de Santa Luc\u00eda - Favorite News<\/title>\n<meta name=\"robots\" content=\"index, follow, max-snippet:-1, max-image-preview:large, max-video-preview:-1\" \/>\n<link rel=\"canonical\" href=\"https:\/\/favorite-news.com\/mx\/niega-juez-otra-suspension-definitiva-en-contra-de-santa-lucia\/\" \/>\n<meta property=\"og:locale\" content=\"es_MX\" \/>\n<meta property=\"og:type\" content=\"article\" \/>\n<meta property=\"og:title\" content=\"Niega juez otra suspensi\u00f3n definitiva en contra de Santa Luc\u00eda - Favorite News\" \/>\n<meta property=\"og:description\" content=\"[ad_1] El juez Cuarto de Distrito en el Estado de M\u00e9xico neg\u00f3 otra suspensi\u00f3n definitiva en contra de la construcci\u00f3n del aeropuerto de Santa Luc\u00eda, lo que significa que podr\u00e1 retomar los trabajos toda vez que a\u00fan haya amparo en tr\u00e1mite. La decisi\u00f3n del juez estuvo basada en la inspecci\u00f3n judicial que un notario llev\u00f3 [&hellip;]\" \/>\n<meta property=\"og:url\" content=\"https:\/\/favorite-news.com\/mx\/niega-juez-otra-suspension-definitiva-en-contra-de-santa-lucia\/\" \/>\n<meta property=\"og:site_name\" content=\"Favorite News\" \/>\n<meta property=\"article:published_time\" content=\"2019-06-25T06:58:51+00:00\" \/>\n<meta property=\"og:image\" content=\"https:\/\/favorite-news.com\/mx\/wp-content\/uploads\/sites\/8\/2019\/04\/Aeropuerto-de-Santa-Luc\u00eda-ser\u00e1-m\u00e1s-caro-que-el-de.jpg\" \/>\n\t<meta property=\"og:image:width\" content=\"1140\" \/>\n\t<meta property=\"og:image:height\" content=\"712\" \/>\n\t<meta property=\"og:image:type\" content=\"image\/jpeg\" \/>\n<meta name=\"author\" content=\"favorite-news\" \/>\n<meta name=\"twitter:card\" content=\"summary_large_image\" \/>\n<meta name=\"twitter:label1\" content=\"Escrito por\" \/>\n\t<meta name=\"twitter:data1\" content=\"favorite-news\" \/>\n\t<meta name=\"twitter:label2\" content=\"Tiempo de lectura\" \/>\n\t<meta name=\"twitter:data2\" content=\"2 minutos\" \/>\n<script type=\"application\/ld+json\" class=\"yoast-schema-graph\">{\"@context\":\"https:\\\/\\\/schema.org\",\"@graph\":[{\"@type\":\"Article\",\"@id\":\"https:\\\/\\\/favorite-news.com\\\/mx\\\/niega-juez-otra-suspension-definitiva-en-contra-de-santa-lucia\\\/#article\",\"isPartOf\":{\"@id\":\"https:\\\/\\\/favorite-news.com\\\/mx\\\/niega-juez-otra-suspension-definitiva-en-contra-de-santa-lucia\\\/\"},\"author\":{\"name\":\"favorite-news\",\"@id\":\"https:\\\/\\\/favorite-news.com\\\/mx\\\/#\\\/schema\\\/person\\\/b91573b717dcfa5e4696032a9d28d3e8\"},\"headline\":\"Niega juez otra suspensi\u00f3n definitiva en contra de Santa Luc\u00eda\",\"datePublished\":\"2019-06-25T06:58:51+00:00\",\"mainEntityOfPage\":{\"@id\":\"https:\\\/\\\/favorite-news.com\\\/mx\\\/niega-juez-otra-suspension-definitiva-en-contra-de-santa-lucia\\\/\"},\"wordCount\":331,\"commentCount\":0,\"image\":{\"@id\":\"https:\\\/\\\/favorite-news.com\\\/mx\\\/niega-juez-otra-suspension-definitiva-en-contra-de-santa-lucia\\\/#primaryimage\"},\"thumbnailUrl\":\"https:\\\/\\\/favorite-news.com\\\/mx\\\/wp-content\\\/uploads\\\/sites\\\/8\\\/2019\\\/04\\\/Aeropuerto-de-Santa-Luc\u00eda-ser\u00e1-m\u00e1s-caro-que-el-de.jpg\",\"articleSection\":[\"NOTICIAS FINANCIERAS\"],\"inLanguage\":\"es\",\"potentialAction\":[{\"@type\":\"CommentAction\",\"name\":\"Comment\",\"target\":[\"https:\\\/\\\/favorite-news.com\\\/mx\\\/niega-juez-otra-suspension-definitiva-en-contra-de-santa-lucia\\\/#respond\"]}]},{\"@type\":\"WebPage\",\"@id\":\"https:\\\/\\\/favorite-news.com\\\/mx\\\/niega-juez-otra-suspension-definitiva-en-contra-de-santa-lucia\\\/\",\"url\":\"https:\\\/\\\/favorite-news.com\\\/mx\\\/niega-juez-otra-suspension-definitiva-en-contra-de-santa-lucia\\\/\",\"name\":\"Niega juez otra suspensi\u00f3n definitiva en contra de Santa Luc\u00eda - Favorite News\",\"isPartOf\":{\"@id\":\"https:\\\/\\\/favorite-news.com\\\/mx\\\/#website\"},\"primaryImageOfPage\":{\"@id\":\"https:\\\/\\\/favorite-news.com\\\/mx\\\/niega-juez-otra-suspension-definitiva-en-contra-de-santa-lucia\\\/#primaryimage\"},\"image\":{\"@id\":\"https:\\\/\\\/favorite-news.com\\\/mx\\\/niega-juez-otra-suspension-definitiva-en-contra-de-santa-lucia\\\/#primaryimage\"},\"thumbnailUrl\":\"https:\\\/\\\/favorite-news.com\\\/mx\\\/wp-content\\\/uploads\\\/sites\\\/8\\\/2019\\\/04\\\/Aeropuerto-de-Santa-Luc\u00eda-ser\u00e1-m\u00e1s-caro-que-el-de.jpg\",\"datePublished\":\"2019-06-25T06:58:51+00:00\",\"author\":{\"@id\":\"https:\\\/\\\/favorite-news.com\\\/mx\\\/#\\\/schema\\\/person\\\/b91573b717dcfa5e4696032a9d28d3e8\"},\"breadcrumb\":{\"@id\":\"https:\\\/\\\/favorite-news.com\\\/mx\\\/niega-juez-otra-suspension-definitiva-en-contra-de-santa-lucia\\\/#breadcrumb\"},\"inLanguage\":\"es\",\"potentialAction\":[{\"@type\":\"ReadAction\",\"target\":[\"https:\\\/\\\/favorite-news.com\\\/mx\\\/niega-juez-otra-suspension-definitiva-en-contra-de-santa-lucia\\\/\"]}]},{\"@type\":\"ImageObject\",\"inLanguage\":\"es\",\"@id\":\"https:\\\/\\\/favorite-news.com\\\/mx\\\/niega-juez-otra-suspension-definitiva-en-contra-de-santa-lucia\\\/#primaryimage\",\"url\":\"https:\\\/\\\/favorite-news.com\\\/mx\\\/wp-content\\\/uploads\\\/sites\\\/8\\\/2019\\\/04\\\/Aeropuerto-de-Santa-Luc\u00eda-ser\u00e1-m\u00e1s-caro-que-el-de.jpg\",\"contentUrl\":\"https:\\\/\\\/favorite-news.com\\\/mx\\\/wp-content\\\/uploads\\\/sites\\\/8\\\/2019\\\/04\\\/Aeropuerto-de-Santa-Luc\u00eda-ser\u00e1-m\u00e1s-caro-que-el-de.jpg\",\"width\":1140,\"height\":712,\"caption\":\"Aeropuerto de Santa Luc\u00eda ser\u00e1 m\u00e1s caro que el de Texcoco\"},{\"@type\":\"BreadcrumbList\",\"@id\":\"https:\\\/\\\/favorite-news.com\\\/mx\\\/niega-juez-otra-suspension-definitiva-en-contra-de-santa-lucia\\\/#breadcrumb\",\"itemListElement\":[{\"@type\":\"ListItem\",\"position\":1,\"name\":\"\u0413\u043b\u0430\u0432\u043d\u0430\u044f \u0441\u0442\u0440\u0430\u043d\u0438\u0446\u0430\",\"item\":\"https:\\\/\\\/favorite-news.com\\\/mx\\\/\"},{\"@type\":\"ListItem\",\"position\":2,\"name\":\"Niega juez otra suspensi\u00f3n definitiva en contra de Santa Luc\u00eda\"}]},{\"@type\":\"WebSite\",\"@id\":\"https:\\\/\\\/favorite-news.com\\\/mx\\\/#website\",\"url\":\"https:\\\/\\\/favorite-news.com\\\/mx\\\/\",\"name\":\"Favorite News\",\"description\":\"Favorite News Mexico\",\"potentialAction\":[{\"@type\":\"SearchAction\",\"target\":{\"@type\":\"EntryPoint\",\"urlTemplate\":\"https:\\\/\\\/favorite-news.com\\\/mx\\\/?s={search_term_string}\"},\"query-input\":{\"@type\":\"PropertyValueSpecification\",\"valueRequired\":true,\"valueName\":\"search_term_string\"}}],\"inLanguage\":\"es\"},{\"@type\":\"Person\",\"@id\":\"https:\\\/\\\/favorite-news.com\\\/mx\\\/#\\\/schema\\\/person\\\/b91573b717dcfa5e4696032a9d28d3e8\",\"name\":\"favorite-news\",\"image\":{\"@type\":\"ImageObject\",\"inLanguage\":\"es\",\"@id\":\"https:\\\/\\\/secure.gravatar.com\\\/avatar\\\/6c5a5cb12b74e9d517ee91cf570335b7d16177f1977cc91db161adfa435945a7?s=96&d=mm&r=g\",\"url\":\"https:\\\/\\\/secure.gravatar.com\\\/avatar\\\/6c5a5cb12b74e9d517ee91cf570335b7d16177f1977cc91db161adfa435945a7?s=96&d=mm&r=g\",\"contentUrl\":\"https:\\\/\\\/secure.gravatar.com\\\/avatar\\\/6c5a5cb12b74e9d517ee91cf570335b7d16177f1977cc91db161adfa435945a7?s=96&d=mm&r=g\",\"caption\":\"favorite-news\"},\"url\":\"https:\\\/\\\/favorite-news.com\\\/mx\\\/author\\\/pt\\\/\"}]}<\/script>\n<!-- \/ Yoast SEO plugin. -->","yoast_head_json":{"title":"Niega juez otra suspensi\u00f3n definitiva en contra de Santa Luc\u00eda - Favorite News","robots":{"index":"index","follow":"follow","max-snippet":"max-snippet:-1","max-image-preview":"max-image-preview:large","max-video-preview":"max-video-preview:-1"},"canonical":"https:\/\/favorite-news.com\/mx\/niega-juez-otra-suspension-definitiva-en-contra-de-santa-lucia\/","og_locale":"es_MX","og_type":"article","og_title":"Niega juez otra suspensi\u00f3n definitiva en contra de Santa Luc\u00eda - Favorite News","og_description":"[ad_1] El juez Cuarto de Distrito en el Estado de M\u00e9xico neg\u00f3 otra suspensi\u00f3n definitiva en contra de la construcci\u00f3n del aeropuerto de Santa Luc\u00eda, lo que significa que podr\u00e1 retomar los trabajos toda vez que a\u00fan haya amparo en tr\u00e1mite. La decisi\u00f3n del juez estuvo basada en la inspecci\u00f3n judicial que un notario llev\u00f3 [&hellip;]","og_url":"https:\/\/favorite-news.com\/mx\/niega-juez-otra-suspension-definitiva-en-contra-de-santa-lucia\/","og_site_name":"Favorite News","article_published_time":"2019-06-25T06:58:51+00:00","og_image":[{"width":1140,"height":712,"url":"https:\/\/favorite-news.com\/mx\/wp-content\/uploads\/sites\/8\/2019\/04\/Aeropuerto-de-Santa-Luc\u00eda-ser\u00e1-m\u00e1s-caro-que-el-de.jpg","type":"image\/jpeg"}],"author":"favorite-news","twitter_card":"summary_large_image","twitter_misc":{"Escrito por":"favorite-news","Tiempo de lectura":"2 minutos"},"schema":{"@context":"https:\/\/schema.org","@graph":[{"@type":"Article","@id":"https:\/\/favorite-news.com\/mx\/niega-juez-otra-suspension-definitiva-en-contra-de-santa-lucia\/#article","isPartOf":{"@id":"https:\/\/favorite-news.com\/mx\/niega-juez-otra-suspension-definitiva-en-contra-de-santa-lucia\/"},"author":{"name":"favorite-news","@id":"https:\/\/favorite-news.com\/mx\/#\/schema\/person\/b91573b717dcfa5e4696032a9d28d3e8"},"headline":"Niega juez otra suspensi\u00f3n definitiva en contra de Santa Luc\u00eda","datePublished":"2019-06-25T06:58:51+00:00","mainEntityOfPage":{"@id":"https:\/\/favorite-news.com\/mx\/niega-juez-otra-suspension-definitiva-en-contra-de-santa-lucia\/"},"wordCount":331,"commentCount":0,"image":{"@id":"https:\/\/favorite-news.com\/mx\/niega-juez-otra-suspension-definitiva-en-contra-de-santa-lucia\/#primaryimage"},"thumbnailUrl":"https:\/\/favorite-news.com\/mx\/wp-content\/uploads\/sites\/8\/2019\/04\/Aeropuerto-de-Santa-Luc\u00eda-ser\u00e1-m\u00e1s-caro-que-el-de.jpg","articleSection":["NOTICIAS FINANCIERAS"],"inLanguage":"es","potentialAction":[{"@type":"CommentAction","name":"Comment","target":["https:\/\/favorite-news.com\/mx\/niega-juez-otra-suspension-definitiva-en-contra-de-santa-lucia\/#respond"]}]},{"@type":"WebPage","@id":"https:\/\/favorite-news.com\/mx\/niega-juez-otra-suspension-definitiva-en-contra-de-santa-lucia\/","url":"https:\/\/favorite-news.com\/mx\/niega-juez-otra-suspension-definitiva-en-contra-de-santa-lucia\/","name":"Niega juez otra suspensi\u00f3n definitiva en contra de Santa Luc\u00eda - Favorite News","isPartOf":{"@id":"https:\/\/favorite-news.com\/mx\/#website"},"primaryImageOfPage":{"@id":"https:\/\/favorite-news.com\/mx\/niega-juez-otra-suspension-definitiva-en-contra-de-santa-lucia\/#primaryimage"},"image":{"@id":"https:\/\/favorite-news.com\/mx\/niega-juez-otra-suspension-definitiva-en-contra-de-santa-lucia\/#primaryimage"},"thumbnailUrl":"https:\/\/favorite-news.com\/mx\/wp-content\/uploads\/sites\/8\/2019\/04\/Aeropuerto-de-Santa-Luc\u00eda-ser\u00e1-m\u00e1s-caro-que-el-de.jpg","datePublished":"2019-06-25T06:58:51+00:00","author":{"@id":"https:\/\/favorite-news.com\/mx\/#\/schema\/person\/b91573b717dcfa5e4696032a9d28d3e8"},"breadcrumb":{"@id":"https:\/\/favorite-news.com\/mx\/niega-juez-otra-suspension-definitiva-en-contra-de-santa-lucia\/#breadcrumb"},"inLanguage":"es","potentialAction":[{"@type":"ReadAction","target":["https:\/\/favorite-news.com\/mx\/niega-juez-otra-suspension-definitiva-en-contra-de-santa-lucia\/"]}]},{"@type":"ImageObject","inLanguage":"es","@id":"https:\/\/favorite-news.com\/mx\/niega-juez-otra-suspension-definitiva-en-contra-de-santa-lucia\/#primaryimage","url":"https:\/\/favorite-news.com\/mx\/wp-content\/uploads\/sites\/8\/2019\/04\/Aeropuerto-de-Santa-Luc\u00eda-ser\u00e1-m\u00e1s-caro-que-el-de.jpg","contentUrl":"https:\/\/favorite-news.com\/mx\/wp-content\/uploads\/sites\/8\/2019\/04\/Aeropuerto-de-Santa-Luc\u00eda-ser\u00e1-m\u00e1s-caro-que-el-de.jpg","width":1140,"height":712,"caption":"Aeropuerto de Santa Luc\u00eda ser\u00e1 m\u00e1s caro que el de Texcoco"},{"@type":"BreadcrumbList","@id":"https:\/\/favorite-news.com\/mx\/niega-juez-otra-suspension-definitiva-en-contra-de-santa-lucia\/#breadcrumb","itemListElement":[{"@type":"ListItem","position":1,"name":"\u0413\u043b\u0430\u0432\u043d\u0430\u044f \u0441\u0442\u0440\u0430\u043d\u0438\u0446\u0430","item":"https:\/\/favorite-news.com\/mx\/"},{"@type":"ListItem","position":2,"name":"Niega juez otra suspensi\u00f3n definitiva en contra de Santa Luc\u00eda"}]},{"@type":"WebSite","@id":"https:\/\/favorite-news.com\/mx\/#website","url":"https:\/\/favorite-news.com\/mx\/","name":"Favorite News","description":"Favorite News Mexico","potentialAction":[{"@type":"SearchAction","target":{"@type":"EntryPoint","urlTemplate":"https:\/\/favorite-news.com\/mx\/?s={search_term_string}"},"query-input":{"@type":"PropertyValueSpecification","valueRequired":true,"valueName":"search_term_string"}}],"inLanguage":"es"},{"@type":"Person","@id":"https:\/\/favorite-news.com\/mx\/#\/schema\/person\/b91573b717dcfa5e4696032a9d28d3e8","name":"favorite-news","image":{"@type":"ImageObject","inLanguage":"es","@id":"https:\/\/secure.gravatar.com\/avatar\/6c5a5cb12b74e9d517ee91cf570335b7d16177f1977cc91db161adfa435945a7?s=96&d=mm&r=g","url":"https:\/\/secure.gravatar.com\/avatar\/6c5a5cb12b74e9d517ee91cf570335b7d16177f1977cc91db161adfa435945a7?s=96&d=mm&r=g","contentUrl":"https:\/\/secure.gravatar.com\/avatar\/6c5a5cb12b74e9d517ee91cf570335b7d16177f1977cc91db161adfa435945a7?s=96&d=mm&r=g","caption":"favorite-news"},"url":"https:\/\/favorite-news.com\/mx\/author\/pt\/"}]}},"_links":{"self":[{"href":"https:\/\/favorite-news.com\/mx\/wp-json\/wp\/v2\/posts\/1698","targetHints":{"allow":["GET"]}}],"collection":[{"href":"https:\/\/favorite-news.com\/mx\/wp-json\/wp\/v2\/posts"}],"about":[{"href":"https:\/\/favorite-news.com\/mx\/wp-json\/wp\/v2\/types\/post"}],"author":[{"embeddable":true,"href":"https:\/\/favorite-news.com\/mx\/wp-json\/wp\/v2\/users\/2"}],"replies":[{"embeddable":true,"href":"https:\/\/favorite-news.com\/mx\/wp-json\/wp\/v2\/comments?post=1698"}],"version-history":[{"count":1,"href":"https:\/\/favorite-news.com\/mx\/wp-json\/wp\/v2\/posts\/1698\/revisions"}],"predecessor-version":[{"id":1699,"href":"https:\/\/favorite-news.com\/mx\/wp-json\/wp\/v2\/posts\/1698\/revisions\/1699"}],"wp:featuredmedia":[{"embeddable":true,"href":"https:\/\/favorite-news.com\/mx\/wp-json\/wp\/v2\/media\/136"}],"wp:attachment":[{"href":"https:\/\/favorite-news.com\/mx\/wp-json\/wp\/v2\/media?parent=1698"}],"wp:term":[{"taxonomy":"category","embeddable":true,"href":"https:\/\/favorite-news.com\/mx\/wp-json\/wp\/v2\/categories?post=1698"},{"taxonomy":"post_tag","embeddable":true,"href":"https:\/\/favorite-news.com\/mx\/wp-json\/wp\/v2\/tags?post=1698"}],"curies":[{"name":"wp","href":"https:\/\/api.w.org\/{rel}","templated":true}]}}