{"id":1686,"date":"2019-06-24T23:07:29","date_gmt":"2019-06-24T20:07:29","guid":{"rendered":"https:\/\/favorite-news.com\/mx\/seade-confia-en-que-eu-ratifique-el-t-mec-este-verano\/"},"modified":"2019-06-24T23:07:31","modified_gmt":"2019-06-24T20:07:31","slug":"seade-confia-en-que-eu-ratifique-el-t-mec-este-verano","status":"publish","type":"post","link":"https:\/\/favorite-news.com\/mx\/seade-confia-en-que-eu-ratifique-el-t-mec-este-verano\/","title":{"rendered":"Seade conf\u00eda en que EU ratifique el T-MEC este verano"},"content":{"rendered":"<p> [ad_1]<br \/>\n<\/p>\n<div id=\"content-body-226-3808082\">\n<p>M\u00e9xico conf\u00eda en que el Congreso de Estados ratificar\u00e1 el Tratado de Libre Comercio para am\u00e9rica del Norte (T-MEC), dijo el subsecretario de Relaciones Exteriores, Jes\u00fas Seade Kuri.<\/p>\n<p>El funcionario apunt\u00f3 que en los tres pa\u00edses se trabaja en el tema por lo que \u201ccreo que sale\u2019\u2019.<\/p>\n<p>Seade Kuri, secretario para Am\u00e9rica del Norte, habl\u00f3 durante la develaci\u00f3n del billete de loter\u00eda conmemorativo al 75 aniversario de las relaciones diplom\u00e1ticas M\u00e9xico Canad\u00e1.<\/p>\n<p>Record\u00f3 que en la reciente reuni\u00f3n en Washington de funcionarios mexicanos con la l\u00edder dem\u00f3crata Nancy Pelosi, \u201cestaba yo hablando del racimo de opciones que pueden surgir en cuanto al T-MEC y cuando empec\u00e9 con la m\u00e1s negativa que era que se rechazara, la se\u00f1ora me interrumpi\u00f3 casi de mal humor diciendo: eso no va a suceder, tiene que pasar en buenos t\u00e9rminos\u201d.<\/p>\n<p>Durante el evento en la canciller\u00eda, el funcionario destac\u00f3 que hay disposici\u00f3n positiva. \u201cYo s\u00ed creo factible, no al cien por ciento, no apostar\u00eda mi mano derecha, pero s\u00ed apostar\u00eda el suficiente dinero para comprar un billete de loter\u00eda, que esto saldr\u00eda antes del verano, en eso estamos trabajando fuerte los mexicanos y los canadienses tambi\u00e9n\u201d.<\/p>\n<p>Seade Kuri explic\u00f3 que hay un cambio de lenguaje entre los dem\u00f3cratas respecto al T-MEC, ya que hace dos o tres meses dec\u00edan palabras muy fuertes de rechazo al tratado, diciendo que es poco lo que ve\u00edan en materia laboral y ahora el debate es c\u00f3mo lo va a llevar a la pr\u00e1ctica M\u00e9xico, c\u00f3mo se va hacer, son m\u00e1s aclaraciones.<\/p>\n<p>Respecto a los operativos de la Guardia Nacional en Ciudad Ju\u00e1rez, frontera con el Paso Texas, donde se detuvo a migrantes centroamericanos, se\u00f1al\u00f3 que ello no se deriva de ning\u00fan acuerdo con el gobierno de Estados Unidos, sino simplemente un entendimiento de aplicar de forma m\u00e1s sistem\u00e1tica nuestras leyes.<\/p>\n<p>Se han dado muchos abusos con las visas que se han dado a los migrantes, porque \u201cnos agarran de corredor\u201d para ir de una frontera a la otra que no es el prop\u00f3sito de las visas humanitarias.<\/p>\n<p>\u201cTambi\u00e9n hemos constatado el desarrollo de cantidad de grupos de coyotes, como se les llama, industriales de la migraci\u00f3n, que de ninguna manera queremos apoyar\u201d.<\/p>\n<p>En ese sentido, concluy\u00f3 el funcionario de la Secretar\u00eda de Relaciones Exteriores, el gobierno mexicano est\u00e1 tomando la actitud de una pol\u00edtica m\u00e1s firme para evitar estos problemas.<\/p>\n<h4>Canad\u00e1, en proceso de ratificar el T-MEC<\/h4>\n<p>El embajador de Canad\u00e1 en M\u00e9xico, Pierre Alarie, record\u00f3 que en su pa\u00eds el proceso de ratificaci\u00f3n del T-MEC est\u00e1 en marcha porque ya pas\u00f3 la segunda lectura en el Parlamento y queda pendiente el Senado.<\/p>\n<p>El diplom\u00e1tico record\u00f3 que las sesiones del Parlamento terminaron la semana pasada, pero est\u00e1 la opci\u00f3n de una reuni\u00f3n especial para convocar durante el verano; sin embargo, reconoci\u00f3 la dificultad pues inician las campa\u00f1as para las elecciones de ese pa\u00eds el 21 de octubre.<\/p>\n<p>Pierre Alarie habl\u00f3 en la Secretar\u00eda de Relaciones Exteriores durante la develaci\u00f3n de un billete de la Loter\u00eda Nacional alusivo a los 75 a\u00f1os de relaciones entre M\u00e9xico y Canad\u00e1.<\/p>\n<p>Ah\u00ed dijo que en esa naci\u00f3n hay un consenso en favor del T-MEC y apunt\u00f3 que s\u00f3lo hay \u201cuna posibilidad infinita que no hay un acuerdo para ratificarlo\u201d.<\/p>\n<p>Acompa\u00f1ado del subsecretario de Relaciones Exteriores para Am\u00e9rica del Norte, Jes\u00fas Seade y del director de la Loter\u00eda Nacional, Ernesto Prieto, reconoci\u00f3 poco probable que el Senado de Canad\u00e1 pueda sesionar para ratificar el nuevo Tratado de Libre Comercio entre M\u00e9xico, Estados Unidos y Canad\u00e1 (T-MEC), por las elecciones del pr\u00f3ximo 21 de octubre.<\/p>\n<p>En ese sentido, apunt\u00f3 que las sesiones del Parlamento terminaron en d\u00edas pasados, pero insisti\u00f3 el diplom\u00e1tico que hay opci\u00f3n de una reuni\u00f3n especial para convocar durante las semanas de verano, aunque tambi\u00e9n comenzar\u00e1n las campa\u00f1as para las elecciones.<\/p>\n<p>Pierre Alarie dijo que el Primer Ministro tiene autoridad para convocar a una sesi\u00f3n especial para su votaci\u00f3n durante el verano, pero por el tema de las elecciones \u201ces muy poco probable, casi imposible\u201d para una sesi\u00f3n parlamentaria antes de las elecciones.<\/p>\n<p>Respecto a la visita de Justin Trudeau a Washington, el embajador apunt\u00f3 que se envi\u00f3 un mensaje pol\u00edtico de que Canad\u00e1 est\u00e1 marcha con el acuerdo trilateral con Estados Unidos y M\u00e9xico y hay confianza de que en cuatro o cinco semanas m\u00e1s se ratifique en el Congreso norteamericano.<\/p>\n<p>Finalmente, declar\u00f3 que el gobierno de Canad\u00e1 est\u00e1 interesado en la soluci\u00f3n de la crisis Centroam\u00e9rica, pero tambi\u00e9n de acciones de largo plazo.<\/p>\n<p>El billete de loter\u00eda alusivo a las relaciones M\u00e9xico-Canad\u00e1, estar\u00e1 a la venta el 2 de julio, a nivel nacional.<\/p>\n<\/div>\n<p><script>(function(d, s, id) {\nvar js, fjs = d.getElementsByTagName(s)[0];\nif (d.getElementById(id)) return;\njs = d.createElement(s); js.id = id;\njs.src = 'https:\/\/connect.facebook.net\/es_LA\/sdk.js#xfbml=1&version=v3.2&appId=641196362757391&autoLogAppEvents=1';\nfjs.parentNode.insertBefore(js, fjs);\n}(document, 'script', 'facebook-jssdk'));\n<\/script><br \/>\n<br \/>[ad_2]<br \/>\n<br \/><a href=\"https:\/\/www.elsoldemexico.com.mx\/finanzas\/t-mec-jesus-seade-kuri-confia-en-que-eu-ratifique-este-verano-canada-pierre-alarie-3808082.html\">Source link <\/a><\/p>\n","protected":false},"excerpt":{"rendered":"<p>[ad_1] M\u00e9xico conf\u00eda en que el Congreso de Estados ratificar\u00e1 el Tratado de Libre Comercio para am\u00e9rica del Norte (T-MEC), dijo el subsecretario de Relaciones Exteriores, Jes\u00fas Seade Kuri. El funcionario apunt\u00f3 que en los tres pa\u00edses se trabaja en el tema por lo que \u201ccreo que sale\u2019\u2019. Seade Kuri, secretario para Am\u00e9rica del Norte, [&hellip;]<\/p>\n","protected":false},"author":2,"featured_media":1687,"comment_status":"open","ping_status":"open","sticky":false,"template":"","format":"standard","meta":{"footnotes":""},"categories":[1],"tags":[],"class_list":["post-1686","post","type-post","status-publish","format-standard","has-post-thumbnail","hentry","category-noticias-financieras"],"yoast_head":"<!-- This site is optimized with the Yoast SEO plugin v27.4 - https:\/\/yoast.com\/product\/yoast-seo-wordpress\/ -->\n<title>Seade conf\u00eda en que EU ratifique el T-MEC este verano - Favorite News<\/title>\n<meta name=\"robots\" content=\"index, follow, max-snippet:-1, max-image-preview:large, max-video-preview:-1\" \/>\n<link rel=\"canonical\" href=\"https:\/\/favorite-news.com\/mx\/seade-confia-en-que-eu-ratifique-el-t-mec-este-verano\/\" \/>\n<meta property=\"og:locale\" content=\"es_MX\" \/>\n<meta property=\"og:type\" content=\"article\" \/>\n<meta property=\"og:title\" content=\"Seade conf\u00eda en que EU ratifique el T-MEC este verano - Favorite News\" \/>\n<meta property=\"og:description\" content=\"[ad_1] M\u00e9xico conf\u00eda en que el Congreso de Estados ratificar\u00e1 el Tratado de Libre Comercio para am\u00e9rica del Norte (T-MEC), dijo el subsecretario de Relaciones Exteriores, Jes\u00fas Seade Kuri. El funcionario apunt\u00f3 que en los tres pa\u00edses se trabaja en el tema por lo que \u201ccreo que sale\u2019\u2019. Seade Kuri, secretario para Am\u00e9rica del Norte, [&hellip;]\" \/>\n<meta property=\"og:url\" content=\"https:\/\/favorite-news.com\/mx\/seade-confia-en-que-eu-ratifique-el-t-mec-este-verano\/\" \/>\n<meta property=\"og:site_name\" content=\"Favorite News\" \/>\n<meta property=\"article:published_time\" content=\"2019-06-24T20:07:29+00:00\" \/>\n<meta property=\"article:modified_time\" content=\"2019-06-24T20:07:31+00:00\" \/>\n<meta property=\"og:image\" content=\"https:\/\/favorite-news.com\/mx\/wp-content\/uploads\/sites\/8\/2019\/06\/Seade-conf\u00eda-en-que-EU-ratifique-el-T-MEC-este-verano.JPG\" \/>\n\t<meta property=\"og:image:width\" content=\"1140\" \/>\n\t<meta property=\"og:image:height\" content=\"712\" \/>\n\t<meta property=\"og:image:type\" content=\"image\/jpeg\" \/>\n<meta name=\"author\" content=\"favorite-news\" \/>\n<meta name=\"twitter:card\" content=\"summary_large_image\" \/>\n<meta name=\"twitter:label1\" content=\"Escrito por\" \/>\n\t<meta name=\"twitter:data1\" content=\"favorite-news\" \/>\n\t<meta name=\"twitter:label2\" content=\"Tiempo de lectura\" \/>\n\t<meta name=\"twitter:data2\" content=\"4 minutos\" \/>\n<script type=\"application\/ld+json\" class=\"yoast-schema-graph\">{\"@context\":\"https:\\\/\\\/schema.org\",\"@graph\":[{\"@type\":\"Article\",\"@id\":\"https:\\\/\\\/favorite-news.com\\\/mx\\\/seade-confia-en-que-eu-ratifique-el-t-mec-este-verano\\\/#article\",\"isPartOf\":{\"@id\":\"https:\\\/\\\/favorite-news.com\\\/mx\\\/seade-confia-en-que-eu-ratifique-el-t-mec-este-verano\\\/\"},\"author\":{\"name\":\"favorite-news\",\"@id\":\"https:\\\/\\\/favorite-news.com\\\/mx\\\/#\\\/schema\\\/person\\\/b91573b717dcfa5e4696032a9d28d3e8\"},\"headline\":\"Seade conf\u00eda en que EU ratifique el T-MEC este verano\",\"datePublished\":\"2019-06-24T20:07:29+00:00\",\"dateModified\":\"2019-06-24T20:07:31+00:00\",\"mainEntityOfPage\":{\"@id\":\"https:\\\/\\\/favorite-news.com\\\/mx\\\/seade-confia-en-que-eu-ratifique-el-t-mec-este-verano\\\/\"},\"wordCount\":854,\"commentCount\":0,\"image\":{\"@id\":\"https:\\\/\\\/favorite-news.com\\\/mx\\\/seade-confia-en-que-eu-ratifique-el-t-mec-este-verano\\\/#primaryimage\"},\"thumbnailUrl\":\"https:\\\/\\\/favorite-news.com\\\/mx\\\/wp-content\\\/uploads\\\/sites\\\/8\\\/2019\\\/06\\\/Seade-conf\u00eda-en-que-EU-ratifique-el-T-MEC-este-verano.JPG\",\"articleSection\":[\"NOTICIAS FINANCIERAS\"],\"inLanguage\":\"es\",\"potentialAction\":[{\"@type\":\"CommentAction\",\"name\":\"Comment\",\"target\":[\"https:\\\/\\\/favorite-news.com\\\/mx\\\/seade-confia-en-que-eu-ratifique-el-t-mec-este-verano\\\/#respond\"]}]},{\"@type\":\"WebPage\",\"@id\":\"https:\\\/\\\/favorite-news.com\\\/mx\\\/seade-confia-en-que-eu-ratifique-el-t-mec-este-verano\\\/\",\"url\":\"https:\\\/\\\/favorite-news.com\\\/mx\\\/seade-confia-en-que-eu-ratifique-el-t-mec-este-verano\\\/\",\"name\":\"Seade conf\u00eda en que EU ratifique el T-MEC este verano - Favorite News\",\"isPartOf\":{\"@id\":\"https:\\\/\\\/favorite-news.com\\\/mx\\\/#website\"},\"primaryImageOfPage\":{\"@id\":\"https:\\\/\\\/favorite-news.com\\\/mx\\\/seade-confia-en-que-eu-ratifique-el-t-mec-este-verano\\\/#primaryimage\"},\"image\":{\"@id\":\"https:\\\/\\\/favorite-news.com\\\/mx\\\/seade-confia-en-que-eu-ratifique-el-t-mec-este-verano\\\/#primaryimage\"},\"thumbnailUrl\":\"https:\\\/\\\/favorite-news.com\\\/mx\\\/wp-content\\\/uploads\\\/sites\\\/8\\\/2019\\\/06\\\/Seade-conf\u00eda-en-que-EU-ratifique-el-T-MEC-este-verano.JPG\",\"datePublished\":\"2019-06-24T20:07:29+00:00\",\"dateModified\":\"2019-06-24T20:07:31+00:00\",\"author\":{\"@id\":\"https:\\\/\\\/favorite-news.com\\\/mx\\\/#\\\/schema\\\/person\\\/b91573b717dcfa5e4696032a9d28d3e8\"},\"breadcrumb\":{\"@id\":\"https:\\\/\\\/favorite-news.com\\\/mx\\\/seade-confia-en-que-eu-ratifique-el-t-mec-este-verano\\\/#breadcrumb\"},\"inLanguage\":\"es\",\"potentialAction\":[{\"@type\":\"ReadAction\",\"target\":[\"https:\\\/\\\/favorite-news.com\\\/mx\\\/seade-confia-en-que-eu-ratifique-el-t-mec-este-verano\\\/\"]}]},{\"@type\":\"ImageObject\",\"inLanguage\":\"es\",\"@id\":\"https:\\\/\\\/favorite-news.com\\\/mx\\\/seade-confia-en-que-eu-ratifique-el-t-mec-este-verano\\\/#primaryimage\",\"url\":\"https:\\\/\\\/favorite-news.com\\\/mx\\\/wp-content\\\/uploads\\\/sites\\\/8\\\/2019\\\/06\\\/Seade-conf\u00eda-en-que-EU-ratifique-el-T-MEC-este-verano.JPG\",\"contentUrl\":\"https:\\\/\\\/favorite-news.com\\\/mx\\\/wp-content\\\/uploads\\\/sites\\\/8\\\/2019\\\/06\\\/Seade-conf\u00eda-en-que-EU-ratifique-el-T-MEC-este-verano.JPG\",\"width\":1140,\"height\":712,\"caption\":\"Seade conf\u00eda en que EU ratifique el T-MEC este verano\"},{\"@type\":\"BreadcrumbList\",\"@id\":\"https:\\\/\\\/favorite-news.com\\\/mx\\\/seade-confia-en-que-eu-ratifique-el-t-mec-este-verano\\\/#breadcrumb\",\"itemListElement\":[{\"@type\":\"ListItem\",\"position\":1,\"name\":\"\u0413\u043b\u0430\u0432\u043d\u0430\u044f \u0441\u0442\u0440\u0430\u043d\u0438\u0446\u0430\",\"item\":\"https:\\\/\\\/favorite-news.com\\\/mx\\\/\"},{\"@type\":\"ListItem\",\"position\":2,\"name\":\"Seade conf\u00eda en que EU ratifique el T-MEC este verano\"}]},{\"@type\":\"WebSite\",\"@id\":\"https:\\\/\\\/favorite-news.com\\\/mx\\\/#website\",\"url\":\"https:\\\/\\\/favorite-news.com\\\/mx\\\/\",\"name\":\"Favorite News\",\"description\":\"Favorite News Mexico\",\"potentialAction\":[{\"@type\":\"SearchAction\",\"target\":{\"@type\":\"EntryPoint\",\"urlTemplate\":\"https:\\\/\\\/favorite-news.com\\\/mx\\\/?s={search_term_string}\"},\"query-input\":{\"@type\":\"PropertyValueSpecification\",\"valueRequired\":true,\"valueName\":\"search_term_string\"}}],\"inLanguage\":\"es\"},{\"@type\":\"Person\",\"@id\":\"https:\\\/\\\/favorite-news.com\\\/mx\\\/#\\\/schema\\\/person\\\/b91573b717dcfa5e4696032a9d28d3e8\",\"name\":\"favorite-news\",\"image\":{\"@type\":\"ImageObject\",\"inLanguage\":\"es\",\"@id\":\"https:\\\/\\\/secure.gravatar.com\\\/avatar\\\/6c5a5cb12b74e9d517ee91cf570335b7d16177f1977cc91db161adfa435945a7?s=96&d=mm&r=g\",\"url\":\"https:\\\/\\\/secure.gravatar.com\\\/avatar\\\/6c5a5cb12b74e9d517ee91cf570335b7d16177f1977cc91db161adfa435945a7?s=96&d=mm&r=g\",\"contentUrl\":\"https:\\\/\\\/secure.gravatar.com\\\/avatar\\\/6c5a5cb12b74e9d517ee91cf570335b7d16177f1977cc91db161adfa435945a7?s=96&d=mm&r=g\",\"caption\":\"favorite-news\"},\"url\":\"https:\\\/\\\/favorite-news.com\\\/mx\\\/author\\\/pt\\\/\"}]}<\/script>\n<!-- \/ Yoast SEO plugin. -->","yoast_head_json":{"title":"Seade conf\u00eda en que EU ratifique el T-MEC este verano - Favorite News","robots":{"index":"index","follow":"follow","max-snippet":"max-snippet:-1","max-image-preview":"max-image-preview:large","max-video-preview":"max-video-preview:-1"},"canonical":"https:\/\/favorite-news.com\/mx\/seade-confia-en-que-eu-ratifique-el-t-mec-este-verano\/","og_locale":"es_MX","og_type":"article","og_title":"Seade conf\u00eda en que EU ratifique el T-MEC este verano - Favorite News","og_description":"[ad_1] M\u00e9xico conf\u00eda en que el Congreso de Estados ratificar\u00e1 el Tratado de Libre Comercio para am\u00e9rica del Norte (T-MEC), dijo el subsecretario de Relaciones Exteriores, Jes\u00fas Seade Kuri. El funcionario apunt\u00f3 que en los tres pa\u00edses se trabaja en el tema por lo que \u201ccreo que sale\u2019\u2019. Seade Kuri, secretario para Am\u00e9rica del Norte, [&hellip;]","og_url":"https:\/\/favorite-news.com\/mx\/seade-confia-en-que-eu-ratifique-el-t-mec-este-verano\/","og_site_name":"Favorite News","article_published_time":"2019-06-24T20:07:29+00:00","article_modified_time":"2019-06-24T20:07:31+00:00","og_image":[{"width":1140,"height":712,"url":"https:\/\/favorite-news.com\/mx\/wp-content\/uploads\/sites\/8\/2019\/06\/Seade-conf\u00eda-en-que-EU-ratifique-el-T-MEC-este-verano.JPG","type":"image\/jpeg"}],"author":"favorite-news","twitter_card":"summary_large_image","twitter_misc":{"Escrito por":"favorite-news","Tiempo de lectura":"4 minutos"},"schema":{"@context":"https:\/\/schema.org","@graph":[{"@type":"Article","@id":"https:\/\/favorite-news.com\/mx\/seade-confia-en-que-eu-ratifique-el-t-mec-este-verano\/#article","isPartOf":{"@id":"https:\/\/favorite-news.com\/mx\/seade-confia-en-que-eu-ratifique-el-t-mec-este-verano\/"},"author":{"name":"favorite-news","@id":"https:\/\/favorite-news.com\/mx\/#\/schema\/person\/b91573b717dcfa5e4696032a9d28d3e8"},"headline":"Seade conf\u00eda en que EU ratifique el T-MEC este verano","datePublished":"2019-06-24T20:07:29+00:00","dateModified":"2019-06-24T20:07:31+00:00","mainEntityOfPage":{"@id":"https:\/\/favorite-news.com\/mx\/seade-confia-en-que-eu-ratifique-el-t-mec-este-verano\/"},"wordCount":854,"commentCount":0,"image":{"@id":"https:\/\/favorite-news.com\/mx\/seade-confia-en-que-eu-ratifique-el-t-mec-este-verano\/#primaryimage"},"thumbnailUrl":"https:\/\/favorite-news.com\/mx\/wp-content\/uploads\/sites\/8\/2019\/06\/Seade-conf\u00eda-en-que-EU-ratifique-el-T-MEC-este-verano.JPG","articleSection":["NOTICIAS FINANCIERAS"],"inLanguage":"es","potentialAction":[{"@type":"CommentAction","name":"Comment","target":["https:\/\/favorite-news.com\/mx\/seade-confia-en-que-eu-ratifique-el-t-mec-este-verano\/#respond"]}]},{"@type":"WebPage","@id":"https:\/\/favorite-news.com\/mx\/seade-confia-en-que-eu-ratifique-el-t-mec-este-verano\/","url":"https:\/\/favorite-news.com\/mx\/seade-confia-en-que-eu-ratifique-el-t-mec-este-verano\/","name":"Seade conf\u00eda en que EU ratifique el T-MEC este verano - Favorite News","isPartOf":{"@id":"https:\/\/favorite-news.com\/mx\/#website"},"primaryImageOfPage":{"@id":"https:\/\/favorite-news.com\/mx\/seade-confia-en-que-eu-ratifique-el-t-mec-este-verano\/#primaryimage"},"image":{"@id":"https:\/\/favorite-news.com\/mx\/seade-confia-en-que-eu-ratifique-el-t-mec-este-verano\/#primaryimage"},"thumbnailUrl":"https:\/\/favorite-news.com\/mx\/wp-content\/uploads\/sites\/8\/2019\/06\/Seade-conf\u00eda-en-que-EU-ratifique-el-T-MEC-este-verano.JPG","datePublished":"2019-06-24T20:07:29+00:00","dateModified":"2019-06-24T20:07:31+00:00","author":{"@id":"https:\/\/favorite-news.com\/mx\/#\/schema\/person\/b91573b717dcfa5e4696032a9d28d3e8"},"breadcrumb":{"@id":"https:\/\/favorite-news.com\/mx\/seade-confia-en-que-eu-ratifique-el-t-mec-este-verano\/#breadcrumb"},"inLanguage":"es","potentialAction":[{"@type":"ReadAction","target":["https:\/\/favorite-news.com\/mx\/seade-confia-en-que-eu-ratifique-el-t-mec-este-verano\/"]}]},{"@type":"ImageObject","inLanguage":"es","@id":"https:\/\/favorite-news.com\/mx\/seade-confia-en-que-eu-ratifique-el-t-mec-este-verano\/#primaryimage","url":"https:\/\/favorite-news.com\/mx\/wp-content\/uploads\/sites\/8\/2019\/06\/Seade-conf\u00eda-en-que-EU-ratifique-el-T-MEC-este-verano.JPG","contentUrl":"https:\/\/favorite-news.com\/mx\/wp-content\/uploads\/sites\/8\/2019\/06\/Seade-conf\u00eda-en-que-EU-ratifique-el-T-MEC-este-verano.JPG","width":1140,"height":712,"caption":"Seade conf\u00eda en que EU ratifique el T-MEC este verano"},{"@type":"BreadcrumbList","@id":"https:\/\/favorite-news.com\/mx\/seade-confia-en-que-eu-ratifique-el-t-mec-este-verano\/#breadcrumb","itemListElement":[{"@type":"ListItem","position":1,"name":"\u0413\u043b\u0430\u0432\u043d\u0430\u044f \u0441\u0442\u0440\u0430\u043d\u0438\u0446\u0430","item":"https:\/\/favorite-news.com\/mx\/"},{"@type":"ListItem","position":2,"name":"Seade conf\u00eda en que EU ratifique el T-MEC este verano"}]},{"@type":"WebSite","@id":"https:\/\/favorite-news.com\/mx\/#website","url":"https:\/\/favorite-news.com\/mx\/","name":"Favorite News","description":"Favorite News Mexico","potentialAction":[{"@type":"SearchAction","target":{"@type":"EntryPoint","urlTemplate":"https:\/\/favorite-news.com\/mx\/?s={search_term_string}"},"query-input":{"@type":"PropertyValueSpecification","valueRequired":true,"valueName":"search_term_string"}}],"inLanguage":"es"},{"@type":"Person","@id":"https:\/\/favorite-news.com\/mx\/#\/schema\/person\/b91573b717dcfa5e4696032a9d28d3e8","name":"favorite-news","image":{"@type":"ImageObject","inLanguage":"es","@id":"https:\/\/secure.gravatar.com\/avatar\/6c5a5cb12b74e9d517ee91cf570335b7d16177f1977cc91db161adfa435945a7?s=96&d=mm&r=g","url":"https:\/\/secure.gravatar.com\/avatar\/6c5a5cb12b74e9d517ee91cf570335b7d16177f1977cc91db161adfa435945a7?s=96&d=mm&r=g","contentUrl":"https:\/\/secure.gravatar.com\/avatar\/6c5a5cb12b74e9d517ee91cf570335b7d16177f1977cc91db161adfa435945a7?s=96&d=mm&r=g","caption":"favorite-news"},"url":"https:\/\/favorite-news.com\/mx\/author\/pt\/"}]}},"_links":{"self":[{"href":"https:\/\/favorite-news.com\/mx\/wp-json\/wp\/v2\/posts\/1686","targetHints":{"allow":["GET"]}}],"collection":[{"href":"https:\/\/favorite-news.com\/mx\/wp-json\/wp\/v2\/posts"}],"about":[{"href":"https:\/\/favorite-news.com\/mx\/wp-json\/wp\/v2\/types\/post"}],"author":[{"embeddable":true,"href":"https:\/\/favorite-news.com\/mx\/wp-json\/wp\/v2\/users\/2"}],"replies":[{"embeddable":true,"href":"https:\/\/favorite-news.com\/mx\/wp-json\/wp\/v2\/comments?post=1686"}],"version-history":[{"count":1,"href":"https:\/\/favorite-news.com\/mx\/wp-json\/wp\/v2\/posts\/1686\/revisions"}],"predecessor-version":[{"id":1688,"href":"https:\/\/favorite-news.com\/mx\/wp-json\/wp\/v2\/posts\/1686\/revisions\/1688"}],"wp:featuredmedia":[{"embeddable":true,"href":"https:\/\/favorite-news.com\/mx\/wp-json\/wp\/v2\/media\/1687"}],"wp:attachment":[{"href":"https:\/\/favorite-news.com\/mx\/wp-json\/wp\/v2\/media?parent=1686"}],"wp:term":[{"taxonomy":"category","embeddable":true,"href":"https:\/\/favorite-news.com\/mx\/wp-json\/wp\/v2\/categories?post=1686"},{"taxonomy":"post_tag","embeddable":true,"href":"https:\/\/favorite-news.com\/mx\/wp-json\/wp\/v2\/tags?post=1686"}],"curies":[{"name":"wp","href":"https:\/\/api.w.org\/{rel}","templated":true}]}}