{"id":1678,"date":"2019-06-24T17:46:01","date_gmt":"2019-06-24T14:46:01","guid":{"rendered":"https:\/\/favorite-news.com\/mx\/por-tension-en-medio-oriente-precios-del-crudo-recuperan-terreno\/"},"modified":"2019-06-24T17:46:03","modified_gmt":"2019-06-24T14:46:03","slug":"por-tension-en-medio-oriente-precios-del-crudo-recuperan-terreno","status":"publish","type":"post","link":"https:\/\/favorite-news.com\/mx\/por-tension-en-medio-oriente-precios-del-crudo-recuperan-terreno\/","title":{"rendered":"Por tensi\u00f3n en Medio Oriente, precios del crudo recuperan terreno"},"content":{"rendered":"<p> [ad_1]<br \/>\n<\/p>\n<div id=\"content-body-226-3806586\">\n<p>Los precios del crudo marchaban este lunes al alza, con el barril de Brent por encima de la barrera psicol\u00f3gica de los 65 d\u00f3lares, y el tipo West Texas, de referencia estadounidense, en los 57 d\u00f3lares.<\/p>\n<p>La escalada en las tensiones entre Estados Unidos e Ir\u00e1n puede acelerar los ajustes de carteras con el correr de la semana, luego del derribo de un dron estadounidense por la Guardia Revolucionaria Isl\u00e1mica de Ir\u00e1n, que lleg\u00f3 a un punto alto tras declaraciones del presidente Donald Trump de que el pa\u00eds isl\u00e1mico \u201ccometi\u00f3 un error\u201d.<\/p>\n<p>En tanto, los focos de atenci\u00f3n cambiar\u00e1n el 28 y 29 de junio hacia la cumbre del G-20 de Osaka, en Jap\u00f3n, en donde el presidente estadounidense, Donald Trump, y su par chino, Xi Jinping, tendr\u00e1n un cara a cara al margen de la cita internacional.<\/p>\n<h4\/>\n<p>El barril de petr\u00f3leo tipo Brent del Mar del Norte para entregas en agosto se cotizaba en 65.38 d\u00f3lares al inicio de la sesi\u00f3n de hoy (08:00 GMT) en el mercado electr\u00f3nico Intercontinental Petroleum Exchange (ICE).<\/p>\n<p>El Brent ganaba 18 centavos de d\u00f3lar (0.28 por ciento) respecto al cierre previo, de 65.20 por barril.<\/p>\n<p>En tanto, el crudo estadounidense West Texas Intermediate (WTI) para entregas en agosto, tambi\u00e9n a las 08:00 GMT, sub\u00eda 47 centavos de d\u00f3lar (0.82 por ciento) y se cotizaba en 57.90 d\u00f3lares por barril.<\/p>\n<p>Por su parte, la canasta de la Organizaci\u00f3n de Pa\u00edses Exportadores de Petr\u00f3leo (OPEP) se cotiz\u00f3 el viernes en 65.29 d\u00f3lares, lo que represent\u00f3 una ganancia de 1.34 d\u00f3lares (1.10 por ciento) respecto al cierre previo, inform\u00f3 el c\u00e1rtel.<\/p>\n<\/div>\n<p><script>(function(d, s, id) {\nvar js, fjs = d.getElementsByTagName(s)[0];\nif (d.getElementById(id)) return;\njs = d.createElement(s); js.id = id;\njs.src = 'https:\/\/connect.facebook.net\/es_LA\/sdk.js#xfbml=1&version=v3.2&appId=641196362757391&autoLogAppEvents=1';\nfjs.parentNode.insertBefore(js, fjs);\n}(document, 'script', 'facebook-jssdk'));\n<\/script><br \/>\n<br \/>[ad_2]<br \/>\n<br \/><a href=\"https:\/\/www.elsoldemexico.com.mx\/finanzas\/por-tension-en-medio-oriente-precios-del-crudo-recuperan-terreno-3806586.html\">Source link <\/a><\/p>\n","protected":false},"excerpt":{"rendered":"<p>[ad_1] Los precios del crudo marchaban este lunes al alza, con el barril de Brent por encima de la barrera psicol\u00f3gica de los 65 d\u00f3lares, y el tipo West Texas, de referencia estadounidense, en los 57 d\u00f3lares. La escalada en las tensiones entre Estados Unidos e Ir\u00e1n puede acelerar los ajustes de carteras con el [&hellip;]<\/p>\n","protected":false},"author":2,"featured_media":1679,"comment_status":"open","ping_status":"open","sticky":false,"template":"","format":"standard","meta":{"footnotes":""},"categories":[1],"tags":[],"class_list":["post-1678","post","type-post","status-publish","format-standard","has-post-thumbnail","hentry","category-noticias-financieras"],"yoast_head":"<!-- This site is optimized with the Yoast SEO plugin v27.4 - https:\/\/yoast.com\/product\/yoast-seo-wordpress\/ -->\n<title>Por tensi\u00f3n en Medio Oriente, precios del crudo recuperan terreno - Favorite News<\/title>\n<meta name=\"robots\" content=\"index, follow, max-snippet:-1, max-image-preview:large, max-video-preview:-1\" \/>\n<link rel=\"canonical\" href=\"https:\/\/favorite-news.com\/mx\/por-tension-en-medio-oriente-precios-del-crudo-recuperan-terreno\/\" \/>\n<meta property=\"og:locale\" content=\"es_MX\" \/>\n<meta property=\"og:type\" content=\"article\" \/>\n<meta property=\"og:title\" content=\"Por tensi\u00f3n en Medio Oriente, precios del crudo recuperan terreno - Favorite News\" \/>\n<meta property=\"og:description\" content=\"[ad_1] Los precios del crudo marchaban este lunes al alza, con el barril de Brent por encima de la barrera psicol\u00f3gica de los 65 d\u00f3lares, y el tipo West Texas, de referencia estadounidense, en los 57 d\u00f3lares. La escalada en las tensiones entre Estados Unidos e Ir\u00e1n puede acelerar los ajustes de carteras con el [&hellip;]\" \/>\n<meta property=\"og:url\" content=\"https:\/\/favorite-news.com\/mx\/por-tension-en-medio-oriente-precios-del-crudo-recuperan-terreno\/\" \/>\n<meta property=\"og:site_name\" content=\"Favorite News\" \/>\n<meta property=\"article:published_time\" content=\"2019-06-24T14:46:01+00:00\" \/>\n<meta property=\"article:modified_time\" content=\"2019-06-24T14:46:03+00:00\" \/>\n<meta property=\"og:image\" content=\"https:\/\/favorite-news.com\/mx\/wp-content\/uploads\/sites\/8\/2019\/06\/Por-tensi\u00f3n-en-Medio-Oriente-precios-del-crudo-recuperan-terreno.jpg\" \/>\n\t<meta property=\"og:image:width\" content=\"1140\" \/>\n\t<meta property=\"og:image:height\" content=\"712\" \/>\n\t<meta property=\"og:image:type\" content=\"image\/jpeg\" \/>\n<meta name=\"author\" content=\"favorite-news\" \/>\n<meta name=\"twitter:card\" content=\"summary_large_image\" \/>\n<meta name=\"twitter:label1\" content=\"Escrito por\" \/>\n\t<meta name=\"twitter:data1\" content=\"favorite-news\" \/>\n\t<meta name=\"twitter:label2\" content=\"Tiempo de lectura\" \/>\n\t<meta name=\"twitter:data2\" content=\"1 minuto\" \/>\n<script type=\"application\/ld+json\" class=\"yoast-schema-graph\">{\"@context\":\"https:\\\/\\\/schema.org\",\"@graph\":[{\"@type\":\"Article\",\"@id\":\"https:\\\/\\\/favorite-news.com\\\/mx\\\/por-tension-en-medio-oriente-precios-del-crudo-recuperan-terreno\\\/#article\",\"isPartOf\":{\"@id\":\"https:\\\/\\\/favorite-news.com\\\/mx\\\/por-tension-en-medio-oriente-precios-del-crudo-recuperan-terreno\\\/\"},\"author\":{\"name\":\"favorite-news\",\"@id\":\"https:\\\/\\\/favorite-news.com\\\/mx\\\/#\\\/schema\\\/person\\\/b91573b717dcfa5e4696032a9d28d3e8\"},\"headline\":\"Por tensi\u00f3n en Medio Oriente, precios del crudo recuperan terreno\",\"datePublished\":\"2019-06-24T14:46:01+00:00\",\"dateModified\":\"2019-06-24T14:46:03+00:00\",\"mainEntityOfPage\":{\"@id\":\"https:\\\/\\\/favorite-news.com\\\/mx\\\/por-tension-en-medio-oriente-precios-del-crudo-recuperan-terreno\\\/\"},\"wordCount\":291,\"commentCount\":0,\"image\":{\"@id\":\"https:\\\/\\\/favorite-news.com\\\/mx\\\/por-tension-en-medio-oriente-precios-del-crudo-recuperan-terreno\\\/#primaryimage\"},\"thumbnailUrl\":\"https:\\\/\\\/favorite-news.com\\\/mx\\\/wp-content\\\/uploads\\\/sites\\\/8\\\/2019\\\/06\\\/Por-tensi\u00f3n-en-Medio-Oriente-precios-del-crudo-recuperan-terreno.jpg\",\"articleSection\":[\"NOTICIAS FINANCIERAS\"],\"inLanguage\":\"es\",\"potentialAction\":[{\"@type\":\"CommentAction\",\"name\":\"Comment\",\"target\":[\"https:\\\/\\\/favorite-news.com\\\/mx\\\/por-tension-en-medio-oriente-precios-del-crudo-recuperan-terreno\\\/#respond\"]}]},{\"@type\":\"WebPage\",\"@id\":\"https:\\\/\\\/favorite-news.com\\\/mx\\\/por-tension-en-medio-oriente-precios-del-crudo-recuperan-terreno\\\/\",\"url\":\"https:\\\/\\\/favorite-news.com\\\/mx\\\/por-tension-en-medio-oriente-precios-del-crudo-recuperan-terreno\\\/\",\"name\":\"Por tensi\u00f3n en Medio Oriente, precios del crudo recuperan terreno - Favorite News\",\"isPartOf\":{\"@id\":\"https:\\\/\\\/favorite-news.com\\\/mx\\\/#website\"},\"primaryImageOfPage\":{\"@id\":\"https:\\\/\\\/favorite-news.com\\\/mx\\\/por-tension-en-medio-oriente-precios-del-crudo-recuperan-terreno\\\/#primaryimage\"},\"image\":{\"@id\":\"https:\\\/\\\/favorite-news.com\\\/mx\\\/por-tension-en-medio-oriente-precios-del-crudo-recuperan-terreno\\\/#primaryimage\"},\"thumbnailUrl\":\"https:\\\/\\\/favorite-news.com\\\/mx\\\/wp-content\\\/uploads\\\/sites\\\/8\\\/2019\\\/06\\\/Por-tensi\u00f3n-en-Medio-Oriente-precios-del-crudo-recuperan-terreno.jpg\",\"datePublished\":\"2019-06-24T14:46:01+00:00\",\"dateModified\":\"2019-06-24T14:46:03+00:00\",\"author\":{\"@id\":\"https:\\\/\\\/favorite-news.com\\\/mx\\\/#\\\/schema\\\/person\\\/b91573b717dcfa5e4696032a9d28d3e8\"},\"breadcrumb\":{\"@id\":\"https:\\\/\\\/favorite-news.com\\\/mx\\\/por-tension-en-medio-oriente-precios-del-crudo-recuperan-terreno\\\/#breadcrumb\"},\"inLanguage\":\"es\",\"potentialAction\":[{\"@type\":\"ReadAction\",\"target\":[\"https:\\\/\\\/favorite-news.com\\\/mx\\\/por-tension-en-medio-oriente-precios-del-crudo-recuperan-terreno\\\/\"]}]},{\"@type\":\"ImageObject\",\"inLanguage\":\"es\",\"@id\":\"https:\\\/\\\/favorite-news.com\\\/mx\\\/por-tension-en-medio-oriente-precios-del-crudo-recuperan-terreno\\\/#primaryimage\",\"url\":\"https:\\\/\\\/favorite-news.com\\\/mx\\\/wp-content\\\/uploads\\\/sites\\\/8\\\/2019\\\/06\\\/Por-tensi\u00f3n-en-Medio-Oriente-precios-del-crudo-recuperan-terreno.jpg\",\"contentUrl\":\"https:\\\/\\\/favorite-news.com\\\/mx\\\/wp-content\\\/uploads\\\/sites\\\/8\\\/2019\\\/06\\\/Por-tensi\u00f3n-en-Medio-Oriente-precios-del-crudo-recuperan-terreno.jpg\",\"width\":1140,\"height\":712,\"caption\":\"Por tensi\u00f3n en Medio Oriente, precios del crudo recuperan terreno\"},{\"@type\":\"BreadcrumbList\",\"@id\":\"https:\\\/\\\/favorite-news.com\\\/mx\\\/por-tension-en-medio-oriente-precios-del-crudo-recuperan-terreno\\\/#breadcrumb\",\"itemListElement\":[{\"@type\":\"ListItem\",\"position\":1,\"name\":\"\u0413\u043b\u0430\u0432\u043d\u0430\u044f \u0441\u0442\u0440\u0430\u043d\u0438\u0446\u0430\",\"item\":\"https:\\\/\\\/favorite-news.com\\\/mx\\\/\"},{\"@type\":\"ListItem\",\"position\":2,\"name\":\"Por tensi\u00f3n en Medio Oriente, precios del crudo recuperan terreno\"}]},{\"@type\":\"WebSite\",\"@id\":\"https:\\\/\\\/favorite-news.com\\\/mx\\\/#website\",\"url\":\"https:\\\/\\\/favorite-news.com\\\/mx\\\/\",\"name\":\"Favorite News\",\"description\":\"Favorite News Mexico\",\"potentialAction\":[{\"@type\":\"SearchAction\",\"target\":{\"@type\":\"EntryPoint\",\"urlTemplate\":\"https:\\\/\\\/favorite-news.com\\\/mx\\\/?s={search_term_string}\"},\"query-input\":{\"@type\":\"PropertyValueSpecification\",\"valueRequired\":true,\"valueName\":\"search_term_string\"}}],\"inLanguage\":\"es\"},{\"@type\":\"Person\",\"@id\":\"https:\\\/\\\/favorite-news.com\\\/mx\\\/#\\\/schema\\\/person\\\/b91573b717dcfa5e4696032a9d28d3e8\",\"name\":\"favorite-news\",\"image\":{\"@type\":\"ImageObject\",\"inLanguage\":\"es\",\"@id\":\"https:\\\/\\\/secure.gravatar.com\\\/avatar\\\/6c5a5cb12b74e9d517ee91cf570335b7d16177f1977cc91db161adfa435945a7?s=96&d=mm&r=g\",\"url\":\"https:\\\/\\\/secure.gravatar.com\\\/avatar\\\/6c5a5cb12b74e9d517ee91cf570335b7d16177f1977cc91db161adfa435945a7?s=96&d=mm&r=g\",\"contentUrl\":\"https:\\\/\\\/secure.gravatar.com\\\/avatar\\\/6c5a5cb12b74e9d517ee91cf570335b7d16177f1977cc91db161adfa435945a7?s=96&d=mm&r=g\",\"caption\":\"favorite-news\"},\"url\":\"https:\\\/\\\/favorite-news.com\\\/mx\\\/author\\\/pt\\\/\"}]}<\/script>\n<!-- \/ Yoast SEO plugin. -->","yoast_head_json":{"title":"Por tensi\u00f3n en Medio Oriente, precios del crudo recuperan terreno - Favorite News","robots":{"index":"index","follow":"follow","max-snippet":"max-snippet:-1","max-image-preview":"max-image-preview:large","max-video-preview":"max-video-preview:-1"},"canonical":"https:\/\/favorite-news.com\/mx\/por-tension-en-medio-oriente-precios-del-crudo-recuperan-terreno\/","og_locale":"es_MX","og_type":"article","og_title":"Por tensi\u00f3n en Medio Oriente, precios del crudo recuperan terreno - Favorite News","og_description":"[ad_1] Los precios del crudo marchaban este lunes al alza, con el barril de Brent por encima de la barrera psicol\u00f3gica de los 65 d\u00f3lares, y el tipo West Texas, de referencia estadounidense, en los 57 d\u00f3lares. La escalada en las tensiones entre Estados Unidos e Ir\u00e1n puede acelerar los ajustes de carteras con el [&hellip;]","og_url":"https:\/\/favorite-news.com\/mx\/por-tension-en-medio-oriente-precios-del-crudo-recuperan-terreno\/","og_site_name":"Favorite News","article_published_time":"2019-06-24T14:46:01+00:00","article_modified_time":"2019-06-24T14:46:03+00:00","og_image":[{"width":1140,"height":712,"url":"https:\/\/favorite-news.com\/mx\/wp-content\/uploads\/sites\/8\/2019\/06\/Por-tensi\u00f3n-en-Medio-Oriente-precios-del-crudo-recuperan-terreno.jpg","type":"image\/jpeg"}],"author":"favorite-news","twitter_card":"summary_large_image","twitter_misc":{"Escrito por":"favorite-news","Tiempo de lectura":"1 minuto"},"schema":{"@context":"https:\/\/schema.org","@graph":[{"@type":"Article","@id":"https:\/\/favorite-news.com\/mx\/por-tension-en-medio-oriente-precios-del-crudo-recuperan-terreno\/#article","isPartOf":{"@id":"https:\/\/favorite-news.com\/mx\/por-tension-en-medio-oriente-precios-del-crudo-recuperan-terreno\/"},"author":{"name":"favorite-news","@id":"https:\/\/favorite-news.com\/mx\/#\/schema\/person\/b91573b717dcfa5e4696032a9d28d3e8"},"headline":"Por tensi\u00f3n en Medio Oriente, precios del crudo recuperan terreno","datePublished":"2019-06-24T14:46:01+00:00","dateModified":"2019-06-24T14:46:03+00:00","mainEntityOfPage":{"@id":"https:\/\/favorite-news.com\/mx\/por-tension-en-medio-oriente-precios-del-crudo-recuperan-terreno\/"},"wordCount":291,"commentCount":0,"image":{"@id":"https:\/\/favorite-news.com\/mx\/por-tension-en-medio-oriente-precios-del-crudo-recuperan-terreno\/#primaryimage"},"thumbnailUrl":"https:\/\/favorite-news.com\/mx\/wp-content\/uploads\/sites\/8\/2019\/06\/Por-tensi\u00f3n-en-Medio-Oriente-precios-del-crudo-recuperan-terreno.jpg","articleSection":["NOTICIAS FINANCIERAS"],"inLanguage":"es","potentialAction":[{"@type":"CommentAction","name":"Comment","target":["https:\/\/favorite-news.com\/mx\/por-tension-en-medio-oriente-precios-del-crudo-recuperan-terreno\/#respond"]}]},{"@type":"WebPage","@id":"https:\/\/favorite-news.com\/mx\/por-tension-en-medio-oriente-precios-del-crudo-recuperan-terreno\/","url":"https:\/\/favorite-news.com\/mx\/por-tension-en-medio-oriente-precios-del-crudo-recuperan-terreno\/","name":"Por tensi\u00f3n en Medio Oriente, precios del crudo recuperan terreno - Favorite News","isPartOf":{"@id":"https:\/\/favorite-news.com\/mx\/#website"},"primaryImageOfPage":{"@id":"https:\/\/favorite-news.com\/mx\/por-tension-en-medio-oriente-precios-del-crudo-recuperan-terreno\/#primaryimage"},"image":{"@id":"https:\/\/favorite-news.com\/mx\/por-tension-en-medio-oriente-precios-del-crudo-recuperan-terreno\/#primaryimage"},"thumbnailUrl":"https:\/\/favorite-news.com\/mx\/wp-content\/uploads\/sites\/8\/2019\/06\/Por-tensi\u00f3n-en-Medio-Oriente-precios-del-crudo-recuperan-terreno.jpg","datePublished":"2019-06-24T14:46:01+00:00","dateModified":"2019-06-24T14:46:03+00:00","author":{"@id":"https:\/\/favorite-news.com\/mx\/#\/schema\/person\/b91573b717dcfa5e4696032a9d28d3e8"},"breadcrumb":{"@id":"https:\/\/favorite-news.com\/mx\/por-tension-en-medio-oriente-precios-del-crudo-recuperan-terreno\/#breadcrumb"},"inLanguage":"es","potentialAction":[{"@type":"ReadAction","target":["https:\/\/favorite-news.com\/mx\/por-tension-en-medio-oriente-precios-del-crudo-recuperan-terreno\/"]}]},{"@type":"ImageObject","inLanguage":"es","@id":"https:\/\/favorite-news.com\/mx\/por-tension-en-medio-oriente-precios-del-crudo-recuperan-terreno\/#primaryimage","url":"https:\/\/favorite-news.com\/mx\/wp-content\/uploads\/sites\/8\/2019\/06\/Por-tensi\u00f3n-en-Medio-Oriente-precios-del-crudo-recuperan-terreno.jpg","contentUrl":"https:\/\/favorite-news.com\/mx\/wp-content\/uploads\/sites\/8\/2019\/06\/Por-tensi\u00f3n-en-Medio-Oriente-precios-del-crudo-recuperan-terreno.jpg","width":1140,"height":712,"caption":"Por tensi\u00f3n en Medio Oriente, precios del crudo recuperan terreno"},{"@type":"BreadcrumbList","@id":"https:\/\/favorite-news.com\/mx\/por-tension-en-medio-oriente-precios-del-crudo-recuperan-terreno\/#breadcrumb","itemListElement":[{"@type":"ListItem","position":1,"name":"\u0413\u043b\u0430\u0432\u043d\u0430\u044f \u0441\u0442\u0440\u0430\u043d\u0438\u0446\u0430","item":"https:\/\/favorite-news.com\/mx\/"},{"@type":"ListItem","position":2,"name":"Por tensi\u00f3n en Medio Oriente, precios del crudo recuperan terreno"}]},{"@type":"WebSite","@id":"https:\/\/favorite-news.com\/mx\/#website","url":"https:\/\/favorite-news.com\/mx\/","name":"Favorite News","description":"Favorite News Mexico","potentialAction":[{"@type":"SearchAction","target":{"@type":"EntryPoint","urlTemplate":"https:\/\/favorite-news.com\/mx\/?s={search_term_string}"},"query-input":{"@type":"PropertyValueSpecification","valueRequired":true,"valueName":"search_term_string"}}],"inLanguage":"es"},{"@type":"Person","@id":"https:\/\/favorite-news.com\/mx\/#\/schema\/person\/b91573b717dcfa5e4696032a9d28d3e8","name":"favorite-news","image":{"@type":"ImageObject","inLanguage":"es","@id":"https:\/\/secure.gravatar.com\/avatar\/6c5a5cb12b74e9d517ee91cf570335b7d16177f1977cc91db161adfa435945a7?s=96&d=mm&r=g","url":"https:\/\/secure.gravatar.com\/avatar\/6c5a5cb12b74e9d517ee91cf570335b7d16177f1977cc91db161adfa435945a7?s=96&d=mm&r=g","contentUrl":"https:\/\/secure.gravatar.com\/avatar\/6c5a5cb12b74e9d517ee91cf570335b7d16177f1977cc91db161adfa435945a7?s=96&d=mm&r=g","caption":"favorite-news"},"url":"https:\/\/favorite-news.com\/mx\/author\/pt\/"}]}},"_links":{"self":[{"href":"https:\/\/favorite-news.com\/mx\/wp-json\/wp\/v2\/posts\/1678","targetHints":{"allow":["GET"]}}],"collection":[{"href":"https:\/\/favorite-news.com\/mx\/wp-json\/wp\/v2\/posts"}],"about":[{"href":"https:\/\/favorite-news.com\/mx\/wp-json\/wp\/v2\/types\/post"}],"author":[{"embeddable":true,"href":"https:\/\/favorite-news.com\/mx\/wp-json\/wp\/v2\/users\/2"}],"replies":[{"embeddable":true,"href":"https:\/\/favorite-news.com\/mx\/wp-json\/wp\/v2\/comments?post=1678"}],"version-history":[{"count":1,"href":"https:\/\/favorite-news.com\/mx\/wp-json\/wp\/v2\/posts\/1678\/revisions"}],"predecessor-version":[{"id":1680,"href":"https:\/\/favorite-news.com\/mx\/wp-json\/wp\/v2\/posts\/1678\/revisions\/1680"}],"wp:featuredmedia":[{"embeddable":true,"href":"https:\/\/favorite-news.com\/mx\/wp-json\/wp\/v2\/media\/1679"}],"wp:attachment":[{"href":"https:\/\/favorite-news.com\/mx\/wp-json\/wp\/v2\/media?parent=1678"}],"wp:term":[{"taxonomy":"category","embeddable":true,"href":"https:\/\/favorite-news.com\/mx\/wp-json\/wp\/v2\/categories?post=1678"},{"taxonomy":"post_tag","embeddable":true,"href":"https:\/\/favorite-news.com\/mx\/wp-json\/wp\/v2\/tags?post=1678"}],"curies":[{"name":"wp","href":"https:\/\/api.w.org\/{rel}","templated":true}]}}