{"id":1672,"date":"2019-06-24T11:54:50","date_gmt":"2019-06-24T08:54:50","guid":{"rendered":"https:\/\/favorite-news.com\/mx\/amigo-de-amlo-controlara-el-paso-del-istmo\/"},"modified":"2019-06-24T11:54:51","modified_gmt":"2019-06-24T08:54:51","slug":"amigo-de-amlo-controlara-el-paso-del-istmo","status":"publish","type":"post","link":"https:\/\/favorite-news.com\/mx\/amigo-de-amlo-controlara-el-paso-del-istmo\/","title":{"rendered":"Amigo de AMLO controlar\u00e1 el paso del Istmo"},"content":{"rendered":"<p> [ad_1]<br \/>\n<\/p>\n<div id=\"content-body-226-3806165\">\n<p>Rafael Fernando Mar\u00edn Mollinedo, designado por el Presidente como titular del Corredor Interoce\u00e1nico del Istmo de Tehuantepec (CIIT), tendr\u00e1 la responsabilidad de incrementar la carga de los puertos de Salina Cruz, en Oaxaca, y Coatzacoalcos, en Veracruz, que hoy apenas representa 5 por ciento de las toneladas que se mueven por el sistema portuario nacional. <\/p>\n<p>Ambos puertos movieron en conjunto el a\u00f1o pasado 12.3 millones de toneladas de carga comercial, s\u00f3lo 42 por ciento de lo que registr\u00f3 s\u00f3lo la Administraci\u00f3n Portuaria Integral (API) de Veracruz.<\/p>\n<h4\/>\n<p>Quien fuera director general de Servicios Urbanos del Gobierno del Distrito Federal encabezado por L\u00f3pez Obrador, tambi\u00e9n tendr\u00e1 la misi\u00f3n de multiplicar por 10 el intercambio de mercanc\u00edas entre ambas regiones del Golfo y el Pac\u00edfico. <\/p>\n<p>Seg\u00fan datos de la Secretar\u00eda de Comunicaciones y Transportes (SCT), la carga del ferrocarril del Istmo el a\u00f1o pasado fue de 558 mil 164 toneladas, pero el proyecto de la presente administraci\u00f3n es atender una demanda potencial de 5.6 millones de toneladas anuales. <\/p>\n<p>Para lograr estas metas, Mar\u00edn Mollinedo tendr\u00e1 la facultad de celebrar convenios con empresas y organismos p\u00fablicos y privados para impulsar la econom\u00eda de la regi\u00f3n, seg\u00fan se\u00f1ala el decreto por el que se crea el CIIT como un organismo p\u00fablico descentralizado, publicado el pasado 14 de junio se public\u00f3 en el Diario Oficial de la Federaci\u00f3n (DOF). <\/p>\n<p>El documento se\u00f1ala que para detonar la regi\u00f3n se construir\u00e1 infraestructura f\u00edsica, social y productiva, esto con inversi\u00f3n tanto p\u00fablica y privada, adem\u00e1s de que los gobiernos locales y federal se coordinar\u00e1n en materia de actividad productiva y seguridad en la regi\u00f3n, todo esto bajo la coordinaci\u00f3n del empresario originario de Quintana Roo.<\/p>\n<p>Primo de Nicol\u00e1s Mollinedo Bastar, el exchofer de Andr\u00e9s Manuel L\u00f3pez Obrador, el designado director del CIIT funge actualmente como titular de las todav\u00eda activas Zonas Econ\u00f3micas Especiales (ZEE), con un sueldo de 106 mil 432 pesos. <\/p>\n<p>La Secretar\u00eda de Hacienda confirm\u00f3 a El Sol de M\u00e9xico que el proyecto lanzado en la administraci\u00f3 anterior para impulsar el desarrollo del sur y sureste del pa\u00eds sigue activo, a casi dos meses de que L\u00f3pez Obrador anunci\u00f3 su desaparici\u00f3n. <\/p>\n<p>Como responsable de la nueva paraestatal que ser\u00e1 el CIIT, Mar\u00edn Mollinedo tambi\u00e9n tendr\u00e1 la responsabilidad impl\u00edcita de frenar el paso de migrantes hacia el norte del pa\u00eds. <\/p>\n<p>De acuerdo con el Plan Nacional de Desarrollo, el Corredor Trans\u00edstmico, juntos con otros proyectos y programas del gobierno, funcionar\u00e1 como cortina para captar el flujo de migrantes en su tr\u00e1nsito hacia la frontera con Estados Unidos.<\/p>\n<\/div>\n<p><script>(function(d, s, id) {\nvar js, fjs = d.getElementsByTagName(s)[0];\nif (d.getElementById(id)) return;\njs = d.createElement(s); js.id = id;\njs.src = 'https:\/\/connect.facebook.net\/es_LA\/sdk.js#xfbml=1&version=v3.2&appId=641196362757391&autoLogAppEvents=1';\nfjs.parentNode.insertBefore(js, fjs);\n}(document, 'script', 'facebook-jssdk'));\n<\/script><br \/>\n<br \/>[ad_2]<br \/>\n<br \/><a href=\"https:\/\/www.elsoldemexico.com.mx\/finanzas\/amigo-de-amlo-controlara-el-paso-del-istmo-3806165.html\">Source link <\/a><\/p>\n","protected":false},"excerpt":{"rendered":"<p>[ad_1] Rafael Fernando Mar\u00edn Mollinedo, designado por el Presidente como titular del Corredor Interoce\u00e1nico del Istmo de Tehuantepec (CIIT), tendr\u00e1 la responsabilidad de incrementar la carga de los puertos de Salina Cruz, en Oaxaca, y Coatzacoalcos, en Veracruz, que hoy apenas representa 5 por ciento de las toneladas que se mueven por el sistema portuario [&hellip;]<\/p>\n","protected":false},"author":2,"featured_media":1673,"comment_status":"open","ping_status":"open","sticky":false,"template":"","format":"standard","meta":{"footnotes":""},"categories":[1],"tags":[],"class_list":["post-1672","post","type-post","status-publish","format-standard","has-post-thumbnail","hentry","category-noticias-financieras"],"yoast_head":"<!-- This site is optimized with the Yoast SEO plugin v27.4 - https:\/\/yoast.com\/product\/yoast-seo-wordpress\/ -->\n<title>Amigo de AMLO controlar\u00e1 el paso del Istmo - Favorite News<\/title>\n<meta name=\"robots\" content=\"index, follow, max-snippet:-1, max-image-preview:large, max-video-preview:-1\" \/>\n<link rel=\"canonical\" href=\"https:\/\/favorite-news.com\/mx\/amigo-de-amlo-controlara-el-paso-del-istmo\/\" \/>\n<meta property=\"og:locale\" content=\"es_MX\" \/>\n<meta property=\"og:type\" content=\"article\" \/>\n<meta property=\"og:title\" content=\"Amigo de AMLO controlar\u00e1 el paso del Istmo - Favorite News\" \/>\n<meta property=\"og:description\" content=\"[ad_1] Rafael Fernando Mar\u00edn Mollinedo, designado por el Presidente como titular del Corredor Interoce\u00e1nico del Istmo de Tehuantepec (CIIT), tendr\u00e1 la responsabilidad de incrementar la carga de los puertos de Salina Cruz, en Oaxaca, y Coatzacoalcos, en Veracruz, que hoy apenas representa 5 por ciento de las toneladas que se mueven por el sistema portuario [&hellip;]\" \/>\n<meta property=\"og:url\" content=\"https:\/\/favorite-news.com\/mx\/amigo-de-amlo-controlara-el-paso-del-istmo\/\" \/>\n<meta property=\"og:site_name\" content=\"Favorite News\" \/>\n<meta property=\"article:published_time\" content=\"2019-06-24T08:54:50+00:00\" \/>\n<meta property=\"article:modified_time\" content=\"2019-06-24T08:54:51+00:00\" \/>\n<meta property=\"og:image\" content=\"https:\/\/favorite-news.com\/mx\/wp-content\/uploads\/sites\/8\/2019\/06\/Amigo-de-AMLO-controlar\u00e1-el-paso-del-Istmo.jpg\" \/>\n\t<meta property=\"og:image:width\" content=\"1140\" \/>\n\t<meta property=\"og:image:height\" content=\"712\" \/>\n\t<meta property=\"og:image:type\" content=\"image\/jpeg\" \/>\n<meta name=\"author\" content=\"favorite-news\" \/>\n<meta name=\"twitter:card\" content=\"summary_large_image\" \/>\n<meta name=\"twitter:label1\" content=\"Escrito por\" \/>\n\t<meta name=\"twitter:data1\" content=\"favorite-news\" \/>\n\t<meta name=\"twitter:label2\" content=\"Tiempo de lectura\" \/>\n\t<meta name=\"twitter:data2\" content=\"2 minutos\" \/>\n<script type=\"application\/ld+json\" class=\"yoast-schema-graph\">{\"@context\":\"https:\\\/\\\/schema.org\",\"@graph\":[{\"@type\":\"Article\",\"@id\":\"https:\\\/\\\/favorite-news.com\\\/mx\\\/amigo-de-amlo-controlara-el-paso-del-istmo\\\/#article\",\"isPartOf\":{\"@id\":\"https:\\\/\\\/favorite-news.com\\\/mx\\\/amigo-de-amlo-controlara-el-paso-del-istmo\\\/\"},\"author\":{\"name\":\"favorite-news\",\"@id\":\"https:\\\/\\\/favorite-news.com\\\/mx\\\/#\\\/schema\\\/person\\\/b91573b717dcfa5e4696032a9d28d3e8\"},\"headline\":\"Amigo de AMLO controlar\u00e1 el paso del Istmo\",\"datePublished\":\"2019-06-24T08:54:50+00:00\",\"dateModified\":\"2019-06-24T08:54:51+00:00\",\"mainEntityOfPage\":{\"@id\":\"https:\\\/\\\/favorite-news.com\\\/mx\\\/amigo-de-amlo-controlara-el-paso-del-istmo\\\/\"},\"wordCount\":469,\"commentCount\":0,\"image\":{\"@id\":\"https:\\\/\\\/favorite-news.com\\\/mx\\\/amigo-de-amlo-controlara-el-paso-del-istmo\\\/#primaryimage\"},\"thumbnailUrl\":\"https:\\\/\\\/favorite-news.com\\\/mx\\\/wp-content\\\/uploads\\\/sites\\\/8\\\/2019\\\/06\\\/Amigo-de-AMLO-controlar\u00e1-el-paso-del-Istmo.jpg\",\"articleSection\":[\"NOTICIAS FINANCIERAS\"],\"inLanguage\":\"es\",\"potentialAction\":[{\"@type\":\"CommentAction\",\"name\":\"Comment\",\"target\":[\"https:\\\/\\\/favorite-news.com\\\/mx\\\/amigo-de-amlo-controlara-el-paso-del-istmo\\\/#respond\"]}]},{\"@type\":\"WebPage\",\"@id\":\"https:\\\/\\\/favorite-news.com\\\/mx\\\/amigo-de-amlo-controlara-el-paso-del-istmo\\\/\",\"url\":\"https:\\\/\\\/favorite-news.com\\\/mx\\\/amigo-de-amlo-controlara-el-paso-del-istmo\\\/\",\"name\":\"Amigo de AMLO controlar\u00e1 el paso del Istmo - Favorite News\",\"isPartOf\":{\"@id\":\"https:\\\/\\\/favorite-news.com\\\/mx\\\/#website\"},\"primaryImageOfPage\":{\"@id\":\"https:\\\/\\\/favorite-news.com\\\/mx\\\/amigo-de-amlo-controlara-el-paso-del-istmo\\\/#primaryimage\"},\"image\":{\"@id\":\"https:\\\/\\\/favorite-news.com\\\/mx\\\/amigo-de-amlo-controlara-el-paso-del-istmo\\\/#primaryimage\"},\"thumbnailUrl\":\"https:\\\/\\\/favorite-news.com\\\/mx\\\/wp-content\\\/uploads\\\/sites\\\/8\\\/2019\\\/06\\\/Amigo-de-AMLO-controlar\u00e1-el-paso-del-Istmo.jpg\",\"datePublished\":\"2019-06-24T08:54:50+00:00\",\"dateModified\":\"2019-06-24T08:54:51+00:00\",\"author\":{\"@id\":\"https:\\\/\\\/favorite-news.com\\\/mx\\\/#\\\/schema\\\/person\\\/b91573b717dcfa5e4696032a9d28d3e8\"},\"breadcrumb\":{\"@id\":\"https:\\\/\\\/favorite-news.com\\\/mx\\\/amigo-de-amlo-controlara-el-paso-del-istmo\\\/#breadcrumb\"},\"inLanguage\":\"es\",\"potentialAction\":[{\"@type\":\"ReadAction\",\"target\":[\"https:\\\/\\\/favorite-news.com\\\/mx\\\/amigo-de-amlo-controlara-el-paso-del-istmo\\\/\"]}]},{\"@type\":\"ImageObject\",\"inLanguage\":\"es\",\"@id\":\"https:\\\/\\\/favorite-news.com\\\/mx\\\/amigo-de-amlo-controlara-el-paso-del-istmo\\\/#primaryimage\",\"url\":\"https:\\\/\\\/favorite-news.com\\\/mx\\\/wp-content\\\/uploads\\\/sites\\\/8\\\/2019\\\/06\\\/Amigo-de-AMLO-controlar\u00e1-el-paso-del-Istmo.jpg\",\"contentUrl\":\"https:\\\/\\\/favorite-news.com\\\/mx\\\/wp-content\\\/uploads\\\/sites\\\/8\\\/2019\\\/06\\\/Amigo-de-AMLO-controlar\u00e1-el-paso-del-Istmo.jpg\",\"width\":1140,\"height\":712,\"caption\":\"Amigo de AMLO controlar\u00e1 el paso del Istmo\"},{\"@type\":\"BreadcrumbList\",\"@id\":\"https:\\\/\\\/favorite-news.com\\\/mx\\\/amigo-de-amlo-controlara-el-paso-del-istmo\\\/#breadcrumb\",\"itemListElement\":[{\"@type\":\"ListItem\",\"position\":1,\"name\":\"\u0413\u043b\u0430\u0432\u043d\u0430\u044f \u0441\u0442\u0440\u0430\u043d\u0438\u0446\u0430\",\"item\":\"https:\\\/\\\/favorite-news.com\\\/mx\\\/\"},{\"@type\":\"ListItem\",\"position\":2,\"name\":\"Amigo de AMLO controlar\u00e1 el paso del Istmo\"}]},{\"@type\":\"WebSite\",\"@id\":\"https:\\\/\\\/favorite-news.com\\\/mx\\\/#website\",\"url\":\"https:\\\/\\\/favorite-news.com\\\/mx\\\/\",\"name\":\"Favorite News\",\"description\":\"Favorite News Mexico\",\"potentialAction\":[{\"@type\":\"SearchAction\",\"target\":{\"@type\":\"EntryPoint\",\"urlTemplate\":\"https:\\\/\\\/favorite-news.com\\\/mx\\\/?s={search_term_string}\"},\"query-input\":{\"@type\":\"PropertyValueSpecification\",\"valueRequired\":true,\"valueName\":\"search_term_string\"}}],\"inLanguage\":\"es\"},{\"@type\":\"Person\",\"@id\":\"https:\\\/\\\/favorite-news.com\\\/mx\\\/#\\\/schema\\\/person\\\/b91573b717dcfa5e4696032a9d28d3e8\",\"name\":\"favorite-news\",\"image\":{\"@type\":\"ImageObject\",\"inLanguage\":\"es\",\"@id\":\"https:\\\/\\\/secure.gravatar.com\\\/avatar\\\/6c5a5cb12b74e9d517ee91cf570335b7d16177f1977cc91db161adfa435945a7?s=96&d=mm&r=g\",\"url\":\"https:\\\/\\\/secure.gravatar.com\\\/avatar\\\/6c5a5cb12b74e9d517ee91cf570335b7d16177f1977cc91db161adfa435945a7?s=96&d=mm&r=g\",\"contentUrl\":\"https:\\\/\\\/secure.gravatar.com\\\/avatar\\\/6c5a5cb12b74e9d517ee91cf570335b7d16177f1977cc91db161adfa435945a7?s=96&d=mm&r=g\",\"caption\":\"favorite-news\"},\"url\":\"https:\\\/\\\/favorite-news.com\\\/mx\\\/author\\\/pt\\\/\"}]}<\/script>\n<!-- \/ Yoast SEO plugin. -->","yoast_head_json":{"title":"Amigo de AMLO controlar\u00e1 el paso del Istmo - Favorite News","robots":{"index":"index","follow":"follow","max-snippet":"max-snippet:-1","max-image-preview":"max-image-preview:large","max-video-preview":"max-video-preview:-1"},"canonical":"https:\/\/favorite-news.com\/mx\/amigo-de-amlo-controlara-el-paso-del-istmo\/","og_locale":"es_MX","og_type":"article","og_title":"Amigo de AMLO controlar\u00e1 el paso del Istmo - Favorite News","og_description":"[ad_1] Rafael Fernando Mar\u00edn Mollinedo, designado por el Presidente como titular del Corredor Interoce\u00e1nico del Istmo de Tehuantepec (CIIT), tendr\u00e1 la responsabilidad de incrementar la carga de los puertos de Salina Cruz, en Oaxaca, y Coatzacoalcos, en Veracruz, que hoy apenas representa 5 por ciento de las toneladas que se mueven por el sistema portuario [&hellip;]","og_url":"https:\/\/favorite-news.com\/mx\/amigo-de-amlo-controlara-el-paso-del-istmo\/","og_site_name":"Favorite News","article_published_time":"2019-06-24T08:54:50+00:00","article_modified_time":"2019-06-24T08:54:51+00:00","og_image":[{"width":1140,"height":712,"url":"https:\/\/favorite-news.com\/mx\/wp-content\/uploads\/sites\/8\/2019\/06\/Amigo-de-AMLO-controlar\u00e1-el-paso-del-Istmo.jpg","type":"image\/jpeg"}],"author":"favorite-news","twitter_card":"summary_large_image","twitter_misc":{"Escrito por":"favorite-news","Tiempo de lectura":"2 minutos"},"schema":{"@context":"https:\/\/schema.org","@graph":[{"@type":"Article","@id":"https:\/\/favorite-news.com\/mx\/amigo-de-amlo-controlara-el-paso-del-istmo\/#article","isPartOf":{"@id":"https:\/\/favorite-news.com\/mx\/amigo-de-amlo-controlara-el-paso-del-istmo\/"},"author":{"name":"favorite-news","@id":"https:\/\/favorite-news.com\/mx\/#\/schema\/person\/b91573b717dcfa5e4696032a9d28d3e8"},"headline":"Amigo de AMLO controlar\u00e1 el paso del Istmo","datePublished":"2019-06-24T08:54:50+00:00","dateModified":"2019-06-24T08:54:51+00:00","mainEntityOfPage":{"@id":"https:\/\/favorite-news.com\/mx\/amigo-de-amlo-controlara-el-paso-del-istmo\/"},"wordCount":469,"commentCount":0,"image":{"@id":"https:\/\/favorite-news.com\/mx\/amigo-de-amlo-controlara-el-paso-del-istmo\/#primaryimage"},"thumbnailUrl":"https:\/\/favorite-news.com\/mx\/wp-content\/uploads\/sites\/8\/2019\/06\/Amigo-de-AMLO-controlar\u00e1-el-paso-del-Istmo.jpg","articleSection":["NOTICIAS FINANCIERAS"],"inLanguage":"es","potentialAction":[{"@type":"CommentAction","name":"Comment","target":["https:\/\/favorite-news.com\/mx\/amigo-de-amlo-controlara-el-paso-del-istmo\/#respond"]}]},{"@type":"WebPage","@id":"https:\/\/favorite-news.com\/mx\/amigo-de-amlo-controlara-el-paso-del-istmo\/","url":"https:\/\/favorite-news.com\/mx\/amigo-de-amlo-controlara-el-paso-del-istmo\/","name":"Amigo de AMLO controlar\u00e1 el paso del Istmo - Favorite News","isPartOf":{"@id":"https:\/\/favorite-news.com\/mx\/#website"},"primaryImageOfPage":{"@id":"https:\/\/favorite-news.com\/mx\/amigo-de-amlo-controlara-el-paso-del-istmo\/#primaryimage"},"image":{"@id":"https:\/\/favorite-news.com\/mx\/amigo-de-amlo-controlara-el-paso-del-istmo\/#primaryimage"},"thumbnailUrl":"https:\/\/favorite-news.com\/mx\/wp-content\/uploads\/sites\/8\/2019\/06\/Amigo-de-AMLO-controlar\u00e1-el-paso-del-Istmo.jpg","datePublished":"2019-06-24T08:54:50+00:00","dateModified":"2019-06-24T08:54:51+00:00","author":{"@id":"https:\/\/favorite-news.com\/mx\/#\/schema\/person\/b91573b717dcfa5e4696032a9d28d3e8"},"breadcrumb":{"@id":"https:\/\/favorite-news.com\/mx\/amigo-de-amlo-controlara-el-paso-del-istmo\/#breadcrumb"},"inLanguage":"es","potentialAction":[{"@type":"ReadAction","target":["https:\/\/favorite-news.com\/mx\/amigo-de-amlo-controlara-el-paso-del-istmo\/"]}]},{"@type":"ImageObject","inLanguage":"es","@id":"https:\/\/favorite-news.com\/mx\/amigo-de-amlo-controlara-el-paso-del-istmo\/#primaryimage","url":"https:\/\/favorite-news.com\/mx\/wp-content\/uploads\/sites\/8\/2019\/06\/Amigo-de-AMLO-controlar\u00e1-el-paso-del-Istmo.jpg","contentUrl":"https:\/\/favorite-news.com\/mx\/wp-content\/uploads\/sites\/8\/2019\/06\/Amigo-de-AMLO-controlar\u00e1-el-paso-del-Istmo.jpg","width":1140,"height":712,"caption":"Amigo de AMLO controlar\u00e1 el paso del Istmo"},{"@type":"BreadcrumbList","@id":"https:\/\/favorite-news.com\/mx\/amigo-de-amlo-controlara-el-paso-del-istmo\/#breadcrumb","itemListElement":[{"@type":"ListItem","position":1,"name":"\u0413\u043b\u0430\u0432\u043d\u0430\u044f \u0441\u0442\u0440\u0430\u043d\u0438\u0446\u0430","item":"https:\/\/favorite-news.com\/mx\/"},{"@type":"ListItem","position":2,"name":"Amigo de AMLO controlar\u00e1 el paso del Istmo"}]},{"@type":"WebSite","@id":"https:\/\/favorite-news.com\/mx\/#website","url":"https:\/\/favorite-news.com\/mx\/","name":"Favorite News","description":"Favorite News Mexico","potentialAction":[{"@type":"SearchAction","target":{"@type":"EntryPoint","urlTemplate":"https:\/\/favorite-news.com\/mx\/?s={search_term_string}"},"query-input":{"@type":"PropertyValueSpecification","valueRequired":true,"valueName":"search_term_string"}}],"inLanguage":"es"},{"@type":"Person","@id":"https:\/\/favorite-news.com\/mx\/#\/schema\/person\/b91573b717dcfa5e4696032a9d28d3e8","name":"favorite-news","image":{"@type":"ImageObject","inLanguage":"es","@id":"https:\/\/secure.gravatar.com\/avatar\/6c5a5cb12b74e9d517ee91cf570335b7d16177f1977cc91db161adfa435945a7?s=96&d=mm&r=g","url":"https:\/\/secure.gravatar.com\/avatar\/6c5a5cb12b74e9d517ee91cf570335b7d16177f1977cc91db161adfa435945a7?s=96&d=mm&r=g","contentUrl":"https:\/\/secure.gravatar.com\/avatar\/6c5a5cb12b74e9d517ee91cf570335b7d16177f1977cc91db161adfa435945a7?s=96&d=mm&r=g","caption":"favorite-news"},"url":"https:\/\/favorite-news.com\/mx\/author\/pt\/"}]}},"_links":{"self":[{"href":"https:\/\/favorite-news.com\/mx\/wp-json\/wp\/v2\/posts\/1672","targetHints":{"allow":["GET"]}}],"collection":[{"href":"https:\/\/favorite-news.com\/mx\/wp-json\/wp\/v2\/posts"}],"about":[{"href":"https:\/\/favorite-news.com\/mx\/wp-json\/wp\/v2\/types\/post"}],"author":[{"embeddable":true,"href":"https:\/\/favorite-news.com\/mx\/wp-json\/wp\/v2\/users\/2"}],"replies":[{"embeddable":true,"href":"https:\/\/favorite-news.com\/mx\/wp-json\/wp\/v2\/comments?post=1672"}],"version-history":[{"count":1,"href":"https:\/\/favorite-news.com\/mx\/wp-json\/wp\/v2\/posts\/1672\/revisions"}],"predecessor-version":[{"id":1674,"href":"https:\/\/favorite-news.com\/mx\/wp-json\/wp\/v2\/posts\/1672\/revisions\/1674"}],"wp:featuredmedia":[{"embeddable":true,"href":"https:\/\/favorite-news.com\/mx\/wp-json\/wp\/v2\/media\/1673"}],"wp:attachment":[{"href":"https:\/\/favorite-news.com\/mx\/wp-json\/wp\/v2\/media?parent=1672"}],"wp:term":[{"taxonomy":"category","embeddable":true,"href":"https:\/\/favorite-news.com\/mx\/wp-json\/wp\/v2\/categories?post=1672"},{"taxonomy":"post_tag","embeddable":true,"href":"https:\/\/favorite-news.com\/mx\/wp-json\/wp\/v2\/tags?post=1672"}],"curies":[{"name":"wp","href":"https:\/\/api.w.org\/{rel}","templated":true}]}}