{"id":1658,"date":"2019-06-23T06:18:20","date_gmt":"2019-06-23T03:18:20","guid":{"rendered":"https:\/\/favorite-news.com\/mx\/analizan-la-entrada-de-ica-en-tren-maya\/"},"modified":"2019-06-23T06:18:21","modified_gmt":"2019-06-23T03:18:21","slug":"analizan-la-entrada-de-ica-en-tren-maya","status":"publish","type":"post","link":"https:\/\/favorite-news.com\/mx\/analizan-la-entrada-de-ica-en-tren-maya\/","title":{"rendered":"Analizan la entrada de ICA en Tren Maya"},"content":{"rendered":"<p> [ad_1]<br \/>\n<\/p>\n<div id=\"content-body-226-3784111\">\n<p>Tras modificarse un tramo del Tren Maya en Quintana Roo, el Fondo Nacional de Fomento al Turismo (Fonatur) analiza la participaci\u00f3n de la constructora ICA en unos 80 kil\u00f3metros. <\/p>\n<p>El director general del organismo, Rogelio Jim\u00e9nez Pons, dijo que la empresa tiene concesionado un tramo de m\u00e1s de 200 kil\u00f3metros de la autopista, de Kantunil a Valladolid. \u201cTenemos que entrar, obviamente, porque es un precepto\u201d.<\/p>\n<h4\/>\n<p>Ello indica que ICA estar\u00eda involucrada de manera directa en 70 u 80 kil\u00f3metros en la nueva infraestructura, refiri\u00f3 el funcionario. <\/p>\n<p>Al ser cuestionado sobre en qu\u00e9 tanto tendr\u00e1 participaci\u00f3n en el Tren Maya, el cual fue dividido en siete tramos, el funcionario respondi\u00f3 que lo analizan por ahora y se dar\u00e1 a conocer hasta tener un an\u00e1lisis completo de la concesi\u00f3n. <\/p>\n<p>\u201cTodav\u00eda no quiero dar nada definitivo porque estamos en el an\u00e1lisis de su concesi\u00f3n, pero es obvio que vamos por ese camino para no afectar a un tercero, no tiene sentido\u201d. <\/p>\n<p>La empresa construir\u00eda s\u00f3lo la v\u00eda en ese tramo, aunque esto tambi\u00e9n podr\u00eda implicar hacer algunos puentes, libramientos, drenajes, pasos peatonales y de fauna, entre otros. <\/p>\n<p>Jim\u00e9nez Pons neg\u00f3 que hasta el momento se tengan juicios de amparos de algunas organizaciones por esa obra.<\/p>\n<\/div>\n<p><script>(function(d, s, id) {\nvar js, fjs = d.getElementsByTagName(s)[0];\nif (d.getElementById(id)) return;\njs = d.createElement(s); js.id = id;\njs.src = 'https:\/\/connect.facebook.net\/es_LA\/sdk.js#xfbml=1&version=v3.2&appId=641196362757391&autoLogAppEvents=1';\nfjs.parentNode.insertBefore(js, fjs);\n}(document, 'script', 'facebook-jssdk'));\n<\/script><br \/>\n<br \/>[ad_2]<br \/>\n<br \/><a href=\"https:\/\/www.elsoldemexico.com.mx\/finanzas\/analizan-la-entrada-de-ica-en-tren-maya-3784111.html\">Source link <\/a><\/p>\n","protected":false},"excerpt":{"rendered":"<p>[ad_1] Tras modificarse un tramo del Tren Maya en Quintana Roo, el Fondo Nacional de Fomento al Turismo (Fonatur) analiza la participaci\u00f3n de la constructora ICA en unos 80 kil\u00f3metros. El director general del organismo, Rogelio Jim\u00e9nez Pons, dijo que la empresa tiene concesionado un tramo de m\u00e1s de 200 kil\u00f3metros de la autopista, de [&hellip;]<\/p>\n","protected":false},"author":2,"featured_media":1659,"comment_status":"open","ping_status":"open","sticky":false,"template":"","format":"standard","meta":{"footnotes":""},"categories":[1],"tags":[],"class_list":["post-1658","post","type-post","status-publish","format-standard","has-post-thumbnail","hentry","category-noticias-financieras"],"yoast_head":"<!-- This site is optimized with the Yoast SEO plugin v27.4 - https:\/\/yoast.com\/product\/yoast-seo-wordpress\/ -->\n<title>Analizan la entrada de ICA en Tren Maya - Favorite News<\/title>\n<meta name=\"robots\" content=\"index, follow, max-snippet:-1, max-image-preview:large, max-video-preview:-1\" \/>\n<link rel=\"canonical\" href=\"https:\/\/favorite-news.com\/mx\/analizan-la-entrada-de-ica-en-tren-maya\/\" \/>\n<meta property=\"og:locale\" content=\"es_MX\" \/>\n<meta property=\"og:type\" content=\"article\" \/>\n<meta property=\"og:title\" content=\"Analizan la entrada de ICA en Tren Maya - Favorite News\" \/>\n<meta property=\"og:description\" content=\"[ad_1] Tras modificarse un tramo del Tren Maya en Quintana Roo, el Fondo Nacional de Fomento al Turismo (Fonatur) analiza la participaci\u00f3n de la constructora ICA en unos 80 kil\u00f3metros. El director general del organismo, Rogelio Jim\u00e9nez Pons, dijo que la empresa tiene concesionado un tramo de m\u00e1s de 200 kil\u00f3metros de la autopista, de [&hellip;]\" \/>\n<meta property=\"og:url\" content=\"https:\/\/favorite-news.com\/mx\/analizan-la-entrada-de-ica-en-tren-maya\/\" \/>\n<meta property=\"og:site_name\" content=\"Favorite News\" \/>\n<meta property=\"article:published_time\" content=\"2019-06-23T03:18:20+00:00\" \/>\n<meta property=\"article:modified_time\" content=\"2019-06-23T03:18:21+00:00\" \/>\n<meta property=\"og:image\" content=\"https:\/\/favorite-news.com\/mx\/wp-content\/uploads\/sites\/8\/2019\/06\/Analizan-la-entrada-de-ICA-en-Tren-Maya.jpg\" \/>\n\t<meta property=\"og:image:width\" content=\"1140\" \/>\n\t<meta property=\"og:image:height\" content=\"712\" \/>\n\t<meta property=\"og:image:type\" content=\"image\/jpeg\" \/>\n<meta name=\"author\" content=\"favorite-news\" \/>\n<meta name=\"twitter:card\" content=\"summary_large_image\" \/>\n<meta name=\"twitter:label1\" content=\"Escrito por\" \/>\n\t<meta name=\"twitter:data1\" content=\"favorite-news\" \/>\n\t<meta name=\"twitter:label2\" content=\"Tiempo de lectura\" \/>\n\t<meta name=\"twitter:data2\" content=\"1 minuto\" \/>\n<script type=\"application\/ld+json\" class=\"yoast-schema-graph\">{\"@context\":\"https:\\\/\\\/schema.org\",\"@graph\":[{\"@type\":\"Article\",\"@id\":\"https:\\\/\\\/favorite-news.com\\\/mx\\\/analizan-la-entrada-de-ica-en-tren-maya\\\/#article\",\"isPartOf\":{\"@id\":\"https:\\\/\\\/favorite-news.com\\\/mx\\\/analizan-la-entrada-de-ica-en-tren-maya\\\/\"},\"author\":{\"name\":\"favorite-news\",\"@id\":\"https:\\\/\\\/favorite-news.com\\\/mx\\\/#\\\/schema\\\/person\\\/b91573b717dcfa5e4696032a9d28d3e8\"},\"headline\":\"Analizan la entrada de ICA en Tren Maya\",\"datePublished\":\"2019-06-23T03:18:20+00:00\",\"dateModified\":\"2019-06-23T03:18:21+00:00\",\"mainEntityOfPage\":{\"@id\":\"https:\\\/\\\/favorite-news.com\\\/mx\\\/analizan-la-entrada-de-ica-en-tren-maya\\\/\"},\"wordCount\":229,\"commentCount\":0,\"image\":{\"@id\":\"https:\\\/\\\/favorite-news.com\\\/mx\\\/analizan-la-entrada-de-ica-en-tren-maya\\\/#primaryimage\"},\"thumbnailUrl\":\"https:\\\/\\\/favorite-news.com\\\/mx\\\/wp-content\\\/uploads\\\/sites\\\/8\\\/2019\\\/06\\\/Analizan-la-entrada-de-ICA-en-Tren-Maya.jpg\",\"articleSection\":[\"NOTICIAS FINANCIERAS\"],\"inLanguage\":\"es\",\"potentialAction\":[{\"@type\":\"CommentAction\",\"name\":\"Comment\",\"target\":[\"https:\\\/\\\/favorite-news.com\\\/mx\\\/analizan-la-entrada-de-ica-en-tren-maya\\\/#respond\"]}]},{\"@type\":\"WebPage\",\"@id\":\"https:\\\/\\\/favorite-news.com\\\/mx\\\/analizan-la-entrada-de-ica-en-tren-maya\\\/\",\"url\":\"https:\\\/\\\/favorite-news.com\\\/mx\\\/analizan-la-entrada-de-ica-en-tren-maya\\\/\",\"name\":\"Analizan la entrada de ICA en Tren Maya - Favorite News\",\"isPartOf\":{\"@id\":\"https:\\\/\\\/favorite-news.com\\\/mx\\\/#website\"},\"primaryImageOfPage\":{\"@id\":\"https:\\\/\\\/favorite-news.com\\\/mx\\\/analizan-la-entrada-de-ica-en-tren-maya\\\/#primaryimage\"},\"image\":{\"@id\":\"https:\\\/\\\/favorite-news.com\\\/mx\\\/analizan-la-entrada-de-ica-en-tren-maya\\\/#primaryimage\"},\"thumbnailUrl\":\"https:\\\/\\\/favorite-news.com\\\/mx\\\/wp-content\\\/uploads\\\/sites\\\/8\\\/2019\\\/06\\\/Analizan-la-entrada-de-ICA-en-Tren-Maya.jpg\",\"datePublished\":\"2019-06-23T03:18:20+00:00\",\"dateModified\":\"2019-06-23T03:18:21+00:00\",\"author\":{\"@id\":\"https:\\\/\\\/favorite-news.com\\\/mx\\\/#\\\/schema\\\/person\\\/b91573b717dcfa5e4696032a9d28d3e8\"},\"breadcrumb\":{\"@id\":\"https:\\\/\\\/favorite-news.com\\\/mx\\\/analizan-la-entrada-de-ica-en-tren-maya\\\/#breadcrumb\"},\"inLanguage\":\"es\",\"potentialAction\":[{\"@type\":\"ReadAction\",\"target\":[\"https:\\\/\\\/favorite-news.com\\\/mx\\\/analizan-la-entrada-de-ica-en-tren-maya\\\/\"]}]},{\"@type\":\"ImageObject\",\"inLanguage\":\"es\",\"@id\":\"https:\\\/\\\/favorite-news.com\\\/mx\\\/analizan-la-entrada-de-ica-en-tren-maya\\\/#primaryimage\",\"url\":\"https:\\\/\\\/favorite-news.com\\\/mx\\\/wp-content\\\/uploads\\\/sites\\\/8\\\/2019\\\/06\\\/Analizan-la-entrada-de-ICA-en-Tren-Maya.jpg\",\"contentUrl\":\"https:\\\/\\\/favorite-news.com\\\/mx\\\/wp-content\\\/uploads\\\/sites\\\/8\\\/2019\\\/06\\\/Analizan-la-entrada-de-ICA-en-Tren-Maya.jpg\",\"width\":1140,\"height\":712,\"caption\":\"Analizan la entrada de ICA en Tren Maya\"},{\"@type\":\"BreadcrumbList\",\"@id\":\"https:\\\/\\\/favorite-news.com\\\/mx\\\/analizan-la-entrada-de-ica-en-tren-maya\\\/#breadcrumb\",\"itemListElement\":[{\"@type\":\"ListItem\",\"position\":1,\"name\":\"\u0413\u043b\u0430\u0432\u043d\u0430\u044f \u0441\u0442\u0440\u0430\u043d\u0438\u0446\u0430\",\"item\":\"https:\\\/\\\/favorite-news.com\\\/mx\\\/\"},{\"@type\":\"ListItem\",\"position\":2,\"name\":\"Analizan la entrada de ICA en Tren Maya\"}]},{\"@type\":\"WebSite\",\"@id\":\"https:\\\/\\\/favorite-news.com\\\/mx\\\/#website\",\"url\":\"https:\\\/\\\/favorite-news.com\\\/mx\\\/\",\"name\":\"Favorite News\",\"description\":\"Favorite News Mexico\",\"potentialAction\":[{\"@type\":\"SearchAction\",\"target\":{\"@type\":\"EntryPoint\",\"urlTemplate\":\"https:\\\/\\\/favorite-news.com\\\/mx\\\/?s={search_term_string}\"},\"query-input\":{\"@type\":\"PropertyValueSpecification\",\"valueRequired\":true,\"valueName\":\"search_term_string\"}}],\"inLanguage\":\"es\"},{\"@type\":\"Person\",\"@id\":\"https:\\\/\\\/favorite-news.com\\\/mx\\\/#\\\/schema\\\/person\\\/b91573b717dcfa5e4696032a9d28d3e8\",\"name\":\"favorite-news\",\"image\":{\"@type\":\"ImageObject\",\"inLanguage\":\"es\",\"@id\":\"https:\\\/\\\/secure.gravatar.com\\\/avatar\\\/6c5a5cb12b74e9d517ee91cf570335b7d16177f1977cc91db161adfa435945a7?s=96&d=mm&r=g\",\"url\":\"https:\\\/\\\/secure.gravatar.com\\\/avatar\\\/6c5a5cb12b74e9d517ee91cf570335b7d16177f1977cc91db161adfa435945a7?s=96&d=mm&r=g\",\"contentUrl\":\"https:\\\/\\\/secure.gravatar.com\\\/avatar\\\/6c5a5cb12b74e9d517ee91cf570335b7d16177f1977cc91db161adfa435945a7?s=96&d=mm&r=g\",\"caption\":\"favorite-news\"},\"url\":\"https:\\\/\\\/favorite-news.com\\\/mx\\\/author\\\/pt\\\/\"}]}<\/script>\n<!-- \/ Yoast SEO plugin. -->","yoast_head_json":{"title":"Analizan la entrada de ICA en Tren Maya - Favorite News","robots":{"index":"index","follow":"follow","max-snippet":"max-snippet:-1","max-image-preview":"max-image-preview:large","max-video-preview":"max-video-preview:-1"},"canonical":"https:\/\/favorite-news.com\/mx\/analizan-la-entrada-de-ica-en-tren-maya\/","og_locale":"es_MX","og_type":"article","og_title":"Analizan la entrada de ICA en Tren Maya - Favorite News","og_description":"[ad_1] Tras modificarse un tramo del Tren Maya en Quintana Roo, el Fondo Nacional de Fomento al Turismo (Fonatur) analiza la participaci\u00f3n de la constructora ICA en unos 80 kil\u00f3metros. El director general del organismo, Rogelio Jim\u00e9nez Pons, dijo que la empresa tiene concesionado un tramo de m\u00e1s de 200 kil\u00f3metros de la autopista, de [&hellip;]","og_url":"https:\/\/favorite-news.com\/mx\/analizan-la-entrada-de-ica-en-tren-maya\/","og_site_name":"Favorite News","article_published_time":"2019-06-23T03:18:20+00:00","article_modified_time":"2019-06-23T03:18:21+00:00","og_image":[{"width":1140,"height":712,"url":"https:\/\/favorite-news.com\/mx\/wp-content\/uploads\/sites\/8\/2019\/06\/Analizan-la-entrada-de-ICA-en-Tren-Maya.jpg","type":"image\/jpeg"}],"author":"favorite-news","twitter_card":"summary_large_image","twitter_misc":{"Escrito por":"favorite-news","Tiempo de lectura":"1 minuto"},"schema":{"@context":"https:\/\/schema.org","@graph":[{"@type":"Article","@id":"https:\/\/favorite-news.com\/mx\/analizan-la-entrada-de-ica-en-tren-maya\/#article","isPartOf":{"@id":"https:\/\/favorite-news.com\/mx\/analizan-la-entrada-de-ica-en-tren-maya\/"},"author":{"name":"favorite-news","@id":"https:\/\/favorite-news.com\/mx\/#\/schema\/person\/b91573b717dcfa5e4696032a9d28d3e8"},"headline":"Analizan la entrada de ICA en Tren Maya","datePublished":"2019-06-23T03:18:20+00:00","dateModified":"2019-06-23T03:18:21+00:00","mainEntityOfPage":{"@id":"https:\/\/favorite-news.com\/mx\/analizan-la-entrada-de-ica-en-tren-maya\/"},"wordCount":229,"commentCount":0,"image":{"@id":"https:\/\/favorite-news.com\/mx\/analizan-la-entrada-de-ica-en-tren-maya\/#primaryimage"},"thumbnailUrl":"https:\/\/favorite-news.com\/mx\/wp-content\/uploads\/sites\/8\/2019\/06\/Analizan-la-entrada-de-ICA-en-Tren-Maya.jpg","articleSection":["NOTICIAS FINANCIERAS"],"inLanguage":"es","potentialAction":[{"@type":"CommentAction","name":"Comment","target":["https:\/\/favorite-news.com\/mx\/analizan-la-entrada-de-ica-en-tren-maya\/#respond"]}]},{"@type":"WebPage","@id":"https:\/\/favorite-news.com\/mx\/analizan-la-entrada-de-ica-en-tren-maya\/","url":"https:\/\/favorite-news.com\/mx\/analizan-la-entrada-de-ica-en-tren-maya\/","name":"Analizan la entrada de ICA en Tren Maya - Favorite News","isPartOf":{"@id":"https:\/\/favorite-news.com\/mx\/#website"},"primaryImageOfPage":{"@id":"https:\/\/favorite-news.com\/mx\/analizan-la-entrada-de-ica-en-tren-maya\/#primaryimage"},"image":{"@id":"https:\/\/favorite-news.com\/mx\/analizan-la-entrada-de-ica-en-tren-maya\/#primaryimage"},"thumbnailUrl":"https:\/\/favorite-news.com\/mx\/wp-content\/uploads\/sites\/8\/2019\/06\/Analizan-la-entrada-de-ICA-en-Tren-Maya.jpg","datePublished":"2019-06-23T03:18:20+00:00","dateModified":"2019-06-23T03:18:21+00:00","author":{"@id":"https:\/\/favorite-news.com\/mx\/#\/schema\/person\/b91573b717dcfa5e4696032a9d28d3e8"},"breadcrumb":{"@id":"https:\/\/favorite-news.com\/mx\/analizan-la-entrada-de-ica-en-tren-maya\/#breadcrumb"},"inLanguage":"es","potentialAction":[{"@type":"ReadAction","target":["https:\/\/favorite-news.com\/mx\/analizan-la-entrada-de-ica-en-tren-maya\/"]}]},{"@type":"ImageObject","inLanguage":"es","@id":"https:\/\/favorite-news.com\/mx\/analizan-la-entrada-de-ica-en-tren-maya\/#primaryimage","url":"https:\/\/favorite-news.com\/mx\/wp-content\/uploads\/sites\/8\/2019\/06\/Analizan-la-entrada-de-ICA-en-Tren-Maya.jpg","contentUrl":"https:\/\/favorite-news.com\/mx\/wp-content\/uploads\/sites\/8\/2019\/06\/Analizan-la-entrada-de-ICA-en-Tren-Maya.jpg","width":1140,"height":712,"caption":"Analizan la entrada de ICA en Tren Maya"},{"@type":"BreadcrumbList","@id":"https:\/\/favorite-news.com\/mx\/analizan-la-entrada-de-ica-en-tren-maya\/#breadcrumb","itemListElement":[{"@type":"ListItem","position":1,"name":"\u0413\u043b\u0430\u0432\u043d\u0430\u044f \u0441\u0442\u0440\u0430\u043d\u0438\u0446\u0430","item":"https:\/\/favorite-news.com\/mx\/"},{"@type":"ListItem","position":2,"name":"Analizan la entrada de ICA en Tren Maya"}]},{"@type":"WebSite","@id":"https:\/\/favorite-news.com\/mx\/#website","url":"https:\/\/favorite-news.com\/mx\/","name":"Favorite News","description":"Favorite News Mexico","potentialAction":[{"@type":"SearchAction","target":{"@type":"EntryPoint","urlTemplate":"https:\/\/favorite-news.com\/mx\/?s={search_term_string}"},"query-input":{"@type":"PropertyValueSpecification","valueRequired":true,"valueName":"search_term_string"}}],"inLanguage":"es"},{"@type":"Person","@id":"https:\/\/favorite-news.com\/mx\/#\/schema\/person\/b91573b717dcfa5e4696032a9d28d3e8","name":"favorite-news","image":{"@type":"ImageObject","inLanguage":"es","@id":"https:\/\/secure.gravatar.com\/avatar\/6c5a5cb12b74e9d517ee91cf570335b7d16177f1977cc91db161adfa435945a7?s=96&d=mm&r=g","url":"https:\/\/secure.gravatar.com\/avatar\/6c5a5cb12b74e9d517ee91cf570335b7d16177f1977cc91db161adfa435945a7?s=96&d=mm&r=g","contentUrl":"https:\/\/secure.gravatar.com\/avatar\/6c5a5cb12b74e9d517ee91cf570335b7d16177f1977cc91db161adfa435945a7?s=96&d=mm&r=g","caption":"favorite-news"},"url":"https:\/\/favorite-news.com\/mx\/author\/pt\/"}]}},"_links":{"self":[{"href":"https:\/\/favorite-news.com\/mx\/wp-json\/wp\/v2\/posts\/1658","targetHints":{"allow":["GET"]}}],"collection":[{"href":"https:\/\/favorite-news.com\/mx\/wp-json\/wp\/v2\/posts"}],"about":[{"href":"https:\/\/favorite-news.com\/mx\/wp-json\/wp\/v2\/types\/post"}],"author":[{"embeddable":true,"href":"https:\/\/favorite-news.com\/mx\/wp-json\/wp\/v2\/users\/2"}],"replies":[{"embeddable":true,"href":"https:\/\/favorite-news.com\/mx\/wp-json\/wp\/v2\/comments?post=1658"}],"version-history":[{"count":1,"href":"https:\/\/favorite-news.com\/mx\/wp-json\/wp\/v2\/posts\/1658\/revisions"}],"predecessor-version":[{"id":1660,"href":"https:\/\/favorite-news.com\/mx\/wp-json\/wp\/v2\/posts\/1658\/revisions\/1660"}],"wp:featuredmedia":[{"embeddable":true,"href":"https:\/\/favorite-news.com\/mx\/wp-json\/wp\/v2\/media\/1659"}],"wp:attachment":[{"href":"https:\/\/favorite-news.com\/mx\/wp-json\/wp\/v2\/media?parent=1658"}],"wp:term":[{"taxonomy":"category","embeddable":true,"href":"https:\/\/favorite-news.com\/mx\/wp-json\/wp\/v2\/categories?post=1658"},{"taxonomy":"post_tag","embeddable":true,"href":"https:\/\/favorite-news.com\/mx\/wp-json\/wp\/v2\/tags?post=1658"}],"curies":[{"name":"wp","href":"https:\/\/api.w.org\/{rel}","templated":true}]}}