{"id":1654,"date":"2019-06-23T02:33:18","date_gmt":"2019-06-22T23:33:18","guid":{"rendered":"https:\/\/favorite-news.com\/mx\/la-debil-gobernanza-pego-a-nota-nacional-james-mccormack\/"},"modified":"2019-06-23T02:33:19","modified_gmt":"2019-06-22T23:33:19","slug":"la-debil-gobernanza-pego-a-nota-nacional-james-mccormack","status":"publish","type":"post","link":"https:\/\/favorite-news.com\/mx\/la-debil-gobernanza-pego-a-nota-nacional-james-mccormack\/","title":{"rendered":"La d\u00e9bil gobernanza peg\u00f3 a nota nacional: James McCormack"},"content":{"rendered":"<p> [ad_1]<br \/>\n<\/p>\n<div id=\"content-body-226-3784054\">\n<p>La baja en la calidad crediticia de M\u00e9xico, aplicada por Fitch, fue consecuencia de la debilidad del gobierno federal, indic\u00f3 el jefe de Notas Soberanas de la agencia, James McCormack. <\/p>\n<p>Durante el foro Inversi\u00f3n, Crecimiento y Disciplina Fiscal en M\u00e9xico, el directivo destac\u00f3 que el pa\u00eds tiene solidez macroecon\u00f3mica e incluso confianza de financiamiento exterior, pero el indicador de gobernanza, considerado dentro del an\u00e1lisis de la nota soberana, fue el que provoc\u00f3 la disminuci\u00f3n en la calificaci\u00f3n crediticia.<\/p>\n<h4\/>\n<p>\u201cLa gobernanza se ve baja y d\u00e9bil y no parece ir mejorando, a lo mejor va a mejorar con la nueva administraci\u00f3n, pero con los n\u00fameros que hemos visto no ha habido mejora\u201d, sostuvo. <\/p>\n<p>El pasado 5 de junio, la calificadora recort\u00f3 la nota de deuda soberana de M\u00e9xico a largo plazo a &#8220;BBB&#8221; desde &#8220;BBB+&#8221;, decisi\u00f3n justificada tambi\u00e9n por un mayor riesgo para el pa\u00eds agravado a partir de las amenazas externas ante las tensiones comerciales. <\/p>\n<p>McCormack indic\u00f3 que la firma internacional no est\u00e1 \u201cesperando cambiar esta calificaci\u00f3n pronto\u201d, porque desconf\u00edan de que la administraci\u00f3n federal mejore la situaci\u00f3n del pa\u00eds. <\/p>\n<p>\u201cSi crey\u00e9ramos que el nuevo gobierno va a tomar estos temas y darle un cauce diferente, podr\u00edamos ajustar los n\u00fameros, pero no estamos 100 por ciento confiados\u201d, coment\u00f3. <\/p>\n<p>El directivo destac\u00f3 que hay dos factores que pueden cambiar la calificaci\u00f3n de M\u00e9xico en el mediano plazo. En sentido positivo, destac\u00f3 el fuerte marco macroecon\u00f3mico del pa\u00eds. El factor negativo es el impacto de la deuda de Pemex en las finanzas p\u00fablicas. <\/p>\n<p>Previamente, el subsecretario de Hacienda, Arturo Herrera, inform\u00f3 que el gobierno tiene 280 mil millones de pesos en el Fondo de Estabilizaci\u00f3n de los Ingresos Presupuestarios, recursos suficientes para paliar la peor crisis, aunque reconoci\u00f3 que faltan reglas para ejercerlos. Estos recursos son suficientes para soportar una ca\u00edda de cinco por ciento de la econom\u00eda, lo significar\u00eda una disminuci\u00f3n en los ingresos del gobierno equivalente a un punto porcentual del PIB. <\/p>\n<p>Herrera admiti\u00f3 que aunque se tiene este fondo hace falta una pol\u00edtica contrac\u00edclica que permita utilizar estos recursos en una crisis y no s\u00f3lo cuando disminuyan los ingresos del gobierno.<\/p>\n<\/div>\n<p><script>(function(d, s, id) {\nvar js, fjs = d.getElementsByTagName(s)[0];\nif (d.getElementById(id)) return;\njs = d.createElement(s); js.id = id;\njs.src = 'https:\/\/connect.facebook.net\/es_LA\/sdk.js#xfbml=1&version=v3.2&appId=641196362757391&autoLogAppEvents=1';\nfjs.parentNode.insertBefore(js, fjs);\n}(document, 'script', 'facebook-jssdk'));\n<\/script><br \/>\n<br \/>[ad_2]<br \/>\n<br \/><a href=\"https:\/\/www.elsoldemexico.com.mx\/finanzas\/la-debil-gobernanza-pego-a-nota-nacional-james-mccormack-3784054.html\">Source link <\/a><\/p>\n","protected":false},"excerpt":{"rendered":"<p>[ad_1] La baja en la calidad crediticia de M\u00e9xico, aplicada por Fitch, fue consecuencia de la debilidad del gobierno federal, indic\u00f3 el jefe de Notas Soberanas de la agencia, James McCormack. Durante el foro Inversi\u00f3n, Crecimiento y Disciplina Fiscal en M\u00e9xico, el directivo destac\u00f3 que el pa\u00eds tiene solidez macroecon\u00f3mica e incluso confianza de financiamiento [&hellip;]<\/p>\n","protected":false},"author":2,"featured_media":1655,"comment_status":"open","ping_status":"open","sticky":false,"template":"","format":"standard","meta":{"footnotes":""},"categories":[1],"tags":[],"class_list":["post-1654","post","type-post","status-publish","format-standard","has-post-thumbnail","hentry","category-noticias-financieras"],"yoast_head":"<!-- This site is optimized with the Yoast SEO plugin v27.4 - https:\/\/yoast.com\/product\/yoast-seo-wordpress\/ -->\n<title>La d\u00e9bil gobernanza peg\u00f3 a nota nacional: James McCormack - Favorite News<\/title>\n<meta name=\"robots\" content=\"index, follow, max-snippet:-1, max-image-preview:large, max-video-preview:-1\" \/>\n<link rel=\"canonical\" href=\"https:\/\/favorite-news.com\/mx\/la-debil-gobernanza-pego-a-nota-nacional-james-mccormack\/\" \/>\n<meta property=\"og:locale\" content=\"es_MX\" \/>\n<meta property=\"og:type\" content=\"article\" \/>\n<meta property=\"og:title\" content=\"La d\u00e9bil gobernanza peg\u00f3 a nota nacional: James McCormack - Favorite News\" \/>\n<meta property=\"og:description\" content=\"[ad_1] La baja en la calidad crediticia de M\u00e9xico, aplicada por Fitch, fue consecuencia de la debilidad del gobierno federal, indic\u00f3 el jefe de Notas Soberanas de la agencia, James McCormack. Durante el foro Inversi\u00f3n, Crecimiento y Disciplina Fiscal en M\u00e9xico, el directivo destac\u00f3 que el pa\u00eds tiene solidez macroecon\u00f3mica e incluso confianza de financiamiento [&hellip;]\" \/>\n<meta property=\"og:url\" content=\"https:\/\/favorite-news.com\/mx\/la-debil-gobernanza-pego-a-nota-nacional-james-mccormack\/\" \/>\n<meta property=\"og:site_name\" content=\"Favorite News\" \/>\n<meta property=\"article:published_time\" content=\"2019-06-22T23:33:18+00:00\" \/>\n<meta property=\"article:modified_time\" content=\"2019-06-22T23:33:19+00:00\" \/>\n<meta property=\"og:image\" content=\"https:\/\/favorite-news.com\/mx\/wp-content\/uploads\/sites\/8\/2019\/06\/La-d\u00e9bil-gobernanza-peg\u00f3-a-nota-nacional-James-McCormack.jpg\" \/>\n\t<meta property=\"og:image:width\" content=\"1140\" \/>\n\t<meta property=\"og:image:height\" content=\"712\" \/>\n\t<meta property=\"og:image:type\" content=\"image\/jpeg\" \/>\n<meta name=\"author\" content=\"favorite-news\" \/>\n<meta name=\"twitter:card\" content=\"summary_large_image\" \/>\n<meta name=\"twitter:label1\" content=\"Escrito por\" \/>\n\t<meta name=\"twitter:data1\" content=\"favorite-news\" \/>\n\t<meta name=\"twitter:label2\" content=\"Tiempo de lectura\" \/>\n\t<meta name=\"twitter:data2\" content=\"2 minutos\" \/>\n<script type=\"application\/ld+json\" class=\"yoast-schema-graph\">{\"@context\":\"https:\\\/\\\/schema.org\",\"@graph\":[{\"@type\":\"Article\",\"@id\":\"https:\\\/\\\/favorite-news.com\\\/mx\\\/la-debil-gobernanza-pego-a-nota-nacional-james-mccormack\\\/#article\",\"isPartOf\":{\"@id\":\"https:\\\/\\\/favorite-news.com\\\/mx\\\/la-debil-gobernanza-pego-a-nota-nacional-james-mccormack\\\/\"},\"author\":{\"name\":\"favorite-news\",\"@id\":\"https:\\\/\\\/favorite-news.com\\\/mx\\\/#\\\/schema\\\/person\\\/b91573b717dcfa5e4696032a9d28d3e8\"},\"headline\":\"La d\u00e9bil gobernanza peg\u00f3 a nota nacional: James McCormack\",\"datePublished\":\"2019-06-22T23:33:18+00:00\",\"dateModified\":\"2019-06-22T23:33:19+00:00\",\"mainEntityOfPage\":{\"@id\":\"https:\\\/\\\/favorite-news.com\\\/mx\\\/la-debil-gobernanza-pego-a-nota-nacional-james-mccormack\\\/\"},\"wordCount\":399,\"commentCount\":0,\"image\":{\"@id\":\"https:\\\/\\\/favorite-news.com\\\/mx\\\/la-debil-gobernanza-pego-a-nota-nacional-james-mccormack\\\/#primaryimage\"},\"thumbnailUrl\":\"https:\\\/\\\/favorite-news.com\\\/mx\\\/wp-content\\\/uploads\\\/sites\\\/8\\\/2019\\\/06\\\/La-d\u00e9bil-gobernanza-peg\u00f3-a-nota-nacional-James-McCormack.jpg\",\"articleSection\":[\"NOTICIAS FINANCIERAS\"],\"inLanguage\":\"es\",\"potentialAction\":[{\"@type\":\"CommentAction\",\"name\":\"Comment\",\"target\":[\"https:\\\/\\\/favorite-news.com\\\/mx\\\/la-debil-gobernanza-pego-a-nota-nacional-james-mccormack\\\/#respond\"]}]},{\"@type\":\"WebPage\",\"@id\":\"https:\\\/\\\/favorite-news.com\\\/mx\\\/la-debil-gobernanza-pego-a-nota-nacional-james-mccormack\\\/\",\"url\":\"https:\\\/\\\/favorite-news.com\\\/mx\\\/la-debil-gobernanza-pego-a-nota-nacional-james-mccormack\\\/\",\"name\":\"La d\u00e9bil gobernanza peg\u00f3 a nota nacional: James McCormack - Favorite News\",\"isPartOf\":{\"@id\":\"https:\\\/\\\/favorite-news.com\\\/mx\\\/#website\"},\"primaryImageOfPage\":{\"@id\":\"https:\\\/\\\/favorite-news.com\\\/mx\\\/la-debil-gobernanza-pego-a-nota-nacional-james-mccormack\\\/#primaryimage\"},\"image\":{\"@id\":\"https:\\\/\\\/favorite-news.com\\\/mx\\\/la-debil-gobernanza-pego-a-nota-nacional-james-mccormack\\\/#primaryimage\"},\"thumbnailUrl\":\"https:\\\/\\\/favorite-news.com\\\/mx\\\/wp-content\\\/uploads\\\/sites\\\/8\\\/2019\\\/06\\\/La-d\u00e9bil-gobernanza-peg\u00f3-a-nota-nacional-James-McCormack.jpg\",\"datePublished\":\"2019-06-22T23:33:18+00:00\",\"dateModified\":\"2019-06-22T23:33:19+00:00\",\"author\":{\"@id\":\"https:\\\/\\\/favorite-news.com\\\/mx\\\/#\\\/schema\\\/person\\\/b91573b717dcfa5e4696032a9d28d3e8\"},\"breadcrumb\":{\"@id\":\"https:\\\/\\\/favorite-news.com\\\/mx\\\/la-debil-gobernanza-pego-a-nota-nacional-james-mccormack\\\/#breadcrumb\"},\"inLanguage\":\"es\",\"potentialAction\":[{\"@type\":\"ReadAction\",\"target\":[\"https:\\\/\\\/favorite-news.com\\\/mx\\\/la-debil-gobernanza-pego-a-nota-nacional-james-mccormack\\\/\"]}]},{\"@type\":\"ImageObject\",\"inLanguage\":\"es\",\"@id\":\"https:\\\/\\\/favorite-news.com\\\/mx\\\/la-debil-gobernanza-pego-a-nota-nacional-james-mccormack\\\/#primaryimage\",\"url\":\"https:\\\/\\\/favorite-news.com\\\/mx\\\/wp-content\\\/uploads\\\/sites\\\/8\\\/2019\\\/06\\\/La-d\u00e9bil-gobernanza-peg\u00f3-a-nota-nacional-James-McCormack.jpg\",\"contentUrl\":\"https:\\\/\\\/favorite-news.com\\\/mx\\\/wp-content\\\/uploads\\\/sites\\\/8\\\/2019\\\/06\\\/La-d\u00e9bil-gobernanza-peg\u00f3-a-nota-nacional-James-McCormack.jpg\",\"width\":1140,\"height\":712,\"caption\":\"La d\u00e9bil gobernanza peg\u00f3 a nota nacional: James McCormack\"},{\"@type\":\"BreadcrumbList\",\"@id\":\"https:\\\/\\\/favorite-news.com\\\/mx\\\/la-debil-gobernanza-pego-a-nota-nacional-james-mccormack\\\/#breadcrumb\",\"itemListElement\":[{\"@type\":\"ListItem\",\"position\":1,\"name\":\"\u0413\u043b\u0430\u0432\u043d\u0430\u044f \u0441\u0442\u0440\u0430\u043d\u0438\u0446\u0430\",\"item\":\"https:\\\/\\\/favorite-news.com\\\/mx\\\/\"},{\"@type\":\"ListItem\",\"position\":2,\"name\":\"La d\u00e9bil gobernanza peg\u00f3 a nota nacional: James McCormack\"}]},{\"@type\":\"WebSite\",\"@id\":\"https:\\\/\\\/favorite-news.com\\\/mx\\\/#website\",\"url\":\"https:\\\/\\\/favorite-news.com\\\/mx\\\/\",\"name\":\"Favorite News\",\"description\":\"Favorite News Mexico\",\"potentialAction\":[{\"@type\":\"SearchAction\",\"target\":{\"@type\":\"EntryPoint\",\"urlTemplate\":\"https:\\\/\\\/favorite-news.com\\\/mx\\\/?s={search_term_string}\"},\"query-input\":{\"@type\":\"PropertyValueSpecification\",\"valueRequired\":true,\"valueName\":\"search_term_string\"}}],\"inLanguage\":\"es\"},{\"@type\":\"Person\",\"@id\":\"https:\\\/\\\/favorite-news.com\\\/mx\\\/#\\\/schema\\\/person\\\/b91573b717dcfa5e4696032a9d28d3e8\",\"name\":\"favorite-news\",\"image\":{\"@type\":\"ImageObject\",\"inLanguage\":\"es\",\"@id\":\"https:\\\/\\\/secure.gravatar.com\\\/avatar\\\/6c5a5cb12b74e9d517ee91cf570335b7d16177f1977cc91db161adfa435945a7?s=96&d=mm&r=g\",\"url\":\"https:\\\/\\\/secure.gravatar.com\\\/avatar\\\/6c5a5cb12b74e9d517ee91cf570335b7d16177f1977cc91db161adfa435945a7?s=96&d=mm&r=g\",\"contentUrl\":\"https:\\\/\\\/secure.gravatar.com\\\/avatar\\\/6c5a5cb12b74e9d517ee91cf570335b7d16177f1977cc91db161adfa435945a7?s=96&d=mm&r=g\",\"caption\":\"favorite-news\"},\"url\":\"https:\\\/\\\/favorite-news.com\\\/mx\\\/author\\\/pt\\\/\"}]}<\/script>\n<!-- \/ Yoast SEO plugin. -->","yoast_head_json":{"title":"La d\u00e9bil gobernanza peg\u00f3 a nota nacional: James McCormack - Favorite News","robots":{"index":"index","follow":"follow","max-snippet":"max-snippet:-1","max-image-preview":"max-image-preview:large","max-video-preview":"max-video-preview:-1"},"canonical":"https:\/\/favorite-news.com\/mx\/la-debil-gobernanza-pego-a-nota-nacional-james-mccormack\/","og_locale":"es_MX","og_type":"article","og_title":"La d\u00e9bil gobernanza peg\u00f3 a nota nacional: James McCormack - Favorite News","og_description":"[ad_1] La baja en la calidad crediticia de M\u00e9xico, aplicada por Fitch, fue consecuencia de la debilidad del gobierno federal, indic\u00f3 el jefe de Notas Soberanas de la agencia, James McCormack. Durante el foro Inversi\u00f3n, Crecimiento y Disciplina Fiscal en M\u00e9xico, el directivo destac\u00f3 que el pa\u00eds tiene solidez macroecon\u00f3mica e incluso confianza de financiamiento [&hellip;]","og_url":"https:\/\/favorite-news.com\/mx\/la-debil-gobernanza-pego-a-nota-nacional-james-mccormack\/","og_site_name":"Favorite News","article_published_time":"2019-06-22T23:33:18+00:00","article_modified_time":"2019-06-22T23:33:19+00:00","og_image":[{"width":1140,"height":712,"url":"https:\/\/favorite-news.com\/mx\/wp-content\/uploads\/sites\/8\/2019\/06\/La-d\u00e9bil-gobernanza-peg\u00f3-a-nota-nacional-James-McCormack.jpg","type":"image\/jpeg"}],"author":"favorite-news","twitter_card":"summary_large_image","twitter_misc":{"Escrito por":"favorite-news","Tiempo de lectura":"2 minutos"},"schema":{"@context":"https:\/\/schema.org","@graph":[{"@type":"Article","@id":"https:\/\/favorite-news.com\/mx\/la-debil-gobernanza-pego-a-nota-nacional-james-mccormack\/#article","isPartOf":{"@id":"https:\/\/favorite-news.com\/mx\/la-debil-gobernanza-pego-a-nota-nacional-james-mccormack\/"},"author":{"name":"favorite-news","@id":"https:\/\/favorite-news.com\/mx\/#\/schema\/person\/b91573b717dcfa5e4696032a9d28d3e8"},"headline":"La d\u00e9bil gobernanza peg\u00f3 a nota nacional: James McCormack","datePublished":"2019-06-22T23:33:18+00:00","dateModified":"2019-06-22T23:33:19+00:00","mainEntityOfPage":{"@id":"https:\/\/favorite-news.com\/mx\/la-debil-gobernanza-pego-a-nota-nacional-james-mccormack\/"},"wordCount":399,"commentCount":0,"image":{"@id":"https:\/\/favorite-news.com\/mx\/la-debil-gobernanza-pego-a-nota-nacional-james-mccormack\/#primaryimage"},"thumbnailUrl":"https:\/\/favorite-news.com\/mx\/wp-content\/uploads\/sites\/8\/2019\/06\/La-d\u00e9bil-gobernanza-peg\u00f3-a-nota-nacional-James-McCormack.jpg","articleSection":["NOTICIAS FINANCIERAS"],"inLanguage":"es","potentialAction":[{"@type":"CommentAction","name":"Comment","target":["https:\/\/favorite-news.com\/mx\/la-debil-gobernanza-pego-a-nota-nacional-james-mccormack\/#respond"]}]},{"@type":"WebPage","@id":"https:\/\/favorite-news.com\/mx\/la-debil-gobernanza-pego-a-nota-nacional-james-mccormack\/","url":"https:\/\/favorite-news.com\/mx\/la-debil-gobernanza-pego-a-nota-nacional-james-mccormack\/","name":"La d\u00e9bil gobernanza peg\u00f3 a nota nacional: James McCormack - Favorite News","isPartOf":{"@id":"https:\/\/favorite-news.com\/mx\/#website"},"primaryImageOfPage":{"@id":"https:\/\/favorite-news.com\/mx\/la-debil-gobernanza-pego-a-nota-nacional-james-mccormack\/#primaryimage"},"image":{"@id":"https:\/\/favorite-news.com\/mx\/la-debil-gobernanza-pego-a-nota-nacional-james-mccormack\/#primaryimage"},"thumbnailUrl":"https:\/\/favorite-news.com\/mx\/wp-content\/uploads\/sites\/8\/2019\/06\/La-d\u00e9bil-gobernanza-peg\u00f3-a-nota-nacional-James-McCormack.jpg","datePublished":"2019-06-22T23:33:18+00:00","dateModified":"2019-06-22T23:33:19+00:00","author":{"@id":"https:\/\/favorite-news.com\/mx\/#\/schema\/person\/b91573b717dcfa5e4696032a9d28d3e8"},"breadcrumb":{"@id":"https:\/\/favorite-news.com\/mx\/la-debil-gobernanza-pego-a-nota-nacional-james-mccormack\/#breadcrumb"},"inLanguage":"es","potentialAction":[{"@type":"ReadAction","target":["https:\/\/favorite-news.com\/mx\/la-debil-gobernanza-pego-a-nota-nacional-james-mccormack\/"]}]},{"@type":"ImageObject","inLanguage":"es","@id":"https:\/\/favorite-news.com\/mx\/la-debil-gobernanza-pego-a-nota-nacional-james-mccormack\/#primaryimage","url":"https:\/\/favorite-news.com\/mx\/wp-content\/uploads\/sites\/8\/2019\/06\/La-d\u00e9bil-gobernanza-peg\u00f3-a-nota-nacional-James-McCormack.jpg","contentUrl":"https:\/\/favorite-news.com\/mx\/wp-content\/uploads\/sites\/8\/2019\/06\/La-d\u00e9bil-gobernanza-peg\u00f3-a-nota-nacional-James-McCormack.jpg","width":1140,"height":712,"caption":"La d\u00e9bil gobernanza peg\u00f3 a nota nacional: James McCormack"},{"@type":"BreadcrumbList","@id":"https:\/\/favorite-news.com\/mx\/la-debil-gobernanza-pego-a-nota-nacional-james-mccormack\/#breadcrumb","itemListElement":[{"@type":"ListItem","position":1,"name":"\u0413\u043b\u0430\u0432\u043d\u0430\u044f \u0441\u0442\u0440\u0430\u043d\u0438\u0446\u0430","item":"https:\/\/favorite-news.com\/mx\/"},{"@type":"ListItem","position":2,"name":"La d\u00e9bil gobernanza peg\u00f3 a nota nacional: James McCormack"}]},{"@type":"WebSite","@id":"https:\/\/favorite-news.com\/mx\/#website","url":"https:\/\/favorite-news.com\/mx\/","name":"Favorite News","description":"Favorite News Mexico","potentialAction":[{"@type":"SearchAction","target":{"@type":"EntryPoint","urlTemplate":"https:\/\/favorite-news.com\/mx\/?s={search_term_string}"},"query-input":{"@type":"PropertyValueSpecification","valueRequired":true,"valueName":"search_term_string"}}],"inLanguage":"es"},{"@type":"Person","@id":"https:\/\/favorite-news.com\/mx\/#\/schema\/person\/b91573b717dcfa5e4696032a9d28d3e8","name":"favorite-news","image":{"@type":"ImageObject","inLanguage":"es","@id":"https:\/\/secure.gravatar.com\/avatar\/6c5a5cb12b74e9d517ee91cf570335b7d16177f1977cc91db161adfa435945a7?s=96&d=mm&r=g","url":"https:\/\/secure.gravatar.com\/avatar\/6c5a5cb12b74e9d517ee91cf570335b7d16177f1977cc91db161adfa435945a7?s=96&d=mm&r=g","contentUrl":"https:\/\/secure.gravatar.com\/avatar\/6c5a5cb12b74e9d517ee91cf570335b7d16177f1977cc91db161adfa435945a7?s=96&d=mm&r=g","caption":"favorite-news"},"url":"https:\/\/favorite-news.com\/mx\/author\/pt\/"}]}},"_links":{"self":[{"href":"https:\/\/favorite-news.com\/mx\/wp-json\/wp\/v2\/posts\/1654","targetHints":{"allow":["GET"]}}],"collection":[{"href":"https:\/\/favorite-news.com\/mx\/wp-json\/wp\/v2\/posts"}],"about":[{"href":"https:\/\/favorite-news.com\/mx\/wp-json\/wp\/v2\/types\/post"}],"author":[{"embeddable":true,"href":"https:\/\/favorite-news.com\/mx\/wp-json\/wp\/v2\/users\/2"}],"replies":[{"embeddable":true,"href":"https:\/\/favorite-news.com\/mx\/wp-json\/wp\/v2\/comments?post=1654"}],"version-history":[{"count":1,"href":"https:\/\/favorite-news.com\/mx\/wp-json\/wp\/v2\/posts\/1654\/revisions"}],"predecessor-version":[{"id":1656,"href":"https:\/\/favorite-news.com\/mx\/wp-json\/wp\/v2\/posts\/1654\/revisions\/1656"}],"wp:featuredmedia":[{"embeddable":true,"href":"https:\/\/favorite-news.com\/mx\/wp-json\/wp\/v2\/media\/1655"}],"wp:attachment":[{"href":"https:\/\/favorite-news.com\/mx\/wp-json\/wp\/v2\/media?parent=1654"}],"wp:term":[{"taxonomy":"category","embeddable":true,"href":"https:\/\/favorite-news.com\/mx\/wp-json\/wp\/v2\/categories?post=1654"},{"taxonomy":"post_tag","embeddable":true,"href":"https:\/\/favorite-news.com\/mx\/wp-json\/wp\/v2\/tags?post=1654"}],"curies":[{"name":"wp","href":"https:\/\/api.w.org\/{rel}","templated":true}]}}