{"id":1642,"date":"2019-06-22T19:18:03","date_gmt":"2019-06-22T16:18:03","guid":{"rendered":"https:\/\/favorite-news.com\/mx\/amlo-deja-atras-promesa-de-crecer-2-este-ano\/"},"modified":"2019-06-22T19:18:04","modified_gmt":"2019-06-22T16:18:04","slug":"amlo-deja-atras-promesa-de-crecer-2-este-ano","status":"publish","type":"post","link":"https:\/\/favorite-news.com\/mx\/amlo-deja-atras-promesa-de-crecer-2-este-ano\/","title":{"rendered":"AMLO deja atr\u00e1s promesa de crecer 2% este a\u00f1o"},"content":{"rendered":"<p> [ad_1]<br \/>\n<\/p>\n<div id=\"content-body-226-3798673\">\n<p>La econom\u00eda mexicana va a crecer a pesar de la disminuci\u00f3n en las proyecciones sobre el desempe\u00f1o del Producto Interno Bruto (PIB), aunque el alza ser\u00e1 \u201cpoca\u201d, reconoci\u00f3 ayer el presidente de M\u00e9xico, Andr\u00e9s Manuel L\u00f3pez Obrador, en su conferencia matutina. Al mismo tiempo, el Inegi se\u00f1al\u00f3 que el consumo gubernamental se contrajo 1.3 por ciento anual en el primer trimestre, su baja m\u00e1s importante desde 2013.<\/p>\n<p>\u201cYo creo que vamos a crecer a\u00fan con la disminuci\u00f3n en las proyecciones, aceptando sin conceder, como dicen los abogados, que eso sea as\u00ed al final del a\u00f1o. Estamos hablando de crecimiento, poco, pero crecimiento, no es decrecimiento\u201d, mencion\u00f3 el presidente en su conferencia matutina de ayer en Palacio Nacional, donde descart\u00f3 una recesi\u00f3n.<\/p>\n<h4><b>M\u00e9xico invertir\u00e1 30 mdd para programa &#8220;Sembrando Vida&#8221; en El Salvador <\/b><\/h4>\n<p>El jueves pasado, el consenso de la Encuesta de Expectativas Econ\u00f3micas de Citibanamex, que integra la perspectiva de 23 instituciones financieras, puso la previsi\u00f3n del alza del Producto Interno Bruto en 1.2 por ciento, desde 1.3 por ciento del ejercicio previo, realizado dos semanas antes y su tercera baja consecutiva.<\/p>\n<p>Dentro de los pron\u00f3sticos de la encuesta, la peor baja fue precisamente la de Citibanamex, que prev\u00e9 un repunte de 0.9 por ciento para este a\u00f1o, el segundo peor pron\u00f3stico entre el sector privado.<\/p>\n<p>El banco argument\u00f3 que este cambio en la perspectiva es consecuencia de las amenazas que hizo el presidente de Estados Unidos, Donald Trump, a finales de mayo, cuando advirti\u00f3 que impondr\u00eda una tasa de cinco por ciento a todas las exportaciones mexicanas si el pa\u00eds no reduc\u00eda el flujo migratorio, pues acciones como esta, detall\u00f3 la instituci\u00f3n financiera, eliminan la certidumbre sobre el respeto de Washington a los acuerdos comerciales.<\/p>\n<p>Citibanamex a\u00f1adi\u00f3 que la ratificaci\u00f3n del Tratado M\u00e9xico-Estados Unidos-Canad\u00e1 (TMEC), que realiz\u00f3 el Senado mexicano el mi\u00e9rcoles pasado y que est\u00e1 en tr\u00e1mite de confirmaci\u00f3n en los congresos de los otros dos socios, es bienvenida, pero incluso la aprobaci\u00f3n final del pacto no es una \u201cgarant\u00eda antibalas de que es la \u00faltima vez que escuchamos de amenazas arancelarias en Norteam\u00e9rica\u201d.<\/p>\n<p>S\u00f3lo Bank Of America Merril Lynch y la empresa de asesor\u00eda financiera Evercore ISI M\u00e9xico tienen un pron\u00f3stico m\u00e1s bajo que el de Citibanamex, pues esperan que la econom\u00eda se expanda 0.7 por ciento en 2019.<\/p>\n<p>Pese a este panorama, el presidente insisti\u00f3 ayer en Palacio Nacional en que el pa\u00eds \u201cva muy bien\u201d en materia econ\u00f3mica, aunque en esta ocasi\u00f3n no reiter\u00f3 la apuesta que hizo el 24 de mayo, cuando asegur\u00f3 que el PIB iba a crecer dos por ciento, pese a que las expectativas econ\u00f3micas son menores.<\/p>\n<p>\u201cS\u00f3lo comentar que, en el caso de la pregunta sobre la econom\u00eda, ya ven que soy perseverante, un poco, sigo sosteniendo que vamos muy bien en materia econ\u00f3mica. No est\u00e1n en eso mis preocupaciones, est\u00e1n en otros temas y en uno en particular, pero no es el tema econ\u00f3mico, la materia econ\u00f3mica lo que me preocupa y me ocupa, no es la econom\u00eda tanto.<\/p>\n<p>No, la econom\u00eda va bien y el 1 de julio voy a dar datos\u201d, afirm\u00f3 el mandatario, aunque a diferencia de otras ocasiones, no dio una cifra exacta de su expectativa.<\/p>\n<p>Desde su campa\u00f1a, el Presidente de M\u00e9xico ha mantenido la promesa de que durante su sexenio la econom\u00eda del pa\u00eds va a crecer cuatro por ciento en promedio; sin embargo, las expectativas para los primeros dos a\u00f1os de la administraci\u00f3n apuntan a un crecimiento menor a dos por ciento.<\/p>\n<p><b>ESTANCADO EL GASTO GUBERNAMENTAL<\/b><\/p>\n<p> Durante el primer trimestre del a\u00f1o la inversi\u00f3n nacional se contrajo 3.2 por ciento, su ca\u00edda m\u00e1s grande desde el tercer trimestre de 2013, seg\u00fan datos del Instituto Nacional de Estad\u00edstica y Geograf\u00eda (Inegi).<\/p>\n<p>Por sectores, la inversi\u00f3n p\u00fablica fue la que mostr\u00f3 una mayor contracci\u00f3n al disminuir 11.1 por ciento anual, mientras que la baja del gasto del sector privado fue de 2.1 por ciento, su mayor contracci\u00f3n en cinco a\u00f1os.<\/p>\n<p>La ca\u00edda en la inversi\u00f3n p\u00fablica fue acompa\u00f1ada por un menor consumo gubernamental.<\/p>\n<p>El Inegi detall\u00f3 que en los primeros tres meses del a\u00f1o la compra de bienes y servicios del sector p\u00fablico baj\u00f3 1.3 por ciento, el peor resultado desde el segundo trimestre de 2013.<\/p>\n<\/div>\n<p><script>(function(d, s, id) {\nvar js, fjs = d.getElementsByTagName(s)[0];\nif (d.getElementById(id)) return;\njs = d.createElement(s); js.id = id;\njs.src = 'https:\/\/connect.facebook.net\/es_LA\/sdk.js#xfbml=1&version=v3.2&appId=641196362757391&autoLogAppEvents=1';\nfjs.parentNode.insertBefore(js, fjs);\n}(document, 'script', 'facebook-jssdk'));\n<\/script><br \/>\n<br \/>[ad_2]<br \/>\n<br \/><a href=\"https:\/\/www.elsoldemexico.com.mx\/finanzas\/amlo-deja-atras-promesa-de-crecer-2-este-ano-3798673.html\">Source link <\/a><\/p>\n","protected":false},"excerpt":{"rendered":"<p>[ad_1] La econom\u00eda mexicana va a crecer a pesar de la disminuci\u00f3n en las proyecciones sobre el desempe\u00f1o del Producto Interno Bruto (PIB), aunque el alza ser\u00e1 \u201cpoca\u201d, reconoci\u00f3 ayer el presidente de M\u00e9xico, Andr\u00e9s Manuel L\u00f3pez Obrador, en su conferencia matutina. Al mismo tiempo, el Inegi se\u00f1al\u00f3 que el consumo gubernamental se contrajo 1.3 [&hellip;]<\/p>\n","protected":false},"author":2,"featured_media":1643,"comment_status":"open","ping_status":"open","sticky":false,"template":"","format":"standard","meta":{"footnotes":""},"categories":[1],"tags":[],"class_list":["post-1642","post","type-post","status-publish","format-standard","has-post-thumbnail","hentry","category-noticias-financieras"],"yoast_head":"<!-- This site is optimized with the Yoast SEO plugin v27.4 - https:\/\/yoast.com\/product\/yoast-seo-wordpress\/ -->\n<title>AMLO deja atr\u00e1s promesa de crecer 2% este a\u00f1o - Favorite News<\/title>\n<meta name=\"robots\" content=\"index, follow, max-snippet:-1, max-image-preview:large, max-video-preview:-1\" \/>\n<link rel=\"canonical\" href=\"https:\/\/favorite-news.com\/mx\/amlo-deja-atras-promesa-de-crecer-2-este-ano\/\" \/>\n<meta property=\"og:locale\" content=\"es_MX\" \/>\n<meta property=\"og:type\" content=\"article\" \/>\n<meta property=\"og:title\" content=\"AMLO deja atr\u00e1s promesa de crecer 2% este a\u00f1o - Favorite News\" \/>\n<meta property=\"og:description\" content=\"[ad_1] La econom\u00eda mexicana va a crecer a pesar de la disminuci\u00f3n en las proyecciones sobre el desempe\u00f1o del Producto Interno Bruto (PIB), aunque el alza ser\u00e1 \u201cpoca\u201d, reconoci\u00f3 ayer el presidente de M\u00e9xico, Andr\u00e9s Manuel L\u00f3pez Obrador, en su conferencia matutina. Al mismo tiempo, el Inegi se\u00f1al\u00f3 que el consumo gubernamental se contrajo 1.3 [&hellip;]\" \/>\n<meta property=\"og:url\" content=\"https:\/\/favorite-news.com\/mx\/amlo-deja-atras-promesa-de-crecer-2-este-ano\/\" \/>\n<meta property=\"og:site_name\" content=\"Favorite News\" \/>\n<meta property=\"article:published_time\" content=\"2019-06-22T16:18:03+00:00\" \/>\n<meta property=\"article:modified_time\" content=\"2019-06-22T16:18:04+00:00\" \/>\n<meta property=\"og:image\" content=\"https:\/\/favorite-news.com\/mx\/wp-content\/uploads\/sites\/8\/2019\/06\/AMLO-deja-atr\u00e1s-promesa-de-crecer-2-este-a\u00f1o.jpg\" \/>\n\t<meta property=\"og:image:width\" content=\"1140\" \/>\n\t<meta property=\"og:image:height\" content=\"712\" \/>\n\t<meta property=\"og:image:type\" content=\"image\/jpeg\" \/>\n<meta name=\"author\" content=\"favorite-news\" \/>\n<meta name=\"twitter:card\" content=\"summary_large_image\" \/>\n<meta name=\"twitter:label1\" content=\"Escrito por\" \/>\n\t<meta name=\"twitter:data1\" content=\"favorite-news\" \/>\n\t<meta name=\"twitter:label2\" content=\"Tiempo de lectura\" \/>\n\t<meta name=\"twitter:data2\" content=\"4 minutos\" \/>\n<script type=\"application\/ld+json\" class=\"yoast-schema-graph\">{\"@context\":\"https:\\\/\\\/schema.org\",\"@graph\":[{\"@type\":\"Article\",\"@id\":\"https:\\\/\\\/favorite-news.com\\\/mx\\\/amlo-deja-atras-promesa-de-crecer-2-este-ano\\\/#article\",\"isPartOf\":{\"@id\":\"https:\\\/\\\/favorite-news.com\\\/mx\\\/amlo-deja-atras-promesa-de-crecer-2-este-ano\\\/\"},\"author\":{\"name\":\"favorite-news\",\"@id\":\"https:\\\/\\\/favorite-news.com\\\/mx\\\/#\\\/schema\\\/person\\\/b91573b717dcfa5e4696032a9d28d3e8\"},\"headline\":\"AMLO deja atr\u00e1s promesa de crecer 2% este a\u00f1o\",\"datePublished\":\"2019-06-22T16:18:03+00:00\",\"dateModified\":\"2019-06-22T16:18:04+00:00\",\"mainEntityOfPage\":{\"@id\":\"https:\\\/\\\/favorite-news.com\\\/mx\\\/amlo-deja-atras-promesa-de-crecer-2-este-ano\\\/\"},\"wordCount\":773,\"commentCount\":0,\"image\":{\"@id\":\"https:\\\/\\\/favorite-news.com\\\/mx\\\/amlo-deja-atras-promesa-de-crecer-2-este-ano\\\/#primaryimage\"},\"thumbnailUrl\":\"https:\\\/\\\/favorite-news.com\\\/mx\\\/wp-content\\\/uploads\\\/sites\\\/8\\\/2019\\\/06\\\/AMLO-deja-atr\u00e1s-promesa-de-crecer-2-este-a\u00f1o.jpg\",\"articleSection\":[\"NOTICIAS FINANCIERAS\"],\"inLanguage\":\"es\",\"potentialAction\":[{\"@type\":\"CommentAction\",\"name\":\"Comment\",\"target\":[\"https:\\\/\\\/favorite-news.com\\\/mx\\\/amlo-deja-atras-promesa-de-crecer-2-este-ano\\\/#respond\"]}]},{\"@type\":\"WebPage\",\"@id\":\"https:\\\/\\\/favorite-news.com\\\/mx\\\/amlo-deja-atras-promesa-de-crecer-2-este-ano\\\/\",\"url\":\"https:\\\/\\\/favorite-news.com\\\/mx\\\/amlo-deja-atras-promesa-de-crecer-2-este-ano\\\/\",\"name\":\"AMLO deja atr\u00e1s promesa de crecer 2% este a\u00f1o - Favorite News\",\"isPartOf\":{\"@id\":\"https:\\\/\\\/favorite-news.com\\\/mx\\\/#website\"},\"primaryImageOfPage\":{\"@id\":\"https:\\\/\\\/favorite-news.com\\\/mx\\\/amlo-deja-atras-promesa-de-crecer-2-este-ano\\\/#primaryimage\"},\"image\":{\"@id\":\"https:\\\/\\\/favorite-news.com\\\/mx\\\/amlo-deja-atras-promesa-de-crecer-2-este-ano\\\/#primaryimage\"},\"thumbnailUrl\":\"https:\\\/\\\/favorite-news.com\\\/mx\\\/wp-content\\\/uploads\\\/sites\\\/8\\\/2019\\\/06\\\/AMLO-deja-atr\u00e1s-promesa-de-crecer-2-este-a\u00f1o.jpg\",\"datePublished\":\"2019-06-22T16:18:03+00:00\",\"dateModified\":\"2019-06-22T16:18:04+00:00\",\"author\":{\"@id\":\"https:\\\/\\\/favorite-news.com\\\/mx\\\/#\\\/schema\\\/person\\\/b91573b717dcfa5e4696032a9d28d3e8\"},\"breadcrumb\":{\"@id\":\"https:\\\/\\\/favorite-news.com\\\/mx\\\/amlo-deja-atras-promesa-de-crecer-2-este-ano\\\/#breadcrumb\"},\"inLanguage\":\"es\",\"potentialAction\":[{\"@type\":\"ReadAction\",\"target\":[\"https:\\\/\\\/favorite-news.com\\\/mx\\\/amlo-deja-atras-promesa-de-crecer-2-este-ano\\\/\"]}]},{\"@type\":\"ImageObject\",\"inLanguage\":\"es\",\"@id\":\"https:\\\/\\\/favorite-news.com\\\/mx\\\/amlo-deja-atras-promesa-de-crecer-2-este-ano\\\/#primaryimage\",\"url\":\"https:\\\/\\\/favorite-news.com\\\/mx\\\/wp-content\\\/uploads\\\/sites\\\/8\\\/2019\\\/06\\\/AMLO-deja-atr\u00e1s-promesa-de-crecer-2-este-a\u00f1o.jpg\",\"contentUrl\":\"https:\\\/\\\/favorite-news.com\\\/mx\\\/wp-content\\\/uploads\\\/sites\\\/8\\\/2019\\\/06\\\/AMLO-deja-atr\u00e1s-promesa-de-crecer-2-este-a\u00f1o.jpg\",\"width\":1140,\"height\":712,\"caption\":\"AMLO deja atr\u00e1s promesa de crecer 2% este a\u00f1o\"},{\"@type\":\"BreadcrumbList\",\"@id\":\"https:\\\/\\\/favorite-news.com\\\/mx\\\/amlo-deja-atras-promesa-de-crecer-2-este-ano\\\/#breadcrumb\",\"itemListElement\":[{\"@type\":\"ListItem\",\"position\":1,\"name\":\"\u0413\u043b\u0430\u0432\u043d\u0430\u044f \u0441\u0442\u0440\u0430\u043d\u0438\u0446\u0430\",\"item\":\"https:\\\/\\\/favorite-news.com\\\/mx\\\/\"},{\"@type\":\"ListItem\",\"position\":2,\"name\":\"AMLO deja atr\u00e1s promesa de crecer 2% este a\u00f1o\"}]},{\"@type\":\"WebSite\",\"@id\":\"https:\\\/\\\/favorite-news.com\\\/mx\\\/#website\",\"url\":\"https:\\\/\\\/favorite-news.com\\\/mx\\\/\",\"name\":\"Favorite News\",\"description\":\"Favorite News Mexico\",\"potentialAction\":[{\"@type\":\"SearchAction\",\"target\":{\"@type\":\"EntryPoint\",\"urlTemplate\":\"https:\\\/\\\/favorite-news.com\\\/mx\\\/?s={search_term_string}\"},\"query-input\":{\"@type\":\"PropertyValueSpecification\",\"valueRequired\":true,\"valueName\":\"search_term_string\"}}],\"inLanguage\":\"es\"},{\"@type\":\"Person\",\"@id\":\"https:\\\/\\\/favorite-news.com\\\/mx\\\/#\\\/schema\\\/person\\\/b91573b717dcfa5e4696032a9d28d3e8\",\"name\":\"favorite-news\",\"image\":{\"@type\":\"ImageObject\",\"inLanguage\":\"es\",\"@id\":\"https:\\\/\\\/secure.gravatar.com\\\/avatar\\\/6c5a5cb12b74e9d517ee91cf570335b7d16177f1977cc91db161adfa435945a7?s=96&d=mm&r=g\",\"url\":\"https:\\\/\\\/secure.gravatar.com\\\/avatar\\\/6c5a5cb12b74e9d517ee91cf570335b7d16177f1977cc91db161adfa435945a7?s=96&d=mm&r=g\",\"contentUrl\":\"https:\\\/\\\/secure.gravatar.com\\\/avatar\\\/6c5a5cb12b74e9d517ee91cf570335b7d16177f1977cc91db161adfa435945a7?s=96&d=mm&r=g\",\"caption\":\"favorite-news\"},\"url\":\"https:\\\/\\\/favorite-news.com\\\/mx\\\/author\\\/pt\\\/\"}]}<\/script>\n<!-- \/ Yoast SEO plugin. -->","yoast_head_json":{"title":"AMLO deja atr\u00e1s promesa de crecer 2% este a\u00f1o - Favorite News","robots":{"index":"index","follow":"follow","max-snippet":"max-snippet:-1","max-image-preview":"max-image-preview:large","max-video-preview":"max-video-preview:-1"},"canonical":"https:\/\/favorite-news.com\/mx\/amlo-deja-atras-promesa-de-crecer-2-este-ano\/","og_locale":"es_MX","og_type":"article","og_title":"AMLO deja atr\u00e1s promesa de crecer 2% este a\u00f1o - Favorite News","og_description":"[ad_1] La econom\u00eda mexicana va a crecer a pesar de la disminuci\u00f3n en las proyecciones sobre el desempe\u00f1o del Producto Interno Bruto (PIB), aunque el alza ser\u00e1 \u201cpoca\u201d, reconoci\u00f3 ayer el presidente de M\u00e9xico, Andr\u00e9s Manuel L\u00f3pez Obrador, en su conferencia matutina. Al mismo tiempo, el Inegi se\u00f1al\u00f3 que el consumo gubernamental se contrajo 1.3 [&hellip;]","og_url":"https:\/\/favorite-news.com\/mx\/amlo-deja-atras-promesa-de-crecer-2-este-ano\/","og_site_name":"Favorite News","article_published_time":"2019-06-22T16:18:03+00:00","article_modified_time":"2019-06-22T16:18:04+00:00","og_image":[{"width":1140,"height":712,"url":"https:\/\/favorite-news.com\/mx\/wp-content\/uploads\/sites\/8\/2019\/06\/AMLO-deja-atr\u00e1s-promesa-de-crecer-2-este-a\u00f1o.jpg","type":"image\/jpeg"}],"author":"favorite-news","twitter_card":"summary_large_image","twitter_misc":{"Escrito por":"favorite-news","Tiempo de lectura":"4 minutos"},"schema":{"@context":"https:\/\/schema.org","@graph":[{"@type":"Article","@id":"https:\/\/favorite-news.com\/mx\/amlo-deja-atras-promesa-de-crecer-2-este-ano\/#article","isPartOf":{"@id":"https:\/\/favorite-news.com\/mx\/amlo-deja-atras-promesa-de-crecer-2-este-ano\/"},"author":{"name":"favorite-news","@id":"https:\/\/favorite-news.com\/mx\/#\/schema\/person\/b91573b717dcfa5e4696032a9d28d3e8"},"headline":"AMLO deja atr\u00e1s promesa de crecer 2% este a\u00f1o","datePublished":"2019-06-22T16:18:03+00:00","dateModified":"2019-06-22T16:18:04+00:00","mainEntityOfPage":{"@id":"https:\/\/favorite-news.com\/mx\/amlo-deja-atras-promesa-de-crecer-2-este-ano\/"},"wordCount":773,"commentCount":0,"image":{"@id":"https:\/\/favorite-news.com\/mx\/amlo-deja-atras-promesa-de-crecer-2-este-ano\/#primaryimage"},"thumbnailUrl":"https:\/\/favorite-news.com\/mx\/wp-content\/uploads\/sites\/8\/2019\/06\/AMLO-deja-atr\u00e1s-promesa-de-crecer-2-este-a\u00f1o.jpg","articleSection":["NOTICIAS FINANCIERAS"],"inLanguage":"es","potentialAction":[{"@type":"CommentAction","name":"Comment","target":["https:\/\/favorite-news.com\/mx\/amlo-deja-atras-promesa-de-crecer-2-este-ano\/#respond"]}]},{"@type":"WebPage","@id":"https:\/\/favorite-news.com\/mx\/amlo-deja-atras-promesa-de-crecer-2-este-ano\/","url":"https:\/\/favorite-news.com\/mx\/amlo-deja-atras-promesa-de-crecer-2-este-ano\/","name":"AMLO deja atr\u00e1s promesa de crecer 2% este a\u00f1o - Favorite News","isPartOf":{"@id":"https:\/\/favorite-news.com\/mx\/#website"},"primaryImageOfPage":{"@id":"https:\/\/favorite-news.com\/mx\/amlo-deja-atras-promesa-de-crecer-2-este-ano\/#primaryimage"},"image":{"@id":"https:\/\/favorite-news.com\/mx\/amlo-deja-atras-promesa-de-crecer-2-este-ano\/#primaryimage"},"thumbnailUrl":"https:\/\/favorite-news.com\/mx\/wp-content\/uploads\/sites\/8\/2019\/06\/AMLO-deja-atr\u00e1s-promesa-de-crecer-2-este-a\u00f1o.jpg","datePublished":"2019-06-22T16:18:03+00:00","dateModified":"2019-06-22T16:18:04+00:00","author":{"@id":"https:\/\/favorite-news.com\/mx\/#\/schema\/person\/b91573b717dcfa5e4696032a9d28d3e8"},"breadcrumb":{"@id":"https:\/\/favorite-news.com\/mx\/amlo-deja-atras-promesa-de-crecer-2-este-ano\/#breadcrumb"},"inLanguage":"es","potentialAction":[{"@type":"ReadAction","target":["https:\/\/favorite-news.com\/mx\/amlo-deja-atras-promesa-de-crecer-2-este-ano\/"]}]},{"@type":"ImageObject","inLanguage":"es","@id":"https:\/\/favorite-news.com\/mx\/amlo-deja-atras-promesa-de-crecer-2-este-ano\/#primaryimage","url":"https:\/\/favorite-news.com\/mx\/wp-content\/uploads\/sites\/8\/2019\/06\/AMLO-deja-atr\u00e1s-promesa-de-crecer-2-este-a\u00f1o.jpg","contentUrl":"https:\/\/favorite-news.com\/mx\/wp-content\/uploads\/sites\/8\/2019\/06\/AMLO-deja-atr\u00e1s-promesa-de-crecer-2-este-a\u00f1o.jpg","width":1140,"height":712,"caption":"AMLO deja atr\u00e1s promesa de crecer 2% este a\u00f1o"},{"@type":"BreadcrumbList","@id":"https:\/\/favorite-news.com\/mx\/amlo-deja-atras-promesa-de-crecer-2-este-ano\/#breadcrumb","itemListElement":[{"@type":"ListItem","position":1,"name":"\u0413\u043b\u0430\u0432\u043d\u0430\u044f \u0441\u0442\u0440\u0430\u043d\u0438\u0446\u0430","item":"https:\/\/favorite-news.com\/mx\/"},{"@type":"ListItem","position":2,"name":"AMLO deja atr\u00e1s promesa de crecer 2% este a\u00f1o"}]},{"@type":"WebSite","@id":"https:\/\/favorite-news.com\/mx\/#website","url":"https:\/\/favorite-news.com\/mx\/","name":"Favorite News","description":"Favorite News Mexico","potentialAction":[{"@type":"SearchAction","target":{"@type":"EntryPoint","urlTemplate":"https:\/\/favorite-news.com\/mx\/?s={search_term_string}"},"query-input":{"@type":"PropertyValueSpecification","valueRequired":true,"valueName":"search_term_string"}}],"inLanguage":"es"},{"@type":"Person","@id":"https:\/\/favorite-news.com\/mx\/#\/schema\/person\/b91573b717dcfa5e4696032a9d28d3e8","name":"favorite-news","image":{"@type":"ImageObject","inLanguage":"es","@id":"https:\/\/secure.gravatar.com\/avatar\/6c5a5cb12b74e9d517ee91cf570335b7d16177f1977cc91db161adfa435945a7?s=96&d=mm&r=g","url":"https:\/\/secure.gravatar.com\/avatar\/6c5a5cb12b74e9d517ee91cf570335b7d16177f1977cc91db161adfa435945a7?s=96&d=mm&r=g","contentUrl":"https:\/\/secure.gravatar.com\/avatar\/6c5a5cb12b74e9d517ee91cf570335b7d16177f1977cc91db161adfa435945a7?s=96&d=mm&r=g","caption":"favorite-news"},"url":"https:\/\/favorite-news.com\/mx\/author\/pt\/"}]}},"_links":{"self":[{"href":"https:\/\/favorite-news.com\/mx\/wp-json\/wp\/v2\/posts\/1642","targetHints":{"allow":["GET"]}}],"collection":[{"href":"https:\/\/favorite-news.com\/mx\/wp-json\/wp\/v2\/posts"}],"about":[{"href":"https:\/\/favorite-news.com\/mx\/wp-json\/wp\/v2\/types\/post"}],"author":[{"embeddable":true,"href":"https:\/\/favorite-news.com\/mx\/wp-json\/wp\/v2\/users\/2"}],"replies":[{"embeddable":true,"href":"https:\/\/favorite-news.com\/mx\/wp-json\/wp\/v2\/comments?post=1642"}],"version-history":[{"count":1,"href":"https:\/\/favorite-news.com\/mx\/wp-json\/wp\/v2\/posts\/1642\/revisions"}],"predecessor-version":[{"id":1644,"href":"https:\/\/favorite-news.com\/mx\/wp-json\/wp\/v2\/posts\/1642\/revisions\/1644"}],"wp:featuredmedia":[{"embeddable":true,"href":"https:\/\/favorite-news.com\/mx\/wp-json\/wp\/v2\/media\/1643"}],"wp:attachment":[{"href":"https:\/\/favorite-news.com\/mx\/wp-json\/wp\/v2\/media?parent=1642"}],"wp:term":[{"taxonomy":"category","embeddable":true,"href":"https:\/\/favorite-news.com\/mx\/wp-json\/wp\/v2\/categories?post=1642"},{"taxonomy":"post_tag","embeddable":true,"href":"https:\/\/favorite-news.com\/mx\/wp-json\/wp\/v2\/tags?post=1642"}],"curies":[{"name":"wp","href":"https:\/\/api.w.org\/{rel}","templated":true}]}}