{"id":1636,"date":"2019-06-22T15:12:56","date_gmt":"2019-06-22T12:12:56","guid":{"rendered":"https:\/\/favorite-news.com\/mx\/bacardi-capaz-de-sortear-las-guerras-comerciales\/"},"modified":"2019-06-22T15:12:57","modified_gmt":"2019-06-22T12:12:57","slug":"bacardi-capaz-de-sortear-las-guerras-comerciales","status":"publish","type":"post","link":"https:\/\/favorite-news.com\/mx\/bacardi-capaz-de-sortear-las-guerras-comerciales\/","title":{"rendered":"Bacard\u00ed, capaz de sortear las guerras comerciales"},"content":{"rendered":"<p> [ad_1]<br \/>\n<\/p>\n<div id=\"content-body-225-3798960\">\n<p>Juan Pi\u00f1era, director de Operaciones para Am\u00e9rica Latina de Bacard\u00ed, asegur\u00f3 que est\u00e1n preparados por su presencia en diversos pa\u00edses para hacerle frente a una guerra comercial entre Estados Unidos y Rusia.<\/p>\n<p>&#8220;Bacard\u00ed tiene plantas en diferentes parte del mundo y la gran ventaja tenemos planes de contingencia para solventar temas en este caso de impuestos\u201d, afirm\u00f3 el representante de la empresa.<\/p>\n<p>\u201cSi por alguna raz\u00f3n Rusia definiera establecer alg\u00fan impuesto a Estados Unidos, pues nosotros estamos preparados para cambiar el suministro y traerlo a M\u00e9xico, quien no tiene ning\u00fan problema de impuestos con Rusia\u201d, afirm\u00f3 el directivo.<\/p>\n<p>Ese tipo de estrategias la tenemos a nivel mundial especialmente con los rones, ya que se pueden producir en cualquier pa\u00eds sin ning\u00fan problema, agreg\u00f3. En el caso del tequila, por denominaci\u00f3n de origen, s\u00f3lo puede ser producido en M\u00e9xico.<\/p>\n<p>El directivo dijo que Bacard\u00ed, una compa\u00f1\u00eda acostumbrada a las adversidades, tiene planes para alcanzar buenos resultados y sortear todos los vaivenes registrados en la Rep\u00fablica Mexicana.<\/p>\n<p>La compa\u00f1\u00eda fundada por Facundo Bacard\u00ed Mass\u00f3, en Santiago de Cuba, lleg\u00f3 en 1931 a vender, distribuir y producir ron del murci\u00e9lago en M\u00e9xico.<\/p>\n<p>Actualmente, la firma con sede en Bahamas produce 300 botellas por minuto de ron Bacard\u00ed en su planta de Tultitl\u00e1n, Estado de M\u00e9xico, as\u00ed como en Arandas y Atotonilco, Jalisco, elabora tequila Cazadores y Patr\u00f3n para el mercado nacional y extranjero.<\/p>\n<p>La planta Bacardi Tultitl\u00e1n, cuenta con un terreno de 30 hect\u00e1reas, donde se llevan a cabo diferentes procesos operativos, como la fabricaci\u00f3n de destilados, filtraci\u00f3n primaria, a\u00f1ejamiento y envasado.<\/p>\n<p>El edificio fue dise\u00f1ado por los arquitectos, Ludwig Mies van der Rohe y F\u00e9lix Candela, mismo que estuvo a cargo de la embotelladora, \u00e1reas de comedor, centro de reuniones, destiler\u00edas y dem\u00e1s espacios de la planta. Es una de las obras m\u00e1s representativas del arte moderno.<\/p>\n<p>El mercado mexicano representa 20 por ciento de las ventas de la firma, por lo que es su segundo pa\u00eds m\u00e1s importante, despu\u00e9s de Estados Unidos. Bacard\u00ed tiene mucho inter\u00e9s por invertir en la producci\u00f3n, venta y distribuci\u00f3n de mezcal en M\u00e9xico y el extranjero.<\/p>\n<p>&#8220;Si el consumidor est\u00e1 interesado en consumir mezcal, tenemos que orientarnos por ese camino, desde luego evaluamos y hacemos planes, por lo pronto no estamos en ese mercado&#8221;, afirm\u00f3.<\/p>\n<\/div>\n<p><script>(function(d, s, id) {\nvar js, fjs = d.getElementsByTagName(s)[0];\nif (d.getElementById(id)) return;\njs = d.createElement(s); js.id = id;\njs.src = 'https:\/\/connect.facebook.net\/es_LA\/sdk.js#xfbml=1&version=v3.2&appId=641196362757391&autoLogAppEvents=1';\nfjs.parentNode.insertBefore(js, fjs);\n}(document, 'script', 'facebook-jssdk'));\n<\/script><br \/>\n<br \/>[ad_2]<br \/>\n<br \/><a href=\"https:\/\/www.elsoldemexico.com.mx\/finanzas\/bacardi-capaz-de-sortear-las-guerras-comerciales-3798960.html\">Source link <\/a><\/p>\n","protected":false},"excerpt":{"rendered":"<p>[ad_1] Juan Pi\u00f1era, director de Operaciones para Am\u00e9rica Latina de Bacard\u00ed, asegur\u00f3 que est\u00e1n preparados por su presencia en diversos pa\u00edses para hacerle frente a una guerra comercial entre Estados Unidos y Rusia. &#8220;Bacard\u00ed tiene plantas en diferentes parte del mundo y la gran ventaja tenemos planes de contingencia para solventar temas en este caso [&hellip;]<\/p>\n","protected":false},"author":2,"featured_media":1637,"comment_status":"open","ping_status":"open","sticky":false,"template":"","format":"standard","meta":{"footnotes":""},"categories":[1],"tags":[],"class_list":["post-1636","post","type-post","status-publish","format-standard","has-post-thumbnail","hentry","category-noticias-financieras"],"yoast_head":"<!-- This site is optimized with the Yoast SEO plugin v27.4 - https:\/\/yoast.com\/product\/yoast-seo-wordpress\/ -->\n<title>Bacard\u00ed, capaz de sortear las guerras comerciales - Favorite News<\/title>\n<meta name=\"robots\" content=\"index, follow, max-snippet:-1, max-image-preview:large, max-video-preview:-1\" \/>\n<link rel=\"canonical\" href=\"https:\/\/favorite-news.com\/mx\/bacardi-capaz-de-sortear-las-guerras-comerciales\/\" \/>\n<meta property=\"og:locale\" content=\"es_MX\" \/>\n<meta property=\"og:type\" content=\"article\" \/>\n<meta property=\"og:title\" content=\"Bacard\u00ed, capaz de sortear las guerras comerciales - Favorite News\" \/>\n<meta property=\"og:description\" content=\"[ad_1] Juan Pi\u00f1era, director de Operaciones para Am\u00e9rica Latina de Bacard\u00ed, asegur\u00f3 que est\u00e1n preparados por su presencia en diversos pa\u00edses para hacerle frente a una guerra comercial entre Estados Unidos y Rusia. &#8220;Bacard\u00ed tiene plantas en diferentes parte del mundo y la gran ventaja tenemos planes de contingencia para solventar temas en este caso [&hellip;]\" \/>\n<meta property=\"og:url\" content=\"https:\/\/favorite-news.com\/mx\/bacardi-capaz-de-sortear-las-guerras-comerciales\/\" \/>\n<meta property=\"og:site_name\" content=\"Favorite News\" \/>\n<meta property=\"article:published_time\" content=\"2019-06-22T12:12:56+00:00\" \/>\n<meta property=\"article:modified_time\" content=\"2019-06-22T12:12:57+00:00\" \/>\n<meta property=\"og:image\" content=\"https:\/\/favorite-news.com\/mx\/wp-content\/uploads\/sites\/8\/2019\/06\/Bacard\u00ed-capaz-de-sortear-las-guerras-comerciales.jpg\" \/>\n\t<meta property=\"og:image:width\" content=\"1140\" \/>\n\t<meta property=\"og:image:height\" content=\"712\" \/>\n\t<meta property=\"og:image:type\" content=\"image\/jpeg\" \/>\n<meta name=\"author\" content=\"favorite-news\" \/>\n<meta name=\"twitter:card\" content=\"summary_large_image\" \/>\n<meta name=\"twitter:label1\" content=\"Escrito por\" \/>\n\t<meta name=\"twitter:data1\" content=\"favorite-news\" \/>\n\t<meta name=\"twitter:label2\" content=\"Tiempo de lectura\" \/>\n\t<meta name=\"twitter:data2\" content=\"2 minutos\" \/>\n<script type=\"application\/ld+json\" class=\"yoast-schema-graph\">{\"@context\":\"https:\\\/\\\/schema.org\",\"@graph\":[{\"@type\":\"Article\",\"@id\":\"https:\\\/\\\/favorite-news.com\\\/mx\\\/bacardi-capaz-de-sortear-las-guerras-comerciales\\\/#article\",\"isPartOf\":{\"@id\":\"https:\\\/\\\/favorite-news.com\\\/mx\\\/bacardi-capaz-de-sortear-las-guerras-comerciales\\\/\"},\"author\":{\"name\":\"favorite-news\",\"@id\":\"https:\\\/\\\/favorite-news.com\\\/mx\\\/#\\\/schema\\\/person\\\/b91573b717dcfa5e4696032a9d28d3e8\"},\"headline\":\"Bacard\u00ed, capaz de sortear las guerras comerciales\",\"datePublished\":\"2019-06-22T12:12:56+00:00\",\"dateModified\":\"2019-06-22T12:12:57+00:00\",\"mainEntityOfPage\":{\"@id\":\"https:\\\/\\\/favorite-news.com\\\/mx\\\/bacardi-capaz-de-sortear-las-guerras-comerciales\\\/\"},\"wordCount\":424,\"commentCount\":0,\"image\":{\"@id\":\"https:\\\/\\\/favorite-news.com\\\/mx\\\/bacardi-capaz-de-sortear-las-guerras-comerciales\\\/#primaryimage\"},\"thumbnailUrl\":\"https:\\\/\\\/favorite-news.com\\\/mx\\\/wp-content\\\/uploads\\\/sites\\\/8\\\/2019\\\/06\\\/Bacard\u00ed-capaz-de-sortear-las-guerras-comerciales.jpg\",\"articleSection\":[\"NOTICIAS FINANCIERAS\"],\"inLanguage\":\"es\",\"potentialAction\":[{\"@type\":\"CommentAction\",\"name\":\"Comment\",\"target\":[\"https:\\\/\\\/favorite-news.com\\\/mx\\\/bacardi-capaz-de-sortear-las-guerras-comerciales\\\/#respond\"]}]},{\"@type\":\"WebPage\",\"@id\":\"https:\\\/\\\/favorite-news.com\\\/mx\\\/bacardi-capaz-de-sortear-las-guerras-comerciales\\\/\",\"url\":\"https:\\\/\\\/favorite-news.com\\\/mx\\\/bacardi-capaz-de-sortear-las-guerras-comerciales\\\/\",\"name\":\"Bacard\u00ed, capaz de sortear las guerras comerciales - Favorite News\",\"isPartOf\":{\"@id\":\"https:\\\/\\\/favorite-news.com\\\/mx\\\/#website\"},\"primaryImageOfPage\":{\"@id\":\"https:\\\/\\\/favorite-news.com\\\/mx\\\/bacardi-capaz-de-sortear-las-guerras-comerciales\\\/#primaryimage\"},\"image\":{\"@id\":\"https:\\\/\\\/favorite-news.com\\\/mx\\\/bacardi-capaz-de-sortear-las-guerras-comerciales\\\/#primaryimage\"},\"thumbnailUrl\":\"https:\\\/\\\/favorite-news.com\\\/mx\\\/wp-content\\\/uploads\\\/sites\\\/8\\\/2019\\\/06\\\/Bacard\u00ed-capaz-de-sortear-las-guerras-comerciales.jpg\",\"datePublished\":\"2019-06-22T12:12:56+00:00\",\"dateModified\":\"2019-06-22T12:12:57+00:00\",\"author\":{\"@id\":\"https:\\\/\\\/favorite-news.com\\\/mx\\\/#\\\/schema\\\/person\\\/b91573b717dcfa5e4696032a9d28d3e8\"},\"breadcrumb\":{\"@id\":\"https:\\\/\\\/favorite-news.com\\\/mx\\\/bacardi-capaz-de-sortear-las-guerras-comerciales\\\/#breadcrumb\"},\"inLanguage\":\"es\",\"potentialAction\":[{\"@type\":\"ReadAction\",\"target\":[\"https:\\\/\\\/favorite-news.com\\\/mx\\\/bacardi-capaz-de-sortear-las-guerras-comerciales\\\/\"]}]},{\"@type\":\"ImageObject\",\"inLanguage\":\"es\",\"@id\":\"https:\\\/\\\/favorite-news.com\\\/mx\\\/bacardi-capaz-de-sortear-las-guerras-comerciales\\\/#primaryimage\",\"url\":\"https:\\\/\\\/favorite-news.com\\\/mx\\\/wp-content\\\/uploads\\\/sites\\\/8\\\/2019\\\/06\\\/Bacard\u00ed-capaz-de-sortear-las-guerras-comerciales.jpg\",\"contentUrl\":\"https:\\\/\\\/favorite-news.com\\\/mx\\\/wp-content\\\/uploads\\\/sites\\\/8\\\/2019\\\/06\\\/Bacard\u00ed-capaz-de-sortear-las-guerras-comerciales.jpg\",\"width\":1140,\"height\":712,\"caption\":\"Bacard\u00ed, capaz de sortear las guerras comerciales\"},{\"@type\":\"BreadcrumbList\",\"@id\":\"https:\\\/\\\/favorite-news.com\\\/mx\\\/bacardi-capaz-de-sortear-las-guerras-comerciales\\\/#breadcrumb\",\"itemListElement\":[{\"@type\":\"ListItem\",\"position\":1,\"name\":\"\u0413\u043b\u0430\u0432\u043d\u0430\u044f \u0441\u0442\u0440\u0430\u043d\u0438\u0446\u0430\",\"item\":\"https:\\\/\\\/favorite-news.com\\\/mx\\\/\"},{\"@type\":\"ListItem\",\"position\":2,\"name\":\"Bacard\u00ed, capaz de sortear las guerras comerciales\"}]},{\"@type\":\"WebSite\",\"@id\":\"https:\\\/\\\/favorite-news.com\\\/mx\\\/#website\",\"url\":\"https:\\\/\\\/favorite-news.com\\\/mx\\\/\",\"name\":\"Favorite News\",\"description\":\"Favorite News Mexico\",\"potentialAction\":[{\"@type\":\"SearchAction\",\"target\":{\"@type\":\"EntryPoint\",\"urlTemplate\":\"https:\\\/\\\/favorite-news.com\\\/mx\\\/?s={search_term_string}\"},\"query-input\":{\"@type\":\"PropertyValueSpecification\",\"valueRequired\":true,\"valueName\":\"search_term_string\"}}],\"inLanguage\":\"es\"},{\"@type\":\"Person\",\"@id\":\"https:\\\/\\\/favorite-news.com\\\/mx\\\/#\\\/schema\\\/person\\\/b91573b717dcfa5e4696032a9d28d3e8\",\"name\":\"favorite-news\",\"image\":{\"@type\":\"ImageObject\",\"inLanguage\":\"es\",\"@id\":\"https:\\\/\\\/secure.gravatar.com\\\/avatar\\\/6c5a5cb12b74e9d517ee91cf570335b7d16177f1977cc91db161adfa435945a7?s=96&d=mm&r=g\",\"url\":\"https:\\\/\\\/secure.gravatar.com\\\/avatar\\\/6c5a5cb12b74e9d517ee91cf570335b7d16177f1977cc91db161adfa435945a7?s=96&d=mm&r=g\",\"contentUrl\":\"https:\\\/\\\/secure.gravatar.com\\\/avatar\\\/6c5a5cb12b74e9d517ee91cf570335b7d16177f1977cc91db161adfa435945a7?s=96&d=mm&r=g\",\"caption\":\"favorite-news\"},\"url\":\"https:\\\/\\\/favorite-news.com\\\/mx\\\/author\\\/pt\\\/\"}]}<\/script>\n<!-- \/ Yoast SEO plugin. -->","yoast_head_json":{"title":"Bacard\u00ed, capaz de sortear las guerras comerciales - Favorite News","robots":{"index":"index","follow":"follow","max-snippet":"max-snippet:-1","max-image-preview":"max-image-preview:large","max-video-preview":"max-video-preview:-1"},"canonical":"https:\/\/favorite-news.com\/mx\/bacardi-capaz-de-sortear-las-guerras-comerciales\/","og_locale":"es_MX","og_type":"article","og_title":"Bacard\u00ed, capaz de sortear las guerras comerciales - Favorite News","og_description":"[ad_1] Juan Pi\u00f1era, director de Operaciones para Am\u00e9rica Latina de Bacard\u00ed, asegur\u00f3 que est\u00e1n preparados por su presencia en diversos pa\u00edses para hacerle frente a una guerra comercial entre Estados Unidos y Rusia. &#8220;Bacard\u00ed tiene plantas en diferentes parte del mundo y la gran ventaja tenemos planes de contingencia para solventar temas en este caso [&hellip;]","og_url":"https:\/\/favorite-news.com\/mx\/bacardi-capaz-de-sortear-las-guerras-comerciales\/","og_site_name":"Favorite News","article_published_time":"2019-06-22T12:12:56+00:00","article_modified_time":"2019-06-22T12:12:57+00:00","og_image":[{"width":1140,"height":712,"url":"https:\/\/favorite-news.com\/mx\/wp-content\/uploads\/sites\/8\/2019\/06\/Bacard\u00ed-capaz-de-sortear-las-guerras-comerciales.jpg","type":"image\/jpeg"}],"author":"favorite-news","twitter_card":"summary_large_image","twitter_misc":{"Escrito por":"favorite-news","Tiempo de lectura":"2 minutos"},"schema":{"@context":"https:\/\/schema.org","@graph":[{"@type":"Article","@id":"https:\/\/favorite-news.com\/mx\/bacardi-capaz-de-sortear-las-guerras-comerciales\/#article","isPartOf":{"@id":"https:\/\/favorite-news.com\/mx\/bacardi-capaz-de-sortear-las-guerras-comerciales\/"},"author":{"name":"favorite-news","@id":"https:\/\/favorite-news.com\/mx\/#\/schema\/person\/b91573b717dcfa5e4696032a9d28d3e8"},"headline":"Bacard\u00ed, capaz de sortear las guerras comerciales","datePublished":"2019-06-22T12:12:56+00:00","dateModified":"2019-06-22T12:12:57+00:00","mainEntityOfPage":{"@id":"https:\/\/favorite-news.com\/mx\/bacardi-capaz-de-sortear-las-guerras-comerciales\/"},"wordCount":424,"commentCount":0,"image":{"@id":"https:\/\/favorite-news.com\/mx\/bacardi-capaz-de-sortear-las-guerras-comerciales\/#primaryimage"},"thumbnailUrl":"https:\/\/favorite-news.com\/mx\/wp-content\/uploads\/sites\/8\/2019\/06\/Bacard\u00ed-capaz-de-sortear-las-guerras-comerciales.jpg","articleSection":["NOTICIAS FINANCIERAS"],"inLanguage":"es","potentialAction":[{"@type":"CommentAction","name":"Comment","target":["https:\/\/favorite-news.com\/mx\/bacardi-capaz-de-sortear-las-guerras-comerciales\/#respond"]}]},{"@type":"WebPage","@id":"https:\/\/favorite-news.com\/mx\/bacardi-capaz-de-sortear-las-guerras-comerciales\/","url":"https:\/\/favorite-news.com\/mx\/bacardi-capaz-de-sortear-las-guerras-comerciales\/","name":"Bacard\u00ed, capaz de sortear las guerras comerciales - Favorite News","isPartOf":{"@id":"https:\/\/favorite-news.com\/mx\/#website"},"primaryImageOfPage":{"@id":"https:\/\/favorite-news.com\/mx\/bacardi-capaz-de-sortear-las-guerras-comerciales\/#primaryimage"},"image":{"@id":"https:\/\/favorite-news.com\/mx\/bacardi-capaz-de-sortear-las-guerras-comerciales\/#primaryimage"},"thumbnailUrl":"https:\/\/favorite-news.com\/mx\/wp-content\/uploads\/sites\/8\/2019\/06\/Bacard\u00ed-capaz-de-sortear-las-guerras-comerciales.jpg","datePublished":"2019-06-22T12:12:56+00:00","dateModified":"2019-06-22T12:12:57+00:00","author":{"@id":"https:\/\/favorite-news.com\/mx\/#\/schema\/person\/b91573b717dcfa5e4696032a9d28d3e8"},"breadcrumb":{"@id":"https:\/\/favorite-news.com\/mx\/bacardi-capaz-de-sortear-las-guerras-comerciales\/#breadcrumb"},"inLanguage":"es","potentialAction":[{"@type":"ReadAction","target":["https:\/\/favorite-news.com\/mx\/bacardi-capaz-de-sortear-las-guerras-comerciales\/"]}]},{"@type":"ImageObject","inLanguage":"es","@id":"https:\/\/favorite-news.com\/mx\/bacardi-capaz-de-sortear-las-guerras-comerciales\/#primaryimage","url":"https:\/\/favorite-news.com\/mx\/wp-content\/uploads\/sites\/8\/2019\/06\/Bacard\u00ed-capaz-de-sortear-las-guerras-comerciales.jpg","contentUrl":"https:\/\/favorite-news.com\/mx\/wp-content\/uploads\/sites\/8\/2019\/06\/Bacard\u00ed-capaz-de-sortear-las-guerras-comerciales.jpg","width":1140,"height":712,"caption":"Bacard\u00ed, capaz de sortear las guerras comerciales"},{"@type":"BreadcrumbList","@id":"https:\/\/favorite-news.com\/mx\/bacardi-capaz-de-sortear-las-guerras-comerciales\/#breadcrumb","itemListElement":[{"@type":"ListItem","position":1,"name":"\u0413\u043b\u0430\u0432\u043d\u0430\u044f \u0441\u0442\u0440\u0430\u043d\u0438\u0446\u0430","item":"https:\/\/favorite-news.com\/mx\/"},{"@type":"ListItem","position":2,"name":"Bacard\u00ed, capaz de sortear las guerras comerciales"}]},{"@type":"WebSite","@id":"https:\/\/favorite-news.com\/mx\/#website","url":"https:\/\/favorite-news.com\/mx\/","name":"Favorite News","description":"Favorite News Mexico","potentialAction":[{"@type":"SearchAction","target":{"@type":"EntryPoint","urlTemplate":"https:\/\/favorite-news.com\/mx\/?s={search_term_string}"},"query-input":{"@type":"PropertyValueSpecification","valueRequired":true,"valueName":"search_term_string"}}],"inLanguage":"es"},{"@type":"Person","@id":"https:\/\/favorite-news.com\/mx\/#\/schema\/person\/b91573b717dcfa5e4696032a9d28d3e8","name":"favorite-news","image":{"@type":"ImageObject","inLanguage":"es","@id":"https:\/\/secure.gravatar.com\/avatar\/6c5a5cb12b74e9d517ee91cf570335b7d16177f1977cc91db161adfa435945a7?s=96&d=mm&r=g","url":"https:\/\/secure.gravatar.com\/avatar\/6c5a5cb12b74e9d517ee91cf570335b7d16177f1977cc91db161adfa435945a7?s=96&d=mm&r=g","contentUrl":"https:\/\/secure.gravatar.com\/avatar\/6c5a5cb12b74e9d517ee91cf570335b7d16177f1977cc91db161adfa435945a7?s=96&d=mm&r=g","caption":"favorite-news"},"url":"https:\/\/favorite-news.com\/mx\/author\/pt\/"}]}},"_links":{"self":[{"href":"https:\/\/favorite-news.com\/mx\/wp-json\/wp\/v2\/posts\/1636","targetHints":{"allow":["GET"]}}],"collection":[{"href":"https:\/\/favorite-news.com\/mx\/wp-json\/wp\/v2\/posts"}],"about":[{"href":"https:\/\/favorite-news.com\/mx\/wp-json\/wp\/v2\/types\/post"}],"author":[{"embeddable":true,"href":"https:\/\/favorite-news.com\/mx\/wp-json\/wp\/v2\/users\/2"}],"replies":[{"embeddable":true,"href":"https:\/\/favorite-news.com\/mx\/wp-json\/wp\/v2\/comments?post=1636"}],"version-history":[{"count":1,"href":"https:\/\/favorite-news.com\/mx\/wp-json\/wp\/v2\/posts\/1636\/revisions"}],"predecessor-version":[{"id":1638,"href":"https:\/\/favorite-news.com\/mx\/wp-json\/wp\/v2\/posts\/1636\/revisions\/1638"}],"wp:featuredmedia":[{"embeddable":true,"href":"https:\/\/favorite-news.com\/mx\/wp-json\/wp\/v2\/media\/1637"}],"wp:attachment":[{"href":"https:\/\/favorite-news.com\/mx\/wp-json\/wp\/v2\/media?parent=1636"}],"wp:term":[{"taxonomy":"category","embeddable":true,"href":"https:\/\/favorite-news.com\/mx\/wp-json\/wp\/v2\/categories?post=1636"},{"taxonomy":"post_tag","embeddable":true,"href":"https:\/\/favorite-news.com\/mx\/wp-json\/wp\/v2\/tags?post=1636"}],"curies":[{"name":"wp","href":"https:\/\/api.w.org\/{rel}","templated":true}]}}