{"id":1633,"date":"2019-06-22T12:59:14","date_gmt":"2019-06-22T09:59:14","guid":{"rendered":"https:\/\/favorite-news.com\/mx\/samsung-prepara-el-lanzamiento-del-note-10\/"},"modified":"2019-06-22T12:59:15","modified_gmt":"2019-06-22T09:59:15","slug":"samsung-prepara-el-lanzamiento-del-note-10","status":"publish","type":"post","link":"https:\/\/favorite-news.com\/mx\/samsung-prepara-el-lanzamiento-del-note-10\/","title":{"rendered":"Samsung prepara el lanzamiento del Note 10"},"content":{"rendered":"<p> [ad_1]<br \/>\n<\/p>\n<div id=\"content-body-225-3799026\">\n<p>Samsung podr\u00eda lanzar su nuevo tel\u00e9fono inteligente, el Galaxy Note 10, el pr\u00f3ximo 7 de agosto en el Barclays Center de Nueva York, seg\u00fan versiones del portal CNET,que cita a fuentes familiarizadas con los planes de la empresa.<\/p>\n<p>Este lanzamiento pretende levantar a la compa\u00f1\u00eda surcoreana que tuvo que detener la presentaci\u00f3n del Galaxy Fold, que se esperaba para ser el primer tel\u00e9fono plegable en el mercado internacional.<\/p>\n<p>En 2016, la empresa tambi\u00e9n tuvo que apagar fuegos por fallas en sus dispositivos, pues el Note 7 ten\u00eda fallas en la bater\u00eda que se sobre calentaba y representaba un riesgo para la seguridad de los usuarios del smartphone.<\/p>\n<p>El dispositivo ser\u00e1 lanzado en el mismo lugar donde el a\u00f1o pasado la empresa present\u00f3 su Galaxy Note 9.La l\u00ednea Note es la principal plataforma de Samsung para mostrar los avances tecnol\u00f3gicos m\u00e1s esperados en el terreno de tel\u00e9fonos inteligentes. Para este a\u00f1o, Samsung pod\u00eda lanzar dos versiones del Note 10, de las cuales una tendr\u00eda la capacidad de conectarse ala red 5G.<\/p>\n<p>Una de las versiones contar\u00e1 con una pantalla de 6.75 pulgadas y una c\u00e1maraprincipal cu\u00e1druple, mientras que el otro tendr\u00e1 una pantalla de 6.3 pulgadas.<\/p>\n<\/div>\n<p><script>(function(d, s, id) {\nvar js, fjs = d.getElementsByTagName(s)[0];\nif (d.getElementById(id)) return;\njs = d.createElement(s); js.id = id;\njs.src = 'https:\/\/connect.facebook.net\/es_LA\/sdk.js#xfbml=1&version=v3.2&appId=641196362757391&autoLogAppEvents=1';\nfjs.parentNode.insertBefore(js, fjs);\n}(document, 'script', 'facebook-jssdk'));\n<\/script><br \/>\n<br \/>[ad_2]<br \/>\n<br \/><a href=\"https:\/\/www.elsoldemexico.com.mx\/finanzas\/samsung-prepara-el-lanzamiento-del-note-10-3799026.html\">Source link <\/a><\/p>\n","protected":false},"excerpt":{"rendered":"<p>[ad_1] Samsung podr\u00eda lanzar su nuevo tel\u00e9fono inteligente, el Galaxy Note 10, el pr\u00f3ximo 7 de agosto en el Barclays Center de Nueva York, seg\u00fan versiones del portal CNET,que cita a fuentes familiarizadas con los planes de la empresa. Este lanzamiento pretende levantar a la compa\u00f1\u00eda surcoreana que tuvo que detener la presentaci\u00f3n del Galaxy [&hellip;]<\/p>\n","protected":false},"author":2,"featured_media":1634,"comment_status":"open","ping_status":"open","sticky":false,"template":"","format":"standard","meta":{"footnotes":""},"categories":[1],"tags":[],"class_list":["post-1633","post","type-post","status-publish","format-standard","has-post-thumbnail","hentry","category-noticias-financieras"],"yoast_head":"<!-- This site is optimized with the Yoast SEO plugin v27.4 - https:\/\/yoast.com\/product\/yoast-seo-wordpress\/ -->\n<title>Samsung prepara el lanzamiento del Note 10 - Favorite News<\/title>\n<meta name=\"robots\" content=\"index, follow, max-snippet:-1, max-image-preview:large, max-video-preview:-1\" \/>\n<link rel=\"canonical\" href=\"https:\/\/favorite-news.com\/mx\/samsung-prepara-el-lanzamiento-del-note-10\/\" \/>\n<meta property=\"og:locale\" content=\"es_MX\" \/>\n<meta property=\"og:type\" content=\"article\" \/>\n<meta property=\"og:title\" content=\"Samsung prepara el lanzamiento del Note 10 - Favorite News\" \/>\n<meta property=\"og:description\" content=\"[ad_1] Samsung podr\u00eda lanzar su nuevo tel\u00e9fono inteligente, el Galaxy Note 10, el pr\u00f3ximo 7 de agosto en el Barclays Center de Nueva York, seg\u00fan versiones del portal CNET,que cita a fuentes familiarizadas con los planes de la empresa. Este lanzamiento pretende levantar a la compa\u00f1\u00eda surcoreana que tuvo que detener la presentaci\u00f3n del Galaxy [&hellip;]\" \/>\n<meta property=\"og:url\" content=\"https:\/\/favorite-news.com\/mx\/samsung-prepara-el-lanzamiento-del-note-10\/\" \/>\n<meta property=\"og:site_name\" content=\"Favorite News\" \/>\n<meta property=\"article:published_time\" content=\"2019-06-22T09:59:14+00:00\" \/>\n<meta property=\"article:modified_time\" content=\"2019-06-22T09:59:15+00:00\" \/>\n<meta property=\"og:image\" content=\"https:\/\/favorite-news.com\/mx\/wp-content\/uploads\/sites\/8\/2019\/06\/Samsung-prepara-el-lanzamiento-del-Note-10.jpg\" \/>\n\t<meta property=\"og:image:width\" content=\"1140\" \/>\n\t<meta property=\"og:image:height\" content=\"712\" \/>\n\t<meta property=\"og:image:type\" content=\"image\/jpeg\" \/>\n<meta name=\"author\" content=\"favorite-news\" \/>\n<meta name=\"twitter:card\" content=\"summary_large_image\" \/>\n<meta name=\"twitter:label1\" content=\"Escrito por\" \/>\n\t<meta name=\"twitter:data1\" content=\"favorite-news\" \/>\n\t<meta name=\"twitter:label2\" content=\"Tiempo de lectura\" \/>\n\t<meta name=\"twitter:data2\" content=\"1 minuto\" \/>\n<script type=\"application\/ld+json\" class=\"yoast-schema-graph\">{\"@context\":\"https:\\\/\\\/schema.org\",\"@graph\":[{\"@type\":\"Article\",\"@id\":\"https:\\\/\\\/favorite-news.com\\\/mx\\\/samsung-prepara-el-lanzamiento-del-note-10\\\/#article\",\"isPartOf\":{\"@id\":\"https:\\\/\\\/favorite-news.com\\\/mx\\\/samsung-prepara-el-lanzamiento-del-note-10\\\/\"},\"author\":{\"name\":\"favorite-news\",\"@id\":\"https:\\\/\\\/favorite-news.com\\\/mx\\\/#\\\/schema\\\/person\\\/b91573b717dcfa5e4696032a9d28d3e8\"},\"headline\":\"Samsung prepara el lanzamiento del Note 10\",\"datePublished\":\"2019-06-22T09:59:14+00:00\",\"dateModified\":\"2019-06-22T09:59:15+00:00\",\"mainEntityOfPage\":{\"@id\":\"https:\\\/\\\/favorite-news.com\\\/mx\\\/samsung-prepara-el-lanzamiento-del-note-10\\\/\"},\"wordCount\":219,\"commentCount\":0,\"image\":{\"@id\":\"https:\\\/\\\/favorite-news.com\\\/mx\\\/samsung-prepara-el-lanzamiento-del-note-10\\\/#primaryimage\"},\"thumbnailUrl\":\"https:\\\/\\\/favorite-news.com\\\/mx\\\/wp-content\\\/uploads\\\/sites\\\/8\\\/2019\\\/06\\\/Samsung-prepara-el-lanzamiento-del-Note-10.jpg\",\"articleSection\":[\"NOTICIAS FINANCIERAS\"],\"inLanguage\":\"es\",\"potentialAction\":[{\"@type\":\"CommentAction\",\"name\":\"Comment\",\"target\":[\"https:\\\/\\\/favorite-news.com\\\/mx\\\/samsung-prepara-el-lanzamiento-del-note-10\\\/#respond\"]}]},{\"@type\":\"WebPage\",\"@id\":\"https:\\\/\\\/favorite-news.com\\\/mx\\\/samsung-prepara-el-lanzamiento-del-note-10\\\/\",\"url\":\"https:\\\/\\\/favorite-news.com\\\/mx\\\/samsung-prepara-el-lanzamiento-del-note-10\\\/\",\"name\":\"Samsung prepara el lanzamiento del Note 10 - Favorite News\",\"isPartOf\":{\"@id\":\"https:\\\/\\\/favorite-news.com\\\/mx\\\/#website\"},\"primaryImageOfPage\":{\"@id\":\"https:\\\/\\\/favorite-news.com\\\/mx\\\/samsung-prepara-el-lanzamiento-del-note-10\\\/#primaryimage\"},\"image\":{\"@id\":\"https:\\\/\\\/favorite-news.com\\\/mx\\\/samsung-prepara-el-lanzamiento-del-note-10\\\/#primaryimage\"},\"thumbnailUrl\":\"https:\\\/\\\/favorite-news.com\\\/mx\\\/wp-content\\\/uploads\\\/sites\\\/8\\\/2019\\\/06\\\/Samsung-prepara-el-lanzamiento-del-Note-10.jpg\",\"datePublished\":\"2019-06-22T09:59:14+00:00\",\"dateModified\":\"2019-06-22T09:59:15+00:00\",\"author\":{\"@id\":\"https:\\\/\\\/favorite-news.com\\\/mx\\\/#\\\/schema\\\/person\\\/b91573b717dcfa5e4696032a9d28d3e8\"},\"breadcrumb\":{\"@id\":\"https:\\\/\\\/favorite-news.com\\\/mx\\\/samsung-prepara-el-lanzamiento-del-note-10\\\/#breadcrumb\"},\"inLanguage\":\"es\",\"potentialAction\":[{\"@type\":\"ReadAction\",\"target\":[\"https:\\\/\\\/favorite-news.com\\\/mx\\\/samsung-prepara-el-lanzamiento-del-note-10\\\/\"]}]},{\"@type\":\"ImageObject\",\"inLanguage\":\"es\",\"@id\":\"https:\\\/\\\/favorite-news.com\\\/mx\\\/samsung-prepara-el-lanzamiento-del-note-10\\\/#primaryimage\",\"url\":\"https:\\\/\\\/favorite-news.com\\\/mx\\\/wp-content\\\/uploads\\\/sites\\\/8\\\/2019\\\/06\\\/Samsung-prepara-el-lanzamiento-del-Note-10.jpg\",\"contentUrl\":\"https:\\\/\\\/favorite-news.com\\\/mx\\\/wp-content\\\/uploads\\\/sites\\\/8\\\/2019\\\/06\\\/Samsung-prepara-el-lanzamiento-del-Note-10.jpg\",\"width\":1140,\"height\":712,\"caption\":\"Samsung prepara el lanzamiento del Note 10\"},{\"@type\":\"BreadcrumbList\",\"@id\":\"https:\\\/\\\/favorite-news.com\\\/mx\\\/samsung-prepara-el-lanzamiento-del-note-10\\\/#breadcrumb\",\"itemListElement\":[{\"@type\":\"ListItem\",\"position\":1,\"name\":\"\u0413\u043b\u0430\u0432\u043d\u0430\u044f \u0441\u0442\u0440\u0430\u043d\u0438\u0446\u0430\",\"item\":\"https:\\\/\\\/favorite-news.com\\\/mx\\\/\"},{\"@type\":\"ListItem\",\"position\":2,\"name\":\"Samsung prepara el lanzamiento del Note 10\"}]},{\"@type\":\"WebSite\",\"@id\":\"https:\\\/\\\/favorite-news.com\\\/mx\\\/#website\",\"url\":\"https:\\\/\\\/favorite-news.com\\\/mx\\\/\",\"name\":\"Favorite News\",\"description\":\"Favorite News Mexico\",\"potentialAction\":[{\"@type\":\"SearchAction\",\"target\":{\"@type\":\"EntryPoint\",\"urlTemplate\":\"https:\\\/\\\/favorite-news.com\\\/mx\\\/?s={search_term_string}\"},\"query-input\":{\"@type\":\"PropertyValueSpecification\",\"valueRequired\":true,\"valueName\":\"search_term_string\"}}],\"inLanguage\":\"es\"},{\"@type\":\"Person\",\"@id\":\"https:\\\/\\\/favorite-news.com\\\/mx\\\/#\\\/schema\\\/person\\\/b91573b717dcfa5e4696032a9d28d3e8\",\"name\":\"favorite-news\",\"image\":{\"@type\":\"ImageObject\",\"inLanguage\":\"es\",\"@id\":\"https:\\\/\\\/secure.gravatar.com\\\/avatar\\\/6c5a5cb12b74e9d517ee91cf570335b7d16177f1977cc91db161adfa435945a7?s=96&d=mm&r=g\",\"url\":\"https:\\\/\\\/secure.gravatar.com\\\/avatar\\\/6c5a5cb12b74e9d517ee91cf570335b7d16177f1977cc91db161adfa435945a7?s=96&d=mm&r=g\",\"contentUrl\":\"https:\\\/\\\/secure.gravatar.com\\\/avatar\\\/6c5a5cb12b74e9d517ee91cf570335b7d16177f1977cc91db161adfa435945a7?s=96&d=mm&r=g\",\"caption\":\"favorite-news\"},\"url\":\"https:\\\/\\\/favorite-news.com\\\/mx\\\/author\\\/pt\\\/\"}]}<\/script>\n<!-- \/ Yoast SEO plugin. -->","yoast_head_json":{"title":"Samsung prepara el lanzamiento del Note 10 - Favorite News","robots":{"index":"index","follow":"follow","max-snippet":"max-snippet:-1","max-image-preview":"max-image-preview:large","max-video-preview":"max-video-preview:-1"},"canonical":"https:\/\/favorite-news.com\/mx\/samsung-prepara-el-lanzamiento-del-note-10\/","og_locale":"es_MX","og_type":"article","og_title":"Samsung prepara el lanzamiento del Note 10 - Favorite News","og_description":"[ad_1] Samsung podr\u00eda lanzar su nuevo tel\u00e9fono inteligente, el Galaxy Note 10, el pr\u00f3ximo 7 de agosto en el Barclays Center de Nueva York, seg\u00fan versiones del portal CNET,que cita a fuentes familiarizadas con los planes de la empresa. Este lanzamiento pretende levantar a la compa\u00f1\u00eda surcoreana que tuvo que detener la presentaci\u00f3n del Galaxy [&hellip;]","og_url":"https:\/\/favorite-news.com\/mx\/samsung-prepara-el-lanzamiento-del-note-10\/","og_site_name":"Favorite News","article_published_time":"2019-06-22T09:59:14+00:00","article_modified_time":"2019-06-22T09:59:15+00:00","og_image":[{"width":1140,"height":712,"url":"https:\/\/favorite-news.com\/mx\/wp-content\/uploads\/sites\/8\/2019\/06\/Samsung-prepara-el-lanzamiento-del-Note-10.jpg","type":"image\/jpeg"}],"author":"favorite-news","twitter_card":"summary_large_image","twitter_misc":{"Escrito por":"favorite-news","Tiempo de lectura":"1 minuto"},"schema":{"@context":"https:\/\/schema.org","@graph":[{"@type":"Article","@id":"https:\/\/favorite-news.com\/mx\/samsung-prepara-el-lanzamiento-del-note-10\/#article","isPartOf":{"@id":"https:\/\/favorite-news.com\/mx\/samsung-prepara-el-lanzamiento-del-note-10\/"},"author":{"name":"favorite-news","@id":"https:\/\/favorite-news.com\/mx\/#\/schema\/person\/b91573b717dcfa5e4696032a9d28d3e8"},"headline":"Samsung prepara el lanzamiento del Note 10","datePublished":"2019-06-22T09:59:14+00:00","dateModified":"2019-06-22T09:59:15+00:00","mainEntityOfPage":{"@id":"https:\/\/favorite-news.com\/mx\/samsung-prepara-el-lanzamiento-del-note-10\/"},"wordCount":219,"commentCount":0,"image":{"@id":"https:\/\/favorite-news.com\/mx\/samsung-prepara-el-lanzamiento-del-note-10\/#primaryimage"},"thumbnailUrl":"https:\/\/favorite-news.com\/mx\/wp-content\/uploads\/sites\/8\/2019\/06\/Samsung-prepara-el-lanzamiento-del-Note-10.jpg","articleSection":["NOTICIAS FINANCIERAS"],"inLanguage":"es","potentialAction":[{"@type":"CommentAction","name":"Comment","target":["https:\/\/favorite-news.com\/mx\/samsung-prepara-el-lanzamiento-del-note-10\/#respond"]}]},{"@type":"WebPage","@id":"https:\/\/favorite-news.com\/mx\/samsung-prepara-el-lanzamiento-del-note-10\/","url":"https:\/\/favorite-news.com\/mx\/samsung-prepara-el-lanzamiento-del-note-10\/","name":"Samsung prepara el lanzamiento del Note 10 - Favorite News","isPartOf":{"@id":"https:\/\/favorite-news.com\/mx\/#website"},"primaryImageOfPage":{"@id":"https:\/\/favorite-news.com\/mx\/samsung-prepara-el-lanzamiento-del-note-10\/#primaryimage"},"image":{"@id":"https:\/\/favorite-news.com\/mx\/samsung-prepara-el-lanzamiento-del-note-10\/#primaryimage"},"thumbnailUrl":"https:\/\/favorite-news.com\/mx\/wp-content\/uploads\/sites\/8\/2019\/06\/Samsung-prepara-el-lanzamiento-del-Note-10.jpg","datePublished":"2019-06-22T09:59:14+00:00","dateModified":"2019-06-22T09:59:15+00:00","author":{"@id":"https:\/\/favorite-news.com\/mx\/#\/schema\/person\/b91573b717dcfa5e4696032a9d28d3e8"},"breadcrumb":{"@id":"https:\/\/favorite-news.com\/mx\/samsung-prepara-el-lanzamiento-del-note-10\/#breadcrumb"},"inLanguage":"es","potentialAction":[{"@type":"ReadAction","target":["https:\/\/favorite-news.com\/mx\/samsung-prepara-el-lanzamiento-del-note-10\/"]}]},{"@type":"ImageObject","inLanguage":"es","@id":"https:\/\/favorite-news.com\/mx\/samsung-prepara-el-lanzamiento-del-note-10\/#primaryimage","url":"https:\/\/favorite-news.com\/mx\/wp-content\/uploads\/sites\/8\/2019\/06\/Samsung-prepara-el-lanzamiento-del-Note-10.jpg","contentUrl":"https:\/\/favorite-news.com\/mx\/wp-content\/uploads\/sites\/8\/2019\/06\/Samsung-prepara-el-lanzamiento-del-Note-10.jpg","width":1140,"height":712,"caption":"Samsung prepara el lanzamiento del Note 10"},{"@type":"BreadcrumbList","@id":"https:\/\/favorite-news.com\/mx\/samsung-prepara-el-lanzamiento-del-note-10\/#breadcrumb","itemListElement":[{"@type":"ListItem","position":1,"name":"\u0413\u043b\u0430\u0432\u043d\u0430\u044f \u0441\u0442\u0440\u0430\u043d\u0438\u0446\u0430","item":"https:\/\/favorite-news.com\/mx\/"},{"@type":"ListItem","position":2,"name":"Samsung prepara el lanzamiento del Note 10"}]},{"@type":"WebSite","@id":"https:\/\/favorite-news.com\/mx\/#website","url":"https:\/\/favorite-news.com\/mx\/","name":"Favorite News","description":"Favorite News Mexico","potentialAction":[{"@type":"SearchAction","target":{"@type":"EntryPoint","urlTemplate":"https:\/\/favorite-news.com\/mx\/?s={search_term_string}"},"query-input":{"@type":"PropertyValueSpecification","valueRequired":true,"valueName":"search_term_string"}}],"inLanguage":"es"},{"@type":"Person","@id":"https:\/\/favorite-news.com\/mx\/#\/schema\/person\/b91573b717dcfa5e4696032a9d28d3e8","name":"favorite-news","image":{"@type":"ImageObject","inLanguage":"es","@id":"https:\/\/secure.gravatar.com\/avatar\/6c5a5cb12b74e9d517ee91cf570335b7d16177f1977cc91db161adfa435945a7?s=96&d=mm&r=g","url":"https:\/\/secure.gravatar.com\/avatar\/6c5a5cb12b74e9d517ee91cf570335b7d16177f1977cc91db161adfa435945a7?s=96&d=mm&r=g","contentUrl":"https:\/\/secure.gravatar.com\/avatar\/6c5a5cb12b74e9d517ee91cf570335b7d16177f1977cc91db161adfa435945a7?s=96&d=mm&r=g","caption":"favorite-news"},"url":"https:\/\/favorite-news.com\/mx\/author\/pt\/"}]}},"_links":{"self":[{"href":"https:\/\/favorite-news.com\/mx\/wp-json\/wp\/v2\/posts\/1633","targetHints":{"allow":["GET"]}}],"collection":[{"href":"https:\/\/favorite-news.com\/mx\/wp-json\/wp\/v2\/posts"}],"about":[{"href":"https:\/\/favorite-news.com\/mx\/wp-json\/wp\/v2\/types\/post"}],"author":[{"embeddable":true,"href":"https:\/\/favorite-news.com\/mx\/wp-json\/wp\/v2\/users\/2"}],"replies":[{"embeddable":true,"href":"https:\/\/favorite-news.com\/mx\/wp-json\/wp\/v2\/comments?post=1633"}],"version-history":[{"count":1,"href":"https:\/\/favorite-news.com\/mx\/wp-json\/wp\/v2\/posts\/1633\/revisions"}],"predecessor-version":[{"id":1635,"href":"https:\/\/favorite-news.com\/mx\/wp-json\/wp\/v2\/posts\/1633\/revisions\/1635"}],"wp:featuredmedia":[{"embeddable":true,"href":"https:\/\/favorite-news.com\/mx\/wp-json\/wp\/v2\/media\/1634"}],"wp:attachment":[{"href":"https:\/\/favorite-news.com\/mx\/wp-json\/wp\/v2\/media?parent=1633"}],"wp:term":[{"taxonomy":"category","embeddable":true,"href":"https:\/\/favorite-news.com\/mx\/wp-json\/wp\/v2\/categories?post=1633"},{"taxonomy":"post_tag","embeddable":true,"href":"https:\/\/favorite-news.com\/mx\/wp-json\/wp\/v2\/tags?post=1633"}],"curies":[{"name":"wp","href":"https:\/\/api.w.org\/{rel}","templated":true}]}}