{"id":1617,"date":"2019-06-22T04:23:25","date_gmt":"2019-06-22T01:23:25","guid":{"rendered":"https:\/\/favorite-news.com\/mx\/salario-minimo-es-mucho-mas-bajo-en-mexico-que-en-paises-de-centroamerica-amlo\/"},"modified":"2019-06-22T04:23:26","modified_gmt":"2019-06-22T01:23:26","slug":"salario-minimo-es-mucho-mas-bajo-en-mexico-que-en-paises-de-centroamerica-amlo","status":"publish","type":"post","link":"https:\/\/favorite-news.com\/mx\/salario-minimo-es-mucho-mas-bajo-en-mexico-que-en-paises-de-centroamerica-amlo\/","title":{"rendered":"Salario M\u00ednimo es mucho m\u00e1s bajo en M\u00e9xico que en pa\u00edses de Centroam\u00e9rica: AMLO"},"content":{"rendered":"<p> [ad_1]<br \/>\n<\/p>\n<div id=\"content-body-226-3785100\">\n<p>El presidente Andr\u00e9s Manuel L\u00f3pez Obrador reconoci\u00f3 que el salario m\u00ednimo en M\u00e9xico es mucho m\u00e1s bajo que el de los pa\u00edses en Centroam\u00e9rica con menor desarrollo econ\u00f3mico.<\/p>\n<p>Durante la conferencia ma\u00f1anera calific\u00f3 como una \u201cverg\u00fcenza\u201d que los sueldos en nuestro pa\u00eds sean tan bajos, pese a que este a\u00f1o aument\u00f3 en un 16 %.<\/p>\n<p>\u201cHay un dato que averg\u00fcenza, es m\u00e1s alto el salario m\u00ednimo en Guatemala, Honduras y El Salvador que en M\u00e9xico [\u2026] \u00bfqu\u00e9 pensar\u00eda cualquiera?, que son mejores los salarios en M\u00e9xico, no, esto pesar de que aument\u00f3 16 %, como nunca en 36 a\u00f1os\u201d, reproch\u00f3.<\/p>\n<p>Adelant\u00f3 que \u00e9ste ser\u00e1 uno de los temas a tratar ma\u00f1ana en la reuni\u00f3n con el presidente de El Salvador, Nayib Bukele, con quien se reunir\u00e1 en Tapachula para coordinar el despliegue del Programa de Desarrollo Integral para Centroam\u00e9rica.<\/p>\n<p>Adem\u00e1s, antes de partir al estado de Chiapas, hablar\u00e1 con el Alto Comisionado de las Naciones Unidas para los Refugiados (ACNUR), el Fondo de las Naciones Unidas para la Infancia (Unicef) y el secretario de Relaciones Exteriores, Marcelo Ebrard, para tratar sobre los apoyos para mujeres y ni\u00f1os migrantes.<\/p>\n<p>El pr\u00f3ximo viernes, el canciller mexicano presentar\u00e1 junto con Alejandro Encinas, subsecretario de Derechos Humanos, Poblaci\u00f3n y Migraci\u00f3n de la Secretar\u00eda de Gobernaci\u00f3n, el plan de los albergues para los migrantes deportados desde Estados Unidos.<\/p>\n<\/div>\n<p><script>(function(d, s, id) {\nvar js, fjs = d.getElementsByTagName(s)[0];\nif (d.getElementById(id)) return;\njs = d.createElement(s); js.id = id;\njs.src = 'https:\/\/connect.facebook.net\/es_LA\/sdk.js#xfbml=1&version=v3.2&appId=641196362757391&autoLogAppEvents=1';\nfjs.parentNode.insertBefore(js, fjs);\n}(document, 'script', 'facebook-jssdk'));\n<\/script><br \/>\n<br \/>[ad_2]<br \/>\n<br \/><a href=\"https:\/\/www.elsoldemexico.com.mx\/finanzas\/salario-minimo-es-mucho-mas-bajo-en-mexico-que-en-paises-de-centroamerica-amlo-3785100.html\">Source link <\/a><\/p>\n","protected":false},"excerpt":{"rendered":"<p>[ad_1] El presidente Andr\u00e9s Manuel L\u00f3pez Obrador reconoci\u00f3 que el salario m\u00ednimo en M\u00e9xico es mucho m\u00e1s bajo que el de los pa\u00edses en Centroam\u00e9rica con menor desarrollo econ\u00f3mico. Durante la conferencia ma\u00f1anera calific\u00f3 como una \u201cverg\u00fcenza\u201d que los sueldos en nuestro pa\u00eds sean tan bajos, pese a que este a\u00f1o aument\u00f3 en un 16 [&hellip;]<\/p>\n","protected":false},"author":2,"featured_media":1618,"comment_status":"open","ping_status":"open","sticky":false,"template":"","format":"standard","meta":{"footnotes":""},"categories":[1],"tags":[],"class_list":["post-1617","post","type-post","status-publish","format-standard","has-post-thumbnail","hentry","category-noticias-financieras"],"yoast_head":"<!-- This site is optimized with the Yoast SEO plugin v27.4 - https:\/\/yoast.com\/product\/yoast-seo-wordpress\/ -->\n<title>Salario M\u00ednimo es mucho m\u00e1s bajo en M\u00e9xico que en pa\u00edses de Centroam\u00e9rica: AMLO - Favorite News<\/title>\n<meta name=\"robots\" content=\"index, follow, max-snippet:-1, max-image-preview:large, max-video-preview:-1\" \/>\n<link rel=\"canonical\" href=\"https:\/\/favorite-news.com\/mx\/salario-minimo-es-mucho-mas-bajo-en-mexico-que-en-paises-de-centroamerica-amlo\/\" \/>\n<meta property=\"og:locale\" content=\"es_MX\" \/>\n<meta property=\"og:type\" content=\"article\" \/>\n<meta property=\"og:title\" content=\"Salario M\u00ednimo es mucho m\u00e1s bajo en M\u00e9xico que en pa\u00edses de Centroam\u00e9rica: AMLO - Favorite News\" \/>\n<meta property=\"og:description\" content=\"[ad_1] El presidente Andr\u00e9s Manuel L\u00f3pez Obrador reconoci\u00f3 que el salario m\u00ednimo en M\u00e9xico es mucho m\u00e1s bajo que el de los pa\u00edses en Centroam\u00e9rica con menor desarrollo econ\u00f3mico. Durante la conferencia ma\u00f1anera calific\u00f3 como una \u201cverg\u00fcenza\u201d que los sueldos en nuestro pa\u00eds sean tan bajos, pese a que este a\u00f1o aument\u00f3 en un 16 [&hellip;]\" \/>\n<meta property=\"og:url\" content=\"https:\/\/favorite-news.com\/mx\/salario-minimo-es-mucho-mas-bajo-en-mexico-que-en-paises-de-centroamerica-amlo\/\" \/>\n<meta property=\"og:site_name\" content=\"Favorite News\" \/>\n<meta property=\"article:published_time\" content=\"2019-06-22T01:23:25+00:00\" \/>\n<meta property=\"article:modified_time\" content=\"2019-06-22T01:23:26+00:00\" \/>\n<meta property=\"og:image\" content=\"https:\/\/favorite-news.com\/mx\/wp-content\/uploads\/sites\/8\/2019\/06\/Salario-M\u00ednimo-es-mucho-m\u00e1s-bajo-en-M\u00e9xico-que-en.jpeg\" \/>\n\t<meta property=\"og:image:width\" content=\"1140\" \/>\n\t<meta property=\"og:image:height\" content=\"712\" \/>\n\t<meta property=\"og:image:type\" content=\"image\/jpeg\" \/>\n<meta name=\"author\" content=\"favorite-news\" \/>\n<meta name=\"twitter:card\" content=\"summary_large_image\" \/>\n<meta name=\"twitter:label1\" content=\"Escrito por\" \/>\n\t<meta name=\"twitter:data1\" content=\"favorite-news\" \/>\n\t<meta name=\"twitter:label2\" content=\"Tiempo de lectura\" \/>\n\t<meta name=\"twitter:data2\" content=\"1 minuto\" \/>\n<script type=\"application\/ld+json\" class=\"yoast-schema-graph\">{\"@context\":\"https:\\\/\\\/schema.org\",\"@graph\":[{\"@type\":\"Article\",\"@id\":\"https:\\\/\\\/favorite-news.com\\\/mx\\\/salario-minimo-es-mucho-mas-bajo-en-mexico-que-en-paises-de-centroamerica-amlo\\\/#article\",\"isPartOf\":{\"@id\":\"https:\\\/\\\/favorite-news.com\\\/mx\\\/salario-minimo-es-mucho-mas-bajo-en-mexico-que-en-paises-de-centroamerica-amlo\\\/\"},\"author\":{\"name\":\"favorite-news\",\"@id\":\"https:\\\/\\\/favorite-news.com\\\/mx\\\/#\\\/schema\\\/person\\\/b91573b717dcfa5e4696032a9d28d3e8\"},\"headline\":\"Salario M\u00ednimo es mucho m\u00e1s bajo en M\u00e9xico que en pa\u00edses de Centroam\u00e9rica: AMLO\",\"datePublished\":\"2019-06-22T01:23:25+00:00\",\"dateModified\":\"2019-06-22T01:23:26+00:00\",\"mainEntityOfPage\":{\"@id\":\"https:\\\/\\\/favorite-news.com\\\/mx\\\/salario-minimo-es-mucho-mas-bajo-en-mexico-que-en-paises-de-centroamerica-amlo\\\/\"},\"wordCount\":269,\"commentCount\":0,\"image\":{\"@id\":\"https:\\\/\\\/favorite-news.com\\\/mx\\\/salario-minimo-es-mucho-mas-bajo-en-mexico-que-en-paises-de-centroamerica-amlo\\\/#primaryimage\"},\"thumbnailUrl\":\"https:\\\/\\\/favorite-news.com\\\/mx\\\/wp-content\\\/uploads\\\/sites\\\/8\\\/2019\\\/06\\\/Salario-M\u00ednimo-es-mucho-m\u00e1s-bajo-en-M\u00e9xico-que-en.jpeg\",\"articleSection\":[\"NOTICIAS FINANCIERAS\"],\"inLanguage\":\"es\",\"potentialAction\":[{\"@type\":\"CommentAction\",\"name\":\"Comment\",\"target\":[\"https:\\\/\\\/favorite-news.com\\\/mx\\\/salario-minimo-es-mucho-mas-bajo-en-mexico-que-en-paises-de-centroamerica-amlo\\\/#respond\"]}]},{\"@type\":\"WebPage\",\"@id\":\"https:\\\/\\\/favorite-news.com\\\/mx\\\/salario-minimo-es-mucho-mas-bajo-en-mexico-que-en-paises-de-centroamerica-amlo\\\/\",\"url\":\"https:\\\/\\\/favorite-news.com\\\/mx\\\/salario-minimo-es-mucho-mas-bajo-en-mexico-que-en-paises-de-centroamerica-amlo\\\/\",\"name\":\"Salario M\u00ednimo es mucho m\u00e1s bajo en M\u00e9xico que en pa\u00edses de Centroam\u00e9rica: AMLO - Favorite News\",\"isPartOf\":{\"@id\":\"https:\\\/\\\/favorite-news.com\\\/mx\\\/#website\"},\"primaryImageOfPage\":{\"@id\":\"https:\\\/\\\/favorite-news.com\\\/mx\\\/salario-minimo-es-mucho-mas-bajo-en-mexico-que-en-paises-de-centroamerica-amlo\\\/#primaryimage\"},\"image\":{\"@id\":\"https:\\\/\\\/favorite-news.com\\\/mx\\\/salario-minimo-es-mucho-mas-bajo-en-mexico-que-en-paises-de-centroamerica-amlo\\\/#primaryimage\"},\"thumbnailUrl\":\"https:\\\/\\\/favorite-news.com\\\/mx\\\/wp-content\\\/uploads\\\/sites\\\/8\\\/2019\\\/06\\\/Salario-M\u00ednimo-es-mucho-m\u00e1s-bajo-en-M\u00e9xico-que-en.jpeg\",\"datePublished\":\"2019-06-22T01:23:25+00:00\",\"dateModified\":\"2019-06-22T01:23:26+00:00\",\"author\":{\"@id\":\"https:\\\/\\\/favorite-news.com\\\/mx\\\/#\\\/schema\\\/person\\\/b91573b717dcfa5e4696032a9d28d3e8\"},\"breadcrumb\":{\"@id\":\"https:\\\/\\\/favorite-news.com\\\/mx\\\/salario-minimo-es-mucho-mas-bajo-en-mexico-que-en-paises-de-centroamerica-amlo\\\/#breadcrumb\"},\"inLanguage\":\"es\",\"potentialAction\":[{\"@type\":\"ReadAction\",\"target\":[\"https:\\\/\\\/favorite-news.com\\\/mx\\\/salario-minimo-es-mucho-mas-bajo-en-mexico-que-en-paises-de-centroamerica-amlo\\\/\"]}]},{\"@type\":\"ImageObject\",\"inLanguage\":\"es\",\"@id\":\"https:\\\/\\\/favorite-news.com\\\/mx\\\/salario-minimo-es-mucho-mas-bajo-en-mexico-que-en-paises-de-centroamerica-amlo\\\/#primaryimage\",\"url\":\"https:\\\/\\\/favorite-news.com\\\/mx\\\/wp-content\\\/uploads\\\/sites\\\/8\\\/2019\\\/06\\\/Salario-M\u00ednimo-es-mucho-m\u00e1s-bajo-en-M\u00e9xico-que-en.jpeg\",\"contentUrl\":\"https:\\\/\\\/favorite-news.com\\\/mx\\\/wp-content\\\/uploads\\\/sites\\\/8\\\/2019\\\/06\\\/Salario-M\u00ednimo-es-mucho-m\u00e1s-bajo-en-M\u00e9xico-que-en.jpeg\",\"width\":1140,\"height\":712,\"caption\":\"Salario M\u00ednimo es mucho m\u00e1s bajo en M\u00e9xico que en pa\u00edses de Centroam\u00e9rica: AMLO\"},{\"@type\":\"BreadcrumbList\",\"@id\":\"https:\\\/\\\/favorite-news.com\\\/mx\\\/salario-minimo-es-mucho-mas-bajo-en-mexico-que-en-paises-de-centroamerica-amlo\\\/#breadcrumb\",\"itemListElement\":[{\"@type\":\"ListItem\",\"position\":1,\"name\":\"\u0413\u043b\u0430\u0432\u043d\u0430\u044f \u0441\u0442\u0440\u0430\u043d\u0438\u0446\u0430\",\"item\":\"https:\\\/\\\/favorite-news.com\\\/mx\\\/\"},{\"@type\":\"ListItem\",\"position\":2,\"name\":\"Salario M\u00ednimo es mucho m\u00e1s bajo en M\u00e9xico que en pa\u00edses de Centroam\u00e9rica: AMLO\"}]},{\"@type\":\"WebSite\",\"@id\":\"https:\\\/\\\/favorite-news.com\\\/mx\\\/#website\",\"url\":\"https:\\\/\\\/favorite-news.com\\\/mx\\\/\",\"name\":\"Favorite News\",\"description\":\"Favorite News Mexico\",\"potentialAction\":[{\"@type\":\"SearchAction\",\"target\":{\"@type\":\"EntryPoint\",\"urlTemplate\":\"https:\\\/\\\/favorite-news.com\\\/mx\\\/?s={search_term_string}\"},\"query-input\":{\"@type\":\"PropertyValueSpecification\",\"valueRequired\":true,\"valueName\":\"search_term_string\"}}],\"inLanguage\":\"es\"},{\"@type\":\"Person\",\"@id\":\"https:\\\/\\\/favorite-news.com\\\/mx\\\/#\\\/schema\\\/person\\\/b91573b717dcfa5e4696032a9d28d3e8\",\"name\":\"favorite-news\",\"image\":{\"@type\":\"ImageObject\",\"inLanguage\":\"es\",\"@id\":\"https:\\\/\\\/secure.gravatar.com\\\/avatar\\\/6c5a5cb12b74e9d517ee91cf570335b7d16177f1977cc91db161adfa435945a7?s=96&d=mm&r=g\",\"url\":\"https:\\\/\\\/secure.gravatar.com\\\/avatar\\\/6c5a5cb12b74e9d517ee91cf570335b7d16177f1977cc91db161adfa435945a7?s=96&d=mm&r=g\",\"contentUrl\":\"https:\\\/\\\/secure.gravatar.com\\\/avatar\\\/6c5a5cb12b74e9d517ee91cf570335b7d16177f1977cc91db161adfa435945a7?s=96&d=mm&r=g\",\"caption\":\"favorite-news\"},\"url\":\"https:\\\/\\\/favorite-news.com\\\/mx\\\/author\\\/pt\\\/\"}]}<\/script>\n<!-- \/ Yoast SEO plugin. -->","yoast_head_json":{"title":"Salario M\u00ednimo es mucho m\u00e1s bajo en M\u00e9xico que en pa\u00edses de Centroam\u00e9rica: AMLO - Favorite News","robots":{"index":"index","follow":"follow","max-snippet":"max-snippet:-1","max-image-preview":"max-image-preview:large","max-video-preview":"max-video-preview:-1"},"canonical":"https:\/\/favorite-news.com\/mx\/salario-minimo-es-mucho-mas-bajo-en-mexico-que-en-paises-de-centroamerica-amlo\/","og_locale":"es_MX","og_type":"article","og_title":"Salario M\u00ednimo es mucho m\u00e1s bajo en M\u00e9xico que en pa\u00edses de Centroam\u00e9rica: AMLO - Favorite News","og_description":"[ad_1] El presidente Andr\u00e9s Manuel L\u00f3pez Obrador reconoci\u00f3 que el salario m\u00ednimo en M\u00e9xico es mucho m\u00e1s bajo que el de los pa\u00edses en Centroam\u00e9rica con menor desarrollo econ\u00f3mico. Durante la conferencia ma\u00f1anera calific\u00f3 como una \u201cverg\u00fcenza\u201d que los sueldos en nuestro pa\u00eds sean tan bajos, pese a que este a\u00f1o aument\u00f3 en un 16 [&hellip;]","og_url":"https:\/\/favorite-news.com\/mx\/salario-minimo-es-mucho-mas-bajo-en-mexico-que-en-paises-de-centroamerica-amlo\/","og_site_name":"Favorite News","article_published_time":"2019-06-22T01:23:25+00:00","article_modified_time":"2019-06-22T01:23:26+00:00","og_image":[{"width":1140,"height":712,"url":"https:\/\/favorite-news.com\/mx\/wp-content\/uploads\/sites\/8\/2019\/06\/Salario-M\u00ednimo-es-mucho-m\u00e1s-bajo-en-M\u00e9xico-que-en.jpeg","type":"image\/jpeg"}],"author":"favorite-news","twitter_card":"summary_large_image","twitter_misc":{"Escrito por":"favorite-news","Tiempo de lectura":"1 minuto"},"schema":{"@context":"https:\/\/schema.org","@graph":[{"@type":"Article","@id":"https:\/\/favorite-news.com\/mx\/salario-minimo-es-mucho-mas-bajo-en-mexico-que-en-paises-de-centroamerica-amlo\/#article","isPartOf":{"@id":"https:\/\/favorite-news.com\/mx\/salario-minimo-es-mucho-mas-bajo-en-mexico-que-en-paises-de-centroamerica-amlo\/"},"author":{"name":"favorite-news","@id":"https:\/\/favorite-news.com\/mx\/#\/schema\/person\/b91573b717dcfa5e4696032a9d28d3e8"},"headline":"Salario M\u00ednimo es mucho m\u00e1s bajo en M\u00e9xico que en pa\u00edses de Centroam\u00e9rica: AMLO","datePublished":"2019-06-22T01:23:25+00:00","dateModified":"2019-06-22T01:23:26+00:00","mainEntityOfPage":{"@id":"https:\/\/favorite-news.com\/mx\/salario-minimo-es-mucho-mas-bajo-en-mexico-que-en-paises-de-centroamerica-amlo\/"},"wordCount":269,"commentCount":0,"image":{"@id":"https:\/\/favorite-news.com\/mx\/salario-minimo-es-mucho-mas-bajo-en-mexico-que-en-paises-de-centroamerica-amlo\/#primaryimage"},"thumbnailUrl":"https:\/\/favorite-news.com\/mx\/wp-content\/uploads\/sites\/8\/2019\/06\/Salario-M\u00ednimo-es-mucho-m\u00e1s-bajo-en-M\u00e9xico-que-en.jpeg","articleSection":["NOTICIAS FINANCIERAS"],"inLanguage":"es","potentialAction":[{"@type":"CommentAction","name":"Comment","target":["https:\/\/favorite-news.com\/mx\/salario-minimo-es-mucho-mas-bajo-en-mexico-que-en-paises-de-centroamerica-amlo\/#respond"]}]},{"@type":"WebPage","@id":"https:\/\/favorite-news.com\/mx\/salario-minimo-es-mucho-mas-bajo-en-mexico-que-en-paises-de-centroamerica-amlo\/","url":"https:\/\/favorite-news.com\/mx\/salario-minimo-es-mucho-mas-bajo-en-mexico-que-en-paises-de-centroamerica-amlo\/","name":"Salario M\u00ednimo es mucho m\u00e1s bajo en M\u00e9xico que en pa\u00edses de Centroam\u00e9rica: AMLO - Favorite News","isPartOf":{"@id":"https:\/\/favorite-news.com\/mx\/#website"},"primaryImageOfPage":{"@id":"https:\/\/favorite-news.com\/mx\/salario-minimo-es-mucho-mas-bajo-en-mexico-que-en-paises-de-centroamerica-amlo\/#primaryimage"},"image":{"@id":"https:\/\/favorite-news.com\/mx\/salario-minimo-es-mucho-mas-bajo-en-mexico-que-en-paises-de-centroamerica-amlo\/#primaryimage"},"thumbnailUrl":"https:\/\/favorite-news.com\/mx\/wp-content\/uploads\/sites\/8\/2019\/06\/Salario-M\u00ednimo-es-mucho-m\u00e1s-bajo-en-M\u00e9xico-que-en.jpeg","datePublished":"2019-06-22T01:23:25+00:00","dateModified":"2019-06-22T01:23:26+00:00","author":{"@id":"https:\/\/favorite-news.com\/mx\/#\/schema\/person\/b91573b717dcfa5e4696032a9d28d3e8"},"breadcrumb":{"@id":"https:\/\/favorite-news.com\/mx\/salario-minimo-es-mucho-mas-bajo-en-mexico-que-en-paises-de-centroamerica-amlo\/#breadcrumb"},"inLanguage":"es","potentialAction":[{"@type":"ReadAction","target":["https:\/\/favorite-news.com\/mx\/salario-minimo-es-mucho-mas-bajo-en-mexico-que-en-paises-de-centroamerica-amlo\/"]}]},{"@type":"ImageObject","inLanguage":"es","@id":"https:\/\/favorite-news.com\/mx\/salario-minimo-es-mucho-mas-bajo-en-mexico-que-en-paises-de-centroamerica-amlo\/#primaryimage","url":"https:\/\/favorite-news.com\/mx\/wp-content\/uploads\/sites\/8\/2019\/06\/Salario-M\u00ednimo-es-mucho-m\u00e1s-bajo-en-M\u00e9xico-que-en.jpeg","contentUrl":"https:\/\/favorite-news.com\/mx\/wp-content\/uploads\/sites\/8\/2019\/06\/Salario-M\u00ednimo-es-mucho-m\u00e1s-bajo-en-M\u00e9xico-que-en.jpeg","width":1140,"height":712,"caption":"Salario M\u00ednimo es mucho m\u00e1s bajo en M\u00e9xico que en pa\u00edses de Centroam\u00e9rica: AMLO"},{"@type":"BreadcrumbList","@id":"https:\/\/favorite-news.com\/mx\/salario-minimo-es-mucho-mas-bajo-en-mexico-que-en-paises-de-centroamerica-amlo\/#breadcrumb","itemListElement":[{"@type":"ListItem","position":1,"name":"\u0413\u043b\u0430\u0432\u043d\u0430\u044f \u0441\u0442\u0440\u0430\u043d\u0438\u0446\u0430","item":"https:\/\/favorite-news.com\/mx\/"},{"@type":"ListItem","position":2,"name":"Salario M\u00ednimo es mucho m\u00e1s bajo en M\u00e9xico que en pa\u00edses de Centroam\u00e9rica: AMLO"}]},{"@type":"WebSite","@id":"https:\/\/favorite-news.com\/mx\/#website","url":"https:\/\/favorite-news.com\/mx\/","name":"Favorite News","description":"Favorite News Mexico","potentialAction":[{"@type":"SearchAction","target":{"@type":"EntryPoint","urlTemplate":"https:\/\/favorite-news.com\/mx\/?s={search_term_string}"},"query-input":{"@type":"PropertyValueSpecification","valueRequired":true,"valueName":"search_term_string"}}],"inLanguage":"es"},{"@type":"Person","@id":"https:\/\/favorite-news.com\/mx\/#\/schema\/person\/b91573b717dcfa5e4696032a9d28d3e8","name":"favorite-news","image":{"@type":"ImageObject","inLanguage":"es","@id":"https:\/\/secure.gravatar.com\/avatar\/6c5a5cb12b74e9d517ee91cf570335b7d16177f1977cc91db161adfa435945a7?s=96&d=mm&r=g","url":"https:\/\/secure.gravatar.com\/avatar\/6c5a5cb12b74e9d517ee91cf570335b7d16177f1977cc91db161adfa435945a7?s=96&d=mm&r=g","contentUrl":"https:\/\/secure.gravatar.com\/avatar\/6c5a5cb12b74e9d517ee91cf570335b7d16177f1977cc91db161adfa435945a7?s=96&d=mm&r=g","caption":"favorite-news"},"url":"https:\/\/favorite-news.com\/mx\/author\/pt\/"}]}},"_links":{"self":[{"href":"https:\/\/favorite-news.com\/mx\/wp-json\/wp\/v2\/posts\/1617","targetHints":{"allow":["GET"]}}],"collection":[{"href":"https:\/\/favorite-news.com\/mx\/wp-json\/wp\/v2\/posts"}],"about":[{"href":"https:\/\/favorite-news.com\/mx\/wp-json\/wp\/v2\/types\/post"}],"author":[{"embeddable":true,"href":"https:\/\/favorite-news.com\/mx\/wp-json\/wp\/v2\/users\/2"}],"replies":[{"embeddable":true,"href":"https:\/\/favorite-news.com\/mx\/wp-json\/wp\/v2\/comments?post=1617"}],"version-history":[{"count":1,"href":"https:\/\/favorite-news.com\/mx\/wp-json\/wp\/v2\/posts\/1617\/revisions"}],"predecessor-version":[{"id":1619,"href":"https:\/\/favorite-news.com\/mx\/wp-json\/wp\/v2\/posts\/1617\/revisions\/1619"}],"wp:featuredmedia":[{"embeddable":true,"href":"https:\/\/favorite-news.com\/mx\/wp-json\/wp\/v2\/media\/1618"}],"wp:attachment":[{"href":"https:\/\/favorite-news.com\/mx\/wp-json\/wp\/v2\/media?parent=1617"}],"wp:term":[{"taxonomy":"category","embeddable":true,"href":"https:\/\/favorite-news.com\/mx\/wp-json\/wp\/v2\/categories?post=1617"},{"taxonomy":"post_tag","embeddable":true,"href":"https:\/\/favorite-news.com\/mx\/wp-json\/wp\/v2\/tags?post=1617"}],"curies":[{"name":"wp","href":"https:\/\/api.w.org\/{rel}","templated":true}]}}