{"id":1614,"date":"2019-06-22T02:25:07","date_gmt":"2019-06-21T23:25:07","guid":{"rendered":"https:\/\/favorite-news.com\/mx\/apple-planea-trasladar-30-de-su-produccion-fuera-de-china\/"},"modified":"2019-06-22T02:25:09","modified_gmt":"2019-06-21T23:25:09","slug":"apple-planea-trasladar-30-de-su-produccion-fuera-de-china","status":"publish","type":"post","link":"https:\/\/favorite-news.com\/mx\/apple-planea-trasladar-30-de-su-produccion-fuera-de-china\/","title":{"rendered":"Apple planea trasladar 30% de su producci\u00f3n fuera de China"},"content":{"rendered":"<p> [ad_1]<br \/>\n<\/p>\n<div id=\"content-body-226-3789309\">\n<p>Apple pidi\u00f3 a sus principales proveedores que eval\u00faen las implicaciones en costos que tendr\u00eda trasladar entre 15 y 30 por ciento de su capacidad de producci\u00f3n desde China al sudeste asi\u00e1tico, mientras se prepara para una reestructuraci\u00f3n de su cadena de suministro, inform\u00f3 el mi\u00e9rcoles el diario japon\u00e9s Nikkei Asian Review. <\/p>\n<p>La petici\u00f3n de Apple es una consecuencia de la larga disputa comercial entre China y Estados Unidos, pero un eventual acuerdo entre ambas potencias, que podr\u00eda ocurrir durante el encuentro del G20 que tendr\u00e1 lugar a finales de mes, no cambiar\u00e1 necesariamente la decisi\u00f3n de la compa\u00f1\u00eda, dijo Nikkei, que cit\u00f3 varias fuentes.<\/p>\n<h4\/>\n<p>El fabricante del iPhone ha decidido que los riesgos de depender en gran medida de la fabricaci\u00f3n en China son demasiado elevados e incluso van en aumento, se\u00f1al\u00f3 el diario nip\u00f3n. <\/p>\n<p>A principios de este mes, la agencia de calificaci\u00f3n crediticia Fitch advirti\u00f3 que Apple, Dell Technologies y HP podr\u00edan ser considerados en una hipot\u00e9tica lista negra de empresas estadounidenses, si China tomase represalias por las restricciones impuestas a Huawei. <\/p>\n<p>Seg\u00fan Nikkei, Apple ha preguntado a sus principales ensambladores -entre ellos, Foxconn, Pegatron Corp, Wistron Corp, Quanta Computer, Compal Electronics, Inventec Corp, Luxshare- ICT y Goertek- que eval\u00faen sus opciones fuera de China. <\/p>\n<p>Los pa\u00edses considerados para un posible traslado de producci\u00f3n incluyen M\u00e9xico, India, Vietnam, Indonesia y Malasia. <\/p>\n<p>India y Vietnam est\u00e1n entre los favoritos para los tel\u00e9fonos inteligentes, precis\u00f3 Nikkei, citando fuentes que no quisieron ser identificadas, ya que las discusiones son privadas. <\/p>\n<p>Los analistas de Wedbush Securities dijeron que, en el mejor de los casos, Apple podr\u00eda trasladar entre cinco y siete por ciento de su producci\u00f3n de iPhone a India en los pr\u00f3ximos 12 a 18 meses. <\/p>\n<p>Dada la complejidad y la log\u00edstica que implica, detall\u00f3 la corredur\u00eda, se necesitar\u00edan al menos dos o tres a\u00f1os para trasladar 15 por ciento de la producci\u00f3n de iPhone de China a otras regiones del mundo. <\/p>\n<p>Apple y Foxconn no respondieron a la solicitud de que se formularan comentarios sobre la noticia.<\/p>\n<\/div>\n<p><script>(function(d, s, id) {\nvar js, fjs = d.getElementsByTagName(s)[0];\nif (d.getElementById(id)) return;\njs = d.createElement(s); js.id = id;\njs.src = 'https:\/\/connect.facebook.net\/es_LA\/sdk.js#xfbml=1&version=v3.2&appId=641196362757391&autoLogAppEvents=1';\nfjs.parentNode.insertBefore(js, fjs);\n}(document, 'script', 'facebook-jssdk'));\n<\/script><br \/>\n<br \/>[ad_2]<br \/>\n<br \/><a href=\"https:\/\/www.elsoldemexico.com.mx\/finanzas\/apple-planea-trasladar-30-de-su-produccion-fuera-de-china-3789309.html\">Source link <\/a><\/p>\n","protected":false},"excerpt":{"rendered":"<p>[ad_1] Apple pidi\u00f3 a sus principales proveedores que eval\u00faen las implicaciones en costos que tendr\u00eda trasladar entre 15 y 30 por ciento de su capacidad de producci\u00f3n desde China al sudeste asi\u00e1tico, mientras se prepara para una reestructuraci\u00f3n de su cadena de suministro, inform\u00f3 el mi\u00e9rcoles el diario japon\u00e9s Nikkei Asian Review. La petici\u00f3n de [&hellip;]<\/p>\n","protected":false},"author":2,"featured_media":1615,"comment_status":"open","ping_status":"open","sticky":false,"template":"","format":"standard","meta":{"footnotes":""},"categories":[1],"tags":[],"class_list":["post-1614","post","type-post","status-publish","format-standard","has-post-thumbnail","hentry","category-noticias-financieras"],"yoast_head":"<!-- This site is optimized with the Yoast SEO plugin v27.4 - https:\/\/yoast.com\/product\/yoast-seo-wordpress\/ -->\n<title>Apple planea trasladar 30% de su producci\u00f3n fuera de China - Favorite News<\/title>\n<meta name=\"robots\" content=\"index, follow, max-snippet:-1, max-image-preview:large, max-video-preview:-1\" \/>\n<link rel=\"canonical\" href=\"https:\/\/favorite-news.com\/mx\/apple-planea-trasladar-30-de-su-produccion-fuera-de-china\/\" \/>\n<meta property=\"og:locale\" content=\"es_MX\" \/>\n<meta property=\"og:type\" content=\"article\" \/>\n<meta property=\"og:title\" content=\"Apple planea trasladar 30% de su producci\u00f3n fuera de China - Favorite News\" \/>\n<meta property=\"og:description\" content=\"[ad_1] Apple pidi\u00f3 a sus principales proveedores que eval\u00faen las implicaciones en costos que tendr\u00eda trasladar entre 15 y 30 por ciento de su capacidad de producci\u00f3n desde China al sudeste asi\u00e1tico, mientras se prepara para una reestructuraci\u00f3n de su cadena de suministro, inform\u00f3 el mi\u00e9rcoles el diario japon\u00e9s Nikkei Asian Review. La petici\u00f3n de [&hellip;]\" \/>\n<meta property=\"og:url\" content=\"https:\/\/favorite-news.com\/mx\/apple-planea-trasladar-30-de-su-produccion-fuera-de-china\/\" \/>\n<meta property=\"og:site_name\" content=\"Favorite News\" \/>\n<meta property=\"article:published_time\" content=\"2019-06-21T23:25:07+00:00\" \/>\n<meta property=\"article:modified_time\" content=\"2019-06-21T23:25:09+00:00\" \/>\n<meta property=\"og:image\" content=\"https:\/\/favorite-news.com\/mx\/wp-content\/uploads\/sites\/8\/2019\/06\/Apple-planea-trasladar-30-de-su-producci\u00f3n-fuera-de-China.jpg\" \/>\n\t<meta property=\"og:image:width\" content=\"1140\" \/>\n\t<meta property=\"og:image:height\" content=\"712\" \/>\n\t<meta property=\"og:image:type\" content=\"image\/jpeg\" \/>\n<meta name=\"author\" content=\"favorite-news\" \/>\n<meta name=\"twitter:card\" content=\"summary_large_image\" \/>\n<meta name=\"twitter:label1\" content=\"Escrito por\" \/>\n\t<meta name=\"twitter:data1\" content=\"favorite-news\" \/>\n\t<meta name=\"twitter:label2\" content=\"Tiempo de lectura\" \/>\n\t<meta name=\"twitter:data2\" content=\"2 minutos\" \/>\n<script type=\"application\/ld+json\" class=\"yoast-schema-graph\">{\"@context\":\"https:\\\/\\\/schema.org\",\"@graph\":[{\"@type\":\"Article\",\"@id\":\"https:\\\/\\\/favorite-news.com\\\/mx\\\/apple-planea-trasladar-30-de-su-produccion-fuera-de-china\\\/#article\",\"isPartOf\":{\"@id\":\"https:\\\/\\\/favorite-news.com\\\/mx\\\/apple-planea-trasladar-30-de-su-produccion-fuera-de-china\\\/\"},\"author\":{\"name\":\"favorite-news\",\"@id\":\"https:\\\/\\\/favorite-news.com\\\/mx\\\/#\\\/schema\\\/person\\\/b91573b717dcfa5e4696032a9d28d3e8\"},\"headline\":\"Apple planea trasladar 30% de su producci\u00f3n fuera de China\",\"datePublished\":\"2019-06-21T23:25:07+00:00\",\"dateModified\":\"2019-06-21T23:25:09+00:00\",\"mainEntityOfPage\":{\"@id\":\"https:\\\/\\\/favorite-news.com\\\/mx\\\/apple-planea-trasladar-30-de-su-produccion-fuera-de-china\\\/\"},\"wordCount\":378,\"commentCount\":0,\"image\":{\"@id\":\"https:\\\/\\\/favorite-news.com\\\/mx\\\/apple-planea-trasladar-30-de-su-produccion-fuera-de-china\\\/#primaryimage\"},\"thumbnailUrl\":\"https:\\\/\\\/favorite-news.com\\\/mx\\\/wp-content\\\/uploads\\\/sites\\\/8\\\/2019\\\/06\\\/Apple-planea-trasladar-30-de-su-producci\u00f3n-fuera-de-China.jpg\",\"articleSection\":[\"NOTICIAS FINANCIERAS\"],\"inLanguage\":\"es\",\"potentialAction\":[{\"@type\":\"CommentAction\",\"name\":\"Comment\",\"target\":[\"https:\\\/\\\/favorite-news.com\\\/mx\\\/apple-planea-trasladar-30-de-su-produccion-fuera-de-china\\\/#respond\"]}]},{\"@type\":\"WebPage\",\"@id\":\"https:\\\/\\\/favorite-news.com\\\/mx\\\/apple-planea-trasladar-30-de-su-produccion-fuera-de-china\\\/\",\"url\":\"https:\\\/\\\/favorite-news.com\\\/mx\\\/apple-planea-trasladar-30-de-su-produccion-fuera-de-china\\\/\",\"name\":\"Apple planea trasladar 30% de su producci\u00f3n fuera de China - Favorite News\",\"isPartOf\":{\"@id\":\"https:\\\/\\\/favorite-news.com\\\/mx\\\/#website\"},\"primaryImageOfPage\":{\"@id\":\"https:\\\/\\\/favorite-news.com\\\/mx\\\/apple-planea-trasladar-30-de-su-produccion-fuera-de-china\\\/#primaryimage\"},\"image\":{\"@id\":\"https:\\\/\\\/favorite-news.com\\\/mx\\\/apple-planea-trasladar-30-de-su-produccion-fuera-de-china\\\/#primaryimage\"},\"thumbnailUrl\":\"https:\\\/\\\/favorite-news.com\\\/mx\\\/wp-content\\\/uploads\\\/sites\\\/8\\\/2019\\\/06\\\/Apple-planea-trasladar-30-de-su-producci\u00f3n-fuera-de-China.jpg\",\"datePublished\":\"2019-06-21T23:25:07+00:00\",\"dateModified\":\"2019-06-21T23:25:09+00:00\",\"author\":{\"@id\":\"https:\\\/\\\/favorite-news.com\\\/mx\\\/#\\\/schema\\\/person\\\/b91573b717dcfa5e4696032a9d28d3e8\"},\"breadcrumb\":{\"@id\":\"https:\\\/\\\/favorite-news.com\\\/mx\\\/apple-planea-trasladar-30-de-su-produccion-fuera-de-china\\\/#breadcrumb\"},\"inLanguage\":\"es\",\"potentialAction\":[{\"@type\":\"ReadAction\",\"target\":[\"https:\\\/\\\/favorite-news.com\\\/mx\\\/apple-planea-trasladar-30-de-su-produccion-fuera-de-china\\\/\"]}]},{\"@type\":\"ImageObject\",\"inLanguage\":\"es\",\"@id\":\"https:\\\/\\\/favorite-news.com\\\/mx\\\/apple-planea-trasladar-30-de-su-produccion-fuera-de-china\\\/#primaryimage\",\"url\":\"https:\\\/\\\/favorite-news.com\\\/mx\\\/wp-content\\\/uploads\\\/sites\\\/8\\\/2019\\\/06\\\/Apple-planea-trasladar-30-de-su-producci\u00f3n-fuera-de-China.jpg\",\"contentUrl\":\"https:\\\/\\\/favorite-news.com\\\/mx\\\/wp-content\\\/uploads\\\/sites\\\/8\\\/2019\\\/06\\\/Apple-planea-trasladar-30-de-su-producci\u00f3n-fuera-de-China.jpg\",\"width\":1140,\"height\":712,\"caption\":\"Apple planea trasladar 30% de su producci\u00f3n fuera de China\"},{\"@type\":\"BreadcrumbList\",\"@id\":\"https:\\\/\\\/favorite-news.com\\\/mx\\\/apple-planea-trasladar-30-de-su-produccion-fuera-de-china\\\/#breadcrumb\",\"itemListElement\":[{\"@type\":\"ListItem\",\"position\":1,\"name\":\"\u0413\u043b\u0430\u0432\u043d\u0430\u044f \u0441\u0442\u0440\u0430\u043d\u0438\u0446\u0430\",\"item\":\"https:\\\/\\\/favorite-news.com\\\/mx\\\/\"},{\"@type\":\"ListItem\",\"position\":2,\"name\":\"Apple planea trasladar 30% de su producci\u00f3n fuera de China\"}]},{\"@type\":\"WebSite\",\"@id\":\"https:\\\/\\\/favorite-news.com\\\/mx\\\/#website\",\"url\":\"https:\\\/\\\/favorite-news.com\\\/mx\\\/\",\"name\":\"Favorite News\",\"description\":\"Favorite News Mexico\",\"potentialAction\":[{\"@type\":\"SearchAction\",\"target\":{\"@type\":\"EntryPoint\",\"urlTemplate\":\"https:\\\/\\\/favorite-news.com\\\/mx\\\/?s={search_term_string}\"},\"query-input\":{\"@type\":\"PropertyValueSpecification\",\"valueRequired\":true,\"valueName\":\"search_term_string\"}}],\"inLanguage\":\"es\"},{\"@type\":\"Person\",\"@id\":\"https:\\\/\\\/favorite-news.com\\\/mx\\\/#\\\/schema\\\/person\\\/b91573b717dcfa5e4696032a9d28d3e8\",\"name\":\"favorite-news\",\"image\":{\"@type\":\"ImageObject\",\"inLanguage\":\"es\",\"@id\":\"https:\\\/\\\/secure.gravatar.com\\\/avatar\\\/6c5a5cb12b74e9d517ee91cf570335b7d16177f1977cc91db161adfa435945a7?s=96&d=mm&r=g\",\"url\":\"https:\\\/\\\/secure.gravatar.com\\\/avatar\\\/6c5a5cb12b74e9d517ee91cf570335b7d16177f1977cc91db161adfa435945a7?s=96&d=mm&r=g\",\"contentUrl\":\"https:\\\/\\\/secure.gravatar.com\\\/avatar\\\/6c5a5cb12b74e9d517ee91cf570335b7d16177f1977cc91db161adfa435945a7?s=96&d=mm&r=g\",\"caption\":\"favorite-news\"},\"url\":\"https:\\\/\\\/favorite-news.com\\\/mx\\\/author\\\/pt\\\/\"}]}<\/script>\n<!-- \/ Yoast SEO plugin. -->","yoast_head_json":{"title":"Apple planea trasladar 30% de su producci\u00f3n fuera de China - Favorite News","robots":{"index":"index","follow":"follow","max-snippet":"max-snippet:-1","max-image-preview":"max-image-preview:large","max-video-preview":"max-video-preview:-1"},"canonical":"https:\/\/favorite-news.com\/mx\/apple-planea-trasladar-30-de-su-produccion-fuera-de-china\/","og_locale":"es_MX","og_type":"article","og_title":"Apple planea trasladar 30% de su producci\u00f3n fuera de China - Favorite News","og_description":"[ad_1] Apple pidi\u00f3 a sus principales proveedores que eval\u00faen las implicaciones en costos que tendr\u00eda trasladar entre 15 y 30 por ciento de su capacidad de producci\u00f3n desde China al sudeste asi\u00e1tico, mientras se prepara para una reestructuraci\u00f3n de su cadena de suministro, inform\u00f3 el mi\u00e9rcoles el diario japon\u00e9s Nikkei Asian Review. La petici\u00f3n de [&hellip;]","og_url":"https:\/\/favorite-news.com\/mx\/apple-planea-trasladar-30-de-su-produccion-fuera-de-china\/","og_site_name":"Favorite News","article_published_time":"2019-06-21T23:25:07+00:00","article_modified_time":"2019-06-21T23:25:09+00:00","og_image":[{"width":1140,"height":712,"url":"https:\/\/favorite-news.com\/mx\/wp-content\/uploads\/sites\/8\/2019\/06\/Apple-planea-trasladar-30-de-su-producci\u00f3n-fuera-de-China.jpg","type":"image\/jpeg"}],"author":"favorite-news","twitter_card":"summary_large_image","twitter_misc":{"Escrito por":"favorite-news","Tiempo de lectura":"2 minutos"},"schema":{"@context":"https:\/\/schema.org","@graph":[{"@type":"Article","@id":"https:\/\/favorite-news.com\/mx\/apple-planea-trasladar-30-de-su-produccion-fuera-de-china\/#article","isPartOf":{"@id":"https:\/\/favorite-news.com\/mx\/apple-planea-trasladar-30-de-su-produccion-fuera-de-china\/"},"author":{"name":"favorite-news","@id":"https:\/\/favorite-news.com\/mx\/#\/schema\/person\/b91573b717dcfa5e4696032a9d28d3e8"},"headline":"Apple planea trasladar 30% de su producci\u00f3n fuera de China","datePublished":"2019-06-21T23:25:07+00:00","dateModified":"2019-06-21T23:25:09+00:00","mainEntityOfPage":{"@id":"https:\/\/favorite-news.com\/mx\/apple-planea-trasladar-30-de-su-produccion-fuera-de-china\/"},"wordCount":378,"commentCount":0,"image":{"@id":"https:\/\/favorite-news.com\/mx\/apple-planea-trasladar-30-de-su-produccion-fuera-de-china\/#primaryimage"},"thumbnailUrl":"https:\/\/favorite-news.com\/mx\/wp-content\/uploads\/sites\/8\/2019\/06\/Apple-planea-trasladar-30-de-su-producci\u00f3n-fuera-de-China.jpg","articleSection":["NOTICIAS FINANCIERAS"],"inLanguage":"es","potentialAction":[{"@type":"CommentAction","name":"Comment","target":["https:\/\/favorite-news.com\/mx\/apple-planea-trasladar-30-de-su-produccion-fuera-de-china\/#respond"]}]},{"@type":"WebPage","@id":"https:\/\/favorite-news.com\/mx\/apple-planea-trasladar-30-de-su-produccion-fuera-de-china\/","url":"https:\/\/favorite-news.com\/mx\/apple-planea-trasladar-30-de-su-produccion-fuera-de-china\/","name":"Apple planea trasladar 30% de su producci\u00f3n fuera de China - Favorite News","isPartOf":{"@id":"https:\/\/favorite-news.com\/mx\/#website"},"primaryImageOfPage":{"@id":"https:\/\/favorite-news.com\/mx\/apple-planea-trasladar-30-de-su-produccion-fuera-de-china\/#primaryimage"},"image":{"@id":"https:\/\/favorite-news.com\/mx\/apple-planea-trasladar-30-de-su-produccion-fuera-de-china\/#primaryimage"},"thumbnailUrl":"https:\/\/favorite-news.com\/mx\/wp-content\/uploads\/sites\/8\/2019\/06\/Apple-planea-trasladar-30-de-su-producci\u00f3n-fuera-de-China.jpg","datePublished":"2019-06-21T23:25:07+00:00","dateModified":"2019-06-21T23:25:09+00:00","author":{"@id":"https:\/\/favorite-news.com\/mx\/#\/schema\/person\/b91573b717dcfa5e4696032a9d28d3e8"},"breadcrumb":{"@id":"https:\/\/favorite-news.com\/mx\/apple-planea-trasladar-30-de-su-produccion-fuera-de-china\/#breadcrumb"},"inLanguage":"es","potentialAction":[{"@type":"ReadAction","target":["https:\/\/favorite-news.com\/mx\/apple-planea-trasladar-30-de-su-produccion-fuera-de-china\/"]}]},{"@type":"ImageObject","inLanguage":"es","@id":"https:\/\/favorite-news.com\/mx\/apple-planea-trasladar-30-de-su-produccion-fuera-de-china\/#primaryimage","url":"https:\/\/favorite-news.com\/mx\/wp-content\/uploads\/sites\/8\/2019\/06\/Apple-planea-trasladar-30-de-su-producci\u00f3n-fuera-de-China.jpg","contentUrl":"https:\/\/favorite-news.com\/mx\/wp-content\/uploads\/sites\/8\/2019\/06\/Apple-planea-trasladar-30-de-su-producci\u00f3n-fuera-de-China.jpg","width":1140,"height":712,"caption":"Apple planea trasladar 30% de su producci\u00f3n fuera de China"},{"@type":"BreadcrumbList","@id":"https:\/\/favorite-news.com\/mx\/apple-planea-trasladar-30-de-su-produccion-fuera-de-china\/#breadcrumb","itemListElement":[{"@type":"ListItem","position":1,"name":"\u0413\u043b\u0430\u0432\u043d\u0430\u044f \u0441\u0442\u0440\u0430\u043d\u0438\u0446\u0430","item":"https:\/\/favorite-news.com\/mx\/"},{"@type":"ListItem","position":2,"name":"Apple planea trasladar 30% de su producci\u00f3n fuera de China"}]},{"@type":"WebSite","@id":"https:\/\/favorite-news.com\/mx\/#website","url":"https:\/\/favorite-news.com\/mx\/","name":"Favorite News","description":"Favorite News Mexico","potentialAction":[{"@type":"SearchAction","target":{"@type":"EntryPoint","urlTemplate":"https:\/\/favorite-news.com\/mx\/?s={search_term_string}"},"query-input":{"@type":"PropertyValueSpecification","valueRequired":true,"valueName":"search_term_string"}}],"inLanguage":"es"},{"@type":"Person","@id":"https:\/\/favorite-news.com\/mx\/#\/schema\/person\/b91573b717dcfa5e4696032a9d28d3e8","name":"favorite-news","image":{"@type":"ImageObject","inLanguage":"es","@id":"https:\/\/secure.gravatar.com\/avatar\/6c5a5cb12b74e9d517ee91cf570335b7d16177f1977cc91db161adfa435945a7?s=96&d=mm&r=g","url":"https:\/\/secure.gravatar.com\/avatar\/6c5a5cb12b74e9d517ee91cf570335b7d16177f1977cc91db161adfa435945a7?s=96&d=mm&r=g","contentUrl":"https:\/\/secure.gravatar.com\/avatar\/6c5a5cb12b74e9d517ee91cf570335b7d16177f1977cc91db161adfa435945a7?s=96&d=mm&r=g","caption":"favorite-news"},"url":"https:\/\/favorite-news.com\/mx\/author\/pt\/"}]}},"_links":{"self":[{"href":"https:\/\/favorite-news.com\/mx\/wp-json\/wp\/v2\/posts\/1614","targetHints":{"allow":["GET"]}}],"collection":[{"href":"https:\/\/favorite-news.com\/mx\/wp-json\/wp\/v2\/posts"}],"about":[{"href":"https:\/\/favorite-news.com\/mx\/wp-json\/wp\/v2\/types\/post"}],"author":[{"embeddable":true,"href":"https:\/\/favorite-news.com\/mx\/wp-json\/wp\/v2\/users\/2"}],"replies":[{"embeddable":true,"href":"https:\/\/favorite-news.com\/mx\/wp-json\/wp\/v2\/comments?post=1614"}],"version-history":[{"count":1,"href":"https:\/\/favorite-news.com\/mx\/wp-json\/wp\/v2\/posts\/1614\/revisions"}],"predecessor-version":[{"id":1616,"href":"https:\/\/favorite-news.com\/mx\/wp-json\/wp\/v2\/posts\/1614\/revisions\/1616"}],"wp:featuredmedia":[{"embeddable":true,"href":"https:\/\/favorite-news.com\/mx\/wp-json\/wp\/v2\/media\/1615"}],"wp:attachment":[{"href":"https:\/\/favorite-news.com\/mx\/wp-json\/wp\/v2\/media?parent=1614"}],"wp:term":[{"taxonomy":"category","embeddable":true,"href":"https:\/\/favorite-news.com\/mx\/wp-json\/wp\/v2\/categories?post=1614"},{"taxonomy":"post_tag","embeddable":true,"href":"https:\/\/favorite-news.com\/mx\/wp-json\/wp\/v2\/tags?post=1614"}],"curies":[{"name":"wp","href":"https:\/\/api.w.org\/{rel}","templated":true}]}}