{"id":1608,"date":"2019-06-21T20:43:47","date_gmt":"2019-06-21T17:43:47","guid":{"rendered":"https:\/\/favorite-news.com\/mx\/nestle-quiere-llegar-a-asia-por-el-istmo-fausto-costa\/"},"modified":"2019-06-21T20:43:47","modified_gmt":"2019-06-21T17:43:47","slug":"nestle-quiere-llegar-a-asia-por-el-istmo-fausto-costa","status":"publish","type":"post","link":"https:\/\/favorite-news.com\/mx\/nestle-quiere-llegar-a-asia-por-el-istmo-fausto-costa\/","title":{"rendered":"Nestl\u00e9 quiere llegar a Asia por el Istmo: Fausto Costa"},"content":{"rendered":"<p> [ad_1]<br \/>\n<\/p>\n<div id=\"content-body-226-3789234\">\n<p>Nestl\u00e9 M\u00e9xico prev\u00e9 triplicar sus exportaciones en los pr\u00f3ximos tres a\u00f1os y Asia ser\u00e1 una regi\u00f3n clave. La infraestructura que promete el Corredor Interoce\u00e1nico del Istmo de Tehuantepec (CIIT) es la ruta. <\/p>\n<p>Fausto Costa, CEO de Nestl\u00e9 en el pa\u00eds, habla en entrevista con El Sol de M\u00e9xico del plan del gobierno federal para el Istmo. Ser\u00e1 muy importante para las empresas en general porque posibilitar\u00e1 una log\u00edstica m\u00e1s eficiente para conquistar nuevos mercados, asegura.<\/p>\n<h4\/>\n<p>\u201cSi vamos a exportar al continente asi\u00e1tico desde nuestra nueva planta en Veracruz ten\u00eda que ser por el Canal de Panam\u00e1, pero si tenemos la capacidad log\u00edstica a trav\u00e9s del Trans\u00edstmico para exportar desde un puerto del Pacifico esto nos significa, a todas las empresas exportadoras, un proyecto de fundamental importancia por facilitar esa log\u00edstica y poder impulsar la exportaci\u00f3n\u201d, expone el ejecutivo de la empresa de alimentos. <\/p>\n<p>La creaci\u00f3n del CIIT se formaliz\u00f3 con la publicaci\u00f3n de un decreto presidencial el viernes pasado en el Diario Oficial de la Federaci\u00f3n. La nueva paraestatal contar\u00e1 con participaci\u00f3n privada e integrar\u00e1 los puertos de Coatzacoalcos y el de Salina Cruz, a trav\u00e9s del Ferrocarril del Istmo de Tehuantepec que, seg\u00fan los planes oficiales ser\u00e1 modernizado. <\/p>\n<p>La empresa es una de las primeras en alzar la mano para montarse en uno de los principales proyectos de la administraci\u00f3n federal. <\/p>\n<p>El plan de la compa\u00f1\u00eda de origen suizo es llevar caf\u00e9 producido en su nueva planta en Veracruz al continente asi\u00e1tico. <\/p>\n<p>Costa record\u00f3 que esta planta, para la cual se comprometieron 154 millones de d\u00f3lares, fue la primera inversi\u00f3n privada anunciada en este sexenio. El proyecto estar\u00e1 listo en el segundo semestre de 2020 y tendr\u00e1 capacidad para producir 20 mil toneladas de caf\u00e9 al a\u00f1o.<\/p>\n<p>La nueva f\u00e1brica fue anunciada por el propio Andr\u00e9s Manuel L\u00f3pez Obrador apenas unos d\u00edas despu\u00e9s de tomar posesi\u00f3n como Presidente, esto despu\u00e9s de reunirse con Costa en Palacio Nacional. <\/p>\n<p>El ejecutivo no es ajeno a las cr\u00edticas que gener\u00f3 el anuncio, a pesar de la defensa que hizo el mandatario sobre los beneficios de la planta. Una nueva f\u00e1brica no es una buena noticia cuando hay sobreoferta del grano a nivel mundial y en consecuencia los precios son bajos, afectando a peque\u00f1os y medianos productores, principalmente, argumentan algunos. <\/p>\n<p>Pero para Costa la forma de solucionar el exceso de oferta de caf\u00e9 es comprando m\u00e1s grano a los productores. <\/p>\n<p>\u201cLa nueva planta nos va a posibilitar comprar m\u00e1s de 20 mil toneladas de caf\u00e9 al a\u00f1o en M\u00e9xico. Hoy en d\u00eda operamos con 100 mil productores en todo el pa\u00eds y una vez que empecemos esta operaci\u00f3n en Veracruz creceremos entre ocho mil y 12 mil el n\u00famero de productores, peque\u00f1os y medianos, que ser\u00e1n proveedores\u201d, se\u00f1ala el directivo. <\/p>\n<p>La planta de Nestl\u00e9, localizada muy cerca del puerto de Veracruz, agrega Costa, generar\u00e1 en su primera etapa 250 empleos operativos y mil 200 indirectos. <\/p>\n<p>Adem\u00e1s, durante la etapa de construcci\u00f3n \u2013actualmente ya se realiz\u00f3 el aplanado del terreno y comenzaron las obras de ingenier\u00eda civil- se est\u00e1n creando alrededor de 10 mil puestos de trabajo.<\/p>\n<p>Costa destaca que si bien \u00e9sta es la obra m\u00e1s emblem\u00e1tica de Nestl\u00e9 en la presente administraci\u00f3n, la empresa no descarta realizar m\u00e1s inversiones y anunciar nuevos proyectos durante el sexenio. Incluso, dice, podr\u00edan rebasarse los mil millones de d\u00f3lares que la compa\u00f1\u00eda invirti\u00f3 en el pa\u00eds durante el gobierno de Enrique Pe\u00f1a Nieto. <\/p>\n<p>Para Nestl\u00e9, M\u00e9xico es el quinto mercado m\u00e1s importante y el cuarto destino para invertir, debido a factores como su econom\u00eda estable, recursos naturales, acuerdos comerciales con m\u00e1s de 40 pa\u00edses, poblaci\u00f3n joven, entre otras virtudes. <\/p>\n<p>La desaceleraci\u00f3n econ\u00f3mica que se espera para el cierre de este a\u00f1o, as\u00ed como el recorte en la calificaci\u00f3n de la nota soberana que hizo la calificadora Fitch Ratings hace unas semanas no desalientan a la empresa en sus planes de inversi\u00f3n en territorio mexicano. <\/p>\n<p>\u201cEste no es un factor de decisi\u00f3n para Nestl\u00e9, invertimos a largo plazo porque creemos en M\u00e9xico y creemos que es un pa\u00eds atractivo\u201d, apunta. <\/p>\n<p>El directivo hace referencia tambi\u00e9n a la meta del gobierno de crecer a una tasa de 4 por ciento al final del sexenio. El pa\u00eds tiene las condiciones para rebasar esta cifra y crecer a niveles de Corea del Sur, Hong Kong, Singapur y Taiw\u00e1n, conocidos como los \u201ctigres asi\u00e1ticos\u201d, asegura. <\/p>\n<p>Finalmente, reitera que la empresa conf\u00eda en la nueva administraci\u00f3n. \u201cLa mayor garant\u00eda que un gobierno puede dar es confianza, estabilidad en las reglas y Estado de derecho, y todo el gobierno del presidente L\u00f3pez Obrador ha sido un gran defensor de que se puede tener la confianza de invertir en el pa\u00eds\u201d, concluye.<\/p>\n<\/div>\n<p><script>(function(d, s, id) {\nvar js, fjs = d.getElementsByTagName(s)[0];\nif (d.getElementById(id)) return;\njs = d.createElement(s); js.id = id;\njs.src = 'https:\/\/connect.facebook.net\/es_LA\/sdk.js#xfbml=1&version=v3.2&appId=641196362757391&autoLogAppEvents=1';\nfjs.parentNode.insertBefore(js, fjs);\n}(document, 'script', 'facebook-jssdk'));\n<\/script><br \/>\n<br \/>[ad_2]<br \/>\n<br \/><a href=\"https:\/\/www.elsoldemexico.com.mx\/finanzas\/nestle-quiere-llegar-a-asia-por-el-istmo-fausto-costa-3789234.html\">Source link <\/a><\/p>\n","protected":false},"excerpt":{"rendered":"<p>[ad_1] Nestl\u00e9 M\u00e9xico prev\u00e9 triplicar sus exportaciones en los pr\u00f3ximos tres a\u00f1os y Asia ser\u00e1 una regi\u00f3n clave. La infraestructura que promete el Corredor Interoce\u00e1nico del Istmo de Tehuantepec (CIIT) es la ruta. Fausto Costa, CEO de Nestl\u00e9 en el pa\u00eds, habla en entrevista con El Sol de M\u00e9xico del plan del gobierno federal para [&hellip;]<\/p>\n","protected":false},"author":2,"featured_media":0,"comment_status":"open","ping_status":"open","sticky":false,"template":"","format":"standard","meta":{"footnotes":""},"categories":[1],"tags":[],"class_list":["post-1608","post","type-post","status-publish","format-standard","hentry","category-noticias-financieras"],"yoast_head":"<!-- This site is optimized with the Yoast SEO plugin v27.4 - https:\/\/yoast.com\/product\/yoast-seo-wordpress\/ -->\n<title>Nestl\u00e9 quiere llegar a Asia por el Istmo: Fausto Costa - Favorite News<\/title>\n<meta name=\"robots\" content=\"index, follow, max-snippet:-1, max-image-preview:large, max-video-preview:-1\" \/>\n<link rel=\"canonical\" href=\"https:\/\/favorite-news.com\/mx\/nestle-quiere-llegar-a-asia-por-el-istmo-fausto-costa\/\" \/>\n<meta property=\"og:locale\" content=\"es_MX\" \/>\n<meta property=\"og:type\" content=\"article\" \/>\n<meta property=\"og:title\" content=\"Nestl\u00e9 quiere llegar a Asia por el Istmo: Fausto Costa - Favorite News\" \/>\n<meta property=\"og:description\" content=\"[ad_1] Nestl\u00e9 M\u00e9xico prev\u00e9 triplicar sus exportaciones en los pr\u00f3ximos tres a\u00f1os y Asia ser\u00e1 una regi\u00f3n clave. La infraestructura que promete el Corredor Interoce\u00e1nico del Istmo de Tehuantepec (CIIT) es la ruta. Fausto Costa, CEO de Nestl\u00e9 en el pa\u00eds, habla en entrevista con El Sol de M\u00e9xico del plan del gobierno federal para [&hellip;]\" \/>\n<meta property=\"og:url\" content=\"https:\/\/favorite-news.com\/mx\/nestle-quiere-llegar-a-asia-por-el-istmo-fausto-costa\/\" \/>\n<meta property=\"og:site_name\" content=\"Favorite News\" \/>\n<meta property=\"article:published_time\" content=\"2019-06-21T17:43:47+00:00\" \/>\n<meta name=\"author\" content=\"favorite-news\" \/>\n<meta name=\"twitter:card\" content=\"summary_large_image\" \/>\n<meta name=\"twitter:label1\" content=\"Escrito por\" \/>\n\t<meta name=\"twitter:data1\" content=\"favorite-news\" \/>\n\t<meta name=\"twitter:label2\" content=\"Tiempo de lectura\" \/>\n\t<meta name=\"twitter:data2\" content=\"4 minutos\" \/>\n<script type=\"application\/ld+json\" class=\"yoast-schema-graph\">{\"@context\":\"https:\\\/\\\/schema.org\",\"@graph\":[{\"@type\":\"Article\",\"@id\":\"https:\\\/\\\/favorite-news.com\\\/mx\\\/nestle-quiere-llegar-a-asia-por-el-istmo-fausto-costa\\\/#article\",\"isPartOf\":{\"@id\":\"https:\\\/\\\/favorite-news.com\\\/mx\\\/nestle-quiere-llegar-a-asia-por-el-istmo-fausto-costa\\\/\"},\"author\":{\"name\":\"favorite-news\",\"@id\":\"https:\\\/\\\/favorite-news.com\\\/mx\\\/#\\\/schema\\\/person\\\/b91573b717dcfa5e4696032a9d28d3e8\"},\"headline\":\"Nestl\u00e9 quiere llegar a Asia por el Istmo: Fausto Costa\",\"datePublished\":\"2019-06-21T17:43:47+00:00\",\"mainEntityOfPage\":{\"@id\":\"https:\\\/\\\/favorite-news.com\\\/mx\\\/nestle-quiere-llegar-a-asia-por-el-istmo-fausto-costa\\\/\"},\"wordCount\":866,\"commentCount\":0,\"articleSection\":[\"NOTICIAS FINANCIERAS\"],\"inLanguage\":\"es\",\"potentialAction\":[{\"@type\":\"CommentAction\",\"name\":\"Comment\",\"target\":[\"https:\\\/\\\/favorite-news.com\\\/mx\\\/nestle-quiere-llegar-a-asia-por-el-istmo-fausto-costa\\\/#respond\"]}]},{\"@type\":\"WebPage\",\"@id\":\"https:\\\/\\\/favorite-news.com\\\/mx\\\/nestle-quiere-llegar-a-asia-por-el-istmo-fausto-costa\\\/\",\"url\":\"https:\\\/\\\/favorite-news.com\\\/mx\\\/nestle-quiere-llegar-a-asia-por-el-istmo-fausto-costa\\\/\",\"name\":\"Nestl\u00e9 quiere llegar a Asia por el Istmo: Fausto Costa - Favorite News\",\"isPartOf\":{\"@id\":\"https:\\\/\\\/favorite-news.com\\\/mx\\\/#website\"},\"datePublished\":\"2019-06-21T17:43:47+00:00\",\"author\":{\"@id\":\"https:\\\/\\\/favorite-news.com\\\/mx\\\/#\\\/schema\\\/person\\\/b91573b717dcfa5e4696032a9d28d3e8\"},\"breadcrumb\":{\"@id\":\"https:\\\/\\\/favorite-news.com\\\/mx\\\/nestle-quiere-llegar-a-asia-por-el-istmo-fausto-costa\\\/#breadcrumb\"},\"inLanguage\":\"es\",\"potentialAction\":[{\"@type\":\"ReadAction\",\"target\":[\"https:\\\/\\\/favorite-news.com\\\/mx\\\/nestle-quiere-llegar-a-asia-por-el-istmo-fausto-costa\\\/\"]}]},{\"@type\":\"BreadcrumbList\",\"@id\":\"https:\\\/\\\/favorite-news.com\\\/mx\\\/nestle-quiere-llegar-a-asia-por-el-istmo-fausto-costa\\\/#breadcrumb\",\"itemListElement\":[{\"@type\":\"ListItem\",\"position\":1,\"name\":\"\u0413\u043b\u0430\u0432\u043d\u0430\u044f \u0441\u0442\u0440\u0430\u043d\u0438\u0446\u0430\",\"item\":\"https:\\\/\\\/favorite-news.com\\\/mx\\\/\"},{\"@type\":\"ListItem\",\"position\":2,\"name\":\"Nestl\u00e9 quiere llegar a Asia por el Istmo: Fausto Costa\"}]},{\"@type\":\"WebSite\",\"@id\":\"https:\\\/\\\/favorite-news.com\\\/mx\\\/#website\",\"url\":\"https:\\\/\\\/favorite-news.com\\\/mx\\\/\",\"name\":\"Favorite News\",\"description\":\"Favorite News Mexico\",\"potentialAction\":[{\"@type\":\"SearchAction\",\"target\":{\"@type\":\"EntryPoint\",\"urlTemplate\":\"https:\\\/\\\/favorite-news.com\\\/mx\\\/?s={search_term_string}\"},\"query-input\":{\"@type\":\"PropertyValueSpecification\",\"valueRequired\":true,\"valueName\":\"search_term_string\"}}],\"inLanguage\":\"es\"},{\"@type\":\"Person\",\"@id\":\"https:\\\/\\\/favorite-news.com\\\/mx\\\/#\\\/schema\\\/person\\\/b91573b717dcfa5e4696032a9d28d3e8\",\"name\":\"favorite-news\",\"image\":{\"@type\":\"ImageObject\",\"inLanguage\":\"es\",\"@id\":\"https:\\\/\\\/secure.gravatar.com\\\/avatar\\\/6c5a5cb12b74e9d517ee91cf570335b7d16177f1977cc91db161adfa435945a7?s=96&d=mm&r=g\",\"url\":\"https:\\\/\\\/secure.gravatar.com\\\/avatar\\\/6c5a5cb12b74e9d517ee91cf570335b7d16177f1977cc91db161adfa435945a7?s=96&d=mm&r=g\",\"contentUrl\":\"https:\\\/\\\/secure.gravatar.com\\\/avatar\\\/6c5a5cb12b74e9d517ee91cf570335b7d16177f1977cc91db161adfa435945a7?s=96&d=mm&r=g\",\"caption\":\"favorite-news\"},\"url\":\"https:\\\/\\\/favorite-news.com\\\/mx\\\/author\\\/pt\\\/\"}]}<\/script>\n<!-- \/ Yoast SEO plugin. -->","yoast_head_json":{"title":"Nestl\u00e9 quiere llegar a Asia por el Istmo: Fausto Costa - Favorite News","robots":{"index":"index","follow":"follow","max-snippet":"max-snippet:-1","max-image-preview":"max-image-preview:large","max-video-preview":"max-video-preview:-1"},"canonical":"https:\/\/favorite-news.com\/mx\/nestle-quiere-llegar-a-asia-por-el-istmo-fausto-costa\/","og_locale":"es_MX","og_type":"article","og_title":"Nestl\u00e9 quiere llegar a Asia por el Istmo: Fausto Costa - Favorite News","og_description":"[ad_1] Nestl\u00e9 M\u00e9xico prev\u00e9 triplicar sus exportaciones en los pr\u00f3ximos tres a\u00f1os y Asia ser\u00e1 una regi\u00f3n clave. La infraestructura que promete el Corredor Interoce\u00e1nico del Istmo de Tehuantepec (CIIT) es la ruta. Fausto Costa, CEO de Nestl\u00e9 en el pa\u00eds, habla en entrevista con El Sol de M\u00e9xico del plan del gobierno federal para [&hellip;]","og_url":"https:\/\/favorite-news.com\/mx\/nestle-quiere-llegar-a-asia-por-el-istmo-fausto-costa\/","og_site_name":"Favorite News","article_published_time":"2019-06-21T17:43:47+00:00","author":"favorite-news","twitter_card":"summary_large_image","twitter_misc":{"Escrito por":"favorite-news","Tiempo de lectura":"4 minutos"},"schema":{"@context":"https:\/\/schema.org","@graph":[{"@type":"Article","@id":"https:\/\/favorite-news.com\/mx\/nestle-quiere-llegar-a-asia-por-el-istmo-fausto-costa\/#article","isPartOf":{"@id":"https:\/\/favorite-news.com\/mx\/nestle-quiere-llegar-a-asia-por-el-istmo-fausto-costa\/"},"author":{"name":"favorite-news","@id":"https:\/\/favorite-news.com\/mx\/#\/schema\/person\/b91573b717dcfa5e4696032a9d28d3e8"},"headline":"Nestl\u00e9 quiere llegar a Asia por el Istmo: Fausto Costa","datePublished":"2019-06-21T17:43:47+00:00","mainEntityOfPage":{"@id":"https:\/\/favorite-news.com\/mx\/nestle-quiere-llegar-a-asia-por-el-istmo-fausto-costa\/"},"wordCount":866,"commentCount":0,"articleSection":["NOTICIAS FINANCIERAS"],"inLanguage":"es","potentialAction":[{"@type":"CommentAction","name":"Comment","target":["https:\/\/favorite-news.com\/mx\/nestle-quiere-llegar-a-asia-por-el-istmo-fausto-costa\/#respond"]}]},{"@type":"WebPage","@id":"https:\/\/favorite-news.com\/mx\/nestle-quiere-llegar-a-asia-por-el-istmo-fausto-costa\/","url":"https:\/\/favorite-news.com\/mx\/nestle-quiere-llegar-a-asia-por-el-istmo-fausto-costa\/","name":"Nestl\u00e9 quiere llegar a Asia por el Istmo: Fausto Costa - Favorite News","isPartOf":{"@id":"https:\/\/favorite-news.com\/mx\/#website"},"datePublished":"2019-06-21T17:43:47+00:00","author":{"@id":"https:\/\/favorite-news.com\/mx\/#\/schema\/person\/b91573b717dcfa5e4696032a9d28d3e8"},"breadcrumb":{"@id":"https:\/\/favorite-news.com\/mx\/nestle-quiere-llegar-a-asia-por-el-istmo-fausto-costa\/#breadcrumb"},"inLanguage":"es","potentialAction":[{"@type":"ReadAction","target":["https:\/\/favorite-news.com\/mx\/nestle-quiere-llegar-a-asia-por-el-istmo-fausto-costa\/"]}]},{"@type":"BreadcrumbList","@id":"https:\/\/favorite-news.com\/mx\/nestle-quiere-llegar-a-asia-por-el-istmo-fausto-costa\/#breadcrumb","itemListElement":[{"@type":"ListItem","position":1,"name":"\u0413\u043b\u0430\u0432\u043d\u0430\u044f \u0441\u0442\u0440\u0430\u043d\u0438\u0446\u0430","item":"https:\/\/favorite-news.com\/mx\/"},{"@type":"ListItem","position":2,"name":"Nestl\u00e9 quiere llegar a Asia por el Istmo: Fausto Costa"}]},{"@type":"WebSite","@id":"https:\/\/favorite-news.com\/mx\/#website","url":"https:\/\/favorite-news.com\/mx\/","name":"Favorite News","description":"Favorite News Mexico","potentialAction":[{"@type":"SearchAction","target":{"@type":"EntryPoint","urlTemplate":"https:\/\/favorite-news.com\/mx\/?s={search_term_string}"},"query-input":{"@type":"PropertyValueSpecification","valueRequired":true,"valueName":"search_term_string"}}],"inLanguage":"es"},{"@type":"Person","@id":"https:\/\/favorite-news.com\/mx\/#\/schema\/person\/b91573b717dcfa5e4696032a9d28d3e8","name":"favorite-news","image":{"@type":"ImageObject","inLanguage":"es","@id":"https:\/\/secure.gravatar.com\/avatar\/6c5a5cb12b74e9d517ee91cf570335b7d16177f1977cc91db161adfa435945a7?s=96&d=mm&r=g","url":"https:\/\/secure.gravatar.com\/avatar\/6c5a5cb12b74e9d517ee91cf570335b7d16177f1977cc91db161adfa435945a7?s=96&d=mm&r=g","contentUrl":"https:\/\/secure.gravatar.com\/avatar\/6c5a5cb12b74e9d517ee91cf570335b7d16177f1977cc91db161adfa435945a7?s=96&d=mm&r=g","caption":"favorite-news"},"url":"https:\/\/favorite-news.com\/mx\/author\/pt\/"}]}},"_links":{"self":[{"href":"https:\/\/favorite-news.com\/mx\/wp-json\/wp\/v2\/posts\/1608","targetHints":{"allow":["GET"]}}],"collection":[{"href":"https:\/\/favorite-news.com\/mx\/wp-json\/wp\/v2\/posts"}],"about":[{"href":"https:\/\/favorite-news.com\/mx\/wp-json\/wp\/v2\/types\/post"}],"author":[{"embeddable":true,"href":"https:\/\/favorite-news.com\/mx\/wp-json\/wp\/v2\/users\/2"}],"replies":[{"embeddable":true,"href":"https:\/\/favorite-news.com\/mx\/wp-json\/wp\/v2\/comments?post=1608"}],"version-history":[{"count":0,"href":"https:\/\/favorite-news.com\/mx\/wp-json\/wp\/v2\/posts\/1608\/revisions"}],"wp:attachment":[{"href":"https:\/\/favorite-news.com\/mx\/wp-json\/wp\/v2\/media?parent=1608"}],"wp:term":[{"taxonomy":"category","embeddable":true,"href":"https:\/\/favorite-news.com\/mx\/wp-json\/wp\/v2\/categories?post=1608"},{"taxonomy":"post_tag","embeddable":true,"href":"https:\/\/favorite-news.com\/mx\/wp-json\/wp\/v2\/tags?post=1608"}],"curies":[{"name":"wp","href":"https:\/\/api.w.org\/{rel}","templated":true}]}}