{"id":1605,"date":"2019-06-21T19:01:07","date_gmt":"2019-06-21T16:01:07","guid":{"rendered":"https:\/\/favorite-news.com\/mx\/nunca-prometi-a-empresario-reapertura-de-rondas-petroleras-amlo\/"},"modified":"2019-06-21T19:01:08","modified_gmt":"2019-06-21T16:01:08","slug":"nunca-prometi-a-empresario-reapertura-de-rondas-petroleras-amlo","status":"publish","type":"post","link":"https:\/\/favorite-news.com\/mx\/nunca-prometi-a-empresario-reapertura-de-rondas-petroleras-amlo\/","title":{"rendered":"Nunca promet\u00ed a empresario reapertura de rondas petroleras: AMLO"},"content":{"rendered":"<p> [ad_1]<br \/>\n<\/p>\n<div id=\"content-body-226-3790289\">\n<p>El presidente Andr\u00e9s Manuel L\u00f3pez Obrador defendi\u00f3 que nunca prometi\u00f3 a los empresarios la reapertura de las rondas petroleras.<\/p>\n<p>Aclar\u00f3 que durante la firma del convenio con el Consejo Coordinador Empresarial, se especific\u00f3 que s\u00f3lo retomar\u00edan la segunda ronda petrolera si los contratistas cumpl\u00edan el compromiso de aumentar la producci\u00f3n petrolera.<\/p>\n<p>\u201cNunca me he comprometido a que van a continuar las rondas, nunca, no s\u00e9 de d\u00f3nde lo sacaron. Dije muy claramente en p\u00fablico a los que tienen los contratos, no vamos a convocar a nuevas rondas, en tanto no haya resultados, porque no hay inversi\u00f3n, porque no est\u00e1n produciendo\u201d, sostuvo durante la conferencia ma\u00f1anera.<\/p>\n<p>El primer mandatario insisti\u00f3 en que s\u00f3lo dos empresas, una extranjera y otra nacional, propiedad de Alberto B\u00e1illeres, han generado 40 mil barriles diarios, mientras que los titulares de los otros 107 contratos, siguen sin dar resultados concretos.<\/p>\n<p>\u201cS\u00f3lo dos empresas van a tener producci\u00f3n petrolera, una extranjera y una nacional, a finales de a\u00f1o, no ahora, las dos 40 mil barriles diarios, 20 mil una, 20 mil la otra, 20 mil una nacional que es de Alberto B\u00e1illeres, la otra una italiana, es todo\u201d, asever\u00f3.<\/p>\n<h4\/>\n<p>Coment\u00f3 que no hay forma de ir a un segundo proceso de licitaci\u00f3n de rondas para la exploraci\u00f3n petrolera, si la primera fracas\u00f3.<\/p>\n<p>Adem\u00e1s, dijo que en su momento hasta felicit\u00f3 a B\u00e1illeres, por ser la \u00fanica empresa nacional que cumpli\u00f3 con su compromiso. <\/p>\n<p>\u201cSi no hay realmente argumentos, est\u00e1 dif\u00edcil, que no se estresen tanto, en vez de hacer un cuestionamiento diario, que hagan uno cada dos d\u00edas, no har\u00edan el rid\u00edculo y mantendr\u00edan credibilidad\u201d, argument\u00f3.<\/p>\n<p>El tabasque\u00f1o asegur\u00f3 que los empresarios que han manifestado un descontento, es porque est\u00e1n en contra de las medidas que tomaron en contra de la corrupci\u00f3n y continuar beneficiando a consorcios inoperantes.<\/p>\n<p>Por lo que descart\u00f3 de nueva cuenta, un pleito tanto con el Consejo Coordinador Empresarial, como con su titular, Carlos Salazar Lomel\u00edn, y la confianza del sector privado en el p\u00fablico, se mantiene intacta.<\/p>\n<p>\u201cNo creo yo que esto sea as\u00ed, porque respeto mucho a Carlos y sostengo lo que he dicho, yo creo m\u00e1s que es parte de quienes no nos ven con buenos ojos, que ya dije, ni siquiera son nuestros enemigos, son nuestros adversarios, a veces hasta los comprendo, me producen ternura, ternuritas\u201d, expres\u00f3.<\/p>\n<\/div>\n<p><script>(function(d, s, id) {\nvar js, fjs = d.getElementsByTagName(s)[0];\nif (d.getElementById(id)) return;\njs = d.createElement(s); js.id = id;\njs.src = 'https:\/\/connect.facebook.net\/es_LA\/sdk.js#xfbml=1&version=v3.2&appId=641196362757391&autoLogAppEvents=1';\nfjs.parentNode.insertBefore(js, fjs);\n}(document, 'script', 'facebook-jssdk'));\n<\/script><br \/>\n<br \/>[ad_2]<br \/>\n<br \/><a href=\"https:\/\/www.elsoldemexico.com.mx\/finanzas\/nunca-prometi-a-empresario-reapertura-de-rondas-petroleras-amlo-3790289.html\">Source link <\/a><\/p>\n","protected":false},"excerpt":{"rendered":"<p>[ad_1] El presidente Andr\u00e9s Manuel L\u00f3pez Obrador defendi\u00f3 que nunca prometi\u00f3 a los empresarios la reapertura de las rondas petroleras. Aclar\u00f3 que durante la firma del convenio con el Consejo Coordinador Empresarial, se especific\u00f3 que s\u00f3lo retomar\u00edan la segunda ronda petrolera si los contratistas cumpl\u00edan el compromiso de aumentar la producci\u00f3n petrolera. \u201cNunca me he [&hellip;]<\/p>\n","protected":false},"author":2,"featured_media":1606,"comment_status":"open","ping_status":"open","sticky":false,"template":"","format":"standard","meta":{"footnotes":""},"categories":[1],"tags":[],"class_list":["post-1605","post","type-post","status-publish","format-standard","has-post-thumbnail","hentry","category-noticias-financieras"],"yoast_head":"<!-- This site is optimized with the Yoast SEO plugin v27.4 - https:\/\/yoast.com\/product\/yoast-seo-wordpress\/ -->\n<title>Nunca promet\u00ed a empresario reapertura de rondas petroleras: AMLO - Favorite News<\/title>\n<meta name=\"robots\" content=\"index, follow, max-snippet:-1, max-image-preview:large, max-video-preview:-1\" \/>\n<link rel=\"canonical\" href=\"https:\/\/favorite-news.com\/mx\/nunca-prometi-a-empresario-reapertura-de-rondas-petroleras-amlo\/\" \/>\n<meta property=\"og:locale\" content=\"es_MX\" \/>\n<meta property=\"og:type\" content=\"article\" \/>\n<meta property=\"og:title\" content=\"Nunca promet\u00ed a empresario reapertura de rondas petroleras: AMLO - Favorite News\" \/>\n<meta property=\"og:description\" content=\"[ad_1] El presidente Andr\u00e9s Manuel L\u00f3pez Obrador defendi\u00f3 que nunca prometi\u00f3 a los empresarios la reapertura de las rondas petroleras. Aclar\u00f3 que durante la firma del convenio con el Consejo Coordinador Empresarial, se especific\u00f3 que s\u00f3lo retomar\u00edan la segunda ronda petrolera si los contratistas cumpl\u00edan el compromiso de aumentar la producci\u00f3n petrolera. \u201cNunca me he [&hellip;]\" \/>\n<meta property=\"og:url\" content=\"https:\/\/favorite-news.com\/mx\/nunca-prometi-a-empresario-reapertura-de-rondas-petroleras-amlo\/\" \/>\n<meta property=\"og:site_name\" content=\"Favorite News\" \/>\n<meta property=\"article:published_time\" content=\"2019-06-21T16:01:07+00:00\" \/>\n<meta property=\"article:modified_time\" content=\"2019-06-21T16:01:08+00:00\" \/>\n<meta property=\"og:image\" content=\"https:\/\/favorite-news.com\/mx\/wp-content\/uploads\/sites\/8\/2019\/06\/Nunca-promet\u00ed-a-empresario-reapertura-de-rondas-petroleras-AMLO.jfif.jpeg\" \/>\n\t<meta property=\"og:image:width\" content=\"1140\" \/>\n\t<meta property=\"og:image:height\" content=\"712\" \/>\n\t<meta property=\"og:image:type\" content=\"image\/jpeg\" \/>\n<meta name=\"author\" content=\"favorite-news\" \/>\n<meta name=\"twitter:card\" content=\"summary_large_image\" \/>\n<meta name=\"twitter:label1\" content=\"Escrito por\" \/>\n\t<meta name=\"twitter:data1\" content=\"favorite-news\" \/>\n\t<meta name=\"twitter:label2\" content=\"Tiempo de lectura\" \/>\n\t<meta name=\"twitter:data2\" content=\"2 minutos\" \/>\n<script type=\"application\/ld+json\" class=\"yoast-schema-graph\">{\"@context\":\"https:\\\/\\\/schema.org\",\"@graph\":[{\"@type\":\"Article\",\"@id\":\"https:\\\/\\\/favorite-news.com\\\/mx\\\/nunca-prometi-a-empresario-reapertura-de-rondas-petroleras-amlo\\\/#article\",\"isPartOf\":{\"@id\":\"https:\\\/\\\/favorite-news.com\\\/mx\\\/nunca-prometi-a-empresario-reapertura-de-rondas-petroleras-amlo\\\/\"},\"author\":{\"name\":\"favorite-news\",\"@id\":\"https:\\\/\\\/favorite-news.com\\\/mx\\\/#\\\/schema\\\/person\\\/b91573b717dcfa5e4696032a9d28d3e8\"},\"headline\":\"Nunca promet\u00ed a empresario reapertura de rondas petroleras: AMLO\",\"datePublished\":\"2019-06-21T16:01:07+00:00\",\"dateModified\":\"2019-06-21T16:01:08+00:00\",\"mainEntityOfPage\":{\"@id\":\"https:\\\/\\\/favorite-news.com\\\/mx\\\/nunca-prometi-a-empresario-reapertura-de-rondas-petroleras-amlo\\\/\"},\"wordCount\":426,\"commentCount\":0,\"image\":{\"@id\":\"https:\\\/\\\/favorite-news.com\\\/mx\\\/nunca-prometi-a-empresario-reapertura-de-rondas-petroleras-amlo\\\/#primaryimage\"},\"thumbnailUrl\":\"https:\\\/\\\/favorite-news.com\\\/mx\\\/wp-content\\\/uploads\\\/sites\\\/8\\\/2019\\\/06\\\/Nunca-promet\u00ed-a-empresario-reapertura-de-rondas-petroleras-AMLO.jfif.jpeg\",\"articleSection\":[\"NOTICIAS FINANCIERAS\"],\"inLanguage\":\"es\",\"potentialAction\":[{\"@type\":\"CommentAction\",\"name\":\"Comment\",\"target\":[\"https:\\\/\\\/favorite-news.com\\\/mx\\\/nunca-prometi-a-empresario-reapertura-de-rondas-petroleras-amlo\\\/#respond\"]}]},{\"@type\":\"WebPage\",\"@id\":\"https:\\\/\\\/favorite-news.com\\\/mx\\\/nunca-prometi-a-empresario-reapertura-de-rondas-petroleras-amlo\\\/\",\"url\":\"https:\\\/\\\/favorite-news.com\\\/mx\\\/nunca-prometi-a-empresario-reapertura-de-rondas-petroleras-amlo\\\/\",\"name\":\"Nunca promet\u00ed a empresario reapertura de rondas petroleras: AMLO - Favorite News\",\"isPartOf\":{\"@id\":\"https:\\\/\\\/favorite-news.com\\\/mx\\\/#website\"},\"primaryImageOfPage\":{\"@id\":\"https:\\\/\\\/favorite-news.com\\\/mx\\\/nunca-prometi-a-empresario-reapertura-de-rondas-petroleras-amlo\\\/#primaryimage\"},\"image\":{\"@id\":\"https:\\\/\\\/favorite-news.com\\\/mx\\\/nunca-prometi-a-empresario-reapertura-de-rondas-petroleras-amlo\\\/#primaryimage\"},\"thumbnailUrl\":\"https:\\\/\\\/favorite-news.com\\\/mx\\\/wp-content\\\/uploads\\\/sites\\\/8\\\/2019\\\/06\\\/Nunca-promet\u00ed-a-empresario-reapertura-de-rondas-petroleras-AMLO.jfif.jpeg\",\"datePublished\":\"2019-06-21T16:01:07+00:00\",\"dateModified\":\"2019-06-21T16:01:08+00:00\",\"author\":{\"@id\":\"https:\\\/\\\/favorite-news.com\\\/mx\\\/#\\\/schema\\\/person\\\/b91573b717dcfa5e4696032a9d28d3e8\"},\"breadcrumb\":{\"@id\":\"https:\\\/\\\/favorite-news.com\\\/mx\\\/nunca-prometi-a-empresario-reapertura-de-rondas-petroleras-amlo\\\/#breadcrumb\"},\"inLanguage\":\"es\",\"potentialAction\":[{\"@type\":\"ReadAction\",\"target\":[\"https:\\\/\\\/favorite-news.com\\\/mx\\\/nunca-prometi-a-empresario-reapertura-de-rondas-petroleras-amlo\\\/\"]}]},{\"@type\":\"ImageObject\",\"inLanguage\":\"es\",\"@id\":\"https:\\\/\\\/favorite-news.com\\\/mx\\\/nunca-prometi-a-empresario-reapertura-de-rondas-petroleras-amlo\\\/#primaryimage\",\"url\":\"https:\\\/\\\/favorite-news.com\\\/mx\\\/wp-content\\\/uploads\\\/sites\\\/8\\\/2019\\\/06\\\/Nunca-promet\u00ed-a-empresario-reapertura-de-rondas-petroleras-AMLO.jfif.jpeg\",\"contentUrl\":\"https:\\\/\\\/favorite-news.com\\\/mx\\\/wp-content\\\/uploads\\\/sites\\\/8\\\/2019\\\/06\\\/Nunca-promet\u00ed-a-empresario-reapertura-de-rondas-petroleras-AMLO.jfif.jpeg\",\"width\":1140,\"height\":712,\"caption\":\"Nunca promet\u00ed a empresario reapertura de rondas petroleras: AMLO\"},{\"@type\":\"BreadcrumbList\",\"@id\":\"https:\\\/\\\/favorite-news.com\\\/mx\\\/nunca-prometi-a-empresario-reapertura-de-rondas-petroleras-amlo\\\/#breadcrumb\",\"itemListElement\":[{\"@type\":\"ListItem\",\"position\":1,\"name\":\"\u0413\u043b\u0430\u0432\u043d\u0430\u044f \u0441\u0442\u0440\u0430\u043d\u0438\u0446\u0430\",\"item\":\"https:\\\/\\\/favorite-news.com\\\/mx\\\/\"},{\"@type\":\"ListItem\",\"position\":2,\"name\":\"Nunca promet\u00ed a empresario reapertura de rondas petroleras: AMLO\"}]},{\"@type\":\"WebSite\",\"@id\":\"https:\\\/\\\/favorite-news.com\\\/mx\\\/#website\",\"url\":\"https:\\\/\\\/favorite-news.com\\\/mx\\\/\",\"name\":\"Favorite News\",\"description\":\"Favorite News Mexico\",\"potentialAction\":[{\"@type\":\"SearchAction\",\"target\":{\"@type\":\"EntryPoint\",\"urlTemplate\":\"https:\\\/\\\/favorite-news.com\\\/mx\\\/?s={search_term_string}\"},\"query-input\":{\"@type\":\"PropertyValueSpecification\",\"valueRequired\":true,\"valueName\":\"search_term_string\"}}],\"inLanguage\":\"es\"},{\"@type\":\"Person\",\"@id\":\"https:\\\/\\\/favorite-news.com\\\/mx\\\/#\\\/schema\\\/person\\\/b91573b717dcfa5e4696032a9d28d3e8\",\"name\":\"favorite-news\",\"image\":{\"@type\":\"ImageObject\",\"inLanguage\":\"es\",\"@id\":\"https:\\\/\\\/secure.gravatar.com\\\/avatar\\\/6c5a5cb12b74e9d517ee91cf570335b7d16177f1977cc91db161adfa435945a7?s=96&d=mm&r=g\",\"url\":\"https:\\\/\\\/secure.gravatar.com\\\/avatar\\\/6c5a5cb12b74e9d517ee91cf570335b7d16177f1977cc91db161adfa435945a7?s=96&d=mm&r=g\",\"contentUrl\":\"https:\\\/\\\/secure.gravatar.com\\\/avatar\\\/6c5a5cb12b74e9d517ee91cf570335b7d16177f1977cc91db161adfa435945a7?s=96&d=mm&r=g\",\"caption\":\"favorite-news\"},\"url\":\"https:\\\/\\\/favorite-news.com\\\/mx\\\/author\\\/pt\\\/\"}]}<\/script>\n<!-- \/ Yoast SEO plugin. -->","yoast_head_json":{"title":"Nunca promet\u00ed a empresario reapertura de rondas petroleras: AMLO - Favorite News","robots":{"index":"index","follow":"follow","max-snippet":"max-snippet:-1","max-image-preview":"max-image-preview:large","max-video-preview":"max-video-preview:-1"},"canonical":"https:\/\/favorite-news.com\/mx\/nunca-prometi-a-empresario-reapertura-de-rondas-petroleras-amlo\/","og_locale":"es_MX","og_type":"article","og_title":"Nunca promet\u00ed a empresario reapertura de rondas petroleras: AMLO - Favorite News","og_description":"[ad_1] El presidente Andr\u00e9s Manuel L\u00f3pez Obrador defendi\u00f3 que nunca prometi\u00f3 a los empresarios la reapertura de las rondas petroleras. Aclar\u00f3 que durante la firma del convenio con el Consejo Coordinador Empresarial, se especific\u00f3 que s\u00f3lo retomar\u00edan la segunda ronda petrolera si los contratistas cumpl\u00edan el compromiso de aumentar la producci\u00f3n petrolera. \u201cNunca me he [&hellip;]","og_url":"https:\/\/favorite-news.com\/mx\/nunca-prometi-a-empresario-reapertura-de-rondas-petroleras-amlo\/","og_site_name":"Favorite News","article_published_time":"2019-06-21T16:01:07+00:00","article_modified_time":"2019-06-21T16:01:08+00:00","og_image":[{"width":1140,"height":712,"url":"https:\/\/favorite-news.com\/mx\/wp-content\/uploads\/sites\/8\/2019\/06\/Nunca-promet\u00ed-a-empresario-reapertura-de-rondas-petroleras-AMLO.jfif.jpeg","type":"image\/jpeg"}],"author":"favorite-news","twitter_card":"summary_large_image","twitter_misc":{"Escrito por":"favorite-news","Tiempo de lectura":"2 minutos"},"schema":{"@context":"https:\/\/schema.org","@graph":[{"@type":"Article","@id":"https:\/\/favorite-news.com\/mx\/nunca-prometi-a-empresario-reapertura-de-rondas-petroleras-amlo\/#article","isPartOf":{"@id":"https:\/\/favorite-news.com\/mx\/nunca-prometi-a-empresario-reapertura-de-rondas-petroleras-amlo\/"},"author":{"name":"favorite-news","@id":"https:\/\/favorite-news.com\/mx\/#\/schema\/person\/b91573b717dcfa5e4696032a9d28d3e8"},"headline":"Nunca promet\u00ed a empresario reapertura de rondas petroleras: AMLO","datePublished":"2019-06-21T16:01:07+00:00","dateModified":"2019-06-21T16:01:08+00:00","mainEntityOfPage":{"@id":"https:\/\/favorite-news.com\/mx\/nunca-prometi-a-empresario-reapertura-de-rondas-petroleras-amlo\/"},"wordCount":426,"commentCount":0,"image":{"@id":"https:\/\/favorite-news.com\/mx\/nunca-prometi-a-empresario-reapertura-de-rondas-petroleras-amlo\/#primaryimage"},"thumbnailUrl":"https:\/\/favorite-news.com\/mx\/wp-content\/uploads\/sites\/8\/2019\/06\/Nunca-promet\u00ed-a-empresario-reapertura-de-rondas-petroleras-AMLO.jfif.jpeg","articleSection":["NOTICIAS FINANCIERAS"],"inLanguage":"es","potentialAction":[{"@type":"CommentAction","name":"Comment","target":["https:\/\/favorite-news.com\/mx\/nunca-prometi-a-empresario-reapertura-de-rondas-petroleras-amlo\/#respond"]}]},{"@type":"WebPage","@id":"https:\/\/favorite-news.com\/mx\/nunca-prometi-a-empresario-reapertura-de-rondas-petroleras-amlo\/","url":"https:\/\/favorite-news.com\/mx\/nunca-prometi-a-empresario-reapertura-de-rondas-petroleras-amlo\/","name":"Nunca promet\u00ed a empresario reapertura de rondas petroleras: AMLO - Favorite News","isPartOf":{"@id":"https:\/\/favorite-news.com\/mx\/#website"},"primaryImageOfPage":{"@id":"https:\/\/favorite-news.com\/mx\/nunca-prometi-a-empresario-reapertura-de-rondas-petroleras-amlo\/#primaryimage"},"image":{"@id":"https:\/\/favorite-news.com\/mx\/nunca-prometi-a-empresario-reapertura-de-rondas-petroleras-amlo\/#primaryimage"},"thumbnailUrl":"https:\/\/favorite-news.com\/mx\/wp-content\/uploads\/sites\/8\/2019\/06\/Nunca-promet\u00ed-a-empresario-reapertura-de-rondas-petroleras-AMLO.jfif.jpeg","datePublished":"2019-06-21T16:01:07+00:00","dateModified":"2019-06-21T16:01:08+00:00","author":{"@id":"https:\/\/favorite-news.com\/mx\/#\/schema\/person\/b91573b717dcfa5e4696032a9d28d3e8"},"breadcrumb":{"@id":"https:\/\/favorite-news.com\/mx\/nunca-prometi-a-empresario-reapertura-de-rondas-petroleras-amlo\/#breadcrumb"},"inLanguage":"es","potentialAction":[{"@type":"ReadAction","target":["https:\/\/favorite-news.com\/mx\/nunca-prometi-a-empresario-reapertura-de-rondas-petroleras-amlo\/"]}]},{"@type":"ImageObject","inLanguage":"es","@id":"https:\/\/favorite-news.com\/mx\/nunca-prometi-a-empresario-reapertura-de-rondas-petroleras-amlo\/#primaryimage","url":"https:\/\/favorite-news.com\/mx\/wp-content\/uploads\/sites\/8\/2019\/06\/Nunca-promet\u00ed-a-empresario-reapertura-de-rondas-petroleras-AMLO.jfif.jpeg","contentUrl":"https:\/\/favorite-news.com\/mx\/wp-content\/uploads\/sites\/8\/2019\/06\/Nunca-promet\u00ed-a-empresario-reapertura-de-rondas-petroleras-AMLO.jfif.jpeg","width":1140,"height":712,"caption":"Nunca promet\u00ed a empresario reapertura de rondas petroleras: AMLO"},{"@type":"BreadcrumbList","@id":"https:\/\/favorite-news.com\/mx\/nunca-prometi-a-empresario-reapertura-de-rondas-petroleras-amlo\/#breadcrumb","itemListElement":[{"@type":"ListItem","position":1,"name":"\u0413\u043b\u0430\u0432\u043d\u0430\u044f \u0441\u0442\u0440\u0430\u043d\u0438\u0446\u0430","item":"https:\/\/favorite-news.com\/mx\/"},{"@type":"ListItem","position":2,"name":"Nunca promet\u00ed a empresario reapertura de rondas petroleras: AMLO"}]},{"@type":"WebSite","@id":"https:\/\/favorite-news.com\/mx\/#website","url":"https:\/\/favorite-news.com\/mx\/","name":"Favorite News","description":"Favorite News Mexico","potentialAction":[{"@type":"SearchAction","target":{"@type":"EntryPoint","urlTemplate":"https:\/\/favorite-news.com\/mx\/?s={search_term_string}"},"query-input":{"@type":"PropertyValueSpecification","valueRequired":true,"valueName":"search_term_string"}}],"inLanguage":"es"},{"@type":"Person","@id":"https:\/\/favorite-news.com\/mx\/#\/schema\/person\/b91573b717dcfa5e4696032a9d28d3e8","name":"favorite-news","image":{"@type":"ImageObject","inLanguage":"es","@id":"https:\/\/secure.gravatar.com\/avatar\/6c5a5cb12b74e9d517ee91cf570335b7d16177f1977cc91db161adfa435945a7?s=96&d=mm&r=g","url":"https:\/\/secure.gravatar.com\/avatar\/6c5a5cb12b74e9d517ee91cf570335b7d16177f1977cc91db161adfa435945a7?s=96&d=mm&r=g","contentUrl":"https:\/\/secure.gravatar.com\/avatar\/6c5a5cb12b74e9d517ee91cf570335b7d16177f1977cc91db161adfa435945a7?s=96&d=mm&r=g","caption":"favorite-news"},"url":"https:\/\/favorite-news.com\/mx\/author\/pt\/"}]}},"_links":{"self":[{"href":"https:\/\/favorite-news.com\/mx\/wp-json\/wp\/v2\/posts\/1605","targetHints":{"allow":["GET"]}}],"collection":[{"href":"https:\/\/favorite-news.com\/mx\/wp-json\/wp\/v2\/posts"}],"about":[{"href":"https:\/\/favorite-news.com\/mx\/wp-json\/wp\/v2\/types\/post"}],"author":[{"embeddable":true,"href":"https:\/\/favorite-news.com\/mx\/wp-json\/wp\/v2\/users\/2"}],"replies":[{"embeddable":true,"href":"https:\/\/favorite-news.com\/mx\/wp-json\/wp\/v2\/comments?post=1605"}],"version-history":[{"count":1,"href":"https:\/\/favorite-news.com\/mx\/wp-json\/wp\/v2\/posts\/1605\/revisions"}],"predecessor-version":[{"id":1607,"href":"https:\/\/favorite-news.com\/mx\/wp-json\/wp\/v2\/posts\/1605\/revisions\/1607"}],"wp:featuredmedia":[{"embeddable":true,"href":"https:\/\/favorite-news.com\/mx\/wp-json\/wp\/v2\/media\/1606"}],"wp:attachment":[{"href":"https:\/\/favorite-news.com\/mx\/wp-json\/wp\/v2\/media?parent=1605"}],"wp:term":[{"taxonomy":"category","embeddable":true,"href":"https:\/\/favorite-news.com\/mx\/wp-json\/wp\/v2\/categories?post=1605"},{"taxonomy":"post_tag","embeddable":true,"href":"https:\/\/favorite-news.com\/mx\/wp-json\/wp\/v2\/tags?post=1605"}],"curies":[{"name":"wp","href":"https:\/\/api.w.org\/{rel}","templated":true}]}}