{"id":1599,"date":"2019-06-21T14:54:58","date_gmt":"2019-06-21T11:54:58","guid":{"rendered":"https:\/\/favorite-news.com\/mx\/rehabilitacion-de-refineria-en-salamanca-comenzara-en-agosto\/"},"modified":"2019-06-21T14:54:59","modified_gmt":"2019-06-21T11:54:59","slug":"rehabilitacion-de-refineria-en-salamanca-comenzara-en-agosto","status":"publish","type":"post","link":"https:\/\/favorite-news.com\/mx\/rehabilitacion-de-refineria-en-salamanca-comenzara-en-agosto\/","title":{"rendered":"Rehabilitaci\u00f3n de refiner\u00eda en Salamanca comenzar\u00e1 en agosto"},"content":{"rendered":"<p> [ad_1]<br \/>\n<\/p>\n<div id=\"content-body-226-3791508\">\n<p>La <b>Secretar\u00eda de Energ\u00eda<\/b> indic\u00f3 que no es necesaria una reconfiguraci\u00f3n de la <b>refiner\u00eda en Salamanca<\/b> Antonio M. Amor (RIAMA), pero si una rehabilitaci\u00f3n y \u00e9sta <b>comenzar\u00e1 a finales de agosto;<\/b> destac\u00f3 que es de las que menos contaminan en el pa\u00eds.<\/p>\n<p>\u201cLa refiner\u00eda de Salamanca hoy est\u00e1 procesando <b>150 mil barriles de petr\u00f3leo,<\/b> trae un buen nivel, con la rehabilitaci\u00f3n vamos a aumentar y <b>las emisiones contaminantes que trae la refiner\u00eda est\u00e1n en niveles muy bajos<\/b>, la producci\u00f3n que est\u00e1 haciendo de gasolina es de alto octanaje, entonces vamos primero a rehabilitarlas las seis, antes de pensar en reconfigurar tenemos que rehabilitar\u201d, coment\u00f3 <b>Roc\u00edo Nahle Garc\u00eda, Secretaria de Energ\u00eda.<\/b><\/p>\n<h4\/>\n<p>Se\u00f1al\u00f3 que esta rehabilitaci\u00f3n comenzar\u00e1 a finales del pr\u00f3ximo mes de agosto, por lo que a la fecha<b> se est\u00e1 a la espera de las refacciones necesarias<\/b>; adem\u00e1s indic\u00f3 que se cuenta con un plan para no entregar la rehabilitaci\u00f3n de las seis refiner\u00edas al mismo tiempo, sino que este proceso se har\u00e1 por etapas.<\/p>\n<p>\u201cYa <b>Petr\u00f3leos Mexicanos<\/b> entreg\u00f3 invitaciones para los seis paquetes que se van a construir las refiner\u00edas para empezar con los trabajos de ingenier\u00eda, ya se tienen la ingenier\u00eda b\u00e1sica, simplemente es la extendida y ya se entregaron a las empresas transnacionales que hacen ingenier\u00eda\u201d<\/p>\n<p><b>Cualquier refiner\u00eda contamina, SMAOT<\/b><\/p>\n<p>La titular de la<b> Secretar\u00eda de Medio Ambiente y Ordenamiento Territoria<\/b>l en Guanajuato desminti\u00f3 a la Secretaria de Energ\u00eda y mencion\u00f3 que toda refiner\u00eda genera un impacto ambiental y que con la rehabilitaci\u00f3n se busca reducirlo.<\/p>\n<p>\u201cPropiciamos generar nuestra comisi\u00f3n de la calidad del aire, entonces queremos que RIAMA est\u00e9 participando de manera activa, con compromisos concretos para reducir las emisiones; todas las refiner\u00edas tienen un impacto ambiental y lo sabemos, tanto al aire, al suelo, al agua y <b>lo que tenemos que buscar en el caso de Salamanca es que sea el menor posible y esa es la parte que nos corresponde a nosotros<\/b>\u201d, coment\u00f3 Mar\u00eda Isabel Ortiz Mantilla, Secretaria de Medio Ambiente y Ordenamiento Territorial.<\/p>\n<p>Agreg\u00f3 que RIAMA en Salamanca genera cerca del 84% del di\u00f3xido de azufre est\u00e1 presente en todo el estado de Guanajuato, ante ello la importancia de trabajar por reducir las emisiones contaminantes al agua, aire y suelo.<\/p>\n<p>\u201cTenemos que ver en detalle en qu\u00e9 consiste esta rehabilitaci\u00f3n, <b>yo no conozco en detalle para poder decir si es suficiente, lo que hemos platicado es lo que hemos compartido y lo que le reiteramos<\/b> (Roc\u00edo Nahle) es que estamos por hacer equipo para que est\u00e9 en mejores condiciones la refiner\u00eda y para que el impacto ambiental sea lo menor posible\u201d.<\/p>\n<\/div>\n<p><script>(function(d, s, id) {\nvar js, fjs = d.getElementsByTagName(s)[0];\nif (d.getElementById(id)) return;\njs = d.createElement(s); js.id = id;\njs.src = 'https:\/\/connect.facebook.net\/es_LA\/sdk.js#xfbml=1&version=v3.2&appId=641196362757391&autoLogAppEvents=1';\nfjs.parentNode.insertBefore(js, fjs);\n}(document, 'script', 'facebook-jssdk'));\n<\/script><br \/>\n<br \/>[ad_2]<br \/>\n<br \/><a href=\"https:\/\/www.elsoldemexico.com.mx\/finanzas\/rehabilitacion-refineria-salamanca-inicia-en-agosto-anuncio-rocio-nale-secretaria-de-energia-3791508.html\">Source link <\/a><\/p>\n","protected":false},"excerpt":{"rendered":"<p>[ad_1] La Secretar\u00eda de Energ\u00eda indic\u00f3 que no es necesaria una reconfiguraci\u00f3n de la refiner\u00eda en Salamanca Antonio M. Amor (RIAMA), pero si una rehabilitaci\u00f3n y \u00e9sta comenzar\u00e1 a finales de agosto; destac\u00f3 que es de las que menos contaminan en el pa\u00eds. \u201cLa refiner\u00eda de Salamanca hoy est\u00e1 procesando 150 mil barriles de petr\u00f3leo, [&hellip;]<\/p>\n","protected":false},"author":2,"featured_media":1600,"comment_status":"open","ping_status":"open","sticky":false,"template":"","format":"standard","meta":{"footnotes":""},"categories":[1],"tags":[],"class_list":["post-1599","post","type-post","status-publish","format-standard","has-post-thumbnail","hentry","category-noticias-financieras"],"yoast_head":"<!-- This site is optimized with the Yoast SEO plugin v27.4 - https:\/\/yoast.com\/product\/yoast-seo-wordpress\/ -->\n<title>Rehabilitaci\u00f3n de refiner\u00eda en Salamanca comenzar\u00e1 en agosto - Favorite News<\/title>\n<meta name=\"robots\" content=\"index, follow, max-snippet:-1, max-image-preview:large, max-video-preview:-1\" \/>\n<link rel=\"canonical\" href=\"https:\/\/favorite-news.com\/mx\/rehabilitacion-de-refineria-en-salamanca-comenzara-en-agosto\/\" \/>\n<meta property=\"og:locale\" content=\"es_MX\" \/>\n<meta property=\"og:type\" content=\"article\" \/>\n<meta property=\"og:title\" content=\"Rehabilitaci\u00f3n de refiner\u00eda en Salamanca comenzar\u00e1 en agosto - Favorite News\" \/>\n<meta property=\"og:description\" content=\"[ad_1] La Secretar\u00eda de Energ\u00eda indic\u00f3 que no es necesaria una reconfiguraci\u00f3n de la refiner\u00eda en Salamanca Antonio M. Amor (RIAMA), pero si una rehabilitaci\u00f3n y \u00e9sta comenzar\u00e1 a finales de agosto; destac\u00f3 que es de las que menos contaminan en el pa\u00eds. \u201cLa refiner\u00eda de Salamanca hoy est\u00e1 procesando 150 mil barriles de petr\u00f3leo, [&hellip;]\" \/>\n<meta property=\"og:url\" content=\"https:\/\/favorite-news.com\/mx\/rehabilitacion-de-refineria-en-salamanca-comenzara-en-agosto\/\" \/>\n<meta property=\"og:site_name\" content=\"Favorite News\" \/>\n<meta property=\"article:published_time\" content=\"2019-06-21T11:54:58+00:00\" \/>\n<meta property=\"article:modified_time\" content=\"2019-06-21T11:54:59+00:00\" \/>\n<meta property=\"og:image\" content=\"https:\/\/favorite-news.com\/mx\/wp-content\/uploads\/sites\/8\/2019\/06\/Rehabilitaci\u00f3n-de-refiner\u00eda-en-Salamanca-comenzar\u00e1-en-agosto.jpg\" \/>\n\t<meta property=\"og:image:width\" content=\"1140\" \/>\n\t<meta property=\"og:image:height\" content=\"712\" \/>\n\t<meta property=\"og:image:type\" content=\"image\/jpeg\" \/>\n<meta name=\"author\" content=\"favorite-news\" \/>\n<meta name=\"twitter:card\" content=\"summary_large_image\" \/>\n<meta name=\"twitter:label1\" content=\"Escrito por\" \/>\n\t<meta name=\"twitter:data1\" content=\"favorite-news\" \/>\n\t<meta name=\"twitter:label2\" content=\"Tiempo de lectura\" \/>\n\t<meta name=\"twitter:data2\" content=\"2 minutos\" \/>\n<script type=\"application\/ld+json\" class=\"yoast-schema-graph\">{\"@context\":\"https:\\\/\\\/schema.org\",\"@graph\":[{\"@type\":\"Article\",\"@id\":\"https:\\\/\\\/favorite-news.com\\\/mx\\\/rehabilitacion-de-refineria-en-salamanca-comenzara-en-agosto\\\/#article\",\"isPartOf\":{\"@id\":\"https:\\\/\\\/favorite-news.com\\\/mx\\\/rehabilitacion-de-refineria-en-salamanca-comenzara-en-agosto\\\/\"},\"author\":{\"name\":\"favorite-news\",\"@id\":\"https:\\\/\\\/favorite-news.com\\\/mx\\\/#\\\/schema\\\/person\\\/b91573b717dcfa5e4696032a9d28d3e8\"},\"headline\":\"Rehabilitaci\u00f3n de refiner\u00eda en Salamanca comenzar\u00e1 en agosto\",\"datePublished\":\"2019-06-21T11:54:58+00:00\",\"dateModified\":\"2019-06-21T11:54:59+00:00\",\"mainEntityOfPage\":{\"@id\":\"https:\\\/\\\/favorite-news.com\\\/mx\\\/rehabilitacion-de-refineria-en-salamanca-comenzara-en-agosto\\\/\"},\"wordCount\":479,\"commentCount\":0,\"image\":{\"@id\":\"https:\\\/\\\/favorite-news.com\\\/mx\\\/rehabilitacion-de-refineria-en-salamanca-comenzara-en-agosto\\\/#primaryimage\"},\"thumbnailUrl\":\"https:\\\/\\\/favorite-news.com\\\/mx\\\/wp-content\\\/uploads\\\/sites\\\/8\\\/2019\\\/06\\\/Rehabilitaci\u00f3n-de-refiner\u00eda-en-Salamanca-comenzar\u00e1-en-agosto.jpg\",\"articleSection\":[\"NOTICIAS FINANCIERAS\"],\"inLanguage\":\"es\",\"potentialAction\":[{\"@type\":\"CommentAction\",\"name\":\"Comment\",\"target\":[\"https:\\\/\\\/favorite-news.com\\\/mx\\\/rehabilitacion-de-refineria-en-salamanca-comenzara-en-agosto\\\/#respond\"]}]},{\"@type\":\"WebPage\",\"@id\":\"https:\\\/\\\/favorite-news.com\\\/mx\\\/rehabilitacion-de-refineria-en-salamanca-comenzara-en-agosto\\\/\",\"url\":\"https:\\\/\\\/favorite-news.com\\\/mx\\\/rehabilitacion-de-refineria-en-salamanca-comenzara-en-agosto\\\/\",\"name\":\"Rehabilitaci\u00f3n de refiner\u00eda en Salamanca comenzar\u00e1 en agosto - Favorite News\",\"isPartOf\":{\"@id\":\"https:\\\/\\\/favorite-news.com\\\/mx\\\/#website\"},\"primaryImageOfPage\":{\"@id\":\"https:\\\/\\\/favorite-news.com\\\/mx\\\/rehabilitacion-de-refineria-en-salamanca-comenzara-en-agosto\\\/#primaryimage\"},\"image\":{\"@id\":\"https:\\\/\\\/favorite-news.com\\\/mx\\\/rehabilitacion-de-refineria-en-salamanca-comenzara-en-agosto\\\/#primaryimage\"},\"thumbnailUrl\":\"https:\\\/\\\/favorite-news.com\\\/mx\\\/wp-content\\\/uploads\\\/sites\\\/8\\\/2019\\\/06\\\/Rehabilitaci\u00f3n-de-refiner\u00eda-en-Salamanca-comenzar\u00e1-en-agosto.jpg\",\"datePublished\":\"2019-06-21T11:54:58+00:00\",\"dateModified\":\"2019-06-21T11:54:59+00:00\",\"author\":{\"@id\":\"https:\\\/\\\/favorite-news.com\\\/mx\\\/#\\\/schema\\\/person\\\/b91573b717dcfa5e4696032a9d28d3e8\"},\"breadcrumb\":{\"@id\":\"https:\\\/\\\/favorite-news.com\\\/mx\\\/rehabilitacion-de-refineria-en-salamanca-comenzara-en-agosto\\\/#breadcrumb\"},\"inLanguage\":\"es\",\"potentialAction\":[{\"@type\":\"ReadAction\",\"target\":[\"https:\\\/\\\/favorite-news.com\\\/mx\\\/rehabilitacion-de-refineria-en-salamanca-comenzara-en-agosto\\\/\"]}]},{\"@type\":\"ImageObject\",\"inLanguage\":\"es\",\"@id\":\"https:\\\/\\\/favorite-news.com\\\/mx\\\/rehabilitacion-de-refineria-en-salamanca-comenzara-en-agosto\\\/#primaryimage\",\"url\":\"https:\\\/\\\/favorite-news.com\\\/mx\\\/wp-content\\\/uploads\\\/sites\\\/8\\\/2019\\\/06\\\/Rehabilitaci\u00f3n-de-refiner\u00eda-en-Salamanca-comenzar\u00e1-en-agosto.jpg\",\"contentUrl\":\"https:\\\/\\\/favorite-news.com\\\/mx\\\/wp-content\\\/uploads\\\/sites\\\/8\\\/2019\\\/06\\\/Rehabilitaci\u00f3n-de-refiner\u00eda-en-Salamanca-comenzar\u00e1-en-agosto.jpg\",\"width\":1140,\"height\":712,\"caption\":\"Rehabilitaci\u00f3n de refiner\u00eda en Salamanca comenzar\u00e1 en agosto\"},{\"@type\":\"BreadcrumbList\",\"@id\":\"https:\\\/\\\/favorite-news.com\\\/mx\\\/rehabilitacion-de-refineria-en-salamanca-comenzara-en-agosto\\\/#breadcrumb\",\"itemListElement\":[{\"@type\":\"ListItem\",\"position\":1,\"name\":\"\u0413\u043b\u0430\u0432\u043d\u0430\u044f \u0441\u0442\u0440\u0430\u043d\u0438\u0446\u0430\",\"item\":\"https:\\\/\\\/favorite-news.com\\\/mx\\\/\"},{\"@type\":\"ListItem\",\"position\":2,\"name\":\"Rehabilitaci\u00f3n de refiner\u00eda en Salamanca comenzar\u00e1 en agosto\"}]},{\"@type\":\"WebSite\",\"@id\":\"https:\\\/\\\/favorite-news.com\\\/mx\\\/#website\",\"url\":\"https:\\\/\\\/favorite-news.com\\\/mx\\\/\",\"name\":\"Favorite News\",\"description\":\"Favorite News Mexico\",\"potentialAction\":[{\"@type\":\"SearchAction\",\"target\":{\"@type\":\"EntryPoint\",\"urlTemplate\":\"https:\\\/\\\/favorite-news.com\\\/mx\\\/?s={search_term_string}\"},\"query-input\":{\"@type\":\"PropertyValueSpecification\",\"valueRequired\":true,\"valueName\":\"search_term_string\"}}],\"inLanguage\":\"es\"},{\"@type\":\"Person\",\"@id\":\"https:\\\/\\\/favorite-news.com\\\/mx\\\/#\\\/schema\\\/person\\\/b91573b717dcfa5e4696032a9d28d3e8\",\"name\":\"favorite-news\",\"image\":{\"@type\":\"ImageObject\",\"inLanguage\":\"es\",\"@id\":\"https:\\\/\\\/secure.gravatar.com\\\/avatar\\\/6c5a5cb12b74e9d517ee91cf570335b7d16177f1977cc91db161adfa435945a7?s=96&d=mm&r=g\",\"url\":\"https:\\\/\\\/secure.gravatar.com\\\/avatar\\\/6c5a5cb12b74e9d517ee91cf570335b7d16177f1977cc91db161adfa435945a7?s=96&d=mm&r=g\",\"contentUrl\":\"https:\\\/\\\/secure.gravatar.com\\\/avatar\\\/6c5a5cb12b74e9d517ee91cf570335b7d16177f1977cc91db161adfa435945a7?s=96&d=mm&r=g\",\"caption\":\"favorite-news\"},\"url\":\"https:\\\/\\\/favorite-news.com\\\/mx\\\/author\\\/pt\\\/\"}]}<\/script>\n<!-- \/ Yoast SEO plugin. -->","yoast_head_json":{"title":"Rehabilitaci\u00f3n de refiner\u00eda en Salamanca comenzar\u00e1 en agosto - Favorite News","robots":{"index":"index","follow":"follow","max-snippet":"max-snippet:-1","max-image-preview":"max-image-preview:large","max-video-preview":"max-video-preview:-1"},"canonical":"https:\/\/favorite-news.com\/mx\/rehabilitacion-de-refineria-en-salamanca-comenzara-en-agosto\/","og_locale":"es_MX","og_type":"article","og_title":"Rehabilitaci\u00f3n de refiner\u00eda en Salamanca comenzar\u00e1 en agosto - Favorite News","og_description":"[ad_1] La Secretar\u00eda de Energ\u00eda indic\u00f3 que no es necesaria una reconfiguraci\u00f3n de la refiner\u00eda en Salamanca Antonio M. Amor (RIAMA), pero si una rehabilitaci\u00f3n y \u00e9sta comenzar\u00e1 a finales de agosto; destac\u00f3 que es de las que menos contaminan en el pa\u00eds. \u201cLa refiner\u00eda de Salamanca hoy est\u00e1 procesando 150 mil barriles de petr\u00f3leo, [&hellip;]","og_url":"https:\/\/favorite-news.com\/mx\/rehabilitacion-de-refineria-en-salamanca-comenzara-en-agosto\/","og_site_name":"Favorite News","article_published_time":"2019-06-21T11:54:58+00:00","article_modified_time":"2019-06-21T11:54:59+00:00","og_image":[{"width":1140,"height":712,"url":"https:\/\/favorite-news.com\/mx\/wp-content\/uploads\/sites\/8\/2019\/06\/Rehabilitaci\u00f3n-de-refiner\u00eda-en-Salamanca-comenzar\u00e1-en-agosto.jpg","type":"image\/jpeg"}],"author":"favorite-news","twitter_card":"summary_large_image","twitter_misc":{"Escrito por":"favorite-news","Tiempo de lectura":"2 minutos"},"schema":{"@context":"https:\/\/schema.org","@graph":[{"@type":"Article","@id":"https:\/\/favorite-news.com\/mx\/rehabilitacion-de-refineria-en-salamanca-comenzara-en-agosto\/#article","isPartOf":{"@id":"https:\/\/favorite-news.com\/mx\/rehabilitacion-de-refineria-en-salamanca-comenzara-en-agosto\/"},"author":{"name":"favorite-news","@id":"https:\/\/favorite-news.com\/mx\/#\/schema\/person\/b91573b717dcfa5e4696032a9d28d3e8"},"headline":"Rehabilitaci\u00f3n de refiner\u00eda en Salamanca comenzar\u00e1 en agosto","datePublished":"2019-06-21T11:54:58+00:00","dateModified":"2019-06-21T11:54:59+00:00","mainEntityOfPage":{"@id":"https:\/\/favorite-news.com\/mx\/rehabilitacion-de-refineria-en-salamanca-comenzara-en-agosto\/"},"wordCount":479,"commentCount":0,"image":{"@id":"https:\/\/favorite-news.com\/mx\/rehabilitacion-de-refineria-en-salamanca-comenzara-en-agosto\/#primaryimage"},"thumbnailUrl":"https:\/\/favorite-news.com\/mx\/wp-content\/uploads\/sites\/8\/2019\/06\/Rehabilitaci\u00f3n-de-refiner\u00eda-en-Salamanca-comenzar\u00e1-en-agosto.jpg","articleSection":["NOTICIAS FINANCIERAS"],"inLanguage":"es","potentialAction":[{"@type":"CommentAction","name":"Comment","target":["https:\/\/favorite-news.com\/mx\/rehabilitacion-de-refineria-en-salamanca-comenzara-en-agosto\/#respond"]}]},{"@type":"WebPage","@id":"https:\/\/favorite-news.com\/mx\/rehabilitacion-de-refineria-en-salamanca-comenzara-en-agosto\/","url":"https:\/\/favorite-news.com\/mx\/rehabilitacion-de-refineria-en-salamanca-comenzara-en-agosto\/","name":"Rehabilitaci\u00f3n de refiner\u00eda en Salamanca comenzar\u00e1 en agosto - Favorite News","isPartOf":{"@id":"https:\/\/favorite-news.com\/mx\/#website"},"primaryImageOfPage":{"@id":"https:\/\/favorite-news.com\/mx\/rehabilitacion-de-refineria-en-salamanca-comenzara-en-agosto\/#primaryimage"},"image":{"@id":"https:\/\/favorite-news.com\/mx\/rehabilitacion-de-refineria-en-salamanca-comenzara-en-agosto\/#primaryimage"},"thumbnailUrl":"https:\/\/favorite-news.com\/mx\/wp-content\/uploads\/sites\/8\/2019\/06\/Rehabilitaci\u00f3n-de-refiner\u00eda-en-Salamanca-comenzar\u00e1-en-agosto.jpg","datePublished":"2019-06-21T11:54:58+00:00","dateModified":"2019-06-21T11:54:59+00:00","author":{"@id":"https:\/\/favorite-news.com\/mx\/#\/schema\/person\/b91573b717dcfa5e4696032a9d28d3e8"},"breadcrumb":{"@id":"https:\/\/favorite-news.com\/mx\/rehabilitacion-de-refineria-en-salamanca-comenzara-en-agosto\/#breadcrumb"},"inLanguage":"es","potentialAction":[{"@type":"ReadAction","target":["https:\/\/favorite-news.com\/mx\/rehabilitacion-de-refineria-en-salamanca-comenzara-en-agosto\/"]}]},{"@type":"ImageObject","inLanguage":"es","@id":"https:\/\/favorite-news.com\/mx\/rehabilitacion-de-refineria-en-salamanca-comenzara-en-agosto\/#primaryimage","url":"https:\/\/favorite-news.com\/mx\/wp-content\/uploads\/sites\/8\/2019\/06\/Rehabilitaci\u00f3n-de-refiner\u00eda-en-Salamanca-comenzar\u00e1-en-agosto.jpg","contentUrl":"https:\/\/favorite-news.com\/mx\/wp-content\/uploads\/sites\/8\/2019\/06\/Rehabilitaci\u00f3n-de-refiner\u00eda-en-Salamanca-comenzar\u00e1-en-agosto.jpg","width":1140,"height":712,"caption":"Rehabilitaci\u00f3n de refiner\u00eda en Salamanca comenzar\u00e1 en agosto"},{"@type":"BreadcrumbList","@id":"https:\/\/favorite-news.com\/mx\/rehabilitacion-de-refineria-en-salamanca-comenzara-en-agosto\/#breadcrumb","itemListElement":[{"@type":"ListItem","position":1,"name":"\u0413\u043b\u0430\u0432\u043d\u0430\u044f \u0441\u0442\u0440\u0430\u043d\u0438\u0446\u0430","item":"https:\/\/favorite-news.com\/mx\/"},{"@type":"ListItem","position":2,"name":"Rehabilitaci\u00f3n de refiner\u00eda en Salamanca comenzar\u00e1 en agosto"}]},{"@type":"WebSite","@id":"https:\/\/favorite-news.com\/mx\/#website","url":"https:\/\/favorite-news.com\/mx\/","name":"Favorite News","description":"Favorite News Mexico","potentialAction":[{"@type":"SearchAction","target":{"@type":"EntryPoint","urlTemplate":"https:\/\/favorite-news.com\/mx\/?s={search_term_string}"},"query-input":{"@type":"PropertyValueSpecification","valueRequired":true,"valueName":"search_term_string"}}],"inLanguage":"es"},{"@type":"Person","@id":"https:\/\/favorite-news.com\/mx\/#\/schema\/person\/b91573b717dcfa5e4696032a9d28d3e8","name":"favorite-news","image":{"@type":"ImageObject","inLanguage":"es","@id":"https:\/\/secure.gravatar.com\/avatar\/6c5a5cb12b74e9d517ee91cf570335b7d16177f1977cc91db161adfa435945a7?s=96&d=mm&r=g","url":"https:\/\/secure.gravatar.com\/avatar\/6c5a5cb12b74e9d517ee91cf570335b7d16177f1977cc91db161adfa435945a7?s=96&d=mm&r=g","contentUrl":"https:\/\/secure.gravatar.com\/avatar\/6c5a5cb12b74e9d517ee91cf570335b7d16177f1977cc91db161adfa435945a7?s=96&d=mm&r=g","caption":"favorite-news"},"url":"https:\/\/favorite-news.com\/mx\/author\/pt\/"}]}},"_links":{"self":[{"href":"https:\/\/favorite-news.com\/mx\/wp-json\/wp\/v2\/posts\/1599","targetHints":{"allow":["GET"]}}],"collection":[{"href":"https:\/\/favorite-news.com\/mx\/wp-json\/wp\/v2\/posts"}],"about":[{"href":"https:\/\/favorite-news.com\/mx\/wp-json\/wp\/v2\/types\/post"}],"author":[{"embeddable":true,"href":"https:\/\/favorite-news.com\/mx\/wp-json\/wp\/v2\/users\/2"}],"replies":[{"embeddable":true,"href":"https:\/\/favorite-news.com\/mx\/wp-json\/wp\/v2\/comments?post=1599"}],"version-history":[{"count":1,"href":"https:\/\/favorite-news.com\/mx\/wp-json\/wp\/v2\/posts\/1599\/revisions"}],"predecessor-version":[{"id":1601,"href":"https:\/\/favorite-news.com\/mx\/wp-json\/wp\/v2\/posts\/1599\/revisions\/1601"}],"wp:featuredmedia":[{"embeddable":true,"href":"https:\/\/favorite-news.com\/mx\/wp-json\/wp\/v2\/media\/1600"}],"wp:attachment":[{"href":"https:\/\/favorite-news.com\/mx\/wp-json\/wp\/v2\/media?parent=1599"}],"wp:term":[{"taxonomy":"category","embeddable":true,"href":"https:\/\/favorite-news.com\/mx\/wp-json\/wp\/v2\/categories?post=1599"},{"taxonomy":"post_tag","embeddable":true,"href":"https:\/\/favorite-news.com\/mx\/wp-json\/wp\/v2\/tags?post=1599"}],"curies":[{"name":"wp","href":"https:\/\/api.w.org\/{rel}","templated":true}]}}