{"id":1595,"date":"2019-06-21T11:25:18","date_gmt":"2019-06-21T08:25:18","guid":{"rendered":"https:\/\/favorite-news.com\/mx\/imss-refuta-su-propio-reporte-de-asalariados\/"},"modified":"2019-06-21T11:25:18","modified_gmt":"2019-06-21T08:25:18","slug":"imss-refuta-su-propio-reporte-de-asalariados","status":"publish","type":"post","link":"https:\/\/favorite-news.com\/mx\/imss-refuta-su-propio-reporte-de-asalariados\/","title":{"rendered":"IMSS refuta su propio reporte de asalariados"},"content":{"rendered":"<p> [ad_1]<br \/>\n<\/p>\n<div id=\"content-body-226-3794277\">\n<p>El director del IMSS, Zo\u00e9 Robledo, consider\u00f3 injusta la comparaci\u00f3n que hizo la prensa de las cifras sobre generaci\u00f3n de empleos durante mayo y que divulg\u00f3 el instituto a su cargo. <\/p>\n<p>El funcionario dedic\u00f3 una hora, en una conferencia que no estaba prevista, para mostrar su desacuerdo con la informaci\u00f3n publicada, aunque concedi\u00f3 que s\u00ed hubo una ca\u00edda en la cifra de nuevos empleos, pero que es habitual al inicio de cada administraci\u00f3n.<\/p>\n<h4\/>\n<p>\u201cSi uno verifica respecto al mes anterior (abril), s\u00ed hay una ca\u00edda. Esa es la comparaci\u00f3n (con mayo del a\u00f1o pasado) la que nosotros creemos que no es viable, porque no son periodos equiparables. En nuestra econom\u00eda y nuestra situaci\u00f3n pol\u00edtica, como la de muchos pa\u00edses, los cambios de administraci\u00f3n inciden\u201d, dijo. <\/p>\n<p>El IMSS dio a conocer el mi\u00e9rcoles que en mayo se crearon tres mil 983 empleos. Lo que al funcionario le parece inviable es que si se compara la cifra con la del mismo mes del a\u00f1o pasado, el \u00faltimo de la pasada administraci\u00f3n, resulta una ca\u00edda de 88 por ciento. <\/p>\n<p>\u201cEste n\u00famero de tres mil empleos no significa necesariamente que se desplom\u00f3 el empleo 88 por ciento. A m\u00ed eso me preocupa porque la cifra es alarmante cuando no necesariamente est\u00e1 comparando cosas que se pueden comparar\u201d.<\/p>\n<p>Hay \u201cun sensacionalismo exagerado\u201d en las notas period\u00edsticas que refieren una ca\u00edda de 88 por ciento, acus\u00f3 el Presidente poco antes en su conferencia matutina. <\/p>\n<p>Lo que a juicio del director del IMSS se debe hacer es contrastar el dato con el de mayo pero de 2013, el primer a\u00f1o de la anterior administraci\u00f3n. <\/p>\n<p>De hacerlo as\u00ed y considerando los registros del IMSS, la ca\u00edda de mayo pasado es de 42.8 por ciento, porque en ese mismo del primer a\u00f1o de gobierno de Enrique Pe\u00f1a se crearon seis mil 929 empleos. <\/p>\n<p><b>NO SON EMPLEADOS<\/b><\/p>\n<p>En el tema de las cifras de los 481 mil becarios del programa J\u00f3venes Construyendo el Futuro, Zo\u00e9 Robledo tom\u00f3 cierta distancia de la postura del presidente Andr\u00e9s Manuel Manuel L\u00f3pez Obrador. <\/p>\n<p>\u201cNo los estamos considerando en la cifra, pero s\u00ed hay que considerar que est\u00e1n recibiendo un ingreso con seguridad social, que es mayor al salario m\u00ednimo y que puede haber una tasa de reemplazo (\u2026) Entiendo que de repente no se considere o no se analice como parte de la cifra de empleo, porque es cierto, no lo es, pero no significa que no sean j\u00f3venes que est\u00e1n trabajando, recibiendo un ingreso y tengan seguridad social\u201d, dijo el funcionario con estudios en el ITAM. <\/p>\n<p>En su conferencia ma\u00f1anera, el Presidente reproch\u00f3 que la prensa no haya tomado en cuenta la cifra de becarios al reportar las cifras de empleo formal.<\/p>\n<p>Los beneficiarios del programa J\u00f3venes Construyendo el Futuro reciben un pago de tres mil 600 pesos mensuales y est\u00e1n asegurados por el IMSS, gracias a que el gobierno federal paga una cuota de 69 pesos mensuales, aclar\u00f3 Robledo. <\/p>\n<p>Sin embargo, estos becarios no cotizan para el retiro ni sus jefes aportan cuotas obrero-patronales, ya que est\u00e1n por la modalidad de seguro facultativo, por lo que no pueden ser considerados como empleados, admiti\u00f3. <\/p>\n<p>En lo que s\u00ed coincidieron plenamente el mandatario y el director del IMSS es en que las cifras son manipulables. <\/p>\n<p>\u201cIndependientemente de la interpretaci\u00f3n, ustedes saben que las estad\u00edsticas se pueden manejar de muchas formas, hay hasta un dicho sobre el manejo de las estad\u00edsticas que voy a buscar, a conseguir, que sirven para todo, de acuerdo a como se acomoden\u201d, asegur\u00f3 el Ejecutivo. <\/p>\n<p>Citibanamex se\u00f1al\u00f3 ayer que el n\u00famero de asegurados (20.38 millones) aument\u00f3 2.4 por ciento en mayo en relaci\u00f3n con el mismo mes de 2018. \u201cEsta tasa representa el menor crecimiento anual desde marzo de 2010 y la sexta cifra m\u00e1s baja para un mes de mayo desde que se contabilizan estas estad\u00edsticas en 1997\u201d, detall\u00f3 el banco. <\/p>\n<p><b>FALTA OBRA, DICE COPARMEX<\/b><\/p>\n<p>El freno de la obra p\u00fablica en el pa\u00eds y las nulas garant\u00edas al Estado de derecho para las peque\u00f1as, medianas y grandes empresas, influyeron en la ca\u00edda de 88 por ciento en el empleo formal durante mayo, consider\u00f3 el presidente de la Comisi\u00f3n Nacional Laboral de la Confederaci\u00f3n Patronal de la Rep\u00fablica Mexicana (Coparmex), Lorenzo Roel. <\/p>\n<p>Es necesario, dijo, &#8220;reactivar la obra p\u00fablica, promover y asegurar el Estado de derecho, restablecer el di\u00e1logo franco con los sectores productivos, que les permita generar actividades productivas, competitivas y sustentables, que puedan generar m\u00e1s y mejores empleos&#8221;.<\/p>\n<\/div>\n<p><script>(function(d, s, id) {\nvar js, fjs = d.getElementsByTagName(s)[0];\nif (d.getElementById(id)) return;\njs = d.createElement(s); js.id = id;\njs.src = 'https:\/\/connect.facebook.net\/es_LA\/sdk.js#xfbml=1&version=v3.2&appId=641196362757391&autoLogAppEvents=1';\nfjs.parentNode.insertBefore(js, fjs);\n}(document, 'script', 'facebook-jssdk'));\n<\/script><br \/>\n<br \/>[ad_2]<br \/>\n<br \/><a href=\"https:\/\/www.elsoldemexico.com.mx\/finanzas\/imss-refuta-su-propio-reporte-de-asalariados-3794277.html\">Source link <\/a><\/p>\n","protected":false},"excerpt":{"rendered":"<p>[ad_1] El director del IMSS, Zo\u00e9 Robledo, consider\u00f3 injusta la comparaci\u00f3n que hizo la prensa de las cifras sobre generaci\u00f3n de empleos durante mayo y que divulg\u00f3 el instituto a su cargo. El funcionario dedic\u00f3 una hora, en una conferencia que no estaba prevista, para mostrar su desacuerdo con la informaci\u00f3n publicada, aunque concedi\u00f3 que [&hellip;]<\/p>\n","protected":false},"author":2,"featured_media":0,"comment_status":"open","ping_status":"open","sticky":false,"template":"","format":"standard","meta":{"footnotes":""},"categories":[1],"tags":[],"class_list":["post-1595","post","type-post","status-publish","format-standard","hentry","category-noticias-financieras"],"yoast_head":"<!-- This site is optimized with the Yoast SEO plugin v27.4 - https:\/\/yoast.com\/product\/yoast-seo-wordpress\/ -->\n<title>IMSS refuta su propio reporte de asalariados - Favorite News<\/title>\n<meta name=\"robots\" content=\"index, follow, max-snippet:-1, max-image-preview:large, max-video-preview:-1\" \/>\n<link rel=\"canonical\" href=\"https:\/\/favorite-news.com\/mx\/imss-refuta-su-propio-reporte-de-asalariados\/\" \/>\n<meta property=\"og:locale\" content=\"es_MX\" \/>\n<meta property=\"og:type\" content=\"article\" \/>\n<meta property=\"og:title\" content=\"IMSS refuta su propio reporte de asalariados - Favorite News\" \/>\n<meta property=\"og:description\" content=\"[ad_1] El director del IMSS, Zo\u00e9 Robledo, consider\u00f3 injusta la comparaci\u00f3n que hizo la prensa de las cifras sobre generaci\u00f3n de empleos durante mayo y que divulg\u00f3 el instituto a su cargo. El funcionario dedic\u00f3 una hora, en una conferencia que no estaba prevista, para mostrar su desacuerdo con la informaci\u00f3n publicada, aunque concedi\u00f3 que [&hellip;]\" \/>\n<meta property=\"og:url\" content=\"https:\/\/favorite-news.com\/mx\/imss-refuta-su-propio-reporte-de-asalariados\/\" \/>\n<meta property=\"og:site_name\" content=\"Favorite News\" \/>\n<meta property=\"article:published_time\" content=\"2019-06-21T08:25:18+00:00\" \/>\n<meta name=\"author\" content=\"favorite-news\" \/>\n<meta name=\"twitter:card\" content=\"summary_large_image\" \/>\n<meta name=\"twitter:label1\" content=\"Escrito por\" \/>\n\t<meta name=\"twitter:data1\" content=\"favorite-news\" \/>\n\t<meta name=\"twitter:label2\" content=\"Tiempo de lectura\" \/>\n\t<meta name=\"twitter:data2\" content=\"4 minutos\" \/>\n<script type=\"application\/ld+json\" class=\"yoast-schema-graph\">{\"@context\":\"https:\\\/\\\/schema.org\",\"@graph\":[{\"@type\":\"Article\",\"@id\":\"https:\\\/\\\/favorite-news.com\\\/mx\\\/imss-refuta-su-propio-reporte-de-asalariados\\\/#article\",\"isPartOf\":{\"@id\":\"https:\\\/\\\/favorite-news.com\\\/mx\\\/imss-refuta-su-propio-reporte-de-asalariados\\\/\"},\"author\":{\"name\":\"favorite-news\",\"@id\":\"https:\\\/\\\/favorite-news.com\\\/mx\\\/#\\\/schema\\\/person\\\/b91573b717dcfa5e4696032a9d28d3e8\"},\"headline\":\"IMSS refuta su propio reporte de asalariados\",\"datePublished\":\"2019-06-21T08:25:18+00:00\",\"mainEntityOfPage\":{\"@id\":\"https:\\\/\\\/favorite-news.com\\\/mx\\\/imss-refuta-su-propio-reporte-de-asalariados\\\/\"},\"wordCount\":790,\"commentCount\":0,\"articleSection\":[\"NOTICIAS FINANCIERAS\"],\"inLanguage\":\"es\",\"potentialAction\":[{\"@type\":\"CommentAction\",\"name\":\"Comment\",\"target\":[\"https:\\\/\\\/favorite-news.com\\\/mx\\\/imss-refuta-su-propio-reporte-de-asalariados\\\/#respond\"]}]},{\"@type\":\"WebPage\",\"@id\":\"https:\\\/\\\/favorite-news.com\\\/mx\\\/imss-refuta-su-propio-reporte-de-asalariados\\\/\",\"url\":\"https:\\\/\\\/favorite-news.com\\\/mx\\\/imss-refuta-su-propio-reporte-de-asalariados\\\/\",\"name\":\"IMSS refuta su propio reporte de asalariados - Favorite News\",\"isPartOf\":{\"@id\":\"https:\\\/\\\/favorite-news.com\\\/mx\\\/#website\"},\"datePublished\":\"2019-06-21T08:25:18+00:00\",\"author\":{\"@id\":\"https:\\\/\\\/favorite-news.com\\\/mx\\\/#\\\/schema\\\/person\\\/b91573b717dcfa5e4696032a9d28d3e8\"},\"breadcrumb\":{\"@id\":\"https:\\\/\\\/favorite-news.com\\\/mx\\\/imss-refuta-su-propio-reporte-de-asalariados\\\/#breadcrumb\"},\"inLanguage\":\"es\",\"potentialAction\":[{\"@type\":\"ReadAction\",\"target\":[\"https:\\\/\\\/favorite-news.com\\\/mx\\\/imss-refuta-su-propio-reporte-de-asalariados\\\/\"]}]},{\"@type\":\"BreadcrumbList\",\"@id\":\"https:\\\/\\\/favorite-news.com\\\/mx\\\/imss-refuta-su-propio-reporte-de-asalariados\\\/#breadcrumb\",\"itemListElement\":[{\"@type\":\"ListItem\",\"position\":1,\"name\":\"\u0413\u043b\u0430\u0432\u043d\u0430\u044f \u0441\u0442\u0440\u0430\u043d\u0438\u0446\u0430\",\"item\":\"https:\\\/\\\/favorite-news.com\\\/mx\\\/\"},{\"@type\":\"ListItem\",\"position\":2,\"name\":\"IMSS refuta su propio reporte de asalariados\"}]},{\"@type\":\"WebSite\",\"@id\":\"https:\\\/\\\/favorite-news.com\\\/mx\\\/#website\",\"url\":\"https:\\\/\\\/favorite-news.com\\\/mx\\\/\",\"name\":\"Favorite News\",\"description\":\"Favorite News Mexico\",\"potentialAction\":[{\"@type\":\"SearchAction\",\"target\":{\"@type\":\"EntryPoint\",\"urlTemplate\":\"https:\\\/\\\/favorite-news.com\\\/mx\\\/?s={search_term_string}\"},\"query-input\":{\"@type\":\"PropertyValueSpecification\",\"valueRequired\":true,\"valueName\":\"search_term_string\"}}],\"inLanguage\":\"es\"},{\"@type\":\"Person\",\"@id\":\"https:\\\/\\\/favorite-news.com\\\/mx\\\/#\\\/schema\\\/person\\\/b91573b717dcfa5e4696032a9d28d3e8\",\"name\":\"favorite-news\",\"image\":{\"@type\":\"ImageObject\",\"inLanguage\":\"es\",\"@id\":\"https:\\\/\\\/secure.gravatar.com\\\/avatar\\\/6c5a5cb12b74e9d517ee91cf570335b7d16177f1977cc91db161adfa435945a7?s=96&d=mm&r=g\",\"url\":\"https:\\\/\\\/secure.gravatar.com\\\/avatar\\\/6c5a5cb12b74e9d517ee91cf570335b7d16177f1977cc91db161adfa435945a7?s=96&d=mm&r=g\",\"contentUrl\":\"https:\\\/\\\/secure.gravatar.com\\\/avatar\\\/6c5a5cb12b74e9d517ee91cf570335b7d16177f1977cc91db161adfa435945a7?s=96&d=mm&r=g\",\"caption\":\"favorite-news\"},\"url\":\"https:\\\/\\\/favorite-news.com\\\/mx\\\/author\\\/pt\\\/\"}]}<\/script>\n<!-- \/ Yoast SEO plugin. -->","yoast_head_json":{"title":"IMSS refuta su propio reporte de asalariados - Favorite News","robots":{"index":"index","follow":"follow","max-snippet":"max-snippet:-1","max-image-preview":"max-image-preview:large","max-video-preview":"max-video-preview:-1"},"canonical":"https:\/\/favorite-news.com\/mx\/imss-refuta-su-propio-reporte-de-asalariados\/","og_locale":"es_MX","og_type":"article","og_title":"IMSS refuta su propio reporte de asalariados - Favorite News","og_description":"[ad_1] El director del IMSS, Zo\u00e9 Robledo, consider\u00f3 injusta la comparaci\u00f3n que hizo la prensa de las cifras sobre generaci\u00f3n de empleos durante mayo y que divulg\u00f3 el instituto a su cargo. El funcionario dedic\u00f3 una hora, en una conferencia que no estaba prevista, para mostrar su desacuerdo con la informaci\u00f3n publicada, aunque concedi\u00f3 que [&hellip;]","og_url":"https:\/\/favorite-news.com\/mx\/imss-refuta-su-propio-reporte-de-asalariados\/","og_site_name":"Favorite News","article_published_time":"2019-06-21T08:25:18+00:00","author":"favorite-news","twitter_card":"summary_large_image","twitter_misc":{"Escrito por":"favorite-news","Tiempo de lectura":"4 minutos"},"schema":{"@context":"https:\/\/schema.org","@graph":[{"@type":"Article","@id":"https:\/\/favorite-news.com\/mx\/imss-refuta-su-propio-reporte-de-asalariados\/#article","isPartOf":{"@id":"https:\/\/favorite-news.com\/mx\/imss-refuta-su-propio-reporte-de-asalariados\/"},"author":{"name":"favorite-news","@id":"https:\/\/favorite-news.com\/mx\/#\/schema\/person\/b91573b717dcfa5e4696032a9d28d3e8"},"headline":"IMSS refuta su propio reporte de asalariados","datePublished":"2019-06-21T08:25:18+00:00","mainEntityOfPage":{"@id":"https:\/\/favorite-news.com\/mx\/imss-refuta-su-propio-reporte-de-asalariados\/"},"wordCount":790,"commentCount":0,"articleSection":["NOTICIAS FINANCIERAS"],"inLanguage":"es","potentialAction":[{"@type":"CommentAction","name":"Comment","target":["https:\/\/favorite-news.com\/mx\/imss-refuta-su-propio-reporte-de-asalariados\/#respond"]}]},{"@type":"WebPage","@id":"https:\/\/favorite-news.com\/mx\/imss-refuta-su-propio-reporte-de-asalariados\/","url":"https:\/\/favorite-news.com\/mx\/imss-refuta-su-propio-reporte-de-asalariados\/","name":"IMSS refuta su propio reporte de asalariados - Favorite News","isPartOf":{"@id":"https:\/\/favorite-news.com\/mx\/#website"},"datePublished":"2019-06-21T08:25:18+00:00","author":{"@id":"https:\/\/favorite-news.com\/mx\/#\/schema\/person\/b91573b717dcfa5e4696032a9d28d3e8"},"breadcrumb":{"@id":"https:\/\/favorite-news.com\/mx\/imss-refuta-su-propio-reporte-de-asalariados\/#breadcrumb"},"inLanguage":"es","potentialAction":[{"@type":"ReadAction","target":["https:\/\/favorite-news.com\/mx\/imss-refuta-su-propio-reporte-de-asalariados\/"]}]},{"@type":"BreadcrumbList","@id":"https:\/\/favorite-news.com\/mx\/imss-refuta-su-propio-reporte-de-asalariados\/#breadcrumb","itemListElement":[{"@type":"ListItem","position":1,"name":"\u0413\u043b\u0430\u0432\u043d\u0430\u044f \u0441\u0442\u0440\u0430\u043d\u0438\u0446\u0430","item":"https:\/\/favorite-news.com\/mx\/"},{"@type":"ListItem","position":2,"name":"IMSS refuta su propio reporte de asalariados"}]},{"@type":"WebSite","@id":"https:\/\/favorite-news.com\/mx\/#website","url":"https:\/\/favorite-news.com\/mx\/","name":"Favorite News","description":"Favorite News Mexico","potentialAction":[{"@type":"SearchAction","target":{"@type":"EntryPoint","urlTemplate":"https:\/\/favorite-news.com\/mx\/?s={search_term_string}"},"query-input":{"@type":"PropertyValueSpecification","valueRequired":true,"valueName":"search_term_string"}}],"inLanguage":"es"},{"@type":"Person","@id":"https:\/\/favorite-news.com\/mx\/#\/schema\/person\/b91573b717dcfa5e4696032a9d28d3e8","name":"favorite-news","image":{"@type":"ImageObject","inLanguage":"es","@id":"https:\/\/secure.gravatar.com\/avatar\/6c5a5cb12b74e9d517ee91cf570335b7d16177f1977cc91db161adfa435945a7?s=96&d=mm&r=g","url":"https:\/\/secure.gravatar.com\/avatar\/6c5a5cb12b74e9d517ee91cf570335b7d16177f1977cc91db161adfa435945a7?s=96&d=mm&r=g","contentUrl":"https:\/\/secure.gravatar.com\/avatar\/6c5a5cb12b74e9d517ee91cf570335b7d16177f1977cc91db161adfa435945a7?s=96&d=mm&r=g","caption":"favorite-news"},"url":"https:\/\/favorite-news.com\/mx\/author\/pt\/"}]}},"_links":{"self":[{"href":"https:\/\/favorite-news.com\/mx\/wp-json\/wp\/v2\/posts\/1595","targetHints":{"allow":["GET"]}}],"collection":[{"href":"https:\/\/favorite-news.com\/mx\/wp-json\/wp\/v2\/posts"}],"about":[{"href":"https:\/\/favorite-news.com\/mx\/wp-json\/wp\/v2\/types\/post"}],"author":[{"embeddable":true,"href":"https:\/\/favorite-news.com\/mx\/wp-json\/wp\/v2\/users\/2"}],"replies":[{"embeddable":true,"href":"https:\/\/favorite-news.com\/mx\/wp-json\/wp\/v2\/comments?post=1595"}],"version-history":[{"count":0,"href":"https:\/\/favorite-news.com\/mx\/wp-json\/wp\/v2\/posts\/1595\/revisions"}],"wp:attachment":[{"href":"https:\/\/favorite-news.com\/mx\/wp-json\/wp\/v2\/media?parent=1595"}],"wp:term":[{"taxonomy":"category","embeddable":true,"href":"https:\/\/favorite-news.com\/mx\/wp-json\/wp\/v2\/categories?post=1595"},{"taxonomy":"post_tag","embeddable":true,"href":"https:\/\/favorite-news.com\/mx\/wp-json\/wp\/v2\/tags?post=1595"}],"curies":[{"name":"wp","href":"https:\/\/api.w.org\/{rel}","templated":true}]}}