{"id":1593,"date":"2019-06-21T08:29:07","date_gmt":"2019-06-21T05:29:07","guid":{"rendered":"https:\/\/favorite-news.com\/mx\/citibanamex-preve-crecimiento-de-0-9-para-el-pib-de-mexico\/"},"modified":"2019-06-21T08:29:08","modified_gmt":"2019-06-21T05:29:08","slug":"citibanamex-preve-crecimiento-de-0-9-para-el-pib-de-mexico","status":"publish","type":"post","link":"https:\/\/favorite-news.com\/mx\/citibanamex-preve-crecimiento-de-0-9-para-el-pib-de-mexico\/","title":{"rendered":"Citibanamex prev\u00e9 crecimiento de 0.9% para el PIB de M\u00e9xico"},"content":{"rendered":"<p> [ad_1]<br \/>\n<\/p>\n<div id=\"content-body-226-3792732\">\n<p><b>Citibanamex <\/b>prev\u00e9 que el crecimiento econ\u00f3mico del pa\u00eds ser\u00e1 todav\u00eda menor, pues al cierre de este a\u00f1o <b>estim\u00f3 un alza de 0.9 por ciento, <\/b>lo que represent\u00f3 el cuarto ajuste desde noviembre del a\u00f1o pasado.<\/p>\n<p>En su an\u00e1lisis Marea baja: las perspectivas de crecimiento contin\u00faan su tendencia de disminuci\u00f3n, el banco a\u00f1adi\u00f3 que para el a\u00f1o que entra el crecimiento tambi\u00e9n se moderar\u00e1 a 1.5 por ciento, desde 1.7 previo.<\/p>\n<h4\/>\n<p>El banco se\u00f1ala que pese a la posibilidad de que se concluya la ratificaci\u00f3n de<b>l Tratado M\u00e9xico-Estados Unidos-Canad\u00e1 <\/b>(TMEC) el conflicto vivido a finales de mayo a\u00f1ade incertidumbre a la relaci\u00f3n comercial de los tres socios comerciales.<\/p>\n<p>\u201cPor lo tanto, mientras que la aprobaci\u00f3n del T-MEC por parte del Senado mexicano es bienvenida, ya no vemos esto, ni su potencial ratificaci\u00f3n por los legisladores en <b>Estados Unidos y Canad\u00e1,<\/b> como una garant\u00eda \u201canti-balas\u201d de que es la \u00faltima vez que escuchamos de amenazas arancelarias en Norteam\u00e9rica\u201d, detalla la instituci\u00f3n financiera.<\/p>\n<p>Sobre el tipo de cambio, el banco espera <b>que el d\u00f3lar cierre 2019 en torno a 19.8 pesos al mayoreo, lo que representa 20 centavos m\u00e1s que la estimaci\u00f3n anterio<\/b>r.<\/p>\n<p>Adem\u00e1s, en la Encuesta sobre Expectativas Econ\u00f3micas Citibanamex, que tambi\u00e9n fue publicada hoy, los analistas prev\u00e9n un promedio de crecimiento para este a\u00f1o de 1.2%, desde 1.3 por ciento anterior.<\/p>\n<\/div>\n<p><script>(function(d, s, id) {\nvar js, fjs = d.getElementsByTagName(s)[0];\nif (d.getElementById(id)) return;\njs = d.createElement(s); js.id = id;\njs.src = 'https:\/\/connect.facebook.net\/es_LA\/sdk.js#xfbml=1&version=v3.2&appId=641196362757391&autoLogAppEvents=1';\nfjs.parentNode.insertBefore(js, fjs);\n}(document, 'script', 'facebook-jssdk'));\n<\/script><br \/>\n<br \/>[ad_2]<br \/>\n<br \/><a href=\"https:\/\/www.elsoldemexico.com.mx\/finanzas\/citibanamex-preve-crecimiento-de-0.9-para-el-pib-de-mexico-ecoomia-3792732.html\">Source link <\/a><\/p>\n","protected":false},"excerpt":{"rendered":"<p>[ad_1] Citibanamex prev\u00e9 que el crecimiento econ\u00f3mico del pa\u00eds ser\u00e1 todav\u00eda menor, pues al cierre de este a\u00f1o estim\u00f3 un alza de 0.9 por ciento, lo que represent\u00f3 el cuarto ajuste desde noviembre del a\u00f1o pasado. En su an\u00e1lisis Marea baja: las perspectivas de crecimiento contin\u00faan su tendencia de disminuci\u00f3n, el banco a\u00f1adi\u00f3 que para [&hellip;]<\/p>\n","protected":false},"author":2,"featured_media":1183,"comment_status":"open","ping_status":"open","sticky":false,"template":"","format":"standard","meta":{"footnotes":""},"categories":[1],"tags":[],"class_list":["post-1593","post","type-post","status-publish","format-standard","has-post-thumbnail","hentry","category-noticias-financieras"],"yoast_head":"<!-- This site is optimized with the Yoast SEO plugin v27.4 - https:\/\/yoast.com\/product\/yoast-seo-wordpress\/ -->\n<title>Citibanamex prev\u00e9 crecimiento de 0.9% para el PIB de M\u00e9xico - Favorite News<\/title>\n<meta name=\"robots\" content=\"index, follow, max-snippet:-1, max-image-preview:large, max-video-preview:-1\" \/>\n<link rel=\"canonical\" href=\"https:\/\/favorite-news.com\/mx\/citibanamex-preve-crecimiento-de-0-9-para-el-pib-de-mexico\/\" \/>\n<meta property=\"og:locale\" content=\"es_MX\" \/>\n<meta property=\"og:type\" content=\"article\" \/>\n<meta property=\"og:title\" content=\"Citibanamex prev\u00e9 crecimiento de 0.9% para el PIB de M\u00e9xico - Favorite News\" \/>\n<meta property=\"og:description\" content=\"[ad_1] Citibanamex prev\u00e9 que el crecimiento econ\u00f3mico del pa\u00eds ser\u00e1 todav\u00eda menor, pues al cierre de este a\u00f1o estim\u00f3 un alza de 0.9 por ciento, lo que represent\u00f3 el cuarto ajuste desde noviembre del a\u00f1o pasado. En su an\u00e1lisis Marea baja: las perspectivas de crecimiento contin\u00faan su tendencia de disminuci\u00f3n, el banco a\u00f1adi\u00f3 que para [&hellip;]\" \/>\n<meta property=\"og:url\" content=\"https:\/\/favorite-news.com\/mx\/citibanamex-preve-crecimiento-de-0-9-para-el-pib-de-mexico\/\" \/>\n<meta property=\"og:site_name\" content=\"Favorite News\" \/>\n<meta property=\"article:published_time\" content=\"2019-06-21T05:29:07+00:00\" \/>\n<meta property=\"article:modified_time\" content=\"2019-06-21T05:29:08+00:00\" \/>\n<meta property=\"og:image\" content=\"https:\/\/favorite-news.com\/mx\/wp-content\/uploads\/sites\/8\/2019\/06\/Finanzas-p\u00fablicas-lo-que-preocupa-a-calificadoras-dice-Citibanamex.jpeg\" \/>\n\t<meta property=\"og:image:width\" content=\"1140\" \/>\n\t<meta property=\"og:image:height\" content=\"712\" \/>\n\t<meta property=\"og:image:type\" content=\"image\/jpeg\" \/>\n<meta name=\"author\" content=\"favorite-news\" \/>\n<meta name=\"twitter:card\" content=\"summary_large_image\" \/>\n<meta name=\"twitter:label1\" content=\"Escrito por\" \/>\n\t<meta name=\"twitter:data1\" content=\"favorite-news\" \/>\n\t<meta name=\"twitter:label2\" content=\"Tiempo de lectura\" \/>\n\t<meta name=\"twitter:data2\" content=\"1 minuto\" \/>\n<script type=\"application\/ld+json\" class=\"yoast-schema-graph\">{\"@context\":\"https:\\\/\\\/schema.org\",\"@graph\":[{\"@type\":\"Article\",\"@id\":\"https:\\\/\\\/favorite-news.com\\\/mx\\\/citibanamex-preve-crecimiento-de-0-9-para-el-pib-de-mexico\\\/#article\",\"isPartOf\":{\"@id\":\"https:\\\/\\\/favorite-news.com\\\/mx\\\/citibanamex-preve-crecimiento-de-0-9-para-el-pib-de-mexico\\\/\"},\"author\":{\"name\":\"favorite-news\",\"@id\":\"https:\\\/\\\/favorite-news.com\\\/mx\\\/#\\\/schema\\\/person\\\/b91573b717dcfa5e4696032a9d28d3e8\"},\"headline\":\"Citibanamex prev\u00e9 crecimiento de 0.9% para el PIB de M\u00e9xico\",\"datePublished\":\"2019-06-21T05:29:07+00:00\",\"dateModified\":\"2019-06-21T05:29:08+00:00\",\"mainEntityOfPage\":{\"@id\":\"https:\\\/\\\/favorite-news.com\\\/mx\\\/citibanamex-preve-crecimiento-de-0-9-para-el-pib-de-mexico\\\/\"},\"wordCount\":255,\"commentCount\":0,\"image\":{\"@id\":\"https:\\\/\\\/favorite-news.com\\\/mx\\\/citibanamex-preve-crecimiento-de-0-9-para-el-pib-de-mexico\\\/#primaryimage\"},\"thumbnailUrl\":\"https:\\\/\\\/favorite-news.com\\\/mx\\\/wp-content\\\/uploads\\\/sites\\\/8\\\/2019\\\/06\\\/Finanzas-p\u00fablicas-lo-que-preocupa-a-calificadoras-dice-Citibanamex.jpeg\",\"articleSection\":[\"NOTICIAS FINANCIERAS\"],\"inLanguage\":\"es\",\"potentialAction\":[{\"@type\":\"CommentAction\",\"name\":\"Comment\",\"target\":[\"https:\\\/\\\/favorite-news.com\\\/mx\\\/citibanamex-preve-crecimiento-de-0-9-para-el-pib-de-mexico\\\/#respond\"]}]},{\"@type\":\"WebPage\",\"@id\":\"https:\\\/\\\/favorite-news.com\\\/mx\\\/citibanamex-preve-crecimiento-de-0-9-para-el-pib-de-mexico\\\/\",\"url\":\"https:\\\/\\\/favorite-news.com\\\/mx\\\/citibanamex-preve-crecimiento-de-0-9-para-el-pib-de-mexico\\\/\",\"name\":\"Citibanamex prev\u00e9 crecimiento de 0.9% para el PIB de M\u00e9xico - Favorite News\",\"isPartOf\":{\"@id\":\"https:\\\/\\\/favorite-news.com\\\/mx\\\/#website\"},\"primaryImageOfPage\":{\"@id\":\"https:\\\/\\\/favorite-news.com\\\/mx\\\/citibanamex-preve-crecimiento-de-0-9-para-el-pib-de-mexico\\\/#primaryimage\"},\"image\":{\"@id\":\"https:\\\/\\\/favorite-news.com\\\/mx\\\/citibanamex-preve-crecimiento-de-0-9-para-el-pib-de-mexico\\\/#primaryimage\"},\"thumbnailUrl\":\"https:\\\/\\\/favorite-news.com\\\/mx\\\/wp-content\\\/uploads\\\/sites\\\/8\\\/2019\\\/06\\\/Finanzas-p\u00fablicas-lo-que-preocupa-a-calificadoras-dice-Citibanamex.jpeg\",\"datePublished\":\"2019-06-21T05:29:07+00:00\",\"dateModified\":\"2019-06-21T05:29:08+00:00\",\"author\":{\"@id\":\"https:\\\/\\\/favorite-news.com\\\/mx\\\/#\\\/schema\\\/person\\\/b91573b717dcfa5e4696032a9d28d3e8\"},\"breadcrumb\":{\"@id\":\"https:\\\/\\\/favorite-news.com\\\/mx\\\/citibanamex-preve-crecimiento-de-0-9-para-el-pib-de-mexico\\\/#breadcrumb\"},\"inLanguage\":\"es\",\"potentialAction\":[{\"@type\":\"ReadAction\",\"target\":[\"https:\\\/\\\/favorite-news.com\\\/mx\\\/citibanamex-preve-crecimiento-de-0-9-para-el-pib-de-mexico\\\/\"]}]},{\"@type\":\"ImageObject\",\"inLanguage\":\"es\",\"@id\":\"https:\\\/\\\/favorite-news.com\\\/mx\\\/citibanamex-preve-crecimiento-de-0-9-para-el-pib-de-mexico\\\/#primaryimage\",\"url\":\"https:\\\/\\\/favorite-news.com\\\/mx\\\/wp-content\\\/uploads\\\/sites\\\/8\\\/2019\\\/06\\\/Finanzas-p\u00fablicas-lo-que-preocupa-a-calificadoras-dice-Citibanamex.jpeg\",\"contentUrl\":\"https:\\\/\\\/favorite-news.com\\\/mx\\\/wp-content\\\/uploads\\\/sites\\\/8\\\/2019\\\/06\\\/Finanzas-p\u00fablicas-lo-que-preocupa-a-calificadoras-dice-Citibanamex.jpeg\",\"width\":1140,\"height\":712,\"caption\":\"Finanzas p\u00fablicas, lo que preocupa a calificadoras, dice Citibanamex\"},{\"@type\":\"BreadcrumbList\",\"@id\":\"https:\\\/\\\/favorite-news.com\\\/mx\\\/citibanamex-preve-crecimiento-de-0-9-para-el-pib-de-mexico\\\/#breadcrumb\",\"itemListElement\":[{\"@type\":\"ListItem\",\"position\":1,\"name\":\"\u0413\u043b\u0430\u0432\u043d\u0430\u044f \u0441\u0442\u0440\u0430\u043d\u0438\u0446\u0430\",\"item\":\"https:\\\/\\\/favorite-news.com\\\/mx\\\/\"},{\"@type\":\"ListItem\",\"position\":2,\"name\":\"Citibanamex prev\u00e9 crecimiento de 0.9% para el PIB de M\u00e9xico\"}]},{\"@type\":\"WebSite\",\"@id\":\"https:\\\/\\\/favorite-news.com\\\/mx\\\/#website\",\"url\":\"https:\\\/\\\/favorite-news.com\\\/mx\\\/\",\"name\":\"Favorite News\",\"description\":\"Favorite News Mexico\",\"potentialAction\":[{\"@type\":\"SearchAction\",\"target\":{\"@type\":\"EntryPoint\",\"urlTemplate\":\"https:\\\/\\\/favorite-news.com\\\/mx\\\/?s={search_term_string}\"},\"query-input\":{\"@type\":\"PropertyValueSpecification\",\"valueRequired\":true,\"valueName\":\"search_term_string\"}}],\"inLanguage\":\"es\"},{\"@type\":\"Person\",\"@id\":\"https:\\\/\\\/favorite-news.com\\\/mx\\\/#\\\/schema\\\/person\\\/b91573b717dcfa5e4696032a9d28d3e8\",\"name\":\"favorite-news\",\"image\":{\"@type\":\"ImageObject\",\"inLanguage\":\"es\",\"@id\":\"https:\\\/\\\/secure.gravatar.com\\\/avatar\\\/6c5a5cb12b74e9d517ee91cf570335b7d16177f1977cc91db161adfa435945a7?s=96&d=mm&r=g\",\"url\":\"https:\\\/\\\/secure.gravatar.com\\\/avatar\\\/6c5a5cb12b74e9d517ee91cf570335b7d16177f1977cc91db161adfa435945a7?s=96&d=mm&r=g\",\"contentUrl\":\"https:\\\/\\\/secure.gravatar.com\\\/avatar\\\/6c5a5cb12b74e9d517ee91cf570335b7d16177f1977cc91db161adfa435945a7?s=96&d=mm&r=g\",\"caption\":\"favorite-news\"},\"url\":\"https:\\\/\\\/favorite-news.com\\\/mx\\\/author\\\/pt\\\/\"}]}<\/script>\n<!-- \/ Yoast SEO plugin. -->","yoast_head_json":{"title":"Citibanamex prev\u00e9 crecimiento de 0.9% para el PIB de M\u00e9xico - Favorite News","robots":{"index":"index","follow":"follow","max-snippet":"max-snippet:-1","max-image-preview":"max-image-preview:large","max-video-preview":"max-video-preview:-1"},"canonical":"https:\/\/favorite-news.com\/mx\/citibanamex-preve-crecimiento-de-0-9-para-el-pib-de-mexico\/","og_locale":"es_MX","og_type":"article","og_title":"Citibanamex prev\u00e9 crecimiento de 0.9% para el PIB de M\u00e9xico - Favorite News","og_description":"[ad_1] Citibanamex prev\u00e9 que el crecimiento econ\u00f3mico del pa\u00eds ser\u00e1 todav\u00eda menor, pues al cierre de este a\u00f1o estim\u00f3 un alza de 0.9 por ciento, lo que represent\u00f3 el cuarto ajuste desde noviembre del a\u00f1o pasado. En su an\u00e1lisis Marea baja: las perspectivas de crecimiento contin\u00faan su tendencia de disminuci\u00f3n, el banco a\u00f1adi\u00f3 que para [&hellip;]","og_url":"https:\/\/favorite-news.com\/mx\/citibanamex-preve-crecimiento-de-0-9-para-el-pib-de-mexico\/","og_site_name":"Favorite News","article_published_time":"2019-06-21T05:29:07+00:00","article_modified_time":"2019-06-21T05:29:08+00:00","og_image":[{"width":1140,"height":712,"url":"https:\/\/favorite-news.com\/mx\/wp-content\/uploads\/sites\/8\/2019\/06\/Finanzas-p\u00fablicas-lo-que-preocupa-a-calificadoras-dice-Citibanamex.jpeg","type":"image\/jpeg"}],"author":"favorite-news","twitter_card":"summary_large_image","twitter_misc":{"Escrito por":"favorite-news","Tiempo de lectura":"1 minuto"},"schema":{"@context":"https:\/\/schema.org","@graph":[{"@type":"Article","@id":"https:\/\/favorite-news.com\/mx\/citibanamex-preve-crecimiento-de-0-9-para-el-pib-de-mexico\/#article","isPartOf":{"@id":"https:\/\/favorite-news.com\/mx\/citibanamex-preve-crecimiento-de-0-9-para-el-pib-de-mexico\/"},"author":{"name":"favorite-news","@id":"https:\/\/favorite-news.com\/mx\/#\/schema\/person\/b91573b717dcfa5e4696032a9d28d3e8"},"headline":"Citibanamex prev\u00e9 crecimiento de 0.9% para el PIB de M\u00e9xico","datePublished":"2019-06-21T05:29:07+00:00","dateModified":"2019-06-21T05:29:08+00:00","mainEntityOfPage":{"@id":"https:\/\/favorite-news.com\/mx\/citibanamex-preve-crecimiento-de-0-9-para-el-pib-de-mexico\/"},"wordCount":255,"commentCount":0,"image":{"@id":"https:\/\/favorite-news.com\/mx\/citibanamex-preve-crecimiento-de-0-9-para-el-pib-de-mexico\/#primaryimage"},"thumbnailUrl":"https:\/\/favorite-news.com\/mx\/wp-content\/uploads\/sites\/8\/2019\/06\/Finanzas-p\u00fablicas-lo-que-preocupa-a-calificadoras-dice-Citibanamex.jpeg","articleSection":["NOTICIAS FINANCIERAS"],"inLanguage":"es","potentialAction":[{"@type":"CommentAction","name":"Comment","target":["https:\/\/favorite-news.com\/mx\/citibanamex-preve-crecimiento-de-0-9-para-el-pib-de-mexico\/#respond"]}]},{"@type":"WebPage","@id":"https:\/\/favorite-news.com\/mx\/citibanamex-preve-crecimiento-de-0-9-para-el-pib-de-mexico\/","url":"https:\/\/favorite-news.com\/mx\/citibanamex-preve-crecimiento-de-0-9-para-el-pib-de-mexico\/","name":"Citibanamex prev\u00e9 crecimiento de 0.9% para el PIB de M\u00e9xico - Favorite News","isPartOf":{"@id":"https:\/\/favorite-news.com\/mx\/#website"},"primaryImageOfPage":{"@id":"https:\/\/favorite-news.com\/mx\/citibanamex-preve-crecimiento-de-0-9-para-el-pib-de-mexico\/#primaryimage"},"image":{"@id":"https:\/\/favorite-news.com\/mx\/citibanamex-preve-crecimiento-de-0-9-para-el-pib-de-mexico\/#primaryimage"},"thumbnailUrl":"https:\/\/favorite-news.com\/mx\/wp-content\/uploads\/sites\/8\/2019\/06\/Finanzas-p\u00fablicas-lo-que-preocupa-a-calificadoras-dice-Citibanamex.jpeg","datePublished":"2019-06-21T05:29:07+00:00","dateModified":"2019-06-21T05:29:08+00:00","author":{"@id":"https:\/\/favorite-news.com\/mx\/#\/schema\/person\/b91573b717dcfa5e4696032a9d28d3e8"},"breadcrumb":{"@id":"https:\/\/favorite-news.com\/mx\/citibanamex-preve-crecimiento-de-0-9-para-el-pib-de-mexico\/#breadcrumb"},"inLanguage":"es","potentialAction":[{"@type":"ReadAction","target":["https:\/\/favorite-news.com\/mx\/citibanamex-preve-crecimiento-de-0-9-para-el-pib-de-mexico\/"]}]},{"@type":"ImageObject","inLanguage":"es","@id":"https:\/\/favorite-news.com\/mx\/citibanamex-preve-crecimiento-de-0-9-para-el-pib-de-mexico\/#primaryimage","url":"https:\/\/favorite-news.com\/mx\/wp-content\/uploads\/sites\/8\/2019\/06\/Finanzas-p\u00fablicas-lo-que-preocupa-a-calificadoras-dice-Citibanamex.jpeg","contentUrl":"https:\/\/favorite-news.com\/mx\/wp-content\/uploads\/sites\/8\/2019\/06\/Finanzas-p\u00fablicas-lo-que-preocupa-a-calificadoras-dice-Citibanamex.jpeg","width":1140,"height":712,"caption":"Finanzas p\u00fablicas, lo que preocupa a calificadoras, dice Citibanamex"},{"@type":"BreadcrumbList","@id":"https:\/\/favorite-news.com\/mx\/citibanamex-preve-crecimiento-de-0-9-para-el-pib-de-mexico\/#breadcrumb","itemListElement":[{"@type":"ListItem","position":1,"name":"\u0413\u043b\u0430\u0432\u043d\u0430\u044f \u0441\u0442\u0440\u0430\u043d\u0438\u0446\u0430","item":"https:\/\/favorite-news.com\/mx\/"},{"@type":"ListItem","position":2,"name":"Citibanamex prev\u00e9 crecimiento de 0.9% para el PIB de M\u00e9xico"}]},{"@type":"WebSite","@id":"https:\/\/favorite-news.com\/mx\/#website","url":"https:\/\/favorite-news.com\/mx\/","name":"Favorite News","description":"Favorite News Mexico","potentialAction":[{"@type":"SearchAction","target":{"@type":"EntryPoint","urlTemplate":"https:\/\/favorite-news.com\/mx\/?s={search_term_string}"},"query-input":{"@type":"PropertyValueSpecification","valueRequired":true,"valueName":"search_term_string"}}],"inLanguage":"es"},{"@type":"Person","@id":"https:\/\/favorite-news.com\/mx\/#\/schema\/person\/b91573b717dcfa5e4696032a9d28d3e8","name":"favorite-news","image":{"@type":"ImageObject","inLanguage":"es","@id":"https:\/\/secure.gravatar.com\/avatar\/6c5a5cb12b74e9d517ee91cf570335b7d16177f1977cc91db161adfa435945a7?s=96&d=mm&r=g","url":"https:\/\/secure.gravatar.com\/avatar\/6c5a5cb12b74e9d517ee91cf570335b7d16177f1977cc91db161adfa435945a7?s=96&d=mm&r=g","contentUrl":"https:\/\/secure.gravatar.com\/avatar\/6c5a5cb12b74e9d517ee91cf570335b7d16177f1977cc91db161adfa435945a7?s=96&d=mm&r=g","caption":"favorite-news"},"url":"https:\/\/favorite-news.com\/mx\/author\/pt\/"}]}},"_links":{"self":[{"href":"https:\/\/favorite-news.com\/mx\/wp-json\/wp\/v2\/posts\/1593","targetHints":{"allow":["GET"]}}],"collection":[{"href":"https:\/\/favorite-news.com\/mx\/wp-json\/wp\/v2\/posts"}],"about":[{"href":"https:\/\/favorite-news.com\/mx\/wp-json\/wp\/v2\/types\/post"}],"author":[{"embeddable":true,"href":"https:\/\/favorite-news.com\/mx\/wp-json\/wp\/v2\/users\/2"}],"replies":[{"embeddable":true,"href":"https:\/\/favorite-news.com\/mx\/wp-json\/wp\/v2\/comments?post=1593"}],"version-history":[{"count":1,"href":"https:\/\/favorite-news.com\/mx\/wp-json\/wp\/v2\/posts\/1593\/revisions"}],"predecessor-version":[{"id":1594,"href":"https:\/\/favorite-news.com\/mx\/wp-json\/wp\/v2\/posts\/1593\/revisions\/1594"}],"wp:featuredmedia":[{"embeddable":true,"href":"https:\/\/favorite-news.com\/mx\/wp-json\/wp\/v2\/media\/1183"}],"wp:attachment":[{"href":"https:\/\/favorite-news.com\/mx\/wp-json\/wp\/v2\/media?parent=1593"}],"wp:term":[{"taxonomy":"category","embeddable":true,"href":"https:\/\/favorite-news.com\/mx\/wp-json\/wp\/v2\/categories?post=1593"},{"taxonomy":"post_tag","embeddable":true,"href":"https:\/\/favorite-news.com\/mx\/wp-json\/wp\/v2\/tags?post=1593"}],"curies":[{"name":"wp","href":"https:\/\/api.w.org\/{rel}","templated":true}]}}