{"id":1590,"date":"2019-06-21T06:33:52","date_gmt":"2019-06-21T03:33:52","guid":{"rendered":"https:\/\/favorite-news.com\/mx\/si-hay-confianza-cifras-de-desempleo-se-van-a-revertir-alfonso-romo\/"},"modified":"2019-06-21T06:33:53","modified_gmt":"2019-06-21T03:33:53","slug":"si-hay-confianza-cifras-de-desempleo-se-van-a-revertir-alfonso-romo","status":"publish","type":"post","link":"https:\/\/favorite-news.com\/mx\/si-hay-confianza-cifras-de-desempleo-se-van-a-revertir-alfonso-romo\/","title":{"rendered":"S\u00ed hay confianza, cifras de desempleo se van a revertir: Alfonso Romo"},"content":{"rendered":"<p> [ad_1]<br \/>\n<\/p>\n<div id=\"content-body-226-3793581\">\n<p>El Jefe de la Oficina de la Presidencia de la Rep\u00fablica, Alfonso Romo Garza, asegur\u00f3 que se tienen que revertir las cifras que dio a conocer el Instituto Mexicano del Seguro Social (IMSS), donde se detall\u00f3 el desplome de generaci\u00f3n de empleo en un 88%. <\/p>\n<p>En entrevista al t\u00e9rmino de la clausura del IV Encuentro de J\u00f3venes de la Alianza del Pacifico (AP), Romo Garza abund\u00f3 que existe confianza en el pa\u00eds y extern\u00f3 su optimismo para generar empleo. <\/p>\n<p>\u00bfC\u00f3mo ve la ca\u00edda del empleo? <\/p>\n<p>\u2500Hay que revertir esas cifras de empleo. <\/p>\n<p>\u00bfC\u00f3mo se van a revertir, si no hay inversi\u00f3n, si no hay confianza? <\/p>\n<p>\u2500No, s\u00ed hay confianza. Acabamos de anunciar una inversi\u00f3n muy importante con el Consejo Mexicano de Negocios (CMN) y el Consejo Coordinador Empresarial (CCE). Yo creo que la tendencia va a ir para arriba, no tengo ninguna duda.<\/p>\n<p>\u2500Venimos de un cambio de Gobierno y eso es normal. Eso nos ha pasado en todos los sexenios. Pero estoy sumamente optimista y claro que esto se va a ir para arriba. <\/p>\n<p>En su participaci\u00f3n frente a j\u00f3venes provenientes de Chile, Colombia, Per\u00fa y de algunos estados de la Rep\u00fablica, Alfonso Romo extern\u00f3 que en la Cuarta Transformaci\u00f3n se habr\u00e1 de dise\u00f1ar un sistema para crear miles de emprendedores, \u201cpara que los miles de emprendedores no creen miles de empleos, sino miles de emprendedores\u201d.<\/p>\n<p>Dijo que la \u00fanica forma de cambiar el pa\u00eds es cuando miles de j\u00f3venes se suman al crecimiento, adem\u00e1s de que el crecimiento viene de la Peque\u00f1as y Medianas Empresas (PyMEs). <\/p>\n<p>\u201cTodo lo que vamos a hacer en este sexenio va hacer el fortalecer y crear una nueva generaci\u00f3n de empresarios para tener un pa\u00eds que tenga una clase media m\u00e1s poderosa\u201d, expres\u00f3.<\/p>\n<\/div>\n<p><script>(function(d, s, id) {\nvar js, fjs = d.getElementsByTagName(s)[0];\nif (d.getElementById(id)) return;\njs = d.createElement(s); js.id = id;\njs.src = 'https:\/\/connect.facebook.net\/es_LA\/sdk.js#xfbml=1&version=v3.2&appId=641196362757391&autoLogAppEvents=1';\nfjs.parentNode.insertBefore(js, fjs);\n}(document, 'script', 'facebook-jssdk'));\n<\/script><br \/>\n<br \/>[ad_2]<br \/>\n<br \/><a href=\"https:\/\/www.elsoldemexico.com.mx\/finanzas\/si-hay-confianza-cifras-de-desempleo-se-van-a-revertir-alfonso-romo-3793581.html\">Source link <\/a><\/p>\n","protected":false},"excerpt":{"rendered":"<p>[ad_1] El Jefe de la Oficina de la Presidencia de la Rep\u00fablica, Alfonso Romo Garza, asegur\u00f3 que se tienen que revertir las cifras que dio a conocer el Instituto Mexicano del Seguro Social (IMSS), donde se detall\u00f3 el desplome de generaci\u00f3n de empleo en un 88%. En entrevista al t\u00e9rmino de la clausura del IV [&hellip;]<\/p>\n","protected":false},"author":2,"featured_media":1591,"comment_status":"open","ping_status":"open","sticky":false,"template":"","format":"standard","meta":{"footnotes":""},"categories":[1],"tags":[],"class_list":["post-1590","post","type-post","status-publish","format-standard","has-post-thumbnail","hentry","category-noticias-financieras"],"yoast_head":"<!-- This site is optimized with the Yoast SEO plugin v27.4 - https:\/\/yoast.com\/product\/yoast-seo-wordpress\/ -->\n<title>S\u00ed hay confianza, cifras de desempleo se van a revertir: Alfonso Romo - Favorite News<\/title>\n<meta name=\"robots\" content=\"index, follow, max-snippet:-1, max-image-preview:large, max-video-preview:-1\" \/>\n<link rel=\"canonical\" href=\"https:\/\/favorite-news.com\/mx\/si-hay-confianza-cifras-de-desempleo-se-van-a-revertir-alfonso-romo\/\" \/>\n<meta property=\"og:locale\" content=\"es_MX\" \/>\n<meta property=\"og:type\" content=\"article\" \/>\n<meta property=\"og:title\" content=\"S\u00ed hay confianza, cifras de desempleo se van a revertir: Alfonso Romo - Favorite News\" \/>\n<meta property=\"og:description\" content=\"[ad_1] El Jefe de la Oficina de la Presidencia de la Rep\u00fablica, Alfonso Romo Garza, asegur\u00f3 que se tienen que revertir las cifras que dio a conocer el Instituto Mexicano del Seguro Social (IMSS), donde se detall\u00f3 el desplome de generaci\u00f3n de empleo en un 88%. En entrevista al t\u00e9rmino de la clausura del IV [&hellip;]\" \/>\n<meta property=\"og:url\" content=\"https:\/\/favorite-news.com\/mx\/si-hay-confianza-cifras-de-desempleo-se-van-a-revertir-alfonso-romo\/\" \/>\n<meta property=\"og:site_name\" content=\"Favorite News\" \/>\n<meta property=\"article:published_time\" content=\"2019-06-21T03:33:52+00:00\" \/>\n<meta property=\"article:modified_time\" content=\"2019-06-21T03:33:53+00:00\" \/>\n<meta property=\"og:image\" content=\"https:\/\/favorite-news.com\/mx\/wp-content\/uploads\/sites\/8\/2019\/06\/S\u00ed-hay-confianza-cifras-de-desempleo-se-van-a-revertir.jpg\" \/>\n\t<meta property=\"og:image:width\" content=\"1140\" \/>\n\t<meta property=\"og:image:height\" content=\"712\" \/>\n\t<meta property=\"og:image:type\" content=\"image\/jpeg\" \/>\n<meta name=\"author\" content=\"favorite-news\" \/>\n<meta name=\"twitter:card\" content=\"summary_large_image\" \/>\n<meta name=\"twitter:label1\" content=\"Escrito por\" \/>\n\t<meta name=\"twitter:data1\" content=\"favorite-news\" \/>\n\t<meta name=\"twitter:label2\" content=\"Tiempo de lectura\" \/>\n\t<meta name=\"twitter:data2\" content=\"2 minutos\" \/>\n<script type=\"application\/ld+json\" class=\"yoast-schema-graph\">{\"@context\":\"https:\\\/\\\/schema.org\",\"@graph\":[{\"@type\":\"Article\",\"@id\":\"https:\\\/\\\/favorite-news.com\\\/mx\\\/si-hay-confianza-cifras-de-desempleo-se-van-a-revertir-alfonso-romo\\\/#article\",\"isPartOf\":{\"@id\":\"https:\\\/\\\/favorite-news.com\\\/mx\\\/si-hay-confianza-cifras-de-desempleo-se-van-a-revertir-alfonso-romo\\\/\"},\"author\":{\"name\":\"favorite-news\",\"@id\":\"https:\\\/\\\/favorite-news.com\\\/mx\\\/#\\\/schema\\\/person\\\/b91573b717dcfa5e4696032a9d28d3e8\"},\"headline\":\"S\u00ed hay confianza, cifras de desempleo se van a revertir: Alfonso Romo\",\"datePublished\":\"2019-06-21T03:33:52+00:00\",\"dateModified\":\"2019-06-21T03:33:53+00:00\",\"mainEntityOfPage\":{\"@id\":\"https:\\\/\\\/favorite-news.com\\\/mx\\\/si-hay-confianza-cifras-de-desempleo-se-van-a-revertir-alfonso-romo\\\/\"},\"wordCount\":327,\"commentCount\":0,\"image\":{\"@id\":\"https:\\\/\\\/favorite-news.com\\\/mx\\\/si-hay-confianza-cifras-de-desempleo-se-van-a-revertir-alfonso-romo\\\/#primaryimage\"},\"thumbnailUrl\":\"https:\\\/\\\/favorite-news.com\\\/mx\\\/wp-content\\\/uploads\\\/sites\\\/8\\\/2019\\\/06\\\/S\u00ed-hay-confianza-cifras-de-desempleo-se-van-a-revertir.jpg\",\"articleSection\":[\"NOTICIAS FINANCIERAS\"],\"inLanguage\":\"es\",\"potentialAction\":[{\"@type\":\"CommentAction\",\"name\":\"Comment\",\"target\":[\"https:\\\/\\\/favorite-news.com\\\/mx\\\/si-hay-confianza-cifras-de-desempleo-se-van-a-revertir-alfonso-romo\\\/#respond\"]}]},{\"@type\":\"WebPage\",\"@id\":\"https:\\\/\\\/favorite-news.com\\\/mx\\\/si-hay-confianza-cifras-de-desempleo-se-van-a-revertir-alfonso-romo\\\/\",\"url\":\"https:\\\/\\\/favorite-news.com\\\/mx\\\/si-hay-confianza-cifras-de-desempleo-se-van-a-revertir-alfonso-romo\\\/\",\"name\":\"S\u00ed hay confianza, cifras de desempleo se van a revertir: Alfonso Romo - Favorite News\",\"isPartOf\":{\"@id\":\"https:\\\/\\\/favorite-news.com\\\/mx\\\/#website\"},\"primaryImageOfPage\":{\"@id\":\"https:\\\/\\\/favorite-news.com\\\/mx\\\/si-hay-confianza-cifras-de-desempleo-se-van-a-revertir-alfonso-romo\\\/#primaryimage\"},\"image\":{\"@id\":\"https:\\\/\\\/favorite-news.com\\\/mx\\\/si-hay-confianza-cifras-de-desempleo-se-van-a-revertir-alfonso-romo\\\/#primaryimage\"},\"thumbnailUrl\":\"https:\\\/\\\/favorite-news.com\\\/mx\\\/wp-content\\\/uploads\\\/sites\\\/8\\\/2019\\\/06\\\/S\u00ed-hay-confianza-cifras-de-desempleo-se-van-a-revertir.jpg\",\"datePublished\":\"2019-06-21T03:33:52+00:00\",\"dateModified\":\"2019-06-21T03:33:53+00:00\",\"author\":{\"@id\":\"https:\\\/\\\/favorite-news.com\\\/mx\\\/#\\\/schema\\\/person\\\/b91573b717dcfa5e4696032a9d28d3e8\"},\"breadcrumb\":{\"@id\":\"https:\\\/\\\/favorite-news.com\\\/mx\\\/si-hay-confianza-cifras-de-desempleo-se-van-a-revertir-alfonso-romo\\\/#breadcrumb\"},\"inLanguage\":\"es\",\"potentialAction\":[{\"@type\":\"ReadAction\",\"target\":[\"https:\\\/\\\/favorite-news.com\\\/mx\\\/si-hay-confianza-cifras-de-desempleo-se-van-a-revertir-alfonso-romo\\\/\"]}]},{\"@type\":\"ImageObject\",\"inLanguage\":\"es\",\"@id\":\"https:\\\/\\\/favorite-news.com\\\/mx\\\/si-hay-confianza-cifras-de-desempleo-se-van-a-revertir-alfonso-romo\\\/#primaryimage\",\"url\":\"https:\\\/\\\/favorite-news.com\\\/mx\\\/wp-content\\\/uploads\\\/sites\\\/8\\\/2019\\\/06\\\/S\u00ed-hay-confianza-cifras-de-desempleo-se-van-a-revertir.jpg\",\"contentUrl\":\"https:\\\/\\\/favorite-news.com\\\/mx\\\/wp-content\\\/uploads\\\/sites\\\/8\\\/2019\\\/06\\\/S\u00ed-hay-confianza-cifras-de-desempleo-se-van-a-revertir.jpg\",\"width\":1140,\"height\":712,\"caption\":\"S\u00ed hay confianza, cifras de desempleo se van a revertir: Alfonso Romo\"},{\"@type\":\"BreadcrumbList\",\"@id\":\"https:\\\/\\\/favorite-news.com\\\/mx\\\/si-hay-confianza-cifras-de-desempleo-se-van-a-revertir-alfonso-romo\\\/#breadcrumb\",\"itemListElement\":[{\"@type\":\"ListItem\",\"position\":1,\"name\":\"\u0413\u043b\u0430\u0432\u043d\u0430\u044f \u0441\u0442\u0440\u0430\u043d\u0438\u0446\u0430\",\"item\":\"https:\\\/\\\/favorite-news.com\\\/mx\\\/\"},{\"@type\":\"ListItem\",\"position\":2,\"name\":\"S\u00ed hay confianza, cifras de desempleo se van a revertir: Alfonso Romo\"}]},{\"@type\":\"WebSite\",\"@id\":\"https:\\\/\\\/favorite-news.com\\\/mx\\\/#website\",\"url\":\"https:\\\/\\\/favorite-news.com\\\/mx\\\/\",\"name\":\"Favorite News\",\"description\":\"Favorite News Mexico\",\"potentialAction\":[{\"@type\":\"SearchAction\",\"target\":{\"@type\":\"EntryPoint\",\"urlTemplate\":\"https:\\\/\\\/favorite-news.com\\\/mx\\\/?s={search_term_string}\"},\"query-input\":{\"@type\":\"PropertyValueSpecification\",\"valueRequired\":true,\"valueName\":\"search_term_string\"}}],\"inLanguage\":\"es\"},{\"@type\":\"Person\",\"@id\":\"https:\\\/\\\/favorite-news.com\\\/mx\\\/#\\\/schema\\\/person\\\/b91573b717dcfa5e4696032a9d28d3e8\",\"name\":\"favorite-news\",\"image\":{\"@type\":\"ImageObject\",\"inLanguage\":\"es\",\"@id\":\"https:\\\/\\\/secure.gravatar.com\\\/avatar\\\/6c5a5cb12b74e9d517ee91cf570335b7d16177f1977cc91db161adfa435945a7?s=96&d=mm&r=g\",\"url\":\"https:\\\/\\\/secure.gravatar.com\\\/avatar\\\/6c5a5cb12b74e9d517ee91cf570335b7d16177f1977cc91db161adfa435945a7?s=96&d=mm&r=g\",\"contentUrl\":\"https:\\\/\\\/secure.gravatar.com\\\/avatar\\\/6c5a5cb12b74e9d517ee91cf570335b7d16177f1977cc91db161adfa435945a7?s=96&d=mm&r=g\",\"caption\":\"favorite-news\"},\"url\":\"https:\\\/\\\/favorite-news.com\\\/mx\\\/author\\\/pt\\\/\"}]}<\/script>\n<!-- \/ Yoast SEO plugin. -->","yoast_head_json":{"title":"S\u00ed hay confianza, cifras de desempleo se van a revertir: Alfonso Romo - Favorite News","robots":{"index":"index","follow":"follow","max-snippet":"max-snippet:-1","max-image-preview":"max-image-preview:large","max-video-preview":"max-video-preview:-1"},"canonical":"https:\/\/favorite-news.com\/mx\/si-hay-confianza-cifras-de-desempleo-se-van-a-revertir-alfonso-romo\/","og_locale":"es_MX","og_type":"article","og_title":"S\u00ed hay confianza, cifras de desempleo se van a revertir: Alfonso Romo - Favorite News","og_description":"[ad_1] El Jefe de la Oficina de la Presidencia de la Rep\u00fablica, Alfonso Romo Garza, asegur\u00f3 que se tienen que revertir las cifras que dio a conocer el Instituto Mexicano del Seguro Social (IMSS), donde se detall\u00f3 el desplome de generaci\u00f3n de empleo en un 88%. En entrevista al t\u00e9rmino de la clausura del IV [&hellip;]","og_url":"https:\/\/favorite-news.com\/mx\/si-hay-confianza-cifras-de-desempleo-se-van-a-revertir-alfonso-romo\/","og_site_name":"Favorite News","article_published_time":"2019-06-21T03:33:52+00:00","article_modified_time":"2019-06-21T03:33:53+00:00","og_image":[{"width":1140,"height":712,"url":"https:\/\/favorite-news.com\/mx\/wp-content\/uploads\/sites\/8\/2019\/06\/S\u00ed-hay-confianza-cifras-de-desempleo-se-van-a-revertir.jpg","type":"image\/jpeg"}],"author":"favorite-news","twitter_card":"summary_large_image","twitter_misc":{"Escrito por":"favorite-news","Tiempo de lectura":"2 minutos"},"schema":{"@context":"https:\/\/schema.org","@graph":[{"@type":"Article","@id":"https:\/\/favorite-news.com\/mx\/si-hay-confianza-cifras-de-desempleo-se-van-a-revertir-alfonso-romo\/#article","isPartOf":{"@id":"https:\/\/favorite-news.com\/mx\/si-hay-confianza-cifras-de-desempleo-se-van-a-revertir-alfonso-romo\/"},"author":{"name":"favorite-news","@id":"https:\/\/favorite-news.com\/mx\/#\/schema\/person\/b91573b717dcfa5e4696032a9d28d3e8"},"headline":"S\u00ed hay confianza, cifras de desempleo se van a revertir: Alfonso Romo","datePublished":"2019-06-21T03:33:52+00:00","dateModified":"2019-06-21T03:33:53+00:00","mainEntityOfPage":{"@id":"https:\/\/favorite-news.com\/mx\/si-hay-confianza-cifras-de-desempleo-se-van-a-revertir-alfonso-romo\/"},"wordCount":327,"commentCount":0,"image":{"@id":"https:\/\/favorite-news.com\/mx\/si-hay-confianza-cifras-de-desempleo-se-van-a-revertir-alfonso-romo\/#primaryimage"},"thumbnailUrl":"https:\/\/favorite-news.com\/mx\/wp-content\/uploads\/sites\/8\/2019\/06\/S\u00ed-hay-confianza-cifras-de-desempleo-se-van-a-revertir.jpg","articleSection":["NOTICIAS FINANCIERAS"],"inLanguage":"es","potentialAction":[{"@type":"CommentAction","name":"Comment","target":["https:\/\/favorite-news.com\/mx\/si-hay-confianza-cifras-de-desempleo-se-van-a-revertir-alfonso-romo\/#respond"]}]},{"@type":"WebPage","@id":"https:\/\/favorite-news.com\/mx\/si-hay-confianza-cifras-de-desempleo-se-van-a-revertir-alfonso-romo\/","url":"https:\/\/favorite-news.com\/mx\/si-hay-confianza-cifras-de-desempleo-se-van-a-revertir-alfonso-romo\/","name":"S\u00ed hay confianza, cifras de desempleo se van a revertir: Alfonso Romo - Favorite News","isPartOf":{"@id":"https:\/\/favorite-news.com\/mx\/#website"},"primaryImageOfPage":{"@id":"https:\/\/favorite-news.com\/mx\/si-hay-confianza-cifras-de-desempleo-se-van-a-revertir-alfonso-romo\/#primaryimage"},"image":{"@id":"https:\/\/favorite-news.com\/mx\/si-hay-confianza-cifras-de-desempleo-se-van-a-revertir-alfonso-romo\/#primaryimage"},"thumbnailUrl":"https:\/\/favorite-news.com\/mx\/wp-content\/uploads\/sites\/8\/2019\/06\/S\u00ed-hay-confianza-cifras-de-desempleo-se-van-a-revertir.jpg","datePublished":"2019-06-21T03:33:52+00:00","dateModified":"2019-06-21T03:33:53+00:00","author":{"@id":"https:\/\/favorite-news.com\/mx\/#\/schema\/person\/b91573b717dcfa5e4696032a9d28d3e8"},"breadcrumb":{"@id":"https:\/\/favorite-news.com\/mx\/si-hay-confianza-cifras-de-desempleo-se-van-a-revertir-alfonso-romo\/#breadcrumb"},"inLanguage":"es","potentialAction":[{"@type":"ReadAction","target":["https:\/\/favorite-news.com\/mx\/si-hay-confianza-cifras-de-desempleo-se-van-a-revertir-alfonso-romo\/"]}]},{"@type":"ImageObject","inLanguage":"es","@id":"https:\/\/favorite-news.com\/mx\/si-hay-confianza-cifras-de-desempleo-se-van-a-revertir-alfonso-romo\/#primaryimage","url":"https:\/\/favorite-news.com\/mx\/wp-content\/uploads\/sites\/8\/2019\/06\/S\u00ed-hay-confianza-cifras-de-desempleo-se-van-a-revertir.jpg","contentUrl":"https:\/\/favorite-news.com\/mx\/wp-content\/uploads\/sites\/8\/2019\/06\/S\u00ed-hay-confianza-cifras-de-desempleo-se-van-a-revertir.jpg","width":1140,"height":712,"caption":"S\u00ed hay confianza, cifras de desempleo se van a revertir: Alfonso Romo"},{"@type":"BreadcrumbList","@id":"https:\/\/favorite-news.com\/mx\/si-hay-confianza-cifras-de-desempleo-se-van-a-revertir-alfonso-romo\/#breadcrumb","itemListElement":[{"@type":"ListItem","position":1,"name":"\u0413\u043b\u0430\u0432\u043d\u0430\u044f \u0441\u0442\u0440\u0430\u043d\u0438\u0446\u0430","item":"https:\/\/favorite-news.com\/mx\/"},{"@type":"ListItem","position":2,"name":"S\u00ed hay confianza, cifras de desempleo se van a revertir: Alfonso Romo"}]},{"@type":"WebSite","@id":"https:\/\/favorite-news.com\/mx\/#website","url":"https:\/\/favorite-news.com\/mx\/","name":"Favorite News","description":"Favorite News Mexico","potentialAction":[{"@type":"SearchAction","target":{"@type":"EntryPoint","urlTemplate":"https:\/\/favorite-news.com\/mx\/?s={search_term_string}"},"query-input":{"@type":"PropertyValueSpecification","valueRequired":true,"valueName":"search_term_string"}}],"inLanguage":"es"},{"@type":"Person","@id":"https:\/\/favorite-news.com\/mx\/#\/schema\/person\/b91573b717dcfa5e4696032a9d28d3e8","name":"favorite-news","image":{"@type":"ImageObject","inLanguage":"es","@id":"https:\/\/secure.gravatar.com\/avatar\/6c5a5cb12b74e9d517ee91cf570335b7d16177f1977cc91db161adfa435945a7?s=96&d=mm&r=g","url":"https:\/\/secure.gravatar.com\/avatar\/6c5a5cb12b74e9d517ee91cf570335b7d16177f1977cc91db161adfa435945a7?s=96&d=mm&r=g","contentUrl":"https:\/\/secure.gravatar.com\/avatar\/6c5a5cb12b74e9d517ee91cf570335b7d16177f1977cc91db161adfa435945a7?s=96&d=mm&r=g","caption":"favorite-news"},"url":"https:\/\/favorite-news.com\/mx\/author\/pt\/"}]}},"_links":{"self":[{"href":"https:\/\/favorite-news.com\/mx\/wp-json\/wp\/v2\/posts\/1590","targetHints":{"allow":["GET"]}}],"collection":[{"href":"https:\/\/favorite-news.com\/mx\/wp-json\/wp\/v2\/posts"}],"about":[{"href":"https:\/\/favorite-news.com\/mx\/wp-json\/wp\/v2\/types\/post"}],"author":[{"embeddable":true,"href":"https:\/\/favorite-news.com\/mx\/wp-json\/wp\/v2\/users\/2"}],"replies":[{"embeddable":true,"href":"https:\/\/favorite-news.com\/mx\/wp-json\/wp\/v2\/comments?post=1590"}],"version-history":[{"count":1,"href":"https:\/\/favorite-news.com\/mx\/wp-json\/wp\/v2\/posts\/1590\/revisions"}],"predecessor-version":[{"id":1592,"href":"https:\/\/favorite-news.com\/mx\/wp-json\/wp\/v2\/posts\/1590\/revisions\/1592"}],"wp:featuredmedia":[{"embeddable":true,"href":"https:\/\/favorite-news.com\/mx\/wp-json\/wp\/v2\/media\/1591"}],"wp:attachment":[{"href":"https:\/\/favorite-news.com\/mx\/wp-json\/wp\/v2\/media?parent=1590"}],"wp:term":[{"taxonomy":"category","embeddable":true,"href":"https:\/\/favorite-news.com\/mx\/wp-json\/wp\/v2\/categories?post=1590"},{"taxonomy":"post_tag","embeddable":true,"href":"https:\/\/favorite-news.com\/mx\/wp-json\/wp\/v2\/tags?post=1590"}],"curies":[{"name":"wp","href":"https:\/\/api.w.org\/{rel}","templated":true}]}}