{"id":1581,"date":"2019-06-21T01:26:04","date_gmt":"2019-06-20T22:26:04","guid":{"rendered":"https:\/\/favorite-news.com\/mx\/pemex-descarta-invertir-en-aguas-profundas-durante-actual-administracion\/"},"modified":"2019-06-21T01:26:05","modified_gmt":"2019-06-20T22:26:05","slug":"pemex-descarta-invertir-en-aguas-profundas-durante-actual-administracion","status":"publish","type":"post","link":"https:\/\/favorite-news.com\/mx\/pemex-descarta-invertir-en-aguas-profundas-durante-actual-administracion\/","title":{"rendered":"Pemex descarta invertir en aguas profundas durante actual administraci\u00f3n"},"content":{"rendered":"<p> [ad_1]<br \/>\n<\/p>\n<div id=\"content-body-226-3791944\">\n<p>La petrolera Pemex no prev\u00e9 invertir en proyectos de exploraci\u00f3n en aguas profundas durante la actual administraci\u00f3n, sino que se limitar\u00e1 a desarrollos en aguas someras y de tierra firme, dijo el jueves el director de finanzas de la firma estatal, Alberto Vel\u00e1zquez.<\/p>\n<p>En el marco del Congreso Mexicano del Petr\u00f3leo en el estado de Guanajuato, el directivo agreg\u00f3 que en el corto plazo Pemex espera contar con las m\u00e9tricas necesarias para mejorar su calificaci\u00f3n crediticia.<\/p>\n<p>Durante su conferencia matutina, el presidente Andr\u00e9s Manuel L\u00f3pez Obrador defendi\u00f3 que nunca prometi\u00f3 a los empresarios la reapertura de las rondas petroleras.<\/p>\n<p>Aclar\u00f3 que durante la firma del convenio con el Consejo Coordinador Empresarial, se especific\u00f3 que s\u00f3lo retomar\u00edan la segunda ronda petrolera si los contratistas cumpl\u00edan el compromiso de aumentar la producci\u00f3n petrolera.<\/p>\n<p>El primer mandatario insisti\u00f3 en que s\u00f3lo dos empresas, una extranjera y otra nacional, propiedad de Alberto B\u00e1illeres, han generado 40 mil barriles diarios, mientras que los titulares de los otros 107 contratos, siguen sin dar resultados concretos.<\/p>\n<p>Este jueves, el presidente L\u00f3pez Obrador neg\u00f3 que haya una confrontaci\u00f3n con los empresarios del pa\u00eds Tras el extra\u00f1amiento del sector empresarial por la cancelaci\u00f3n de rondas petroleras.<\/p>\n<p>\u201cQue no se entienda que hay una confrontaci\u00f3n con el sector empresarial, es muy buena la relaci\u00f3n y Carlos Salazar -presidente del Consejo Coordinador Empresarial (CCE)- es una persona honorable, si acaso hace falta intercambiar informaci\u00f3n\u2026 No me voy a dejar cucar, no quiero pleitos\u201d, expres\u00f3 L\u00f3pez Obrador.<\/p>\n<p>En conferencia de prensa en Palacio Nacional, reiter\u00f3 el inter\u00e9s de su gobierno en que los sectores p\u00fablico y privado trabajen de manera coordinada, pero dej\u00f3 en claro que no se busca \u201cdar concesiones a diestra y siniestra para generar especulaci\u00f3n&#8230; C\u00f3mo entregar m\u00e1s contratos si los que su suscribieron no est\u00e1n dando buenos resultados&#8221;.<\/p>\n<p>El mandatario federal resalt\u00f3 que en el reciente convenio que se firm\u00f3 con el CCE para promover la inversi\u00f3n, se establecen los compromisos adquirirlos e incluso \u201chay una cl\u00e1usula donde se habla de convocar a quienes tienen contratos en Pemex para que inviertan y se cumplan con esos compromisos\u201d.<\/p>\n<p>Record\u00f3 que hace cuatro a\u00f1os cuando la reforma energ\u00e9tica se aprob\u00f3 y se entregaron 107 contratos, se dec\u00eda que \u201cpara estos tiempos \u00edbamos a estar produciendo tres millones de barriles diarios (\u2026) y esto no sucedi\u00f3, fue un fracaso.<\/p>\n<p>\u201cDec\u00edan que iba a llegar la inversi\u00f3n extranjera a raudales y no lleg\u00f3. Y en la producci\u00f3n, de todos los contratos s\u00f3lo ha habido una producci\u00f3n de 20 mil barriles, Pemex est\u00e1 produciendo un mill\u00f3n 680 mil barriles y con las rondas que tuvieron que ver con la privatizaci\u00f3n, -o para no decirlo as\u00ed, con los contratos- 20 mil barriles\u201d, detall\u00f3.<\/p>\n<p><b>| Con informaci\u00f3n de Notimex y Reuters |<\/b><\/p>\n<\/div>\n<p><script>(function(d, s, id) {\nvar js, fjs = d.getElementsByTagName(s)[0];\nif (d.getElementById(id)) return;\njs = d.createElement(s); js.id = id;\njs.src = 'https:\/\/connect.facebook.net\/es_LA\/sdk.js#xfbml=1&version=v3.2&appId=641196362757391&autoLogAppEvents=1';\nfjs.parentNode.insertBefore(js, fjs);\n}(document, 'script', 'facebook-jssdk'));\n<\/script><br \/>\n<br \/>[ad_2]<br \/>\n<br \/><a href=\"https:\/\/www.elsoldemexico.com.mx\/finanzas\/pemex-descarta-invertir-en-aguas-profundas-durante-actual-administracion-3791944.html\">Source link <\/a><\/p>\n","protected":false},"excerpt":{"rendered":"<p>[ad_1] La petrolera Pemex no prev\u00e9 invertir en proyectos de exploraci\u00f3n en aguas profundas durante la actual administraci\u00f3n, sino que se limitar\u00e1 a desarrollos en aguas someras y de tierra firme, dijo el jueves el director de finanzas de la firma estatal, Alberto Vel\u00e1zquez. En el marco del Congreso Mexicano del Petr\u00f3leo en el estado [&hellip;]<\/p>\n","protected":false},"author":2,"featured_media":1582,"comment_status":"open","ping_status":"open","sticky":false,"template":"","format":"standard","meta":{"footnotes":""},"categories":[1],"tags":[],"class_list":["post-1581","post","type-post","status-publish","format-standard","has-post-thumbnail","hentry","category-noticias-financieras"],"yoast_head":"<!-- This site is optimized with the Yoast SEO plugin v27.4 - https:\/\/yoast.com\/product\/yoast-seo-wordpress\/ -->\n<title>Pemex descarta invertir en aguas profundas durante actual administraci\u00f3n - Favorite News<\/title>\n<meta name=\"robots\" content=\"index, follow, max-snippet:-1, max-image-preview:large, max-video-preview:-1\" \/>\n<link rel=\"canonical\" href=\"https:\/\/favorite-news.com\/mx\/pemex-descarta-invertir-en-aguas-profundas-durante-actual-administracion\/\" \/>\n<meta property=\"og:locale\" content=\"es_MX\" \/>\n<meta property=\"og:type\" content=\"article\" \/>\n<meta property=\"og:title\" content=\"Pemex descarta invertir en aguas profundas durante actual administraci\u00f3n - Favorite News\" \/>\n<meta property=\"og:description\" content=\"[ad_1] La petrolera Pemex no prev\u00e9 invertir en proyectos de exploraci\u00f3n en aguas profundas durante la actual administraci\u00f3n, sino que se limitar\u00e1 a desarrollos en aguas someras y de tierra firme, dijo el jueves el director de finanzas de la firma estatal, Alberto Vel\u00e1zquez. En el marco del Congreso Mexicano del Petr\u00f3leo en el estado [&hellip;]\" \/>\n<meta property=\"og:url\" content=\"https:\/\/favorite-news.com\/mx\/pemex-descarta-invertir-en-aguas-profundas-durante-actual-administracion\/\" \/>\n<meta property=\"og:site_name\" content=\"Favorite News\" \/>\n<meta property=\"article:published_time\" content=\"2019-06-20T22:26:04+00:00\" \/>\n<meta property=\"article:modified_time\" content=\"2019-06-20T22:26:05+00:00\" \/>\n<meta property=\"og:image\" content=\"https:\/\/favorite-news.com\/mx\/wp-content\/uploads\/sites\/8\/2019\/06\/Pemex-descarta-invertir-en-aguas-profundas-durante-actual-administraci\u00f3n.jpg\" \/>\n\t<meta property=\"og:image:width\" content=\"1140\" \/>\n\t<meta property=\"og:image:height\" content=\"712\" \/>\n\t<meta property=\"og:image:type\" content=\"image\/jpeg\" \/>\n<meta name=\"author\" content=\"favorite-news\" \/>\n<meta name=\"twitter:card\" content=\"summary_large_image\" \/>\n<meta name=\"twitter:label1\" content=\"Escrito por\" \/>\n\t<meta name=\"twitter:data1\" content=\"favorite-news\" \/>\n\t<meta name=\"twitter:label2\" content=\"Tiempo de lectura\" \/>\n\t<meta name=\"twitter:data2\" content=\"2 minutos\" \/>\n<script type=\"application\/ld+json\" class=\"yoast-schema-graph\">{\"@context\":\"https:\\\/\\\/schema.org\",\"@graph\":[{\"@type\":\"Article\",\"@id\":\"https:\\\/\\\/favorite-news.com\\\/mx\\\/pemex-descarta-invertir-en-aguas-profundas-durante-actual-administracion\\\/#article\",\"isPartOf\":{\"@id\":\"https:\\\/\\\/favorite-news.com\\\/mx\\\/pemex-descarta-invertir-en-aguas-profundas-durante-actual-administracion\\\/\"},\"author\":{\"name\":\"favorite-news\",\"@id\":\"https:\\\/\\\/favorite-news.com\\\/mx\\\/#\\\/schema\\\/person\\\/b91573b717dcfa5e4696032a9d28d3e8\"},\"headline\":\"Pemex descarta invertir en aguas profundas durante actual administraci\u00f3n\",\"datePublished\":\"2019-06-20T22:26:04+00:00\",\"dateModified\":\"2019-06-20T22:26:05+00:00\",\"mainEntityOfPage\":{\"@id\":\"https:\\\/\\\/favorite-news.com\\\/mx\\\/pemex-descarta-invertir-en-aguas-profundas-durante-actual-administracion\\\/\"},\"wordCount\":505,\"commentCount\":0,\"image\":{\"@id\":\"https:\\\/\\\/favorite-news.com\\\/mx\\\/pemex-descarta-invertir-en-aguas-profundas-durante-actual-administracion\\\/#primaryimage\"},\"thumbnailUrl\":\"https:\\\/\\\/favorite-news.com\\\/mx\\\/wp-content\\\/uploads\\\/sites\\\/8\\\/2019\\\/06\\\/Pemex-descarta-invertir-en-aguas-profundas-durante-actual-administraci\u00f3n.jpg\",\"articleSection\":[\"NOTICIAS FINANCIERAS\"],\"inLanguage\":\"es\",\"potentialAction\":[{\"@type\":\"CommentAction\",\"name\":\"Comment\",\"target\":[\"https:\\\/\\\/favorite-news.com\\\/mx\\\/pemex-descarta-invertir-en-aguas-profundas-durante-actual-administracion\\\/#respond\"]}]},{\"@type\":\"WebPage\",\"@id\":\"https:\\\/\\\/favorite-news.com\\\/mx\\\/pemex-descarta-invertir-en-aguas-profundas-durante-actual-administracion\\\/\",\"url\":\"https:\\\/\\\/favorite-news.com\\\/mx\\\/pemex-descarta-invertir-en-aguas-profundas-durante-actual-administracion\\\/\",\"name\":\"Pemex descarta invertir en aguas profundas durante actual administraci\u00f3n - Favorite News\",\"isPartOf\":{\"@id\":\"https:\\\/\\\/favorite-news.com\\\/mx\\\/#website\"},\"primaryImageOfPage\":{\"@id\":\"https:\\\/\\\/favorite-news.com\\\/mx\\\/pemex-descarta-invertir-en-aguas-profundas-durante-actual-administracion\\\/#primaryimage\"},\"image\":{\"@id\":\"https:\\\/\\\/favorite-news.com\\\/mx\\\/pemex-descarta-invertir-en-aguas-profundas-durante-actual-administracion\\\/#primaryimage\"},\"thumbnailUrl\":\"https:\\\/\\\/favorite-news.com\\\/mx\\\/wp-content\\\/uploads\\\/sites\\\/8\\\/2019\\\/06\\\/Pemex-descarta-invertir-en-aguas-profundas-durante-actual-administraci\u00f3n.jpg\",\"datePublished\":\"2019-06-20T22:26:04+00:00\",\"dateModified\":\"2019-06-20T22:26:05+00:00\",\"author\":{\"@id\":\"https:\\\/\\\/favorite-news.com\\\/mx\\\/#\\\/schema\\\/person\\\/b91573b717dcfa5e4696032a9d28d3e8\"},\"breadcrumb\":{\"@id\":\"https:\\\/\\\/favorite-news.com\\\/mx\\\/pemex-descarta-invertir-en-aguas-profundas-durante-actual-administracion\\\/#breadcrumb\"},\"inLanguage\":\"es\",\"potentialAction\":[{\"@type\":\"ReadAction\",\"target\":[\"https:\\\/\\\/favorite-news.com\\\/mx\\\/pemex-descarta-invertir-en-aguas-profundas-durante-actual-administracion\\\/\"]}]},{\"@type\":\"ImageObject\",\"inLanguage\":\"es\",\"@id\":\"https:\\\/\\\/favorite-news.com\\\/mx\\\/pemex-descarta-invertir-en-aguas-profundas-durante-actual-administracion\\\/#primaryimage\",\"url\":\"https:\\\/\\\/favorite-news.com\\\/mx\\\/wp-content\\\/uploads\\\/sites\\\/8\\\/2019\\\/06\\\/Pemex-descarta-invertir-en-aguas-profundas-durante-actual-administraci\u00f3n.jpg\",\"contentUrl\":\"https:\\\/\\\/favorite-news.com\\\/mx\\\/wp-content\\\/uploads\\\/sites\\\/8\\\/2019\\\/06\\\/Pemex-descarta-invertir-en-aguas-profundas-durante-actual-administraci\u00f3n.jpg\",\"width\":1140,\"height\":712,\"caption\":\"Pemex descarta invertir en aguas profundas durante actual administraci\u00f3n\"},{\"@type\":\"BreadcrumbList\",\"@id\":\"https:\\\/\\\/favorite-news.com\\\/mx\\\/pemex-descarta-invertir-en-aguas-profundas-durante-actual-administracion\\\/#breadcrumb\",\"itemListElement\":[{\"@type\":\"ListItem\",\"position\":1,\"name\":\"\u0413\u043b\u0430\u0432\u043d\u0430\u044f \u0441\u0442\u0440\u0430\u043d\u0438\u0446\u0430\",\"item\":\"https:\\\/\\\/favorite-news.com\\\/mx\\\/\"},{\"@type\":\"ListItem\",\"position\":2,\"name\":\"Pemex descarta invertir en aguas profundas durante actual administraci\u00f3n\"}]},{\"@type\":\"WebSite\",\"@id\":\"https:\\\/\\\/favorite-news.com\\\/mx\\\/#website\",\"url\":\"https:\\\/\\\/favorite-news.com\\\/mx\\\/\",\"name\":\"Favorite News\",\"description\":\"Favorite News Mexico\",\"potentialAction\":[{\"@type\":\"SearchAction\",\"target\":{\"@type\":\"EntryPoint\",\"urlTemplate\":\"https:\\\/\\\/favorite-news.com\\\/mx\\\/?s={search_term_string}\"},\"query-input\":{\"@type\":\"PropertyValueSpecification\",\"valueRequired\":true,\"valueName\":\"search_term_string\"}}],\"inLanguage\":\"es\"},{\"@type\":\"Person\",\"@id\":\"https:\\\/\\\/favorite-news.com\\\/mx\\\/#\\\/schema\\\/person\\\/b91573b717dcfa5e4696032a9d28d3e8\",\"name\":\"favorite-news\",\"image\":{\"@type\":\"ImageObject\",\"inLanguage\":\"es\",\"@id\":\"https:\\\/\\\/secure.gravatar.com\\\/avatar\\\/6c5a5cb12b74e9d517ee91cf570335b7d16177f1977cc91db161adfa435945a7?s=96&d=mm&r=g\",\"url\":\"https:\\\/\\\/secure.gravatar.com\\\/avatar\\\/6c5a5cb12b74e9d517ee91cf570335b7d16177f1977cc91db161adfa435945a7?s=96&d=mm&r=g\",\"contentUrl\":\"https:\\\/\\\/secure.gravatar.com\\\/avatar\\\/6c5a5cb12b74e9d517ee91cf570335b7d16177f1977cc91db161adfa435945a7?s=96&d=mm&r=g\",\"caption\":\"favorite-news\"},\"url\":\"https:\\\/\\\/favorite-news.com\\\/mx\\\/author\\\/pt\\\/\"}]}<\/script>\n<!-- \/ Yoast SEO plugin. -->","yoast_head_json":{"title":"Pemex descarta invertir en aguas profundas durante actual administraci\u00f3n - Favorite News","robots":{"index":"index","follow":"follow","max-snippet":"max-snippet:-1","max-image-preview":"max-image-preview:large","max-video-preview":"max-video-preview:-1"},"canonical":"https:\/\/favorite-news.com\/mx\/pemex-descarta-invertir-en-aguas-profundas-durante-actual-administracion\/","og_locale":"es_MX","og_type":"article","og_title":"Pemex descarta invertir en aguas profundas durante actual administraci\u00f3n - Favorite News","og_description":"[ad_1] La petrolera Pemex no prev\u00e9 invertir en proyectos de exploraci\u00f3n en aguas profundas durante la actual administraci\u00f3n, sino que se limitar\u00e1 a desarrollos en aguas someras y de tierra firme, dijo el jueves el director de finanzas de la firma estatal, Alberto Vel\u00e1zquez. En el marco del Congreso Mexicano del Petr\u00f3leo en el estado [&hellip;]","og_url":"https:\/\/favorite-news.com\/mx\/pemex-descarta-invertir-en-aguas-profundas-durante-actual-administracion\/","og_site_name":"Favorite News","article_published_time":"2019-06-20T22:26:04+00:00","article_modified_time":"2019-06-20T22:26:05+00:00","og_image":[{"width":1140,"height":712,"url":"https:\/\/favorite-news.com\/mx\/wp-content\/uploads\/sites\/8\/2019\/06\/Pemex-descarta-invertir-en-aguas-profundas-durante-actual-administraci\u00f3n.jpg","type":"image\/jpeg"}],"author":"favorite-news","twitter_card":"summary_large_image","twitter_misc":{"Escrito por":"favorite-news","Tiempo de lectura":"2 minutos"},"schema":{"@context":"https:\/\/schema.org","@graph":[{"@type":"Article","@id":"https:\/\/favorite-news.com\/mx\/pemex-descarta-invertir-en-aguas-profundas-durante-actual-administracion\/#article","isPartOf":{"@id":"https:\/\/favorite-news.com\/mx\/pemex-descarta-invertir-en-aguas-profundas-durante-actual-administracion\/"},"author":{"name":"favorite-news","@id":"https:\/\/favorite-news.com\/mx\/#\/schema\/person\/b91573b717dcfa5e4696032a9d28d3e8"},"headline":"Pemex descarta invertir en aguas profundas durante actual administraci\u00f3n","datePublished":"2019-06-20T22:26:04+00:00","dateModified":"2019-06-20T22:26:05+00:00","mainEntityOfPage":{"@id":"https:\/\/favorite-news.com\/mx\/pemex-descarta-invertir-en-aguas-profundas-durante-actual-administracion\/"},"wordCount":505,"commentCount":0,"image":{"@id":"https:\/\/favorite-news.com\/mx\/pemex-descarta-invertir-en-aguas-profundas-durante-actual-administracion\/#primaryimage"},"thumbnailUrl":"https:\/\/favorite-news.com\/mx\/wp-content\/uploads\/sites\/8\/2019\/06\/Pemex-descarta-invertir-en-aguas-profundas-durante-actual-administraci\u00f3n.jpg","articleSection":["NOTICIAS FINANCIERAS"],"inLanguage":"es","potentialAction":[{"@type":"CommentAction","name":"Comment","target":["https:\/\/favorite-news.com\/mx\/pemex-descarta-invertir-en-aguas-profundas-durante-actual-administracion\/#respond"]}]},{"@type":"WebPage","@id":"https:\/\/favorite-news.com\/mx\/pemex-descarta-invertir-en-aguas-profundas-durante-actual-administracion\/","url":"https:\/\/favorite-news.com\/mx\/pemex-descarta-invertir-en-aguas-profundas-durante-actual-administracion\/","name":"Pemex descarta invertir en aguas profundas durante actual administraci\u00f3n - Favorite News","isPartOf":{"@id":"https:\/\/favorite-news.com\/mx\/#website"},"primaryImageOfPage":{"@id":"https:\/\/favorite-news.com\/mx\/pemex-descarta-invertir-en-aguas-profundas-durante-actual-administracion\/#primaryimage"},"image":{"@id":"https:\/\/favorite-news.com\/mx\/pemex-descarta-invertir-en-aguas-profundas-durante-actual-administracion\/#primaryimage"},"thumbnailUrl":"https:\/\/favorite-news.com\/mx\/wp-content\/uploads\/sites\/8\/2019\/06\/Pemex-descarta-invertir-en-aguas-profundas-durante-actual-administraci\u00f3n.jpg","datePublished":"2019-06-20T22:26:04+00:00","dateModified":"2019-06-20T22:26:05+00:00","author":{"@id":"https:\/\/favorite-news.com\/mx\/#\/schema\/person\/b91573b717dcfa5e4696032a9d28d3e8"},"breadcrumb":{"@id":"https:\/\/favorite-news.com\/mx\/pemex-descarta-invertir-en-aguas-profundas-durante-actual-administracion\/#breadcrumb"},"inLanguage":"es","potentialAction":[{"@type":"ReadAction","target":["https:\/\/favorite-news.com\/mx\/pemex-descarta-invertir-en-aguas-profundas-durante-actual-administracion\/"]}]},{"@type":"ImageObject","inLanguage":"es","@id":"https:\/\/favorite-news.com\/mx\/pemex-descarta-invertir-en-aguas-profundas-durante-actual-administracion\/#primaryimage","url":"https:\/\/favorite-news.com\/mx\/wp-content\/uploads\/sites\/8\/2019\/06\/Pemex-descarta-invertir-en-aguas-profundas-durante-actual-administraci\u00f3n.jpg","contentUrl":"https:\/\/favorite-news.com\/mx\/wp-content\/uploads\/sites\/8\/2019\/06\/Pemex-descarta-invertir-en-aguas-profundas-durante-actual-administraci\u00f3n.jpg","width":1140,"height":712,"caption":"Pemex descarta invertir en aguas profundas durante actual administraci\u00f3n"},{"@type":"BreadcrumbList","@id":"https:\/\/favorite-news.com\/mx\/pemex-descarta-invertir-en-aguas-profundas-durante-actual-administracion\/#breadcrumb","itemListElement":[{"@type":"ListItem","position":1,"name":"\u0413\u043b\u0430\u0432\u043d\u0430\u044f \u0441\u0442\u0440\u0430\u043d\u0438\u0446\u0430","item":"https:\/\/favorite-news.com\/mx\/"},{"@type":"ListItem","position":2,"name":"Pemex descarta invertir en aguas profundas durante actual administraci\u00f3n"}]},{"@type":"WebSite","@id":"https:\/\/favorite-news.com\/mx\/#website","url":"https:\/\/favorite-news.com\/mx\/","name":"Favorite News","description":"Favorite News Mexico","potentialAction":[{"@type":"SearchAction","target":{"@type":"EntryPoint","urlTemplate":"https:\/\/favorite-news.com\/mx\/?s={search_term_string}"},"query-input":{"@type":"PropertyValueSpecification","valueRequired":true,"valueName":"search_term_string"}}],"inLanguage":"es"},{"@type":"Person","@id":"https:\/\/favorite-news.com\/mx\/#\/schema\/person\/b91573b717dcfa5e4696032a9d28d3e8","name":"favorite-news","image":{"@type":"ImageObject","inLanguage":"es","@id":"https:\/\/secure.gravatar.com\/avatar\/6c5a5cb12b74e9d517ee91cf570335b7d16177f1977cc91db161adfa435945a7?s=96&d=mm&r=g","url":"https:\/\/secure.gravatar.com\/avatar\/6c5a5cb12b74e9d517ee91cf570335b7d16177f1977cc91db161adfa435945a7?s=96&d=mm&r=g","contentUrl":"https:\/\/secure.gravatar.com\/avatar\/6c5a5cb12b74e9d517ee91cf570335b7d16177f1977cc91db161adfa435945a7?s=96&d=mm&r=g","caption":"favorite-news"},"url":"https:\/\/favorite-news.com\/mx\/author\/pt\/"}]}},"_links":{"self":[{"href":"https:\/\/favorite-news.com\/mx\/wp-json\/wp\/v2\/posts\/1581","targetHints":{"allow":["GET"]}}],"collection":[{"href":"https:\/\/favorite-news.com\/mx\/wp-json\/wp\/v2\/posts"}],"about":[{"href":"https:\/\/favorite-news.com\/mx\/wp-json\/wp\/v2\/types\/post"}],"author":[{"embeddable":true,"href":"https:\/\/favorite-news.com\/mx\/wp-json\/wp\/v2\/users\/2"}],"replies":[{"embeddable":true,"href":"https:\/\/favorite-news.com\/mx\/wp-json\/wp\/v2\/comments?post=1581"}],"version-history":[{"count":1,"href":"https:\/\/favorite-news.com\/mx\/wp-json\/wp\/v2\/posts\/1581\/revisions"}],"predecessor-version":[{"id":1583,"href":"https:\/\/favorite-news.com\/mx\/wp-json\/wp\/v2\/posts\/1581\/revisions\/1583"}],"wp:featuredmedia":[{"embeddable":true,"href":"https:\/\/favorite-news.com\/mx\/wp-json\/wp\/v2\/media\/1582"}],"wp:attachment":[{"href":"https:\/\/favorite-news.com\/mx\/wp-json\/wp\/v2\/media?parent=1581"}],"wp:term":[{"taxonomy":"category","embeddable":true,"href":"https:\/\/favorite-news.com\/mx\/wp-json\/wp\/v2\/categories?post=1581"},{"taxonomy":"post_tag","embeddable":true,"href":"https:\/\/favorite-news.com\/mx\/wp-json\/wp\/v2\/tags?post=1581"}],"curies":[{"name":"wp","href":"https:\/\/api.w.org\/{rel}","templated":true}]}}