{"id":1576,"date":"2019-06-20T21:09:42","date_gmt":"2019-06-20T18:09:42","guid":{"rendered":"https:\/\/favorite-news.com\/mx\/reconoce-imss-caida-de-empleos-comparacion-es-injusta-robledo\/"},"modified":"2019-06-20T21:09:43","modified_gmt":"2019-06-20T18:09:43","slug":"reconoce-imss-caida-de-empleos-comparacion-es-injusta-robledo","status":"publish","type":"post","link":"https:\/\/favorite-news.com\/mx\/reconoce-imss-caida-de-empleos-comparacion-es-injusta-robledo\/","title":{"rendered":"Reconoce IMSS ca\u00edda de empleos; comparaci\u00f3n es injusta: Robledo"},"content":{"rendered":"<p> [ad_1]<br \/>\n<\/p>\n<div id=\"content-body-226-3790531\">\n<p>El director del Instituto Mexicano del Seguro Social, Zo\u00e9 Robledo, reconoci\u00f3 una ca\u00edda en la generaci\u00f3n de empleos, pero justific\u00f3 esa disminuci\u00f3n debido a que la comparaci\u00f3n es injusta, ya que no se puede equiparar el primer a\u00f1o de un gobierno con el \u00faltimo de la administraci\u00f3n pasada.<\/p>\n<p>\u201cSi uno verifica respecto al mes anterior s\u00ed hay una ca\u00edda. Esa es la comparaci\u00f3n (con el mayo del a\u00f1o pasado) que nosotros creemos que no es viable porque no son periodos equiparables, en nuestra econom\u00eda y nuestra situaci\u00f3n pol\u00edtica como la de muchos pa\u00edses los cambios de administraci\u00f3n inciden\u201d, dijo en conferencia de prensa.<\/p>\n<p>Ayer, el IMSS inform\u00f3 que en mayo se crearon tres mil 963 empleos, cuando en mayo de 2013 (el primer a\u00f1o de Enrique Pe\u00f1a Nieto) fueron seis mil 929 empleos formales los que se crearon. Ante estos n\u00fameros, Robledo justific\u00f3 que esto no significa un desplome.<\/p>\n<p>\u201cEste n\u00famero de tres mil empleos no significa necesariamente que se desplom\u00f3 el empleo en 88 por ciento, a m\u00ed eso me preocupa por la cifra es alarmante cuando no necesariamente est\u00e1 comparando cosas que se pueden comparar\u201d, a\u00f1adi\u00f3.<\/p>\n<p>El director del IMSS defendi\u00f3 que en la cifra de empleos debe de sumarse a los 481 mil becarios de J\u00f3venes Construyendo el Futuro, ya que ellos est\u00e1n en actividades productivas y tienen seguridad social.<\/p>\n<p>Hay que recordar que por ser becarios de J\u00f3venes Construyendo el Futuro, estos becarios reciben un pago de tres mil 600 pesos mensuales y est\u00e1n asegurados por el IMSS gracias a que el gobierno federal paga una cuota de 69 pesos mensuales.<\/p>\n<p>Sin embargo, estos becarios no cotizan para el retiro ni sus jefes aportan cuotas obrero-patronales ya que est\u00e1n por la modalidad de seguro facultativo.<\/p>\n<\/div>\n<p><script>(function(d, s, id) {\nvar js, fjs = d.getElementsByTagName(s)[0];\nif (d.getElementById(id)) return;\njs = d.createElement(s); js.id = id;\njs.src = 'https:\/\/connect.facebook.net\/es_LA\/sdk.js#xfbml=1&version=v3.2&appId=641196362757391&autoLogAppEvents=1';\nfjs.parentNode.insertBefore(js, fjs);\n}(document, 'script', 'facebook-jssdk'));\n<\/script><br \/>\n<br \/>[ad_2]<br \/>\n<br \/><a href=\"https:\/\/www.elsoldemexico.com.mx\/finanzas\/reconoce-imss-caida-de-empleos-comparacion-es-injusta-robledo-3790531.html\">Source link <\/a><\/p>\n","protected":false},"excerpt":{"rendered":"<p>[ad_1] El director del Instituto Mexicano del Seguro Social, Zo\u00e9 Robledo, reconoci\u00f3 una ca\u00edda en la generaci\u00f3n de empleos, pero justific\u00f3 esa disminuci\u00f3n debido a que la comparaci\u00f3n es injusta, ya que no se puede equiparar el primer a\u00f1o de un gobierno con el \u00faltimo de la administraci\u00f3n pasada. \u201cSi uno verifica respecto al mes [&hellip;]<\/p>\n","protected":false},"author":2,"featured_media":1550,"comment_status":"open","ping_status":"open","sticky":false,"template":"","format":"standard","meta":{"footnotes":""},"categories":[1],"tags":[],"class_list":["post-1576","post","type-post","status-publish","format-standard","has-post-thumbnail","hentry","category-noticias-financieras"],"yoast_head":"<!-- This site is optimized with the Yoast SEO plugin v27.4 - https:\/\/yoast.com\/product\/yoast-seo-wordpress\/ -->\n<title>Reconoce IMSS ca\u00edda de empleos; comparaci\u00f3n es injusta: Robledo - Favorite News<\/title>\n<meta name=\"robots\" content=\"index, follow, max-snippet:-1, max-image-preview:large, max-video-preview:-1\" \/>\n<link rel=\"canonical\" href=\"https:\/\/favorite-news.com\/mx\/reconoce-imss-caida-de-empleos-comparacion-es-injusta-robledo\/\" \/>\n<meta property=\"og:locale\" content=\"es_MX\" \/>\n<meta property=\"og:type\" content=\"article\" \/>\n<meta property=\"og:title\" content=\"Reconoce IMSS ca\u00edda de empleos; comparaci\u00f3n es injusta: Robledo - Favorite News\" \/>\n<meta property=\"og:description\" content=\"[ad_1] El director del Instituto Mexicano del Seguro Social, Zo\u00e9 Robledo, reconoci\u00f3 una ca\u00edda en la generaci\u00f3n de empleos, pero justific\u00f3 esa disminuci\u00f3n debido a que la comparaci\u00f3n es injusta, ya que no se puede equiparar el primer a\u00f1o de un gobierno con el \u00faltimo de la administraci\u00f3n pasada. \u201cSi uno verifica respecto al mes [&hellip;]\" \/>\n<meta property=\"og:url\" content=\"https:\/\/favorite-news.com\/mx\/reconoce-imss-caida-de-empleos-comparacion-es-injusta-robledo\/\" \/>\n<meta property=\"og:site_name\" content=\"Favorite News\" \/>\n<meta property=\"article:published_time\" content=\"2019-06-20T18:09:42+00:00\" \/>\n<meta property=\"article:modified_time\" content=\"2019-06-20T18:09:43+00:00\" \/>\n<meta property=\"og:image\" content=\"https:\/\/favorite-news.com\/mx\/wp-content\/uploads\/sites\/8\/2019\/06\/Cae-88.3-empleos-formales-en-mayo.jpg\" \/>\n\t<meta property=\"og:image:width\" content=\"1140\" \/>\n\t<meta property=\"og:image:height\" content=\"712\" \/>\n\t<meta property=\"og:image:type\" content=\"image\/jpeg\" \/>\n<meta name=\"author\" content=\"favorite-news\" \/>\n<meta name=\"twitter:card\" content=\"summary_large_image\" \/>\n<meta name=\"twitter:label1\" content=\"Escrito por\" \/>\n\t<meta name=\"twitter:data1\" content=\"favorite-news\" \/>\n\t<meta name=\"twitter:label2\" content=\"Tiempo de lectura\" \/>\n\t<meta name=\"twitter:data2\" content=\"2 minutos\" \/>\n<script type=\"application\/ld+json\" class=\"yoast-schema-graph\">{\"@context\":\"https:\\\/\\\/schema.org\",\"@graph\":[{\"@type\":\"Article\",\"@id\":\"https:\\\/\\\/favorite-news.com\\\/mx\\\/reconoce-imss-caida-de-empleos-comparacion-es-injusta-robledo\\\/#article\",\"isPartOf\":{\"@id\":\"https:\\\/\\\/favorite-news.com\\\/mx\\\/reconoce-imss-caida-de-empleos-comparacion-es-injusta-robledo\\\/\"},\"author\":{\"name\":\"favorite-news\",\"@id\":\"https:\\\/\\\/favorite-news.com\\\/mx\\\/#\\\/schema\\\/person\\\/b91573b717dcfa5e4696032a9d28d3e8\"},\"headline\":\"Reconoce IMSS ca\u00edda de empleos; comparaci\u00f3n es injusta: Robledo\",\"datePublished\":\"2019-06-20T18:09:42+00:00\",\"dateModified\":\"2019-06-20T18:09:43+00:00\",\"mainEntityOfPage\":{\"@id\":\"https:\\\/\\\/favorite-news.com\\\/mx\\\/reconoce-imss-caida-de-empleos-comparacion-es-injusta-robledo\\\/\"},\"wordCount\":321,\"commentCount\":0,\"image\":{\"@id\":\"https:\\\/\\\/favorite-news.com\\\/mx\\\/reconoce-imss-caida-de-empleos-comparacion-es-injusta-robledo\\\/#primaryimage\"},\"thumbnailUrl\":\"https:\\\/\\\/favorite-news.com\\\/mx\\\/wp-content\\\/uploads\\\/sites\\\/8\\\/2019\\\/06\\\/Cae-88.3-empleos-formales-en-mayo.jpg\",\"articleSection\":[\"NOTICIAS FINANCIERAS\"],\"inLanguage\":\"es\",\"potentialAction\":[{\"@type\":\"CommentAction\",\"name\":\"Comment\",\"target\":[\"https:\\\/\\\/favorite-news.com\\\/mx\\\/reconoce-imss-caida-de-empleos-comparacion-es-injusta-robledo\\\/#respond\"]}]},{\"@type\":\"WebPage\",\"@id\":\"https:\\\/\\\/favorite-news.com\\\/mx\\\/reconoce-imss-caida-de-empleos-comparacion-es-injusta-robledo\\\/\",\"url\":\"https:\\\/\\\/favorite-news.com\\\/mx\\\/reconoce-imss-caida-de-empleos-comparacion-es-injusta-robledo\\\/\",\"name\":\"Reconoce IMSS ca\u00edda de empleos; comparaci\u00f3n es injusta: Robledo - Favorite News\",\"isPartOf\":{\"@id\":\"https:\\\/\\\/favorite-news.com\\\/mx\\\/#website\"},\"primaryImageOfPage\":{\"@id\":\"https:\\\/\\\/favorite-news.com\\\/mx\\\/reconoce-imss-caida-de-empleos-comparacion-es-injusta-robledo\\\/#primaryimage\"},\"image\":{\"@id\":\"https:\\\/\\\/favorite-news.com\\\/mx\\\/reconoce-imss-caida-de-empleos-comparacion-es-injusta-robledo\\\/#primaryimage\"},\"thumbnailUrl\":\"https:\\\/\\\/favorite-news.com\\\/mx\\\/wp-content\\\/uploads\\\/sites\\\/8\\\/2019\\\/06\\\/Cae-88.3-empleos-formales-en-mayo.jpg\",\"datePublished\":\"2019-06-20T18:09:42+00:00\",\"dateModified\":\"2019-06-20T18:09:43+00:00\",\"author\":{\"@id\":\"https:\\\/\\\/favorite-news.com\\\/mx\\\/#\\\/schema\\\/person\\\/b91573b717dcfa5e4696032a9d28d3e8\"},\"breadcrumb\":{\"@id\":\"https:\\\/\\\/favorite-news.com\\\/mx\\\/reconoce-imss-caida-de-empleos-comparacion-es-injusta-robledo\\\/#breadcrumb\"},\"inLanguage\":\"es\",\"potentialAction\":[{\"@type\":\"ReadAction\",\"target\":[\"https:\\\/\\\/favorite-news.com\\\/mx\\\/reconoce-imss-caida-de-empleos-comparacion-es-injusta-robledo\\\/\"]}]},{\"@type\":\"ImageObject\",\"inLanguage\":\"es\",\"@id\":\"https:\\\/\\\/favorite-news.com\\\/mx\\\/reconoce-imss-caida-de-empleos-comparacion-es-injusta-robledo\\\/#primaryimage\",\"url\":\"https:\\\/\\\/favorite-news.com\\\/mx\\\/wp-content\\\/uploads\\\/sites\\\/8\\\/2019\\\/06\\\/Cae-88.3-empleos-formales-en-mayo.jpg\",\"contentUrl\":\"https:\\\/\\\/favorite-news.com\\\/mx\\\/wp-content\\\/uploads\\\/sites\\\/8\\\/2019\\\/06\\\/Cae-88.3-empleos-formales-en-mayo.jpg\",\"width\":1140,\"height\":712,\"caption\":\"Cae 88.3% empleos formales en mayo\"},{\"@type\":\"BreadcrumbList\",\"@id\":\"https:\\\/\\\/favorite-news.com\\\/mx\\\/reconoce-imss-caida-de-empleos-comparacion-es-injusta-robledo\\\/#breadcrumb\",\"itemListElement\":[{\"@type\":\"ListItem\",\"position\":1,\"name\":\"\u0413\u043b\u0430\u0432\u043d\u0430\u044f \u0441\u0442\u0440\u0430\u043d\u0438\u0446\u0430\",\"item\":\"https:\\\/\\\/favorite-news.com\\\/mx\\\/\"},{\"@type\":\"ListItem\",\"position\":2,\"name\":\"Reconoce IMSS ca\u00edda de empleos; comparaci\u00f3n es injusta: Robledo\"}]},{\"@type\":\"WebSite\",\"@id\":\"https:\\\/\\\/favorite-news.com\\\/mx\\\/#website\",\"url\":\"https:\\\/\\\/favorite-news.com\\\/mx\\\/\",\"name\":\"Favorite News\",\"description\":\"Favorite News Mexico\",\"potentialAction\":[{\"@type\":\"SearchAction\",\"target\":{\"@type\":\"EntryPoint\",\"urlTemplate\":\"https:\\\/\\\/favorite-news.com\\\/mx\\\/?s={search_term_string}\"},\"query-input\":{\"@type\":\"PropertyValueSpecification\",\"valueRequired\":true,\"valueName\":\"search_term_string\"}}],\"inLanguage\":\"es\"},{\"@type\":\"Person\",\"@id\":\"https:\\\/\\\/favorite-news.com\\\/mx\\\/#\\\/schema\\\/person\\\/b91573b717dcfa5e4696032a9d28d3e8\",\"name\":\"favorite-news\",\"image\":{\"@type\":\"ImageObject\",\"inLanguage\":\"es\",\"@id\":\"https:\\\/\\\/secure.gravatar.com\\\/avatar\\\/6c5a5cb12b74e9d517ee91cf570335b7d16177f1977cc91db161adfa435945a7?s=96&d=mm&r=g\",\"url\":\"https:\\\/\\\/secure.gravatar.com\\\/avatar\\\/6c5a5cb12b74e9d517ee91cf570335b7d16177f1977cc91db161adfa435945a7?s=96&d=mm&r=g\",\"contentUrl\":\"https:\\\/\\\/secure.gravatar.com\\\/avatar\\\/6c5a5cb12b74e9d517ee91cf570335b7d16177f1977cc91db161adfa435945a7?s=96&d=mm&r=g\",\"caption\":\"favorite-news\"},\"url\":\"https:\\\/\\\/favorite-news.com\\\/mx\\\/author\\\/pt\\\/\"}]}<\/script>\n<!-- \/ Yoast SEO plugin. -->","yoast_head_json":{"title":"Reconoce IMSS ca\u00edda de empleos; comparaci\u00f3n es injusta: Robledo - Favorite News","robots":{"index":"index","follow":"follow","max-snippet":"max-snippet:-1","max-image-preview":"max-image-preview:large","max-video-preview":"max-video-preview:-1"},"canonical":"https:\/\/favorite-news.com\/mx\/reconoce-imss-caida-de-empleos-comparacion-es-injusta-robledo\/","og_locale":"es_MX","og_type":"article","og_title":"Reconoce IMSS ca\u00edda de empleos; comparaci\u00f3n es injusta: Robledo - Favorite News","og_description":"[ad_1] El director del Instituto Mexicano del Seguro Social, Zo\u00e9 Robledo, reconoci\u00f3 una ca\u00edda en la generaci\u00f3n de empleos, pero justific\u00f3 esa disminuci\u00f3n debido a que la comparaci\u00f3n es injusta, ya que no se puede equiparar el primer a\u00f1o de un gobierno con el \u00faltimo de la administraci\u00f3n pasada. \u201cSi uno verifica respecto al mes [&hellip;]","og_url":"https:\/\/favorite-news.com\/mx\/reconoce-imss-caida-de-empleos-comparacion-es-injusta-robledo\/","og_site_name":"Favorite News","article_published_time":"2019-06-20T18:09:42+00:00","article_modified_time":"2019-06-20T18:09:43+00:00","og_image":[{"width":1140,"height":712,"url":"https:\/\/favorite-news.com\/mx\/wp-content\/uploads\/sites\/8\/2019\/06\/Cae-88.3-empleos-formales-en-mayo.jpg","type":"image\/jpeg"}],"author":"favorite-news","twitter_card":"summary_large_image","twitter_misc":{"Escrito por":"favorite-news","Tiempo de lectura":"2 minutos"},"schema":{"@context":"https:\/\/schema.org","@graph":[{"@type":"Article","@id":"https:\/\/favorite-news.com\/mx\/reconoce-imss-caida-de-empleos-comparacion-es-injusta-robledo\/#article","isPartOf":{"@id":"https:\/\/favorite-news.com\/mx\/reconoce-imss-caida-de-empleos-comparacion-es-injusta-robledo\/"},"author":{"name":"favorite-news","@id":"https:\/\/favorite-news.com\/mx\/#\/schema\/person\/b91573b717dcfa5e4696032a9d28d3e8"},"headline":"Reconoce IMSS ca\u00edda de empleos; comparaci\u00f3n es injusta: Robledo","datePublished":"2019-06-20T18:09:42+00:00","dateModified":"2019-06-20T18:09:43+00:00","mainEntityOfPage":{"@id":"https:\/\/favorite-news.com\/mx\/reconoce-imss-caida-de-empleos-comparacion-es-injusta-robledo\/"},"wordCount":321,"commentCount":0,"image":{"@id":"https:\/\/favorite-news.com\/mx\/reconoce-imss-caida-de-empleos-comparacion-es-injusta-robledo\/#primaryimage"},"thumbnailUrl":"https:\/\/favorite-news.com\/mx\/wp-content\/uploads\/sites\/8\/2019\/06\/Cae-88.3-empleos-formales-en-mayo.jpg","articleSection":["NOTICIAS FINANCIERAS"],"inLanguage":"es","potentialAction":[{"@type":"CommentAction","name":"Comment","target":["https:\/\/favorite-news.com\/mx\/reconoce-imss-caida-de-empleos-comparacion-es-injusta-robledo\/#respond"]}]},{"@type":"WebPage","@id":"https:\/\/favorite-news.com\/mx\/reconoce-imss-caida-de-empleos-comparacion-es-injusta-robledo\/","url":"https:\/\/favorite-news.com\/mx\/reconoce-imss-caida-de-empleos-comparacion-es-injusta-robledo\/","name":"Reconoce IMSS ca\u00edda de empleos; comparaci\u00f3n es injusta: Robledo - Favorite News","isPartOf":{"@id":"https:\/\/favorite-news.com\/mx\/#website"},"primaryImageOfPage":{"@id":"https:\/\/favorite-news.com\/mx\/reconoce-imss-caida-de-empleos-comparacion-es-injusta-robledo\/#primaryimage"},"image":{"@id":"https:\/\/favorite-news.com\/mx\/reconoce-imss-caida-de-empleos-comparacion-es-injusta-robledo\/#primaryimage"},"thumbnailUrl":"https:\/\/favorite-news.com\/mx\/wp-content\/uploads\/sites\/8\/2019\/06\/Cae-88.3-empleos-formales-en-mayo.jpg","datePublished":"2019-06-20T18:09:42+00:00","dateModified":"2019-06-20T18:09:43+00:00","author":{"@id":"https:\/\/favorite-news.com\/mx\/#\/schema\/person\/b91573b717dcfa5e4696032a9d28d3e8"},"breadcrumb":{"@id":"https:\/\/favorite-news.com\/mx\/reconoce-imss-caida-de-empleos-comparacion-es-injusta-robledo\/#breadcrumb"},"inLanguage":"es","potentialAction":[{"@type":"ReadAction","target":["https:\/\/favorite-news.com\/mx\/reconoce-imss-caida-de-empleos-comparacion-es-injusta-robledo\/"]}]},{"@type":"ImageObject","inLanguage":"es","@id":"https:\/\/favorite-news.com\/mx\/reconoce-imss-caida-de-empleos-comparacion-es-injusta-robledo\/#primaryimage","url":"https:\/\/favorite-news.com\/mx\/wp-content\/uploads\/sites\/8\/2019\/06\/Cae-88.3-empleos-formales-en-mayo.jpg","contentUrl":"https:\/\/favorite-news.com\/mx\/wp-content\/uploads\/sites\/8\/2019\/06\/Cae-88.3-empleos-formales-en-mayo.jpg","width":1140,"height":712,"caption":"Cae 88.3% empleos formales en mayo"},{"@type":"BreadcrumbList","@id":"https:\/\/favorite-news.com\/mx\/reconoce-imss-caida-de-empleos-comparacion-es-injusta-robledo\/#breadcrumb","itemListElement":[{"@type":"ListItem","position":1,"name":"\u0413\u043b\u0430\u0432\u043d\u0430\u044f \u0441\u0442\u0440\u0430\u043d\u0438\u0446\u0430","item":"https:\/\/favorite-news.com\/mx\/"},{"@type":"ListItem","position":2,"name":"Reconoce IMSS ca\u00edda de empleos; comparaci\u00f3n es injusta: Robledo"}]},{"@type":"WebSite","@id":"https:\/\/favorite-news.com\/mx\/#website","url":"https:\/\/favorite-news.com\/mx\/","name":"Favorite News","description":"Favorite News Mexico","potentialAction":[{"@type":"SearchAction","target":{"@type":"EntryPoint","urlTemplate":"https:\/\/favorite-news.com\/mx\/?s={search_term_string}"},"query-input":{"@type":"PropertyValueSpecification","valueRequired":true,"valueName":"search_term_string"}}],"inLanguage":"es"},{"@type":"Person","@id":"https:\/\/favorite-news.com\/mx\/#\/schema\/person\/b91573b717dcfa5e4696032a9d28d3e8","name":"favorite-news","image":{"@type":"ImageObject","inLanguage":"es","@id":"https:\/\/secure.gravatar.com\/avatar\/6c5a5cb12b74e9d517ee91cf570335b7d16177f1977cc91db161adfa435945a7?s=96&d=mm&r=g","url":"https:\/\/secure.gravatar.com\/avatar\/6c5a5cb12b74e9d517ee91cf570335b7d16177f1977cc91db161adfa435945a7?s=96&d=mm&r=g","contentUrl":"https:\/\/secure.gravatar.com\/avatar\/6c5a5cb12b74e9d517ee91cf570335b7d16177f1977cc91db161adfa435945a7?s=96&d=mm&r=g","caption":"favorite-news"},"url":"https:\/\/favorite-news.com\/mx\/author\/pt\/"}]}},"_links":{"self":[{"href":"https:\/\/favorite-news.com\/mx\/wp-json\/wp\/v2\/posts\/1576","targetHints":{"allow":["GET"]}}],"collection":[{"href":"https:\/\/favorite-news.com\/mx\/wp-json\/wp\/v2\/posts"}],"about":[{"href":"https:\/\/favorite-news.com\/mx\/wp-json\/wp\/v2\/types\/post"}],"author":[{"embeddable":true,"href":"https:\/\/favorite-news.com\/mx\/wp-json\/wp\/v2\/users\/2"}],"replies":[{"embeddable":true,"href":"https:\/\/favorite-news.com\/mx\/wp-json\/wp\/v2\/comments?post=1576"}],"version-history":[{"count":1,"href":"https:\/\/favorite-news.com\/mx\/wp-json\/wp\/v2\/posts\/1576\/revisions"}],"predecessor-version":[{"id":1577,"href":"https:\/\/favorite-news.com\/mx\/wp-json\/wp\/v2\/posts\/1576\/revisions\/1577"}],"wp:featuredmedia":[{"embeddable":true,"href":"https:\/\/favorite-news.com\/mx\/wp-json\/wp\/v2\/media\/1550"}],"wp:attachment":[{"href":"https:\/\/favorite-news.com\/mx\/wp-json\/wp\/v2\/media?parent=1576"}],"wp:term":[{"taxonomy":"category","embeddable":true,"href":"https:\/\/favorite-news.com\/mx\/wp-json\/wp\/v2\/categories?post=1576"},{"taxonomy":"post_tag","embeddable":true,"href":"https:\/\/favorite-news.com\/mx\/wp-json\/wp\/v2\/tags?post=1576"}],"curies":[{"name":"wp","href":"https:\/\/api.w.org\/{rel}","templated":true}]}}