{"id":1573,"date":"2019-06-20T19:07:29","date_gmt":"2019-06-20T16:07:29","guid":{"rendered":"https:\/\/favorite-news.com\/mx\/aprobacion-del-t-mec-fortalece-confianza-de-inversionistas-amlo\/"},"modified":"2019-06-20T19:07:30","modified_gmt":"2019-06-20T16:07:30","slug":"aprobacion-del-t-mec-fortalece-confianza-de-inversionistas-amlo","status":"publish","type":"post","link":"https:\/\/favorite-news.com\/mx\/aprobacion-del-t-mec-fortalece-confianza-de-inversionistas-amlo\/","title":{"rendered":"Aprobaci\u00f3n del T-MEC fortalece confianza de inversionistas: AMLO"},"content":{"rendered":"<p> [ad_1]<br \/>\n<\/p>\n<div id=\"content-body-226-3789528\">\n<p>El presidente Andr\u00e9s Manuel L\u00f3pez Obrador afirm\u00f3 que la ratificaci\u00f3n del Tratado Comercial entre M\u00e9xico, Estados Unidos y Canad\u00e1 (T-MEC) ocurrido la v\u00edspera por parte del Senado, es una clara se\u00f1al de que hay unidad en el pa\u00eds, y con ello se fortalece la confianza de los inversionistas en M\u00e9xico.<\/p>\n<p>\u201cEs una buena noticia porque pasamos esta etapa y queda de manifiesto el prop\u00f3sito de mantener las relaciones econ\u00f3micas comerciales con Estados Unidos y Canad\u00e1\u201d, expres\u00f3. <\/p>\n<p>Se\u00f1al\u00f3 que el acuerdo se da cuando en M\u00e9xico se impulsan actividades productivas, se est\u00e1n creando empleos, se fortalece el mercado interno y hay una pol\u00edtica para el bienestar como nunca se hab\u00eda visto.<\/p>\n<p>En conferencia de prensa en Palacio Nacional, L\u00f3pez Obrador celebr\u00f3 la aprobaci\u00f3n del tratado comercial entre los tres pa\u00edses y agradeci\u00f3 a los legisladores, en particular a senadores, pues \u201clo que hicieron fue un aporte significativo esto fortalece la confianza de los inversionistas en M\u00e9xico\u201d.<\/p>\n<\/div>\n<p><script>(function(d, s, id) {\nvar js, fjs = d.getElementsByTagName(s)[0];\nif (d.getElementById(id)) return;\njs = d.createElement(s); js.id = id;\njs.src = 'https:\/\/connect.facebook.net\/es_LA\/sdk.js#xfbml=1&version=v3.2&appId=641196362757391&autoLogAppEvents=1';\nfjs.parentNode.insertBefore(js, fjs);\n}(document, 'script', 'facebook-jssdk'));\n<\/script><br \/>\n<br \/>[ad_2]<br \/>\n<br \/><a href=\"https:\/\/www.elsoldemexico.com.mx\/finanzas\/aprobacion-del-t-mec-fortalece-confianza-de-inversionistas-amlo-3789528.html\">Source link <\/a><\/p>\n","protected":false},"excerpt":{"rendered":"<p>[ad_1] El presidente Andr\u00e9s Manuel L\u00f3pez Obrador afirm\u00f3 que la ratificaci\u00f3n del Tratado Comercial entre M\u00e9xico, Estados Unidos y Canad\u00e1 (T-MEC) ocurrido la v\u00edspera por parte del Senado, es una clara se\u00f1al de que hay unidad en el pa\u00eds, y con ello se fortalece la confianza de los inversionistas en M\u00e9xico. \u201cEs una buena noticia [&hellip;]<\/p>\n","protected":false},"author":2,"featured_media":1574,"comment_status":"open","ping_status":"open","sticky":false,"template":"","format":"standard","meta":{"footnotes":""},"categories":[1],"tags":[],"class_list":["post-1573","post","type-post","status-publish","format-standard","has-post-thumbnail","hentry","category-noticias-financieras"],"yoast_head":"<!-- This site is optimized with the Yoast SEO plugin v27.4 - https:\/\/yoast.com\/product\/yoast-seo-wordpress\/ -->\n<title>Aprobaci\u00f3n del T-MEC fortalece confianza de inversionistas: AMLO - Favorite News<\/title>\n<meta name=\"robots\" content=\"index, follow, max-snippet:-1, max-image-preview:large, max-video-preview:-1\" \/>\n<link rel=\"canonical\" href=\"https:\/\/favorite-news.com\/mx\/aprobacion-del-t-mec-fortalece-confianza-de-inversionistas-amlo\/\" \/>\n<meta property=\"og:locale\" content=\"es_MX\" \/>\n<meta property=\"og:type\" content=\"article\" \/>\n<meta property=\"og:title\" content=\"Aprobaci\u00f3n del T-MEC fortalece confianza de inversionistas: AMLO - Favorite News\" \/>\n<meta property=\"og:description\" content=\"[ad_1] El presidente Andr\u00e9s Manuel L\u00f3pez Obrador afirm\u00f3 que la ratificaci\u00f3n del Tratado Comercial entre M\u00e9xico, Estados Unidos y Canad\u00e1 (T-MEC) ocurrido la v\u00edspera por parte del Senado, es una clara se\u00f1al de que hay unidad en el pa\u00eds, y con ello se fortalece la confianza de los inversionistas en M\u00e9xico. \u201cEs una buena noticia [&hellip;]\" \/>\n<meta property=\"og:url\" content=\"https:\/\/favorite-news.com\/mx\/aprobacion-del-t-mec-fortalece-confianza-de-inversionistas-amlo\/\" \/>\n<meta property=\"og:site_name\" content=\"Favorite News\" \/>\n<meta property=\"article:published_time\" content=\"2019-06-20T16:07:29+00:00\" \/>\n<meta property=\"article:modified_time\" content=\"2019-06-20T16:07:30+00:00\" \/>\n<meta property=\"og:image\" content=\"https:\/\/favorite-news.com\/mx\/wp-content\/uploads\/sites\/8\/2019\/06\/Aprobaci\u00f3n-del-T-MEC-fortalece-confianza-de-inversionistas-AMLO.jfif.jpeg\" \/>\n\t<meta property=\"og:image:width\" content=\"1140\" \/>\n\t<meta property=\"og:image:height\" content=\"712\" \/>\n\t<meta property=\"og:image:type\" content=\"image\/jpeg\" \/>\n<meta name=\"author\" content=\"favorite-news\" \/>\n<meta name=\"twitter:card\" content=\"summary_large_image\" \/>\n<meta name=\"twitter:label1\" content=\"Escrito por\" \/>\n\t<meta name=\"twitter:data1\" content=\"favorite-news\" \/>\n\t<meta name=\"twitter:label2\" content=\"Tiempo de lectura\" \/>\n\t<meta name=\"twitter:data2\" content=\"1 minuto\" \/>\n<script type=\"application\/ld+json\" class=\"yoast-schema-graph\">{\"@context\":\"https:\\\/\\\/schema.org\",\"@graph\":[{\"@type\":\"Article\",\"@id\":\"https:\\\/\\\/favorite-news.com\\\/mx\\\/aprobacion-del-t-mec-fortalece-confianza-de-inversionistas-amlo\\\/#article\",\"isPartOf\":{\"@id\":\"https:\\\/\\\/favorite-news.com\\\/mx\\\/aprobacion-del-t-mec-fortalece-confianza-de-inversionistas-amlo\\\/\"},\"author\":{\"name\":\"favorite-news\",\"@id\":\"https:\\\/\\\/favorite-news.com\\\/mx\\\/#\\\/schema\\\/person\\\/b91573b717dcfa5e4696032a9d28d3e8\"},\"headline\":\"Aprobaci\u00f3n del T-MEC fortalece confianza de inversionistas: AMLO\",\"datePublished\":\"2019-06-20T16:07:29+00:00\",\"dateModified\":\"2019-06-20T16:07:30+00:00\",\"mainEntityOfPage\":{\"@id\":\"https:\\\/\\\/favorite-news.com\\\/mx\\\/aprobacion-del-t-mec-fortalece-confianza-de-inversionistas-amlo\\\/\"},\"wordCount\":187,\"commentCount\":0,\"image\":{\"@id\":\"https:\\\/\\\/favorite-news.com\\\/mx\\\/aprobacion-del-t-mec-fortalece-confianza-de-inversionistas-amlo\\\/#primaryimage\"},\"thumbnailUrl\":\"https:\\\/\\\/favorite-news.com\\\/mx\\\/wp-content\\\/uploads\\\/sites\\\/8\\\/2019\\\/06\\\/Aprobaci\u00f3n-del-T-MEC-fortalece-confianza-de-inversionistas-AMLO.jfif.jpeg\",\"articleSection\":[\"NOTICIAS FINANCIERAS\"],\"inLanguage\":\"es\",\"potentialAction\":[{\"@type\":\"CommentAction\",\"name\":\"Comment\",\"target\":[\"https:\\\/\\\/favorite-news.com\\\/mx\\\/aprobacion-del-t-mec-fortalece-confianza-de-inversionistas-amlo\\\/#respond\"]}]},{\"@type\":\"WebPage\",\"@id\":\"https:\\\/\\\/favorite-news.com\\\/mx\\\/aprobacion-del-t-mec-fortalece-confianza-de-inversionistas-amlo\\\/\",\"url\":\"https:\\\/\\\/favorite-news.com\\\/mx\\\/aprobacion-del-t-mec-fortalece-confianza-de-inversionistas-amlo\\\/\",\"name\":\"Aprobaci\u00f3n del T-MEC fortalece confianza de inversionistas: AMLO - Favorite News\",\"isPartOf\":{\"@id\":\"https:\\\/\\\/favorite-news.com\\\/mx\\\/#website\"},\"primaryImageOfPage\":{\"@id\":\"https:\\\/\\\/favorite-news.com\\\/mx\\\/aprobacion-del-t-mec-fortalece-confianza-de-inversionistas-amlo\\\/#primaryimage\"},\"image\":{\"@id\":\"https:\\\/\\\/favorite-news.com\\\/mx\\\/aprobacion-del-t-mec-fortalece-confianza-de-inversionistas-amlo\\\/#primaryimage\"},\"thumbnailUrl\":\"https:\\\/\\\/favorite-news.com\\\/mx\\\/wp-content\\\/uploads\\\/sites\\\/8\\\/2019\\\/06\\\/Aprobaci\u00f3n-del-T-MEC-fortalece-confianza-de-inversionistas-AMLO.jfif.jpeg\",\"datePublished\":\"2019-06-20T16:07:29+00:00\",\"dateModified\":\"2019-06-20T16:07:30+00:00\",\"author\":{\"@id\":\"https:\\\/\\\/favorite-news.com\\\/mx\\\/#\\\/schema\\\/person\\\/b91573b717dcfa5e4696032a9d28d3e8\"},\"breadcrumb\":{\"@id\":\"https:\\\/\\\/favorite-news.com\\\/mx\\\/aprobacion-del-t-mec-fortalece-confianza-de-inversionistas-amlo\\\/#breadcrumb\"},\"inLanguage\":\"es\",\"potentialAction\":[{\"@type\":\"ReadAction\",\"target\":[\"https:\\\/\\\/favorite-news.com\\\/mx\\\/aprobacion-del-t-mec-fortalece-confianza-de-inversionistas-amlo\\\/\"]}]},{\"@type\":\"ImageObject\",\"inLanguage\":\"es\",\"@id\":\"https:\\\/\\\/favorite-news.com\\\/mx\\\/aprobacion-del-t-mec-fortalece-confianza-de-inversionistas-amlo\\\/#primaryimage\",\"url\":\"https:\\\/\\\/favorite-news.com\\\/mx\\\/wp-content\\\/uploads\\\/sites\\\/8\\\/2019\\\/06\\\/Aprobaci\u00f3n-del-T-MEC-fortalece-confianza-de-inversionistas-AMLO.jfif.jpeg\",\"contentUrl\":\"https:\\\/\\\/favorite-news.com\\\/mx\\\/wp-content\\\/uploads\\\/sites\\\/8\\\/2019\\\/06\\\/Aprobaci\u00f3n-del-T-MEC-fortalece-confianza-de-inversionistas-AMLO.jfif.jpeg\",\"width\":1140,\"height\":712,\"caption\":\"Aprobaci\u00f3n del T-MEC fortalece confianza de inversionistas: AMLO\"},{\"@type\":\"BreadcrumbList\",\"@id\":\"https:\\\/\\\/favorite-news.com\\\/mx\\\/aprobacion-del-t-mec-fortalece-confianza-de-inversionistas-amlo\\\/#breadcrumb\",\"itemListElement\":[{\"@type\":\"ListItem\",\"position\":1,\"name\":\"\u0413\u043b\u0430\u0432\u043d\u0430\u044f \u0441\u0442\u0440\u0430\u043d\u0438\u0446\u0430\",\"item\":\"https:\\\/\\\/favorite-news.com\\\/mx\\\/\"},{\"@type\":\"ListItem\",\"position\":2,\"name\":\"Aprobaci\u00f3n del T-MEC fortalece confianza de inversionistas: AMLO\"}]},{\"@type\":\"WebSite\",\"@id\":\"https:\\\/\\\/favorite-news.com\\\/mx\\\/#website\",\"url\":\"https:\\\/\\\/favorite-news.com\\\/mx\\\/\",\"name\":\"Favorite News\",\"description\":\"Favorite News Mexico\",\"potentialAction\":[{\"@type\":\"SearchAction\",\"target\":{\"@type\":\"EntryPoint\",\"urlTemplate\":\"https:\\\/\\\/favorite-news.com\\\/mx\\\/?s={search_term_string}\"},\"query-input\":{\"@type\":\"PropertyValueSpecification\",\"valueRequired\":true,\"valueName\":\"search_term_string\"}}],\"inLanguage\":\"es\"},{\"@type\":\"Person\",\"@id\":\"https:\\\/\\\/favorite-news.com\\\/mx\\\/#\\\/schema\\\/person\\\/b91573b717dcfa5e4696032a9d28d3e8\",\"name\":\"favorite-news\",\"image\":{\"@type\":\"ImageObject\",\"inLanguage\":\"es\",\"@id\":\"https:\\\/\\\/secure.gravatar.com\\\/avatar\\\/6c5a5cb12b74e9d517ee91cf570335b7d16177f1977cc91db161adfa435945a7?s=96&d=mm&r=g\",\"url\":\"https:\\\/\\\/secure.gravatar.com\\\/avatar\\\/6c5a5cb12b74e9d517ee91cf570335b7d16177f1977cc91db161adfa435945a7?s=96&d=mm&r=g\",\"contentUrl\":\"https:\\\/\\\/secure.gravatar.com\\\/avatar\\\/6c5a5cb12b74e9d517ee91cf570335b7d16177f1977cc91db161adfa435945a7?s=96&d=mm&r=g\",\"caption\":\"favorite-news\"},\"url\":\"https:\\\/\\\/favorite-news.com\\\/mx\\\/author\\\/pt\\\/\"}]}<\/script>\n<!-- \/ Yoast SEO plugin. -->","yoast_head_json":{"title":"Aprobaci\u00f3n del T-MEC fortalece confianza de inversionistas: AMLO - Favorite News","robots":{"index":"index","follow":"follow","max-snippet":"max-snippet:-1","max-image-preview":"max-image-preview:large","max-video-preview":"max-video-preview:-1"},"canonical":"https:\/\/favorite-news.com\/mx\/aprobacion-del-t-mec-fortalece-confianza-de-inversionistas-amlo\/","og_locale":"es_MX","og_type":"article","og_title":"Aprobaci\u00f3n del T-MEC fortalece confianza de inversionistas: AMLO - Favorite News","og_description":"[ad_1] El presidente Andr\u00e9s Manuel L\u00f3pez Obrador afirm\u00f3 que la ratificaci\u00f3n del Tratado Comercial entre M\u00e9xico, Estados Unidos y Canad\u00e1 (T-MEC) ocurrido la v\u00edspera por parte del Senado, es una clara se\u00f1al de que hay unidad en el pa\u00eds, y con ello se fortalece la confianza de los inversionistas en M\u00e9xico. \u201cEs una buena noticia [&hellip;]","og_url":"https:\/\/favorite-news.com\/mx\/aprobacion-del-t-mec-fortalece-confianza-de-inversionistas-amlo\/","og_site_name":"Favorite News","article_published_time":"2019-06-20T16:07:29+00:00","article_modified_time":"2019-06-20T16:07:30+00:00","og_image":[{"width":1140,"height":712,"url":"https:\/\/favorite-news.com\/mx\/wp-content\/uploads\/sites\/8\/2019\/06\/Aprobaci\u00f3n-del-T-MEC-fortalece-confianza-de-inversionistas-AMLO.jfif.jpeg","type":"image\/jpeg"}],"author":"favorite-news","twitter_card":"summary_large_image","twitter_misc":{"Escrito por":"favorite-news","Tiempo de lectura":"1 minuto"},"schema":{"@context":"https:\/\/schema.org","@graph":[{"@type":"Article","@id":"https:\/\/favorite-news.com\/mx\/aprobacion-del-t-mec-fortalece-confianza-de-inversionistas-amlo\/#article","isPartOf":{"@id":"https:\/\/favorite-news.com\/mx\/aprobacion-del-t-mec-fortalece-confianza-de-inversionistas-amlo\/"},"author":{"name":"favorite-news","@id":"https:\/\/favorite-news.com\/mx\/#\/schema\/person\/b91573b717dcfa5e4696032a9d28d3e8"},"headline":"Aprobaci\u00f3n del T-MEC fortalece confianza de inversionistas: AMLO","datePublished":"2019-06-20T16:07:29+00:00","dateModified":"2019-06-20T16:07:30+00:00","mainEntityOfPage":{"@id":"https:\/\/favorite-news.com\/mx\/aprobacion-del-t-mec-fortalece-confianza-de-inversionistas-amlo\/"},"wordCount":187,"commentCount":0,"image":{"@id":"https:\/\/favorite-news.com\/mx\/aprobacion-del-t-mec-fortalece-confianza-de-inversionistas-amlo\/#primaryimage"},"thumbnailUrl":"https:\/\/favorite-news.com\/mx\/wp-content\/uploads\/sites\/8\/2019\/06\/Aprobaci\u00f3n-del-T-MEC-fortalece-confianza-de-inversionistas-AMLO.jfif.jpeg","articleSection":["NOTICIAS FINANCIERAS"],"inLanguage":"es","potentialAction":[{"@type":"CommentAction","name":"Comment","target":["https:\/\/favorite-news.com\/mx\/aprobacion-del-t-mec-fortalece-confianza-de-inversionistas-amlo\/#respond"]}]},{"@type":"WebPage","@id":"https:\/\/favorite-news.com\/mx\/aprobacion-del-t-mec-fortalece-confianza-de-inversionistas-amlo\/","url":"https:\/\/favorite-news.com\/mx\/aprobacion-del-t-mec-fortalece-confianza-de-inversionistas-amlo\/","name":"Aprobaci\u00f3n del T-MEC fortalece confianza de inversionistas: AMLO - Favorite News","isPartOf":{"@id":"https:\/\/favorite-news.com\/mx\/#website"},"primaryImageOfPage":{"@id":"https:\/\/favorite-news.com\/mx\/aprobacion-del-t-mec-fortalece-confianza-de-inversionistas-amlo\/#primaryimage"},"image":{"@id":"https:\/\/favorite-news.com\/mx\/aprobacion-del-t-mec-fortalece-confianza-de-inversionistas-amlo\/#primaryimage"},"thumbnailUrl":"https:\/\/favorite-news.com\/mx\/wp-content\/uploads\/sites\/8\/2019\/06\/Aprobaci\u00f3n-del-T-MEC-fortalece-confianza-de-inversionistas-AMLO.jfif.jpeg","datePublished":"2019-06-20T16:07:29+00:00","dateModified":"2019-06-20T16:07:30+00:00","author":{"@id":"https:\/\/favorite-news.com\/mx\/#\/schema\/person\/b91573b717dcfa5e4696032a9d28d3e8"},"breadcrumb":{"@id":"https:\/\/favorite-news.com\/mx\/aprobacion-del-t-mec-fortalece-confianza-de-inversionistas-amlo\/#breadcrumb"},"inLanguage":"es","potentialAction":[{"@type":"ReadAction","target":["https:\/\/favorite-news.com\/mx\/aprobacion-del-t-mec-fortalece-confianza-de-inversionistas-amlo\/"]}]},{"@type":"ImageObject","inLanguage":"es","@id":"https:\/\/favorite-news.com\/mx\/aprobacion-del-t-mec-fortalece-confianza-de-inversionistas-amlo\/#primaryimage","url":"https:\/\/favorite-news.com\/mx\/wp-content\/uploads\/sites\/8\/2019\/06\/Aprobaci\u00f3n-del-T-MEC-fortalece-confianza-de-inversionistas-AMLO.jfif.jpeg","contentUrl":"https:\/\/favorite-news.com\/mx\/wp-content\/uploads\/sites\/8\/2019\/06\/Aprobaci\u00f3n-del-T-MEC-fortalece-confianza-de-inversionistas-AMLO.jfif.jpeg","width":1140,"height":712,"caption":"Aprobaci\u00f3n del T-MEC fortalece confianza de inversionistas: AMLO"},{"@type":"BreadcrumbList","@id":"https:\/\/favorite-news.com\/mx\/aprobacion-del-t-mec-fortalece-confianza-de-inversionistas-amlo\/#breadcrumb","itemListElement":[{"@type":"ListItem","position":1,"name":"\u0413\u043b\u0430\u0432\u043d\u0430\u044f \u0441\u0442\u0440\u0430\u043d\u0438\u0446\u0430","item":"https:\/\/favorite-news.com\/mx\/"},{"@type":"ListItem","position":2,"name":"Aprobaci\u00f3n del T-MEC fortalece confianza de inversionistas: AMLO"}]},{"@type":"WebSite","@id":"https:\/\/favorite-news.com\/mx\/#website","url":"https:\/\/favorite-news.com\/mx\/","name":"Favorite News","description":"Favorite News Mexico","potentialAction":[{"@type":"SearchAction","target":{"@type":"EntryPoint","urlTemplate":"https:\/\/favorite-news.com\/mx\/?s={search_term_string}"},"query-input":{"@type":"PropertyValueSpecification","valueRequired":true,"valueName":"search_term_string"}}],"inLanguage":"es"},{"@type":"Person","@id":"https:\/\/favorite-news.com\/mx\/#\/schema\/person\/b91573b717dcfa5e4696032a9d28d3e8","name":"favorite-news","image":{"@type":"ImageObject","inLanguage":"es","@id":"https:\/\/secure.gravatar.com\/avatar\/6c5a5cb12b74e9d517ee91cf570335b7d16177f1977cc91db161adfa435945a7?s=96&d=mm&r=g","url":"https:\/\/secure.gravatar.com\/avatar\/6c5a5cb12b74e9d517ee91cf570335b7d16177f1977cc91db161adfa435945a7?s=96&d=mm&r=g","contentUrl":"https:\/\/secure.gravatar.com\/avatar\/6c5a5cb12b74e9d517ee91cf570335b7d16177f1977cc91db161adfa435945a7?s=96&d=mm&r=g","caption":"favorite-news"},"url":"https:\/\/favorite-news.com\/mx\/author\/pt\/"}]}},"_links":{"self":[{"href":"https:\/\/favorite-news.com\/mx\/wp-json\/wp\/v2\/posts\/1573","targetHints":{"allow":["GET"]}}],"collection":[{"href":"https:\/\/favorite-news.com\/mx\/wp-json\/wp\/v2\/posts"}],"about":[{"href":"https:\/\/favorite-news.com\/mx\/wp-json\/wp\/v2\/types\/post"}],"author":[{"embeddable":true,"href":"https:\/\/favorite-news.com\/mx\/wp-json\/wp\/v2\/users\/2"}],"replies":[{"embeddable":true,"href":"https:\/\/favorite-news.com\/mx\/wp-json\/wp\/v2\/comments?post=1573"}],"version-history":[{"count":1,"href":"https:\/\/favorite-news.com\/mx\/wp-json\/wp\/v2\/posts\/1573\/revisions"}],"predecessor-version":[{"id":1575,"href":"https:\/\/favorite-news.com\/mx\/wp-json\/wp\/v2\/posts\/1573\/revisions\/1575"}],"wp:featuredmedia":[{"embeddable":true,"href":"https:\/\/favorite-news.com\/mx\/wp-json\/wp\/v2\/media\/1574"}],"wp:attachment":[{"href":"https:\/\/favorite-news.com\/mx\/wp-json\/wp\/v2\/media?parent=1573"}],"wp:term":[{"taxonomy":"category","embeddable":true,"href":"https:\/\/favorite-news.com\/mx\/wp-json\/wp\/v2\/categories?post=1573"},{"taxonomy":"post_tag","embeddable":true,"href":"https:\/\/favorite-news.com\/mx\/wp-json\/wp\/v2\/tags?post=1573"}],"curies":[{"name":"wp","href":"https:\/\/api.w.org\/{rel}","templated":true}]}}