{"id":1570,"date":"2019-06-20T17:27:33","date_gmt":"2019-06-20T14:27:33","guid":{"rendered":"https:\/\/favorite-news.com\/mx\/amlo-tacha-de-sensacionalista-informe-sobre-empleos\/"},"modified":"2019-06-20T17:27:35","modified_gmt":"2019-06-20T14:27:35","slug":"amlo-tacha-de-sensacionalista-informe-sobre-empleos","status":"publish","type":"post","link":"https:\/\/favorite-news.com\/mx\/amlo-tacha-de-sensacionalista-informe-sobre-empleos\/","title":{"rendered":"AMLO tacha de sensacionalista informe sobre empleos"},"content":{"rendered":"<p> [ad_1]<br \/>\n<\/p>\n<div id=\"content-body-226-3789564\">\n<p>El presidente Andr\u00e9s Manuel L\u00f3pez Obrador reproch\u00f3 que en las cifras del Instituto Mexicano del Seguro Social, no se tomaran en cuenta los empleos que se crearon con los programas sociales.<\/p>\n<p>Calific\u00f3 como \u201csensacionalista\u201d la informaci\u00f3n presentada por la prensa y sostuvo que en sus datos, el empleo aument\u00f3 considerablemente porque ya est\u00e1n afiliados al seguro social 481 mil 548 becarios y otros 200 mil trabajadores de Sembrando Vida.<\/p>\n<h4\/>\n<p>\u201cQu\u00e9 es lo que no est\u00e1 tomando en cuenta pues qu\u00e9 hay 481 mil j\u00f3venes inscritos tambi\u00e9n en el seguro que si se suman cambia completamente. Es un asunto de criterio\u201d, afirm\u00f3 durante la conferencia ma\u00f1anera.<\/p>\n<p>Record\u00f3 que el pr\u00f3ximo 1 de julio, al cumplirse un a\u00f1o de su triunfo en las pasadas elecciones, presentar\u00e1 un informe en el que se comprueba que no hay problemas financieros.<\/p>\n<p>\u201cYo tengo informaci\u00f3n de que ha llegado mucha inversi\u00f3n a la bolsa extranjera. Vamos a que yo presente mi informe el d\u00eda 1 de julio y pueda dar respuesta sobre lo que realmente est\u00e1 sucediendo no puedo decir m\u00e1s porque estoy reservando para el 1 de julio\u201d, pidi\u00f3.<\/p>\n<p>Aunque las cifras indican lo contrario, L\u00f3pez Obrador sostuvo qu\u00e9 hay crecimiento econ\u00f3mico, se ha controlado la inflaci\u00f3n, ha aumentado la inversi\u00f3n extranjera y se impidi\u00f3 la imposici\u00f3n de aranceles del 5% a las exportaciones de los productos mexicanos a Estados Unidos.<\/p>\n<h4\/>\n<p>\u201cQuiero informar el d\u00eda 1 de julio, quiero demostrar con datos duros que est\u00e1 bien la econom\u00eda qu\u00e9 hay empleos\u201d, expres\u00f3.<\/p>\n<p>L\u00f3pez Obrador afirm\u00f3 que va a demostrarles a los bur\u00f3cratas corruptos que se equivocan y s\u00ed han funcionado sus pol\u00edticas econ\u00f3micas, para fomentar el desarrollo de M\u00e9xico.<\/p>\n<\/div>\n<p><script>(function(d, s, id) {\nvar js, fjs = d.getElementsByTagName(s)[0];\nif (d.getElementById(id)) return;\njs = d.createElement(s); js.id = id;\njs.src = 'https:\/\/connect.facebook.net\/es_LA\/sdk.js#xfbml=1&version=v3.2&appId=641196362757391&autoLogAppEvents=1';\nfjs.parentNode.insertBefore(js, fjs);\n}(document, 'script', 'facebook-jssdk'));\n<\/script><br \/>\n<br \/>[ad_2]<br \/>\n<br \/><a href=\"https:\/\/www.elsoldemexico.com.mx\/finanzas\/amlo-tacha-de-sensacionalista-informe-sobre-empleos-3789564.html\">Source link <\/a><\/p>\n","protected":false},"excerpt":{"rendered":"<p>[ad_1] El presidente Andr\u00e9s Manuel L\u00f3pez Obrador reproch\u00f3 que en las cifras del Instituto Mexicano del Seguro Social, no se tomaran en cuenta los empleos que se crearon con los programas sociales. Calific\u00f3 como \u201csensacionalista\u201d la informaci\u00f3n presentada por la prensa y sostuvo que en sus datos, el empleo aument\u00f3 considerablemente porque ya est\u00e1n afiliados [&hellip;]<\/p>\n","protected":false},"author":2,"featured_media":1571,"comment_status":"open","ping_status":"open","sticky":false,"template":"","format":"standard","meta":{"footnotes":""},"categories":[1],"tags":[],"class_list":["post-1570","post","type-post","status-publish","format-standard","has-post-thumbnail","hentry","category-noticias-financieras"],"yoast_head":"<!-- This site is optimized with the Yoast SEO plugin v27.4 - https:\/\/yoast.com\/product\/yoast-seo-wordpress\/ -->\n<title>AMLO tacha de sensacionalista informe sobre empleos - Favorite News<\/title>\n<meta name=\"robots\" content=\"index, follow, max-snippet:-1, max-image-preview:large, max-video-preview:-1\" \/>\n<link rel=\"canonical\" href=\"https:\/\/favorite-news.com\/mx\/amlo-tacha-de-sensacionalista-informe-sobre-empleos\/\" \/>\n<meta property=\"og:locale\" content=\"es_MX\" \/>\n<meta property=\"og:type\" content=\"article\" \/>\n<meta property=\"og:title\" content=\"AMLO tacha de sensacionalista informe sobre empleos - Favorite News\" \/>\n<meta property=\"og:description\" content=\"[ad_1] El presidente Andr\u00e9s Manuel L\u00f3pez Obrador reproch\u00f3 que en las cifras del Instituto Mexicano del Seguro Social, no se tomaran en cuenta los empleos que se crearon con los programas sociales. Calific\u00f3 como \u201csensacionalista\u201d la informaci\u00f3n presentada por la prensa y sostuvo que en sus datos, el empleo aument\u00f3 considerablemente porque ya est\u00e1n afiliados [&hellip;]\" \/>\n<meta property=\"og:url\" content=\"https:\/\/favorite-news.com\/mx\/amlo-tacha-de-sensacionalista-informe-sobre-empleos\/\" \/>\n<meta property=\"og:site_name\" content=\"Favorite News\" \/>\n<meta property=\"article:published_time\" content=\"2019-06-20T14:27:33+00:00\" \/>\n<meta property=\"article:modified_time\" content=\"2019-06-20T14:27:35+00:00\" \/>\n<meta property=\"og:image\" content=\"https:\/\/favorite-news.com\/mx\/wp-content\/uploads\/sites\/8\/2019\/06\/AMLO-tacha-de-sensacionalista-informe-sobre-empleos.jfif.jpeg\" \/>\n\t<meta property=\"og:image:width\" content=\"1140\" \/>\n\t<meta property=\"og:image:height\" content=\"712\" \/>\n\t<meta property=\"og:image:type\" content=\"image\/jpeg\" \/>\n<meta name=\"author\" content=\"favorite-news\" \/>\n<meta name=\"twitter:card\" content=\"summary_large_image\" \/>\n<meta name=\"twitter:label1\" content=\"Escrito por\" \/>\n\t<meta name=\"twitter:data1\" content=\"favorite-news\" \/>\n\t<meta name=\"twitter:label2\" content=\"Tiempo de lectura\" \/>\n\t<meta name=\"twitter:data2\" content=\"1 minuto\" \/>\n<script type=\"application\/ld+json\" class=\"yoast-schema-graph\">{\"@context\":\"https:\\\/\\\/schema.org\",\"@graph\":[{\"@type\":\"Article\",\"@id\":\"https:\\\/\\\/favorite-news.com\\\/mx\\\/amlo-tacha-de-sensacionalista-informe-sobre-empleos\\\/#article\",\"isPartOf\":{\"@id\":\"https:\\\/\\\/favorite-news.com\\\/mx\\\/amlo-tacha-de-sensacionalista-informe-sobre-empleos\\\/\"},\"author\":{\"name\":\"favorite-news\",\"@id\":\"https:\\\/\\\/favorite-news.com\\\/mx\\\/#\\\/schema\\\/person\\\/b91573b717dcfa5e4696032a9d28d3e8\"},\"headline\":\"AMLO tacha de sensacionalista informe sobre empleos\",\"datePublished\":\"2019-06-20T14:27:33+00:00\",\"dateModified\":\"2019-06-20T14:27:35+00:00\",\"mainEntityOfPage\":{\"@id\":\"https:\\\/\\\/favorite-news.com\\\/mx\\\/amlo-tacha-de-sensacionalista-informe-sobre-empleos\\\/\"},\"wordCount\":301,\"commentCount\":0,\"image\":{\"@id\":\"https:\\\/\\\/favorite-news.com\\\/mx\\\/amlo-tacha-de-sensacionalista-informe-sobre-empleos\\\/#primaryimage\"},\"thumbnailUrl\":\"https:\\\/\\\/favorite-news.com\\\/mx\\\/wp-content\\\/uploads\\\/sites\\\/8\\\/2019\\\/06\\\/AMLO-tacha-de-sensacionalista-informe-sobre-empleos.jfif.jpeg\",\"articleSection\":[\"NOTICIAS FINANCIERAS\"],\"inLanguage\":\"es\",\"potentialAction\":[{\"@type\":\"CommentAction\",\"name\":\"Comment\",\"target\":[\"https:\\\/\\\/favorite-news.com\\\/mx\\\/amlo-tacha-de-sensacionalista-informe-sobre-empleos\\\/#respond\"]}]},{\"@type\":\"WebPage\",\"@id\":\"https:\\\/\\\/favorite-news.com\\\/mx\\\/amlo-tacha-de-sensacionalista-informe-sobre-empleos\\\/\",\"url\":\"https:\\\/\\\/favorite-news.com\\\/mx\\\/amlo-tacha-de-sensacionalista-informe-sobre-empleos\\\/\",\"name\":\"AMLO tacha de sensacionalista informe sobre empleos - Favorite News\",\"isPartOf\":{\"@id\":\"https:\\\/\\\/favorite-news.com\\\/mx\\\/#website\"},\"primaryImageOfPage\":{\"@id\":\"https:\\\/\\\/favorite-news.com\\\/mx\\\/amlo-tacha-de-sensacionalista-informe-sobre-empleos\\\/#primaryimage\"},\"image\":{\"@id\":\"https:\\\/\\\/favorite-news.com\\\/mx\\\/amlo-tacha-de-sensacionalista-informe-sobre-empleos\\\/#primaryimage\"},\"thumbnailUrl\":\"https:\\\/\\\/favorite-news.com\\\/mx\\\/wp-content\\\/uploads\\\/sites\\\/8\\\/2019\\\/06\\\/AMLO-tacha-de-sensacionalista-informe-sobre-empleos.jfif.jpeg\",\"datePublished\":\"2019-06-20T14:27:33+00:00\",\"dateModified\":\"2019-06-20T14:27:35+00:00\",\"author\":{\"@id\":\"https:\\\/\\\/favorite-news.com\\\/mx\\\/#\\\/schema\\\/person\\\/b91573b717dcfa5e4696032a9d28d3e8\"},\"breadcrumb\":{\"@id\":\"https:\\\/\\\/favorite-news.com\\\/mx\\\/amlo-tacha-de-sensacionalista-informe-sobre-empleos\\\/#breadcrumb\"},\"inLanguage\":\"es\",\"potentialAction\":[{\"@type\":\"ReadAction\",\"target\":[\"https:\\\/\\\/favorite-news.com\\\/mx\\\/amlo-tacha-de-sensacionalista-informe-sobre-empleos\\\/\"]}]},{\"@type\":\"ImageObject\",\"inLanguage\":\"es\",\"@id\":\"https:\\\/\\\/favorite-news.com\\\/mx\\\/amlo-tacha-de-sensacionalista-informe-sobre-empleos\\\/#primaryimage\",\"url\":\"https:\\\/\\\/favorite-news.com\\\/mx\\\/wp-content\\\/uploads\\\/sites\\\/8\\\/2019\\\/06\\\/AMLO-tacha-de-sensacionalista-informe-sobre-empleos.jfif.jpeg\",\"contentUrl\":\"https:\\\/\\\/favorite-news.com\\\/mx\\\/wp-content\\\/uploads\\\/sites\\\/8\\\/2019\\\/06\\\/AMLO-tacha-de-sensacionalista-informe-sobre-empleos.jfif.jpeg\",\"width\":1140,\"height\":712,\"caption\":\"AMLO tacha de sensacionalista informe sobre empleos\"},{\"@type\":\"BreadcrumbList\",\"@id\":\"https:\\\/\\\/favorite-news.com\\\/mx\\\/amlo-tacha-de-sensacionalista-informe-sobre-empleos\\\/#breadcrumb\",\"itemListElement\":[{\"@type\":\"ListItem\",\"position\":1,\"name\":\"\u0413\u043b\u0430\u0432\u043d\u0430\u044f \u0441\u0442\u0440\u0430\u043d\u0438\u0446\u0430\",\"item\":\"https:\\\/\\\/favorite-news.com\\\/mx\\\/\"},{\"@type\":\"ListItem\",\"position\":2,\"name\":\"AMLO tacha de sensacionalista informe sobre empleos\"}]},{\"@type\":\"WebSite\",\"@id\":\"https:\\\/\\\/favorite-news.com\\\/mx\\\/#website\",\"url\":\"https:\\\/\\\/favorite-news.com\\\/mx\\\/\",\"name\":\"Favorite News\",\"description\":\"Favorite News Mexico\",\"potentialAction\":[{\"@type\":\"SearchAction\",\"target\":{\"@type\":\"EntryPoint\",\"urlTemplate\":\"https:\\\/\\\/favorite-news.com\\\/mx\\\/?s={search_term_string}\"},\"query-input\":{\"@type\":\"PropertyValueSpecification\",\"valueRequired\":true,\"valueName\":\"search_term_string\"}}],\"inLanguage\":\"es\"},{\"@type\":\"Person\",\"@id\":\"https:\\\/\\\/favorite-news.com\\\/mx\\\/#\\\/schema\\\/person\\\/b91573b717dcfa5e4696032a9d28d3e8\",\"name\":\"favorite-news\",\"image\":{\"@type\":\"ImageObject\",\"inLanguage\":\"es\",\"@id\":\"https:\\\/\\\/secure.gravatar.com\\\/avatar\\\/6c5a5cb12b74e9d517ee91cf570335b7d16177f1977cc91db161adfa435945a7?s=96&d=mm&r=g\",\"url\":\"https:\\\/\\\/secure.gravatar.com\\\/avatar\\\/6c5a5cb12b74e9d517ee91cf570335b7d16177f1977cc91db161adfa435945a7?s=96&d=mm&r=g\",\"contentUrl\":\"https:\\\/\\\/secure.gravatar.com\\\/avatar\\\/6c5a5cb12b74e9d517ee91cf570335b7d16177f1977cc91db161adfa435945a7?s=96&d=mm&r=g\",\"caption\":\"favorite-news\"},\"url\":\"https:\\\/\\\/favorite-news.com\\\/mx\\\/author\\\/pt\\\/\"}]}<\/script>\n<!-- \/ Yoast SEO plugin. -->","yoast_head_json":{"title":"AMLO tacha de sensacionalista informe sobre empleos - Favorite News","robots":{"index":"index","follow":"follow","max-snippet":"max-snippet:-1","max-image-preview":"max-image-preview:large","max-video-preview":"max-video-preview:-1"},"canonical":"https:\/\/favorite-news.com\/mx\/amlo-tacha-de-sensacionalista-informe-sobre-empleos\/","og_locale":"es_MX","og_type":"article","og_title":"AMLO tacha de sensacionalista informe sobre empleos - Favorite News","og_description":"[ad_1] El presidente Andr\u00e9s Manuel L\u00f3pez Obrador reproch\u00f3 que en las cifras del Instituto Mexicano del Seguro Social, no se tomaran en cuenta los empleos que se crearon con los programas sociales. Calific\u00f3 como \u201csensacionalista\u201d la informaci\u00f3n presentada por la prensa y sostuvo que en sus datos, el empleo aument\u00f3 considerablemente porque ya est\u00e1n afiliados [&hellip;]","og_url":"https:\/\/favorite-news.com\/mx\/amlo-tacha-de-sensacionalista-informe-sobre-empleos\/","og_site_name":"Favorite News","article_published_time":"2019-06-20T14:27:33+00:00","article_modified_time":"2019-06-20T14:27:35+00:00","og_image":[{"width":1140,"height":712,"url":"https:\/\/favorite-news.com\/mx\/wp-content\/uploads\/sites\/8\/2019\/06\/AMLO-tacha-de-sensacionalista-informe-sobre-empleos.jfif.jpeg","type":"image\/jpeg"}],"author":"favorite-news","twitter_card":"summary_large_image","twitter_misc":{"Escrito por":"favorite-news","Tiempo de lectura":"1 minuto"},"schema":{"@context":"https:\/\/schema.org","@graph":[{"@type":"Article","@id":"https:\/\/favorite-news.com\/mx\/amlo-tacha-de-sensacionalista-informe-sobre-empleos\/#article","isPartOf":{"@id":"https:\/\/favorite-news.com\/mx\/amlo-tacha-de-sensacionalista-informe-sobre-empleos\/"},"author":{"name":"favorite-news","@id":"https:\/\/favorite-news.com\/mx\/#\/schema\/person\/b91573b717dcfa5e4696032a9d28d3e8"},"headline":"AMLO tacha de sensacionalista informe sobre empleos","datePublished":"2019-06-20T14:27:33+00:00","dateModified":"2019-06-20T14:27:35+00:00","mainEntityOfPage":{"@id":"https:\/\/favorite-news.com\/mx\/amlo-tacha-de-sensacionalista-informe-sobre-empleos\/"},"wordCount":301,"commentCount":0,"image":{"@id":"https:\/\/favorite-news.com\/mx\/amlo-tacha-de-sensacionalista-informe-sobre-empleos\/#primaryimage"},"thumbnailUrl":"https:\/\/favorite-news.com\/mx\/wp-content\/uploads\/sites\/8\/2019\/06\/AMLO-tacha-de-sensacionalista-informe-sobre-empleos.jfif.jpeg","articleSection":["NOTICIAS FINANCIERAS"],"inLanguage":"es","potentialAction":[{"@type":"CommentAction","name":"Comment","target":["https:\/\/favorite-news.com\/mx\/amlo-tacha-de-sensacionalista-informe-sobre-empleos\/#respond"]}]},{"@type":"WebPage","@id":"https:\/\/favorite-news.com\/mx\/amlo-tacha-de-sensacionalista-informe-sobre-empleos\/","url":"https:\/\/favorite-news.com\/mx\/amlo-tacha-de-sensacionalista-informe-sobre-empleos\/","name":"AMLO tacha de sensacionalista informe sobre empleos - Favorite News","isPartOf":{"@id":"https:\/\/favorite-news.com\/mx\/#website"},"primaryImageOfPage":{"@id":"https:\/\/favorite-news.com\/mx\/amlo-tacha-de-sensacionalista-informe-sobre-empleos\/#primaryimage"},"image":{"@id":"https:\/\/favorite-news.com\/mx\/amlo-tacha-de-sensacionalista-informe-sobre-empleos\/#primaryimage"},"thumbnailUrl":"https:\/\/favorite-news.com\/mx\/wp-content\/uploads\/sites\/8\/2019\/06\/AMLO-tacha-de-sensacionalista-informe-sobre-empleos.jfif.jpeg","datePublished":"2019-06-20T14:27:33+00:00","dateModified":"2019-06-20T14:27:35+00:00","author":{"@id":"https:\/\/favorite-news.com\/mx\/#\/schema\/person\/b91573b717dcfa5e4696032a9d28d3e8"},"breadcrumb":{"@id":"https:\/\/favorite-news.com\/mx\/amlo-tacha-de-sensacionalista-informe-sobre-empleos\/#breadcrumb"},"inLanguage":"es","potentialAction":[{"@type":"ReadAction","target":["https:\/\/favorite-news.com\/mx\/amlo-tacha-de-sensacionalista-informe-sobre-empleos\/"]}]},{"@type":"ImageObject","inLanguage":"es","@id":"https:\/\/favorite-news.com\/mx\/amlo-tacha-de-sensacionalista-informe-sobre-empleos\/#primaryimage","url":"https:\/\/favorite-news.com\/mx\/wp-content\/uploads\/sites\/8\/2019\/06\/AMLO-tacha-de-sensacionalista-informe-sobre-empleos.jfif.jpeg","contentUrl":"https:\/\/favorite-news.com\/mx\/wp-content\/uploads\/sites\/8\/2019\/06\/AMLO-tacha-de-sensacionalista-informe-sobre-empleos.jfif.jpeg","width":1140,"height":712,"caption":"AMLO tacha de sensacionalista informe sobre empleos"},{"@type":"BreadcrumbList","@id":"https:\/\/favorite-news.com\/mx\/amlo-tacha-de-sensacionalista-informe-sobre-empleos\/#breadcrumb","itemListElement":[{"@type":"ListItem","position":1,"name":"\u0413\u043b\u0430\u0432\u043d\u0430\u044f \u0441\u0442\u0440\u0430\u043d\u0438\u0446\u0430","item":"https:\/\/favorite-news.com\/mx\/"},{"@type":"ListItem","position":2,"name":"AMLO tacha de sensacionalista informe sobre empleos"}]},{"@type":"WebSite","@id":"https:\/\/favorite-news.com\/mx\/#website","url":"https:\/\/favorite-news.com\/mx\/","name":"Favorite News","description":"Favorite News Mexico","potentialAction":[{"@type":"SearchAction","target":{"@type":"EntryPoint","urlTemplate":"https:\/\/favorite-news.com\/mx\/?s={search_term_string}"},"query-input":{"@type":"PropertyValueSpecification","valueRequired":true,"valueName":"search_term_string"}}],"inLanguage":"es"},{"@type":"Person","@id":"https:\/\/favorite-news.com\/mx\/#\/schema\/person\/b91573b717dcfa5e4696032a9d28d3e8","name":"favorite-news","image":{"@type":"ImageObject","inLanguage":"es","@id":"https:\/\/secure.gravatar.com\/avatar\/6c5a5cb12b74e9d517ee91cf570335b7d16177f1977cc91db161adfa435945a7?s=96&d=mm&r=g","url":"https:\/\/secure.gravatar.com\/avatar\/6c5a5cb12b74e9d517ee91cf570335b7d16177f1977cc91db161adfa435945a7?s=96&d=mm&r=g","contentUrl":"https:\/\/secure.gravatar.com\/avatar\/6c5a5cb12b74e9d517ee91cf570335b7d16177f1977cc91db161adfa435945a7?s=96&d=mm&r=g","caption":"favorite-news"},"url":"https:\/\/favorite-news.com\/mx\/author\/pt\/"}]}},"_links":{"self":[{"href":"https:\/\/favorite-news.com\/mx\/wp-json\/wp\/v2\/posts\/1570","targetHints":{"allow":["GET"]}}],"collection":[{"href":"https:\/\/favorite-news.com\/mx\/wp-json\/wp\/v2\/posts"}],"about":[{"href":"https:\/\/favorite-news.com\/mx\/wp-json\/wp\/v2\/types\/post"}],"author":[{"embeddable":true,"href":"https:\/\/favorite-news.com\/mx\/wp-json\/wp\/v2\/users\/2"}],"replies":[{"embeddable":true,"href":"https:\/\/favorite-news.com\/mx\/wp-json\/wp\/v2\/comments?post=1570"}],"version-history":[{"count":1,"href":"https:\/\/favorite-news.com\/mx\/wp-json\/wp\/v2\/posts\/1570\/revisions"}],"predecessor-version":[{"id":1572,"href":"https:\/\/favorite-news.com\/mx\/wp-json\/wp\/v2\/posts\/1570\/revisions\/1572"}],"wp:featuredmedia":[{"embeddable":true,"href":"https:\/\/favorite-news.com\/mx\/wp-json\/wp\/v2\/media\/1571"}],"wp:attachment":[{"href":"https:\/\/favorite-news.com\/mx\/wp-json\/wp\/v2\/media?parent=1570"}],"wp:term":[{"taxonomy":"category","embeddable":true,"href":"https:\/\/favorite-news.com\/mx\/wp-json\/wp\/v2\/categories?post=1570"},{"taxonomy":"post_tag","embeddable":true,"href":"https:\/\/favorite-news.com\/mx\/wp-json\/wp\/v2\/tags?post=1570"}],"curies":[{"name":"wp","href":"https:\/\/api.w.org\/{rel}","templated":true}]}}