{"id":1569,"date":"2019-06-20T15:30:57","date_gmt":"2019-06-20T12:30:57","guid":{"rendered":"https:\/\/favorite-news.com\/mx\/baja-88-la-creacion-de-empleos-formales\/"},"modified":"2019-06-20T15:30:57","modified_gmt":"2019-06-20T12:30:57","slug":"baja-88-la-creacion-de-empleos-formales","status":"publish","type":"post","link":"https:\/\/favorite-news.com\/mx\/baja-88-la-creacion-de-empleos-formales\/","title":{"rendered":"Baja 88% la creaci\u00f3n de empleos formales"},"content":{"rendered":"<p> [ad_1]<br \/>\n<\/p>\n<div id=\"content-body-226-3789168\">\n<p>Las contrataciones de empleados registradas ante el Instituto Mexicano del Seguro Social (IMSS) durante mayo se contrajeron 88.3 por ciento en relaci\u00f3n con el mismo periodo del a\u00f1o anterior, pues apenas hubo registro de tres mil 963 fuentes laborales nuevas, una cifra \u201chorrible\u201d, seg\u00fan ManpowerGroup. <\/p>\n<p>\u201cEl n\u00famero total de empleos generados hasta el momento en el a\u00f1o son 303 mil a mayo. Si lo comparamos con el a\u00f1o pasado, esto est\u00e1 horrible, es como 30 por ciento menos\u201d, mencion\u00f3 en entrevista con El Sol de M\u00e9xico, H\u00e9ctor M\u00e1rquez Pitol, director de Relaciones Institucionales de ManpowerGroup, empresa especializada en la administraci\u00f3n de recursos humanos.<\/p>\n<h4\/>\n<p>Aunque la mayor\u00eda de las \u00e1reas mostraron expansiones en la generaci\u00f3n de empleos, hubo dos ramos que tuvieron bajas. En la construcci\u00f3n la contracci\u00f3n en el empleo fue de 2.1 por ciento y de 3.4 por ciento en las empresas de la industria extractiva, seg\u00fan cifras del IMSS. <\/p>\n<p>H\u00e9ctor M\u00e1rquez precis\u00f3 que la ca\u00edda en estos sectores se debe a la incertidumbre y la baja inversi\u00f3n del gobierno federal en los primeros meses del a\u00f1o. <\/p>\n<p>\u201cLa construcci\u00f3n es un sector que va de acuerdo con el nivel de la econom\u00eda, y cuando hay excedentes la gente construye. La construcci\u00f3n ha sido afectada por la detenci\u00f3n de las obras que ha habido y porque al no tener inversi\u00f3n p\u00fablica, el gobierno no contrata trabajadores. Todo va a cambiar cuando la inversi\u00f3n en construcci\u00f3n y en la transformaci\u00f3n crezca\u201d, dijo el especialista. <\/p>\n<p>Por separado, la titular de la Secretaria del Trabajo y Previsi\u00f3n Social (STPS), Luisa Mar\u00eda Alcalde Luj\u00e1n, justific\u00f3 las cifras negativas del IMSS al se\u00f1alar que los datos no incluyen a los beneficiarios de los programas Sembrando Vida y J\u00f3venes Construyendo el Futuro. <\/p>\n<p>&#8220;Aunque estos datos no se registran de manera tradicional son personas que est\u00e1n trabajando y son personas que est\u00e1n en actividades productivas&#8221;, dijo tras participar en el IV Encuentro de J\u00f3venes de la Alianza del Pac\u00edfico.<\/p>\n<p>Alcalde Luj\u00e1n asever\u00f3 que en Sembrando Vida se han beneficiado 200 mil jornaleros y en J\u00f3venes Construyendo el Futuro ya hay 650 mil aprendices integrados al mercado laboral. <\/p>\n<p>Sin embargo, M\u00e1rquez Pitol precis\u00f3 que los beneficiarios del programa \u201cno son trabajadores y es correcto que el IMSS no los contabilice, porque si no estar\u00eda alter\u00e1ndose la cifra\u201d. <\/p>\n<p>El especialista en recursos humanos reconoci\u00f3 que m\u00e1s adelante muchos j\u00f3venes dejar\u00e1n de ser becarios y se incorporar\u00e1n como empleados a las organizaciones, por lo que crecer\u00e1 la cifra de creaci\u00f3n de fuentes laborales. <\/p>\n<p>\u201cTodav\u00eda no lo vemos reflejado, son pol\u00edticas p\u00fablicas muy buenas, pero todav\u00eda no se reflejan en las cifras del IMSS, eso se podr\u00e1 ver a partir del a\u00f1o que entra\u201d, pronostic\u00f3. <\/p>\n<p>El reporte del IMSS divulgado este mi\u00e9rcoles indica que al 31 de mayo de 2019, la STPS registra 609 mil 399 personas vinculadas al Programa J\u00f3venes Construyendo el Futuro, es decir, que ya eligi\u00f3 un Centro de Trabajo, de los cuales 481 mil 548 ya cuentan con servicio m\u00e9dico en el IMSS y el resto de los j\u00f3venes aprendices iniciaron su capacitaci\u00f3n el 1 de junio. <\/p>\n<p>Luisa Mar\u00eda Alcalde a\u00f1adi\u00f3 que en general el saldo en materia laboral de los primeros meses del sexenio es positivo, debido al aumento al salario m\u00ednimo.<\/p>\n<p>Seg\u00fan los datos del Seguro Social, al cierre de mayo el salario base de cotizaci\u00f3n de los trabajadores asegurados al IMSS alcanz\u00f3 un monto de 377.5 pesos, con un crecimiento anual nominal de 6.7 por ciento. <\/p>\n<p>Finalmente, la titular de la Secretar\u00eda del Trabajo adelant\u00f3 que la apuesta del gobierno federal es fomentar la proliferaci\u00f3n de actividades productivas por medio de programas sociales, esto para que la gente encuentre empleo sin salir de sus comunidades. <\/p>\n<p>&#8220;Como nunca se est\u00e1 impulsando la incorporaci\u00f3n de mexicanas y mexicanos en actividades productivas&#8221;, dijo la funcionaria federal.<\/p>\n<\/div>\n<p><script>(function(d, s, id) {\nvar js, fjs = d.getElementsByTagName(s)[0];\nif (d.getElementById(id)) return;\njs = d.createElement(s); js.id = id;\njs.src = 'https:\/\/connect.facebook.net\/es_LA\/sdk.js#xfbml=1&version=v3.2&appId=641196362757391&autoLogAppEvents=1';\nfjs.parentNode.insertBefore(js, fjs);\n}(document, 'script', 'facebook-jssdk'));\n<\/script><br \/>\n<br \/>[ad_2]<br \/>\n<br \/><a href=\"https:\/\/www.elsoldemexico.com.mx\/finanzas\/baja-88-la-creacion-de-empleos-formales-3789168.html\">Source link <\/a><\/p>\n","protected":false},"excerpt":{"rendered":"<p>[ad_1] Las contrataciones de empleados registradas ante el Instituto Mexicano del Seguro Social (IMSS) durante mayo se contrajeron 88.3 por ciento en relaci\u00f3n con el mismo periodo del a\u00f1o anterior, pues apenas hubo registro de tres mil 963 fuentes laborales nuevas, una cifra \u201chorrible\u201d, seg\u00fan ManpowerGroup. \u201cEl n\u00famero total de empleos generados hasta el momento [&hellip;]<\/p>\n","protected":false},"author":2,"featured_media":0,"comment_status":"open","ping_status":"open","sticky":false,"template":"","format":"standard","meta":{"footnotes":""},"categories":[1],"tags":[],"class_list":["post-1569","post","type-post","status-publish","format-standard","hentry","category-noticias-financieras"],"yoast_head":"<!-- This site is optimized with the Yoast SEO plugin v27.4 - https:\/\/yoast.com\/product\/yoast-seo-wordpress\/ -->\n<title>Baja 88% la creaci\u00f3n de empleos formales - Favorite News<\/title>\n<meta name=\"robots\" content=\"index, follow, max-snippet:-1, max-image-preview:large, max-video-preview:-1\" \/>\n<link rel=\"canonical\" href=\"https:\/\/favorite-news.com\/mx\/baja-88-la-creacion-de-empleos-formales\/\" \/>\n<meta property=\"og:locale\" content=\"es_MX\" \/>\n<meta property=\"og:type\" content=\"article\" \/>\n<meta property=\"og:title\" content=\"Baja 88% la creaci\u00f3n de empleos formales - Favorite News\" \/>\n<meta property=\"og:description\" content=\"[ad_1] Las contrataciones de empleados registradas ante el Instituto Mexicano del Seguro Social (IMSS) durante mayo se contrajeron 88.3 por ciento en relaci\u00f3n con el mismo periodo del a\u00f1o anterior, pues apenas hubo registro de tres mil 963 fuentes laborales nuevas, una cifra \u201chorrible\u201d, seg\u00fan ManpowerGroup. \u201cEl n\u00famero total de empleos generados hasta el momento [&hellip;]\" \/>\n<meta property=\"og:url\" content=\"https:\/\/favorite-news.com\/mx\/baja-88-la-creacion-de-empleos-formales\/\" \/>\n<meta property=\"og:site_name\" content=\"Favorite News\" \/>\n<meta property=\"article:published_time\" content=\"2019-06-20T12:30:57+00:00\" \/>\n<meta name=\"author\" content=\"favorite-news\" \/>\n<meta name=\"twitter:card\" content=\"summary_large_image\" \/>\n<meta name=\"twitter:label1\" content=\"Escrito por\" \/>\n\t<meta name=\"twitter:data1\" content=\"favorite-news\" \/>\n\t<meta name=\"twitter:label2\" content=\"Tiempo de lectura\" \/>\n\t<meta name=\"twitter:data2\" content=\"3 minutos\" \/>\n<script type=\"application\/ld+json\" class=\"yoast-schema-graph\">{\"@context\":\"https:\\\/\\\/schema.org\",\"@graph\":[{\"@type\":\"Article\",\"@id\":\"https:\\\/\\\/favorite-news.com\\\/mx\\\/baja-88-la-creacion-de-empleos-formales\\\/#article\",\"isPartOf\":{\"@id\":\"https:\\\/\\\/favorite-news.com\\\/mx\\\/baja-88-la-creacion-de-empleos-formales\\\/\"},\"author\":{\"name\":\"favorite-news\",\"@id\":\"https:\\\/\\\/favorite-news.com\\\/mx\\\/#\\\/schema\\\/person\\\/b91573b717dcfa5e4696032a9d28d3e8\"},\"headline\":\"Baja 88% la creaci\u00f3n de empleos formales\",\"datePublished\":\"2019-06-20T12:30:57+00:00\",\"mainEntityOfPage\":{\"@id\":\"https:\\\/\\\/favorite-news.com\\\/mx\\\/baja-88-la-creacion-de-empleos-formales\\\/\"},\"wordCount\":689,\"commentCount\":0,\"articleSection\":[\"NOTICIAS FINANCIERAS\"],\"inLanguage\":\"es\",\"potentialAction\":[{\"@type\":\"CommentAction\",\"name\":\"Comment\",\"target\":[\"https:\\\/\\\/favorite-news.com\\\/mx\\\/baja-88-la-creacion-de-empleos-formales\\\/#respond\"]}]},{\"@type\":\"WebPage\",\"@id\":\"https:\\\/\\\/favorite-news.com\\\/mx\\\/baja-88-la-creacion-de-empleos-formales\\\/\",\"url\":\"https:\\\/\\\/favorite-news.com\\\/mx\\\/baja-88-la-creacion-de-empleos-formales\\\/\",\"name\":\"Baja 88% la creaci\u00f3n de empleos formales - Favorite News\",\"isPartOf\":{\"@id\":\"https:\\\/\\\/favorite-news.com\\\/mx\\\/#website\"},\"datePublished\":\"2019-06-20T12:30:57+00:00\",\"author\":{\"@id\":\"https:\\\/\\\/favorite-news.com\\\/mx\\\/#\\\/schema\\\/person\\\/b91573b717dcfa5e4696032a9d28d3e8\"},\"breadcrumb\":{\"@id\":\"https:\\\/\\\/favorite-news.com\\\/mx\\\/baja-88-la-creacion-de-empleos-formales\\\/#breadcrumb\"},\"inLanguage\":\"es\",\"potentialAction\":[{\"@type\":\"ReadAction\",\"target\":[\"https:\\\/\\\/favorite-news.com\\\/mx\\\/baja-88-la-creacion-de-empleos-formales\\\/\"]}]},{\"@type\":\"BreadcrumbList\",\"@id\":\"https:\\\/\\\/favorite-news.com\\\/mx\\\/baja-88-la-creacion-de-empleos-formales\\\/#breadcrumb\",\"itemListElement\":[{\"@type\":\"ListItem\",\"position\":1,\"name\":\"\u0413\u043b\u0430\u0432\u043d\u0430\u044f \u0441\u0442\u0440\u0430\u043d\u0438\u0446\u0430\",\"item\":\"https:\\\/\\\/favorite-news.com\\\/mx\\\/\"},{\"@type\":\"ListItem\",\"position\":2,\"name\":\"Baja 88% la creaci\u00f3n de empleos formales\"}]},{\"@type\":\"WebSite\",\"@id\":\"https:\\\/\\\/favorite-news.com\\\/mx\\\/#website\",\"url\":\"https:\\\/\\\/favorite-news.com\\\/mx\\\/\",\"name\":\"Favorite News\",\"description\":\"Favorite News Mexico\",\"potentialAction\":[{\"@type\":\"SearchAction\",\"target\":{\"@type\":\"EntryPoint\",\"urlTemplate\":\"https:\\\/\\\/favorite-news.com\\\/mx\\\/?s={search_term_string}\"},\"query-input\":{\"@type\":\"PropertyValueSpecification\",\"valueRequired\":true,\"valueName\":\"search_term_string\"}}],\"inLanguage\":\"es\"},{\"@type\":\"Person\",\"@id\":\"https:\\\/\\\/favorite-news.com\\\/mx\\\/#\\\/schema\\\/person\\\/b91573b717dcfa5e4696032a9d28d3e8\",\"name\":\"favorite-news\",\"image\":{\"@type\":\"ImageObject\",\"inLanguage\":\"es\",\"@id\":\"https:\\\/\\\/secure.gravatar.com\\\/avatar\\\/6c5a5cb12b74e9d517ee91cf570335b7d16177f1977cc91db161adfa435945a7?s=96&d=mm&r=g\",\"url\":\"https:\\\/\\\/secure.gravatar.com\\\/avatar\\\/6c5a5cb12b74e9d517ee91cf570335b7d16177f1977cc91db161adfa435945a7?s=96&d=mm&r=g\",\"contentUrl\":\"https:\\\/\\\/secure.gravatar.com\\\/avatar\\\/6c5a5cb12b74e9d517ee91cf570335b7d16177f1977cc91db161adfa435945a7?s=96&d=mm&r=g\",\"caption\":\"favorite-news\"},\"url\":\"https:\\\/\\\/favorite-news.com\\\/mx\\\/author\\\/pt\\\/\"}]}<\/script>\n<!-- \/ Yoast SEO plugin. -->","yoast_head_json":{"title":"Baja 88% la creaci\u00f3n de empleos formales - Favorite News","robots":{"index":"index","follow":"follow","max-snippet":"max-snippet:-1","max-image-preview":"max-image-preview:large","max-video-preview":"max-video-preview:-1"},"canonical":"https:\/\/favorite-news.com\/mx\/baja-88-la-creacion-de-empleos-formales\/","og_locale":"es_MX","og_type":"article","og_title":"Baja 88% la creaci\u00f3n de empleos formales - Favorite News","og_description":"[ad_1] Las contrataciones de empleados registradas ante el Instituto Mexicano del Seguro Social (IMSS) durante mayo se contrajeron 88.3 por ciento en relaci\u00f3n con el mismo periodo del a\u00f1o anterior, pues apenas hubo registro de tres mil 963 fuentes laborales nuevas, una cifra \u201chorrible\u201d, seg\u00fan ManpowerGroup. \u201cEl n\u00famero total de empleos generados hasta el momento [&hellip;]","og_url":"https:\/\/favorite-news.com\/mx\/baja-88-la-creacion-de-empleos-formales\/","og_site_name":"Favorite News","article_published_time":"2019-06-20T12:30:57+00:00","author":"favorite-news","twitter_card":"summary_large_image","twitter_misc":{"Escrito por":"favorite-news","Tiempo de lectura":"3 minutos"},"schema":{"@context":"https:\/\/schema.org","@graph":[{"@type":"Article","@id":"https:\/\/favorite-news.com\/mx\/baja-88-la-creacion-de-empleos-formales\/#article","isPartOf":{"@id":"https:\/\/favorite-news.com\/mx\/baja-88-la-creacion-de-empleos-formales\/"},"author":{"name":"favorite-news","@id":"https:\/\/favorite-news.com\/mx\/#\/schema\/person\/b91573b717dcfa5e4696032a9d28d3e8"},"headline":"Baja 88% la creaci\u00f3n de empleos formales","datePublished":"2019-06-20T12:30:57+00:00","mainEntityOfPage":{"@id":"https:\/\/favorite-news.com\/mx\/baja-88-la-creacion-de-empleos-formales\/"},"wordCount":689,"commentCount":0,"articleSection":["NOTICIAS FINANCIERAS"],"inLanguage":"es","potentialAction":[{"@type":"CommentAction","name":"Comment","target":["https:\/\/favorite-news.com\/mx\/baja-88-la-creacion-de-empleos-formales\/#respond"]}]},{"@type":"WebPage","@id":"https:\/\/favorite-news.com\/mx\/baja-88-la-creacion-de-empleos-formales\/","url":"https:\/\/favorite-news.com\/mx\/baja-88-la-creacion-de-empleos-formales\/","name":"Baja 88% la creaci\u00f3n de empleos formales - Favorite News","isPartOf":{"@id":"https:\/\/favorite-news.com\/mx\/#website"},"datePublished":"2019-06-20T12:30:57+00:00","author":{"@id":"https:\/\/favorite-news.com\/mx\/#\/schema\/person\/b91573b717dcfa5e4696032a9d28d3e8"},"breadcrumb":{"@id":"https:\/\/favorite-news.com\/mx\/baja-88-la-creacion-de-empleos-formales\/#breadcrumb"},"inLanguage":"es","potentialAction":[{"@type":"ReadAction","target":["https:\/\/favorite-news.com\/mx\/baja-88-la-creacion-de-empleos-formales\/"]}]},{"@type":"BreadcrumbList","@id":"https:\/\/favorite-news.com\/mx\/baja-88-la-creacion-de-empleos-formales\/#breadcrumb","itemListElement":[{"@type":"ListItem","position":1,"name":"\u0413\u043b\u0430\u0432\u043d\u0430\u044f \u0441\u0442\u0440\u0430\u043d\u0438\u0446\u0430","item":"https:\/\/favorite-news.com\/mx\/"},{"@type":"ListItem","position":2,"name":"Baja 88% la creaci\u00f3n de empleos formales"}]},{"@type":"WebSite","@id":"https:\/\/favorite-news.com\/mx\/#website","url":"https:\/\/favorite-news.com\/mx\/","name":"Favorite News","description":"Favorite News Mexico","potentialAction":[{"@type":"SearchAction","target":{"@type":"EntryPoint","urlTemplate":"https:\/\/favorite-news.com\/mx\/?s={search_term_string}"},"query-input":{"@type":"PropertyValueSpecification","valueRequired":true,"valueName":"search_term_string"}}],"inLanguage":"es"},{"@type":"Person","@id":"https:\/\/favorite-news.com\/mx\/#\/schema\/person\/b91573b717dcfa5e4696032a9d28d3e8","name":"favorite-news","image":{"@type":"ImageObject","inLanguage":"es","@id":"https:\/\/secure.gravatar.com\/avatar\/6c5a5cb12b74e9d517ee91cf570335b7d16177f1977cc91db161adfa435945a7?s=96&d=mm&r=g","url":"https:\/\/secure.gravatar.com\/avatar\/6c5a5cb12b74e9d517ee91cf570335b7d16177f1977cc91db161adfa435945a7?s=96&d=mm&r=g","contentUrl":"https:\/\/secure.gravatar.com\/avatar\/6c5a5cb12b74e9d517ee91cf570335b7d16177f1977cc91db161adfa435945a7?s=96&d=mm&r=g","caption":"favorite-news"},"url":"https:\/\/favorite-news.com\/mx\/author\/pt\/"}]}},"_links":{"self":[{"href":"https:\/\/favorite-news.com\/mx\/wp-json\/wp\/v2\/posts\/1569","targetHints":{"allow":["GET"]}}],"collection":[{"href":"https:\/\/favorite-news.com\/mx\/wp-json\/wp\/v2\/posts"}],"about":[{"href":"https:\/\/favorite-news.com\/mx\/wp-json\/wp\/v2\/types\/post"}],"author":[{"embeddable":true,"href":"https:\/\/favorite-news.com\/mx\/wp-json\/wp\/v2\/users\/2"}],"replies":[{"embeddable":true,"href":"https:\/\/favorite-news.com\/mx\/wp-json\/wp\/v2\/comments?post=1569"}],"version-history":[{"count":0,"href":"https:\/\/favorite-news.com\/mx\/wp-json\/wp\/v2\/posts\/1569\/revisions"}],"wp:attachment":[{"href":"https:\/\/favorite-news.com\/mx\/wp-json\/wp\/v2\/media?parent=1569"}],"wp:term":[{"taxonomy":"category","embeddable":true,"href":"https:\/\/favorite-news.com\/mx\/wp-json\/wp\/v2\/categories?post=1569"},{"taxonomy":"post_tag","embeddable":true,"href":"https:\/\/favorite-news.com\/mx\/wp-json\/wp\/v2\/tags?post=1569"}],"curies":[{"name":"wp","href":"https:\/\/api.w.org\/{rel}","templated":true}]}}