{"id":1568,"date":"2019-06-20T13:51:14","date_gmt":"2019-06-20T10:51:14","guid":{"rendered":"https:\/\/favorite-news.com\/mx\/designan-a-sindico-del-caso-oro-negro\/"},"modified":"2019-06-20T13:51:14","modified_gmt":"2019-06-20T10:51:14","slug":"designan-a-sindico-del-caso-oro-negro","status":"publish","type":"post","link":"https:\/\/favorite-news.com\/mx\/designan-a-sindico-del-caso-oro-negro\/","title":{"rendered":"Designan a s\u00edndico del caso Oro Negro"},"content":{"rendered":"<p> [ad_1]<br \/>\n<\/p>\n<div id=\"content-body-226-3789244\">\n<p>El Instituto Federal de Especialistas de Concursos Mercantiles (Ifecom) design\u00f3 a Fernando P\u00e9rez-Correa Camarena como s\u00edndico de la empresa de servicios petroleros Oro Negro, declarada en quiebra por un juez federal la semana pasada. <\/p>\n<p>Con 20 a\u00f1os de experiencia, P\u00e9rez-Correa se registr\u00f3 como conciliador y s\u00edndico ante el Ifecom en 2005. Entre sus asignaciones m\u00e1s reconocidas est\u00e1 la de haber sido el conciliador en el proceso del concurso mercantil de Mexicana de Aviaci\u00f3n.<\/p>\n<h4\/>\n<p>El a\u00f1o pasado fue designado interventor en el concurso mercantil de Oro Negro y, hace unos d\u00edas ratificado como s\u00edndico de la empresa que rentaba plataformas a Pemex. <\/p>\n<p>El abogado tendr\u00e1 a su cargo la enajenaci\u00f3n de la masa concursal de la compa\u00f1\u00eda, compuesta por el conjunto de sus bienes y derechos, para obtener el mayor valor posible y proceder al pago de deudas de la empresa con sus acreedores. La deuda de Oro Negro, la empresa de Gonzalo Gil White, hijo del exsecretario de Hacienda y Cr\u00e9dito P\u00fablico Francisco Gil D\u00edaz, asciende a 900 millones de d\u00f3lares, seg\u00fan indic\u00f3 Daniel D\u00edaz, abogado de los bonistas. <\/p>\n<p>La tarea del s\u00edndico, a\u00f1adi\u00f3 D\u00edaz, ser\u00e1 complicada debido a que Oro Negro no posee ning\u00fan activo fijo que pueda rematarse. El \u00fanico bien con el que cuenta la empresa es el valor que se le pueda otorgar a los juicios que tienen en contra de Pemex, sus acreedores y el gobierno mexicano, en caso de que ganara, se\u00f1ala el abogado. <\/p>\n<p>Incluso las plataformas que Oro Negro rent\u00f3 a Pemex por cantidades millonarias durante la gesti\u00f3n de Emilio Lozoya como director de la petrolera estatal no cuentan como bienes que puedan venderse para solventar la deuda de la compa\u00f1\u00eda, ya que no le pertenec\u00edan. <\/p>\n<p>La compa\u00f1\u00eda obtuvo contratos de arrendamiento en ese periodo por m\u00e1s de 18 mil millones de pesos. <\/p>\n<p>Los equipos marinos Primus, Decus, \u00cdmpetus, Fortius y Laurus, que se localizaban frente a las costas de Campeche eran de compa\u00f1\u00edas de Singapur acreedoras de Oro Negro. <\/p>\n<p>En mayo, un juez federal orden\u00f3 que esa bases fueran devueltas a su due\u00f1os al comprobar que la empresa de Gil White carec\u00eda de los recursos para darles mantenimiento adecuado. <\/p>\n<p>P\u00e9rez-Correa tendr\u00e1 poco margen para actuar, seg\u00fan coment\u00f3 el abogado de los acreedores, por lo que estim\u00f3 que el caso se cierre en unas semanas.<\/p>\n<\/div>\n<p><script>(function(d, s, id) {\nvar js, fjs = d.getElementsByTagName(s)[0];\nif (d.getElementById(id)) return;\njs = d.createElement(s); js.id = id;\njs.src = 'https:\/\/connect.facebook.net\/es_LA\/sdk.js#xfbml=1&version=v3.2&appId=641196362757391&autoLogAppEvents=1';\nfjs.parentNode.insertBefore(js, fjs);\n}(document, 'script', 'facebook-jssdk'));\n<\/script><br \/>\n<br \/>[ad_2]<br \/>\n<br \/><a href=\"https:\/\/www.elsoldemexico.com.mx\/finanzas\/designan-a-sindico-del-caso-oro-negro-3789244.html\">Source link <\/a><\/p>\n","protected":false},"excerpt":{"rendered":"<p>[ad_1] El Instituto Federal de Especialistas de Concursos Mercantiles (Ifecom) design\u00f3 a Fernando P\u00e9rez-Correa Camarena como s\u00edndico de la empresa de servicios petroleros Oro Negro, declarada en quiebra por un juez federal la semana pasada. Con 20 a\u00f1os de experiencia, P\u00e9rez-Correa se registr\u00f3 como conciliador y s\u00edndico ante el Ifecom en 2005. Entre sus asignaciones [&hellip;]<\/p>\n","protected":false},"author":2,"featured_media":0,"comment_status":"open","ping_status":"open","sticky":false,"template":"","format":"standard","meta":{"footnotes":""},"categories":[1],"tags":[],"class_list":["post-1568","post","type-post","status-publish","format-standard","hentry","category-noticias-financieras"],"yoast_head":"<!-- This site is optimized with the Yoast SEO plugin v27.4 - https:\/\/yoast.com\/product\/yoast-seo-wordpress\/ -->\n<title>Designan a s\u00edndico del caso Oro Negro - Favorite News<\/title>\n<meta name=\"robots\" content=\"index, follow, max-snippet:-1, max-image-preview:large, max-video-preview:-1\" \/>\n<link rel=\"canonical\" href=\"https:\/\/favorite-news.com\/mx\/designan-a-sindico-del-caso-oro-negro\/\" \/>\n<meta property=\"og:locale\" content=\"es_MX\" \/>\n<meta property=\"og:type\" content=\"article\" \/>\n<meta property=\"og:title\" content=\"Designan a s\u00edndico del caso Oro Negro - Favorite News\" \/>\n<meta property=\"og:description\" content=\"[ad_1] El Instituto Federal de Especialistas de Concursos Mercantiles (Ifecom) design\u00f3 a Fernando P\u00e9rez-Correa Camarena como s\u00edndico de la empresa de servicios petroleros Oro Negro, declarada en quiebra por un juez federal la semana pasada. Con 20 a\u00f1os de experiencia, P\u00e9rez-Correa se registr\u00f3 como conciliador y s\u00edndico ante el Ifecom en 2005. Entre sus asignaciones [&hellip;]\" \/>\n<meta property=\"og:url\" content=\"https:\/\/favorite-news.com\/mx\/designan-a-sindico-del-caso-oro-negro\/\" \/>\n<meta property=\"og:site_name\" content=\"Favorite News\" \/>\n<meta property=\"article:published_time\" content=\"2019-06-20T10:51:14+00:00\" \/>\n<meta name=\"author\" content=\"favorite-news\" \/>\n<meta name=\"twitter:card\" content=\"summary_large_image\" \/>\n<meta name=\"twitter:label1\" content=\"Escrito por\" \/>\n\t<meta name=\"twitter:data1\" content=\"favorite-news\" \/>\n\t<meta name=\"twitter:label2\" content=\"Tiempo de lectura\" \/>\n\t<meta name=\"twitter:data2\" content=\"2 minutos\" \/>\n<script type=\"application\/ld+json\" class=\"yoast-schema-graph\">{\"@context\":\"https:\\\/\\\/schema.org\",\"@graph\":[{\"@type\":\"Article\",\"@id\":\"https:\\\/\\\/favorite-news.com\\\/mx\\\/designan-a-sindico-del-caso-oro-negro\\\/#article\",\"isPartOf\":{\"@id\":\"https:\\\/\\\/favorite-news.com\\\/mx\\\/designan-a-sindico-del-caso-oro-negro\\\/\"},\"author\":{\"name\":\"favorite-news\",\"@id\":\"https:\\\/\\\/favorite-news.com\\\/mx\\\/#\\\/schema\\\/person\\\/b91573b717dcfa5e4696032a9d28d3e8\"},\"headline\":\"Designan a s\u00edndico del caso Oro Negro\",\"datePublished\":\"2019-06-20T10:51:14+00:00\",\"mainEntityOfPage\":{\"@id\":\"https:\\\/\\\/favorite-news.com\\\/mx\\\/designan-a-sindico-del-caso-oro-negro\\\/\"},\"wordCount\":423,\"commentCount\":0,\"articleSection\":[\"NOTICIAS FINANCIERAS\"],\"inLanguage\":\"es\",\"potentialAction\":[{\"@type\":\"CommentAction\",\"name\":\"Comment\",\"target\":[\"https:\\\/\\\/favorite-news.com\\\/mx\\\/designan-a-sindico-del-caso-oro-negro\\\/#respond\"]}]},{\"@type\":\"WebPage\",\"@id\":\"https:\\\/\\\/favorite-news.com\\\/mx\\\/designan-a-sindico-del-caso-oro-negro\\\/\",\"url\":\"https:\\\/\\\/favorite-news.com\\\/mx\\\/designan-a-sindico-del-caso-oro-negro\\\/\",\"name\":\"Designan a s\u00edndico del caso Oro Negro - Favorite News\",\"isPartOf\":{\"@id\":\"https:\\\/\\\/favorite-news.com\\\/mx\\\/#website\"},\"datePublished\":\"2019-06-20T10:51:14+00:00\",\"author\":{\"@id\":\"https:\\\/\\\/favorite-news.com\\\/mx\\\/#\\\/schema\\\/person\\\/b91573b717dcfa5e4696032a9d28d3e8\"},\"breadcrumb\":{\"@id\":\"https:\\\/\\\/favorite-news.com\\\/mx\\\/designan-a-sindico-del-caso-oro-negro\\\/#breadcrumb\"},\"inLanguage\":\"es\",\"potentialAction\":[{\"@type\":\"ReadAction\",\"target\":[\"https:\\\/\\\/favorite-news.com\\\/mx\\\/designan-a-sindico-del-caso-oro-negro\\\/\"]}]},{\"@type\":\"BreadcrumbList\",\"@id\":\"https:\\\/\\\/favorite-news.com\\\/mx\\\/designan-a-sindico-del-caso-oro-negro\\\/#breadcrumb\",\"itemListElement\":[{\"@type\":\"ListItem\",\"position\":1,\"name\":\"\u0413\u043b\u0430\u0432\u043d\u0430\u044f \u0441\u0442\u0440\u0430\u043d\u0438\u0446\u0430\",\"item\":\"https:\\\/\\\/favorite-news.com\\\/mx\\\/\"},{\"@type\":\"ListItem\",\"position\":2,\"name\":\"Designan a s\u00edndico del caso Oro Negro\"}]},{\"@type\":\"WebSite\",\"@id\":\"https:\\\/\\\/favorite-news.com\\\/mx\\\/#website\",\"url\":\"https:\\\/\\\/favorite-news.com\\\/mx\\\/\",\"name\":\"Favorite News\",\"description\":\"Favorite News Mexico\",\"potentialAction\":[{\"@type\":\"SearchAction\",\"target\":{\"@type\":\"EntryPoint\",\"urlTemplate\":\"https:\\\/\\\/favorite-news.com\\\/mx\\\/?s={search_term_string}\"},\"query-input\":{\"@type\":\"PropertyValueSpecification\",\"valueRequired\":true,\"valueName\":\"search_term_string\"}}],\"inLanguage\":\"es\"},{\"@type\":\"Person\",\"@id\":\"https:\\\/\\\/favorite-news.com\\\/mx\\\/#\\\/schema\\\/person\\\/b91573b717dcfa5e4696032a9d28d3e8\",\"name\":\"favorite-news\",\"image\":{\"@type\":\"ImageObject\",\"inLanguage\":\"es\",\"@id\":\"https:\\\/\\\/secure.gravatar.com\\\/avatar\\\/6c5a5cb12b74e9d517ee91cf570335b7d16177f1977cc91db161adfa435945a7?s=96&d=mm&r=g\",\"url\":\"https:\\\/\\\/secure.gravatar.com\\\/avatar\\\/6c5a5cb12b74e9d517ee91cf570335b7d16177f1977cc91db161adfa435945a7?s=96&d=mm&r=g\",\"contentUrl\":\"https:\\\/\\\/secure.gravatar.com\\\/avatar\\\/6c5a5cb12b74e9d517ee91cf570335b7d16177f1977cc91db161adfa435945a7?s=96&d=mm&r=g\",\"caption\":\"favorite-news\"},\"url\":\"https:\\\/\\\/favorite-news.com\\\/mx\\\/author\\\/pt\\\/\"}]}<\/script>\n<!-- \/ Yoast SEO plugin. -->","yoast_head_json":{"title":"Designan a s\u00edndico del caso Oro Negro - Favorite News","robots":{"index":"index","follow":"follow","max-snippet":"max-snippet:-1","max-image-preview":"max-image-preview:large","max-video-preview":"max-video-preview:-1"},"canonical":"https:\/\/favorite-news.com\/mx\/designan-a-sindico-del-caso-oro-negro\/","og_locale":"es_MX","og_type":"article","og_title":"Designan a s\u00edndico del caso Oro Negro - Favorite News","og_description":"[ad_1] El Instituto Federal de Especialistas de Concursos Mercantiles (Ifecom) design\u00f3 a Fernando P\u00e9rez-Correa Camarena como s\u00edndico de la empresa de servicios petroleros Oro Negro, declarada en quiebra por un juez federal la semana pasada. Con 20 a\u00f1os de experiencia, P\u00e9rez-Correa se registr\u00f3 como conciliador y s\u00edndico ante el Ifecom en 2005. Entre sus asignaciones [&hellip;]","og_url":"https:\/\/favorite-news.com\/mx\/designan-a-sindico-del-caso-oro-negro\/","og_site_name":"Favorite News","article_published_time":"2019-06-20T10:51:14+00:00","author":"favorite-news","twitter_card":"summary_large_image","twitter_misc":{"Escrito por":"favorite-news","Tiempo de lectura":"2 minutos"},"schema":{"@context":"https:\/\/schema.org","@graph":[{"@type":"Article","@id":"https:\/\/favorite-news.com\/mx\/designan-a-sindico-del-caso-oro-negro\/#article","isPartOf":{"@id":"https:\/\/favorite-news.com\/mx\/designan-a-sindico-del-caso-oro-negro\/"},"author":{"name":"favorite-news","@id":"https:\/\/favorite-news.com\/mx\/#\/schema\/person\/b91573b717dcfa5e4696032a9d28d3e8"},"headline":"Designan a s\u00edndico del caso Oro Negro","datePublished":"2019-06-20T10:51:14+00:00","mainEntityOfPage":{"@id":"https:\/\/favorite-news.com\/mx\/designan-a-sindico-del-caso-oro-negro\/"},"wordCount":423,"commentCount":0,"articleSection":["NOTICIAS FINANCIERAS"],"inLanguage":"es","potentialAction":[{"@type":"CommentAction","name":"Comment","target":["https:\/\/favorite-news.com\/mx\/designan-a-sindico-del-caso-oro-negro\/#respond"]}]},{"@type":"WebPage","@id":"https:\/\/favorite-news.com\/mx\/designan-a-sindico-del-caso-oro-negro\/","url":"https:\/\/favorite-news.com\/mx\/designan-a-sindico-del-caso-oro-negro\/","name":"Designan a s\u00edndico del caso Oro Negro - Favorite News","isPartOf":{"@id":"https:\/\/favorite-news.com\/mx\/#website"},"datePublished":"2019-06-20T10:51:14+00:00","author":{"@id":"https:\/\/favorite-news.com\/mx\/#\/schema\/person\/b91573b717dcfa5e4696032a9d28d3e8"},"breadcrumb":{"@id":"https:\/\/favorite-news.com\/mx\/designan-a-sindico-del-caso-oro-negro\/#breadcrumb"},"inLanguage":"es","potentialAction":[{"@type":"ReadAction","target":["https:\/\/favorite-news.com\/mx\/designan-a-sindico-del-caso-oro-negro\/"]}]},{"@type":"BreadcrumbList","@id":"https:\/\/favorite-news.com\/mx\/designan-a-sindico-del-caso-oro-negro\/#breadcrumb","itemListElement":[{"@type":"ListItem","position":1,"name":"\u0413\u043b\u0430\u0432\u043d\u0430\u044f \u0441\u0442\u0440\u0430\u043d\u0438\u0446\u0430","item":"https:\/\/favorite-news.com\/mx\/"},{"@type":"ListItem","position":2,"name":"Designan a s\u00edndico del caso Oro Negro"}]},{"@type":"WebSite","@id":"https:\/\/favorite-news.com\/mx\/#website","url":"https:\/\/favorite-news.com\/mx\/","name":"Favorite News","description":"Favorite News Mexico","potentialAction":[{"@type":"SearchAction","target":{"@type":"EntryPoint","urlTemplate":"https:\/\/favorite-news.com\/mx\/?s={search_term_string}"},"query-input":{"@type":"PropertyValueSpecification","valueRequired":true,"valueName":"search_term_string"}}],"inLanguage":"es"},{"@type":"Person","@id":"https:\/\/favorite-news.com\/mx\/#\/schema\/person\/b91573b717dcfa5e4696032a9d28d3e8","name":"favorite-news","image":{"@type":"ImageObject","inLanguage":"es","@id":"https:\/\/secure.gravatar.com\/avatar\/6c5a5cb12b74e9d517ee91cf570335b7d16177f1977cc91db161adfa435945a7?s=96&d=mm&r=g","url":"https:\/\/secure.gravatar.com\/avatar\/6c5a5cb12b74e9d517ee91cf570335b7d16177f1977cc91db161adfa435945a7?s=96&d=mm&r=g","contentUrl":"https:\/\/secure.gravatar.com\/avatar\/6c5a5cb12b74e9d517ee91cf570335b7d16177f1977cc91db161adfa435945a7?s=96&d=mm&r=g","caption":"favorite-news"},"url":"https:\/\/favorite-news.com\/mx\/author\/pt\/"}]}},"_links":{"self":[{"href":"https:\/\/favorite-news.com\/mx\/wp-json\/wp\/v2\/posts\/1568","targetHints":{"allow":["GET"]}}],"collection":[{"href":"https:\/\/favorite-news.com\/mx\/wp-json\/wp\/v2\/posts"}],"about":[{"href":"https:\/\/favorite-news.com\/mx\/wp-json\/wp\/v2\/types\/post"}],"author":[{"embeddable":true,"href":"https:\/\/favorite-news.com\/mx\/wp-json\/wp\/v2\/users\/2"}],"replies":[{"embeddable":true,"href":"https:\/\/favorite-news.com\/mx\/wp-json\/wp\/v2\/comments?post=1568"}],"version-history":[{"count":0,"href":"https:\/\/favorite-news.com\/mx\/wp-json\/wp\/v2\/posts\/1568\/revisions"}],"wp:attachment":[{"href":"https:\/\/favorite-news.com\/mx\/wp-json\/wp\/v2\/media?parent=1568"}],"wp:term":[{"taxonomy":"category","embeddable":true,"href":"https:\/\/favorite-news.com\/mx\/wp-json\/wp\/v2\/categories?post=1568"},{"taxonomy":"post_tag","embeddable":true,"href":"https:\/\/favorite-news.com\/mx\/wp-json\/wp\/v2\/tags?post=1568"}],"curies":[{"name":"wp","href":"https:\/\/api.w.org\/{rel}","templated":true}]}}