{"id":1564,"date":"2019-06-20T10:32:20","date_gmt":"2019-06-20T07:32:20","guid":{"rendered":"https:\/\/favorite-news.com\/mx\/apple-trasladaria-parte-de-la-produccion-en-china-a-mexico-nikkei\/"},"modified":"2019-06-20T10:32:21","modified_gmt":"2019-06-20T07:32:21","slug":"apple-trasladaria-parte-de-la-produccion-en-china-a-mexico-nikkei","status":"publish","type":"post","link":"https:\/\/favorite-news.com\/mx\/apple-trasladaria-parte-de-la-produccion-en-china-a-mexico-nikkei\/","title":{"rendered":"Apple trasladar\u00eda parte de la producci\u00f3n en China a M\u00e9xico: Nikkei"},"content":{"rendered":"<p> [ad_1]<br \/>\n<\/p>\n<div id=\"content-body-226-3785671\">\n<p>La firma Apple ha pedido a sus proveedores que estudien la posibilidad de trasladar entre el 15 y el 30% de su capacidad de producci\u00f3n desde China hasta pa\u00edses del sudeste asi\u00e1tico y M\u00e9xico, inform\u00f3 hoy el diario Nikkei.<\/p>\n<p>Varias fuentes conocedoras de estos planes indicaron a Nikkei que este esfuerzo est\u00e1 impulsado en parte por las tensiones comerciales entre Washington y Pek\u00edn.<\/p>\n<p>Pero seg\u00fan el diario, en una nota fechada en Taipei, a\u00fan cuando se supere esa guerra comercial Apple proseguir\u00e1 con esos intentos, como parte de sus esfuerzos para diversificar su red de proveedores y producci\u00f3n.<\/p>\n<p>Una de las fuentes atribuy\u00f3 la iniciativa a &#8220;una baja tasa de natalidad (en China), costes laborales mayores y el riesgo de una excesiva centralizaci\u00f3n&#8221; de su red de proveedores para la fabricaci\u00f3n de los tel\u00e9fonos iPhone, las computadoras port\u00e1tiles, las tabletas iPad y otros productos de esa marca.<\/p>\n<h4\/>\n<p>M\u00e1s del 90 % de los productos que vende Apple est\u00e1n ensamblados en China. El a\u00f1o pasado, los proveedores de Apple en China y Hong Kong superaron a los de Estados Unidos por primera vez (41 frente a 37).<\/p>\n<p>Los pa\u00edses alternativos que est\u00e1n siendo considerados incluyen M\u00e9xico, la India, Vietnam, Indonesia y Malasia. La India y Vietnam est\u00e1n entre los favoritos para la diversificaci\u00f3n en la fabricaci\u00f3n de los tel\u00e9fonos de iPhone, seg\u00fan las fuentes de Nikkei, no identificadas.<\/p>\n<p>Cerca de 5 millones de chinos dependen de la presencia de Apple en ese pa\u00eds y de su red de proveedores. S\u00f3lo en China, la firma tiene unos 10 mil empleados.<\/p>\n<p>Los estudios buscan alternativas a largo plazo y los resultados no aparecer\u00e1n hasta dentro de dos o tres a\u00f1os, seg\u00fan dijo al peri\u00f3dico japon\u00e9s el directivo de uno de los proveedores de Apple. <\/p>\n<\/div>\n<p><script>(function(d, s, id) {\nvar js, fjs = d.getElementsByTagName(s)[0];\nif (d.getElementById(id)) return;\njs = d.createElement(s); js.id = id;\njs.src = 'https:\/\/connect.facebook.net\/es_LA\/sdk.js#xfbml=1&version=v3.2&appId=641196362757391&autoLogAppEvents=1';\nfjs.parentNode.insertBefore(js, fjs);\n}(document, 'script', 'facebook-jssdk'));\n<\/script><br \/>\n<br \/>[ad_2]<br \/>\n<br \/><a href=\"https:\/\/www.elsoldemexico.com.mx\/finanzas\/apple-trasladaria-parte-de-la-produccion-en-china-a-mexico-nikkei-3785671.html\">Source link <\/a><\/p>\n","protected":false},"excerpt":{"rendered":"<p>[ad_1] La firma Apple ha pedido a sus proveedores que estudien la posibilidad de trasladar entre el 15 y el 30% de su capacidad de producci\u00f3n desde China hasta pa\u00edses del sudeste asi\u00e1tico y M\u00e9xico, inform\u00f3 hoy el diario Nikkei. Varias fuentes conocedoras de estos planes indicaron a Nikkei que este esfuerzo est\u00e1 impulsado en [&hellip;]<\/p>\n","protected":false},"author":2,"featured_media":1565,"comment_status":"open","ping_status":"open","sticky":false,"template":"","format":"standard","meta":{"footnotes":""},"categories":[1],"tags":[],"class_list":["post-1564","post","type-post","status-publish","format-standard","has-post-thumbnail","hentry","category-noticias-financieras"],"yoast_head":"<!-- This site is optimized with the Yoast SEO plugin v27.4 - https:\/\/yoast.com\/product\/yoast-seo-wordpress\/ -->\n<title>Apple trasladar\u00eda parte de la producci\u00f3n en China a M\u00e9xico: Nikkei - Favorite News<\/title>\n<meta name=\"robots\" content=\"index, follow, max-snippet:-1, max-image-preview:large, max-video-preview:-1\" \/>\n<link rel=\"canonical\" href=\"https:\/\/favorite-news.com\/mx\/apple-trasladaria-parte-de-la-produccion-en-china-a-mexico-nikkei\/\" \/>\n<meta property=\"og:locale\" content=\"es_MX\" \/>\n<meta property=\"og:type\" content=\"article\" \/>\n<meta property=\"og:title\" content=\"Apple trasladar\u00eda parte de la producci\u00f3n en China a M\u00e9xico: Nikkei - Favorite News\" \/>\n<meta property=\"og:description\" content=\"[ad_1] La firma Apple ha pedido a sus proveedores que estudien la posibilidad de trasladar entre el 15 y el 30% de su capacidad de producci\u00f3n desde China hasta pa\u00edses del sudeste asi\u00e1tico y M\u00e9xico, inform\u00f3 hoy el diario Nikkei. Varias fuentes conocedoras de estos planes indicaron a Nikkei que este esfuerzo est\u00e1 impulsado en [&hellip;]\" \/>\n<meta property=\"og:url\" content=\"https:\/\/favorite-news.com\/mx\/apple-trasladaria-parte-de-la-produccion-en-china-a-mexico-nikkei\/\" \/>\n<meta property=\"og:site_name\" content=\"Favorite News\" \/>\n<meta property=\"article:published_time\" content=\"2019-06-20T07:32:20+00:00\" \/>\n<meta property=\"article:modified_time\" content=\"2019-06-20T07:32:21+00:00\" \/>\n<meta property=\"og:image\" content=\"https:\/\/favorite-news.com\/mx\/wp-content\/uploads\/sites\/8\/2019\/06\/Apple-trasladar\u00eda-parte-de-la-producci\u00f3n-en-China-a-M\u00e9xico.jpg\" \/>\n\t<meta property=\"og:image:width\" content=\"1140\" \/>\n\t<meta property=\"og:image:height\" content=\"712\" \/>\n\t<meta property=\"og:image:type\" content=\"image\/jpeg\" \/>\n<meta name=\"author\" content=\"favorite-news\" \/>\n<meta name=\"twitter:card\" content=\"summary_large_image\" \/>\n<meta name=\"twitter:label1\" content=\"Escrito por\" \/>\n\t<meta name=\"twitter:data1\" content=\"favorite-news\" \/>\n\t<meta name=\"twitter:label2\" content=\"Tiempo de lectura\" \/>\n\t<meta name=\"twitter:data2\" content=\"2 minutos\" \/>\n<script type=\"application\/ld+json\" class=\"yoast-schema-graph\">{\"@context\":\"https:\\\/\\\/schema.org\",\"@graph\":[{\"@type\":\"Article\",\"@id\":\"https:\\\/\\\/favorite-news.com\\\/mx\\\/apple-trasladaria-parte-de-la-produccion-en-china-a-mexico-nikkei\\\/#article\",\"isPartOf\":{\"@id\":\"https:\\\/\\\/favorite-news.com\\\/mx\\\/apple-trasladaria-parte-de-la-produccion-en-china-a-mexico-nikkei\\\/\"},\"author\":{\"name\":\"favorite-news\",\"@id\":\"https:\\\/\\\/favorite-news.com\\\/mx\\\/#\\\/schema\\\/person\\\/b91573b717dcfa5e4696032a9d28d3e8\"},\"headline\":\"Apple trasladar\u00eda parte de la producci\u00f3n en China a M\u00e9xico: Nikkei\",\"datePublished\":\"2019-06-20T07:32:20+00:00\",\"dateModified\":\"2019-06-20T07:32:21+00:00\",\"mainEntityOfPage\":{\"@id\":\"https:\\\/\\\/favorite-news.com\\\/mx\\\/apple-trasladaria-parte-de-la-produccion-en-china-a-mexico-nikkei\\\/\"},\"wordCount\":331,\"commentCount\":0,\"image\":{\"@id\":\"https:\\\/\\\/favorite-news.com\\\/mx\\\/apple-trasladaria-parte-de-la-produccion-en-china-a-mexico-nikkei\\\/#primaryimage\"},\"thumbnailUrl\":\"https:\\\/\\\/favorite-news.com\\\/mx\\\/wp-content\\\/uploads\\\/sites\\\/8\\\/2019\\\/06\\\/Apple-trasladar\u00eda-parte-de-la-producci\u00f3n-en-China-a-M\u00e9xico.jpg\",\"articleSection\":[\"NOTICIAS FINANCIERAS\"],\"inLanguage\":\"es\",\"potentialAction\":[{\"@type\":\"CommentAction\",\"name\":\"Comment\",\"target\":[\"https:\\\/\\\/favorite-news.com\\\/mx\\\/apple-trasladaria-parte-de-la-produccion-en-china-a-mexico-nikkei\\\/#respond\"]}]},{\"@type\":\"WebPage\",\"@id\":\"https:\\\/\\\/favorite-news.com\\\/mx\\\/apple-trasladaria-parte-de-la-produccion-en-china-a-mexico-nikkei\\\/\",\"url\":\"https:\\\/\\\/favorite-news.com\\\/mx\\\/apple-trasladaria-parte-de-la-produccion-en-china-a-mexico-nikkei\\\/\",\"name\":\"Apple trasladar\u00eda parte de la producci\u00f3n en China a M\u00e9xico: Nikkei - Favorite News\",\"isPartOf\":{\"@id\":\"https:\\\/\\\/favorite-news.com\\\/mx\\\/#website\"},\"primaryImageOfPage\":{\"@id\":\"https:\\\/\\\/favorite-news.com\\\/mx\\\/apple-trasladaria-parte-de-la-produccion-en-china-a-mexico-nikkei\\\/#primaryimage\"},\"image\":{\"@id\":\"https:\\\/\\\/favorite-news.com\\\/mx\\\/apple-trasladaria-parte-de-la-produccion-en-china-a-mexico-nikkei\\\/#primaryimage\"},\"thumbnailUrl\":\"https:\\\/\\\/favorite-news.com\\\/mx\\\/wp-content\\\/uploads\\\/sites\\\/8\\\/2019\\\/06\\\/Apple-trasladar\u00eda-parte-de-la-producci\u00f3n-en-China-a-M\u00e9xico.jpg\",\"datePublished\":\"2019-06-20T07:32:20+00:00\",\"dateModified\":\"2019-06-20T07:32:21+00:00\",\"author\":{\"@id\":\"https:\\\/\\\/favorite-news.com\\\/mx\\\/#\\\/schema\\\/person\\\/b91573b717dcfa5e4696032a9d28d3e8\"},\"breadcrumb\":{\"@id\":\"https:\\\/\\\/favorite-news.com\\\/mx\\\/apple-trasladaria-parte-de-la-produccion-en-china-a-mexico-nikkei\\\/#breadcrumb\"},\"inLanguage\":\"es\",\"potentialAction\":[{\"@type\":\"ReadAction\",\"target\":[\"https:\\\/\\\/favorite-news.com\\\/mx\\\/apple-trasladaria-parte-de-la-produccion-en-china-a-mexico-nikkei\\\/\"]}]},{\"@type\":\"ImageObject\",\"inLanguage\":\"es\",\"@id\":\"https:\\\/\\\/favorite-news.com\\\/mx\\\/apple-trasladaria-parte-de-la-produccion-en-china-a-mexico-nikkei\\\/#primaryimage\",\"url\":\"https:\\\/\\\/favorite-news.com\\\/mx\\\/wp-content\\\/uploads\\\/sites\\\/8\\\/2019\\\/06\\\/Apple-trasladar\u00eda-parte-de-la-producci\u00f3n-en-China-a-M\u00e9xico.jpg\",\"contentUrl\":\"https:\\\/\\\/favorite-news.com\\\/mx\\\/wp-content\\\/uploads\\\/sites\\\/8\\\/2019\\\/06\\\/Apple-trasladar\u00eda-parte-de-la-producci\u00f3n-en-China-a-M\u00e9xico.jpg\",\"width\":1140,\"height\":712,\"caption\":\"Apple trasladar\u00eda parte de la producci\u00f3n en China a M\u00e9xico: Nikkei\"},{\"@type\":\"BreadcrumbList\",\"@id\":\"https:\\\/\\\/favorite-news.com\\\/mx\\\/apple-trasladaria-parte-de-la-produccion-en-china-a-mexico-nikkei\\\/#breadcrumb\",\"itemListElement\":[{\"@type\":\"ListItem\",\"position\":1,\"name\":\"\u0413\u043b\u0430\u0432\u043d\u0430\u044f \u0441\u0442\u0440\u0430\u043d\u0438\u0446\u0430\",\"item\":\"https:\\\/\\\/favorite-news.com\\\/mx\\\/\"},{\"@type\":\"ListItem\",\"position\":2,\"name\":\"Apple trasladar\u00eda parte de la producci\u00f3n en China a M\u00e9xico: Nikkei\"}]},{\"@type\":\"WebSite\",\"@id\":\"https:\\\/\\\/favorite-news.com\\\/mx\\\/#website\",\"url\":\"https:\\\/\\\/favorite-news.com\\\/mx\\\/\",\"name\":\"Favorite News\",\"description\":\"Favorite News Mexico\",\"potentialAction\":[{\"@type\":\"SearchAction\",\"target\":{\"@type\":\"EntryPoint\",\"urlTemplate\":\"https:\\\/\\\/favorite-news.com\\\/mx\\\/?s={search_term_string}\"},\"query-input\":{\"@type\":\"PropertyValueSpecification\",\"valueRequired\":true,\"valueName\":\"search_term_string\"}}],\"inLanguage\":\"es\"},{\"@type\":\"Person\",\"@id\":\"https:\\\/\\\/favorite-news.com\\\/mx\\\/#\\\/schema\\\/person\\\/b91573b717dcfa5e4696032a9d28d3e8\",\"name\":\"favorite-news\",\"image\":{\"@type\":\"ImageObject\",\"inLanguage\":\"es\",\"@id\":\"https:\\\/\\\/secure.gravatar.com\\\/avatar\\\/6c5a5cb12b74e9d517ee91cf570335b7d16177f1977cc91db161adfa435945a7?s=96&d=mm&r=g\",\"url\":\"https:\\\/\\\/secure.gravatar.com\\\/avatar\\\/6c5a5cb12b74e9d517ee91cf570335b7d16177f1977cc91db161adfa435945a7?s=96&d=mm&r=g\",\"contentUrl\":\"https:\\\/\\\/secure.gravatar.com\\\/avatar\\\/6c5a5cb12b74e9d517ee91cf570335b7d16177f1977cc91db161adfa435945a7?s=96&d=mm&r=g\",\"caption\":\"favorite-news\"},\"url\":\"https:\\\/\\\/favorite-news.com\\\/mx\\\/author\\\/pt\\\/\"}]}<\/script>\n<!-- \/ Yoast SEO plugin. -->","yoast_head_json":{"title":"Apple trasladar\u00eda parte de la producci\u00f3n en China a M\u00e9xico: Nikkei - Favorite News","robots":{"index":"index","follow":"follow","max-snippet":"max-snippet:-1","max-image-preview":"max-image-preview:large","max-video-preview":"max-video-preview:-1"},"canonical":"https:\/\/favorite-news.com\/mx\/apple-trasladaria-parte-de-la-produccion-en-china-a-mexico-nikkei\/","og_locale":"es_MX","og_type":"article","og_title":"Apple trasladar\u00eda parte de la producci\u00f3n en China a M\u00e9xico: Nikkei - Favorite News","og_description":"[ad_1] La firma Apple ha pedido a sus proveedores que estudien la posibilidad de trasladar entre el 15 y el 30% de su capacidad de producci\u00f3n desde China hasta pa\u00edses del sudeste asi\u00e1tico y M\u00e9xico, inform\u00f3 hoy el diario Nikkei. Varias fuentes conocedoras de estos planes indicaron a Nikkei que este esfuerzo est\u00e1 impulsado en [&hellip;]","og_url":"https:\/\/favorite-news.com\/mx\/apple-trasladaria-parte-de-la-produccion-en-china-a-mexico-nikkei\/","og_site_name":"Favorite News","article_published_time":"2019-06-20T07:32:20+00:00","article_modified_time":"2019-06-20T07:32:21+00:00","og_image":[{"width":1140,"height":712,"url":"https:\/\/favorite-news.com\/mx\/wp-content\/uploads\/sites\/8\/2019\/06\/Apple-trasladar\u00eda-parte-de-la-producci\u00f3n-en-China-a-M\u00e9xico.jpg","type":"image\/jpeg"}],"author":"favorite-news","twitter_card":"summary_large_image","twitter_misc":{"Escrito por":"favorite-news","Tiempo de lectura":"2 minutos"},"schema":{"@context":"https:\/\/schema.org","@graph":[{"@type":"Article","@id":"https:\/\/favorite-news.com\/mx\/apple-trasladaria-parte-de-la-produccion-en-china-a-mexico-nikkei\/#article","isPartOf":{"@id":"https:\/\/favorite-news.com\/mx\/apple-trasladaria-parte-de-la-produccion-en-china-a-mexico-nikkei\/"},"author":{"name":"favorite-news","@id":"https:\/\/favorite-news.com\/mx\/#\/schema\/person\/b91573b717dcfa5e4696032a9d28d3e8"},"headline":"Apple trasladar\u00eda parte de la producci\u00f3n en China a M\u00e9xico: Nikkei","datePublished":"2019-06-20T07:32:20+00:00","dateModified":"2019-06-20T07:32:21+00:00","mainEntityOfPage":{"@id":"https:\/\/favorite-news.com\/mx\/apple-trasladaria-parte-de-la-produccion-en-china-a-mexico-nikkei\/"},"wordCount":331,"commentCount":0,"image":{"@id":"https:\/\/favorite-news.com\/mx\/apple-trasladaria-parte-de-la-produccion-en-china-a-mexico-nikkei\/#primaryimage"},"thumbnailUrl":"https:\/\/favorite-news.com\/mx\/wp-content\/uploads\/sites\/8\/2019\/06\/Apple-trasladar\u00eda-parte-de-la-producci\u00f3n-en-China-a-M\u00e9xico.jpg","articleSection":["NOTICIAS FINANCIERAS"],"inLanguage":"es","potentialAction":[{"@type":"CommentAction","name":"Comment","target":["https:\/\/favorite-news.com\/mx\/apple-trasladaria-parte-de-la-produccion-en-china-a-mexico-nikkei\/#respond"]}]},{"@type":"WebPage","@id":"https:\/\/favorite-news.com\/mx\/apple-trasladaria-parte-de-la-produccion-en-china-a-mexico-nikkei\/","url":"https:\/\/favorite-news.com\/mx\/apple-trasladaria-parte-de-la-produccion-en-china-a-mexico-nikkei\/","name":"Apple trasladar\u00eda parte de la producci\u00f3n en China a M\u00e9xico: Nikkei - Favorite News","isPartOf":{"@id":"https:\/\/favorite-news.com\/mx\/#website"},"primaryImageOfPage":{"@id":"https:\/\/favorite-news.com\/mx\/apple-trasladaria-parte-de-la-produccion-en-china-a-mexico-nikkei\/#primaryimage"},"image":{"@id":"https:\/\/favorite-news.com\/mx\/apple-trasladaria-parte-de-la-produccion-en-china-a-mexico-nikkei\/#primaryimage"},"thumbnailUrl":"https:\/\/favorite-news.com\/mx\/wp-content\/uploads\/sites\/8\/2019\/06\/Apple-trasladar\u00eda-parte-de-la-producci\u00f3n-en-China-a-M\u00e9xico.jpg","datePublished":"2019-06-20T07:32:20+00:00","dateModified":"2019-06-20T07:32:21+00:00","author":{"@id":"https:\/\/favorite-news.com\/mx\/#\/schema\/person\/b91573b717dcfa5e4696032a9d28d3e8"},"breadcrumb":{"@id":"https:\/\/favorite-news.com\/mx\/apple-trasladaria-parte-de-la-produccion-en-china-a-mexico-nikkei\/#breadcrumb"},"inLanguage":"es","potentialAction":[{"@type":"ReadAction","target":["https:\/\/favorite-news.com\/mx\/apple-trasladaria-parte-de-la-produccion-en-china-a-mexico-nikkei\/"]}]},{"@type":"ImageObject","inLanguage":"es","@id":"https:\/\/favorite-news.com\/mx\/apple-trasladaria-parte-de-la-produccion-en-china-a-mexico-nikkei\/#primaryimage","url":"https:\/\/favorite-news.com\/mx\/wp-content\/uploads\/sites\/8\/2019\/06\/Apple-trasladar\u00eda-parte-de-la-producci\u00f3n-en-China-a-M\u00e9xico.jpg","contentUrl":"https:\/\/favorite-news.com\/mx\/wp-content\/uploads\/sites\/8\/2019\/06\/Apple-trasladar\u00eda-parte-de-la-producci\u00f3n-en-China-a-M\u00e9xico.jpg","width":1140,"height":712,"caption":"Apple trasladar\u00eda parte de la producci\u00f3n en China a M\u00e9xico: Nikkei"},{"@type":"BreadcrumbList","@id":"https:\/\/favorite-news.com\/mx\/apple-trasladaria-parte-de-la-produccion-en-china-a-mexico-nikkei\/#breadcrumb","itemListElement":[{"@type":"ListItem","position":1,"name":"\u0413\u043b\u0430\u0432\u043d\u0430\u044f \u0441\u0442\u0440\u0430\u043d\u0438\u0446\u0430","item":"https:\/\/favorite-news.com\/mx\/"},{"@type":"ListItem","position":2,"name":"Apple trasladar\u00eda parte de la producci\u00f3n en China a M\u00e9xico: Nikkei"}]},{"@type":"WebSite","@id":"https:\/\/favorite-news.com\/mx\/#website","url":"https:\/\/favorite-news.com\/mx\/","name":"Favorite News","description":"Favorite News Mexico","potentialAction":[{"@type":"SearchAction","target":{"@type":"EntryPoint","urlTemplate":"https:\/\/favorite-news.com\/mx\/?s={search_term_string}"},"query-input":{"@type":"PropertyValueSpecification","valueRequired":true,"valueName":"search_term_string"}}],"inLanguage":"es"},{"@type":"Person","@id":"https:\/\/favorite-news.com\/mx\/#\/schema\/person\/b91573b717dcfa5e4696032a9d28d3e8","name":"favorite-news","image":{"@type":"ImageObject","inLanguage":"es","@id":"https:\/\/secure.gravatar.com\/avatar\/6c5a5cb12b74e9d517ee91cf570335b7d16177f1977cc91db161adfa435945a7?s=96&d=mm&r=g","url":"https:\/\/secure.gravatar.com\/avatar\/6c5a5cb12b74e9d517ee91cf570335b7d16177f1977cc91db161adfa435945a7?s=96&d=mm&r=g","contentUrl":"https:\/\/secure.gravatar.com\/avatar\/6c5a5cb12b74e9d517ee91cf570335b7d16177f1977cc91db161adfa435945a7?s=96&d=mm&r=g","caption":"favorite-news"},"url":"https:\/\/favorite-news.com\/mx\/author\/pt\/"}]}},"_links":{"self":[{"href":"https:\/\/favorite-news.com\/mx\/wp-json\/wp\/v2\/posts\/1564","targetHints":{"allow":["GET"]}}],"collection":[{"href":"https:\/\/favorite-news.com\/mx\/wp-json\/wp\/v2\/posts"}],"about":[{"href":"https:\/\/favorite-news.com\/mx\/wp-json\/wp\/v2\/types\/post"}],"author":[{"embeddable":true,"href":"https:\/\/favorite-news.com\/mx\/wp-json\/wp\/v2\/users\/2"}],"replies":[{"embeddable":true,"href":"https:\/\/favorite-news.com\/mx\/wp-json\/wp\/v2\/comments?post=1564"}],"version-history":[{"count":1,"href":"https:\/\/favorite-news.com\/mx\/wp-json\/wp\/v2\/posts\/1564\/revisions"}],"predecessor-version":[{"id":1566,"href":"https:\/\/favorite-news.com\/mx\/wp-json\/wp\/v2\/posts\/1564\/revisions\/1566"}],"wp:featuredmedia":[{"embeddable":true,"href":"https:\/\/favorite-news.com\/mx\/wp-json\/wp\/v2\/media\/1565"}],"wp:attachment":[{"href":"https:\/\/favorite-news.com\/mx\/wp-json\/wp\/v2\/media?parent=1564"}],"wp:term":[{"taxonomy":"category","embeddable":true,"href":"https:\/\/favorite-news.com\/mx\/wp-json\/wp\/v2\/categories?post=1564"},{"taxonomy":"post_tag","embeddable":true,"href":"https:\/\/favorite-news.com\/mx\/wp-json\/wp\/v2\/tags?post=1564"}],"curies":[{"name":"wp","href":"https:\/\/api.w.org\/{rel}","templated":true}]}}