{"id":1562,"date":"2019-06-20T08:49:54","date_gmt":"2019-06-20T05:49:54","guid":{"rendered":"https:\/\/favorite-news.com\/mx\/cae-88-3-la-contratacion-de-trabajadores-en-mayo\/"},"modified":"2019-06-20T08:49:54","modified_gmt":"2019-06-20T05:49:54","slug":"cae-88-3-la-contratacion-de-trabajadores-en-mayo","status":"publish","type":"post","link":"https:\/\/favorite-news.com\/mx\/cae-88-3-la-contratacion-de-trabajadores-en-mayo\/","title":{"rendered":"Cae 88.3% la contrataci\u00f3n de trabajadores en mayo"},"content":{"rendered":"<p> [ad_1]<br \/>\n<\/p>\n<div id=\"content-body-226-3786011\">\n<p>En mayo, las empresas registraron ante el IMSS, la contrataci\u00f3n de tres mil 963 empleados, cifra que es 88.3 por ciento menor a la del mismo mes del a\u00f1o anterior. <\/p>\n<p>El reporte mensual del Instituto Mexicano del Seguro Social (IMSS) muestra que durante mayo, en dos sectores no reportaron contrataciones, sino que se registraron despidos. En la construcci\u00f3n hubo una p\u00e9rdida en el empleo de 2.1 por ciento y de 3.4 por ciento en las empresas de la industria extractiva.<\/p>\n<p>Seg\u00fan el reporte del IMSS, en los primeros cinco meses del a\u00f1o se crearon 38 por ciento menos puestos de trabajo.<\/p>\n<p>De enero a mayo, las empresas reportaron al IMSS la contrataci\u00f3n de 303 mil 545 trabajadores. En ese mismo lapso pero del a\u00f1o anterior registraron 489 mil 617. <\/p>\n<h3>Alcalde Luj\u00e1n niega ca\u00edda en empleo<\/h3>\n<p>La secretaria del Trabajo y Previsi\u00f3n Social, Luisa Mar\u00eda Alcalde Luj\u00e1n, justific\u00f3 las cifras del IMSS al se\u00f1alar que no se incluy\u00f3 a los beneficiarios de los programas Sembrando Vida y J\u00f3venes Construyendo el Futuro.<\/p>\n<p><b>&#8220;Aunque estos datos no se registran de manera tradicional, son personas que est\u00e1n trabajando y que son personas que est\u00e1n en actividades productivas<\/b>&#8220;, dijo tras participar en el IV Encuentro de J\u00f3venes de la Alianza del Pacifico.<\/p>\n<p>Alcalde Luj\u00e1n asever\u00f3 que en Sembrando Vida se han beneficiado 200 mil jornaleros y en J\u00f3venes Construyendo el Futuro ya hay 650 mil aprendices integrados al mercado laboral.<\/p>\n<h4\/>\n<p>El reporte del IMSS divulgado hoy, indica que al 31 de mayo de 2019, la STPS registra 609 mil 399 personas vinculadas al Programa J\u00f3venes Construyendo el Futuro, es decir, que ya eligi\u00f3 un Centro de Trabajo, de los cuales 481 mil 548 ya cuentan con servicio m\u00e9dico en el IMSS y el resto de los j\u00f3venes aprendices iniciaron capacitaci\u00f3n el 1 de junio.<\/p>\n<p>Luis Mar\u00eda Alcalde dijo adem\u00e1s, que en general el saldo en materia laboral de los primeros meses del sexenio es positivo, debido al aumento al salario m\u00ednimo.<\/p>\n<p>Seg\u00fan los datos del IMSS, al 31 de mayo el salario base de cotizaci\u00f3n de los trabajadores asegurados al IMSS, alcanz\u00f3 un monto de 377.5 pesos, con un crecimiento anual nominal de 6.7 por ciento. <\/p>\n<p>Finalmente, la titular de la STPS dijo que la apuesta del gobierno es fomentar las actividades productivas por medio de programas sociales, esto para que la gente encuentre empleo en sus comunidades.<\/p>\n<p><span class=\"quote\">Como nunca se est\u00e1 impulsando la incorporaci\u00f3n de mexicanas y mexicanos en actividades productivas<\/span><\/p>\n<\/div>\n<p><script>(function(d, s, id) {\nvar js, fjs = d.getElementsByTagName(s)[0];\nif (d.getElementById(id)) return;\njs = d.createElement(s); js.id = id;\njs.src = 'https:\/\/connect.facebook.net\/es_LA\/sdk.js#xfbml=1&version=v3.2&appId=641196362757391&autoLogAppEvents=1';\nfjs.parentNode.insertBefore(js, fjs);\n}(document, 'script', 'facebook-jssdk'));\n<\/script><br \/>\n<br \/>[ad_2]<br \/>\n<br \/><a href=\"https:\/\/www.elsoldemexico.com.mx\/finanzas\/cae-88.3-la-contratacion-de-trabajadores-en-mayo-3786011.html\">Source link <\/a><\/p>\n","protected":false},"excerpt":{"rendered":"<p>[ad_1] En mayo, las empresas registraron ante el IMSS, la contrataci\u00f3n de tres mil 963 empleados, cifra que es 88.3 por ciento menor a la del mismo mes del a\u00f1o anterior. El reporte mensual del Instituto Mexicano del Seguro Social (IMSS) muestra que durante mayo, en dos sectores no reportaron contrataciones, sino que se registraron [&hellip;]<\/p>\n","protected":false},"author":2,"featured_media":1550,"comment_status":"open","ping_status":"open","sticky":false,"template":"","format":"standard","meta":{"footnotes":""},"categories":[1],"tags":[],"class_list":["post-1562","post","type-post","status-publish","format-standard","has-post-thumbnail","hentry","category-noticias-financieras"],"yoast_head":"<!-- This site is optimized with the Yoast SEO plugin v27.4 - https:\/\/yoast.com\/product\/yoast-seo-wordpress\/ -->\n<title>Cae 88.3% la contrataci\u00f3n de trabajadores en mayo - Favorite News<\/title>\n<meta name=\"robots\" content=\"index, follow, max-snippet:-1, max-image-preview:large, max-video-preview:-1\" \/>\n<link rel=\"canonical\" href=\"https:\/\/favorite-news.com\/mx\/cae-88-3-la-contratacion-de-trabajadores-en-mayo\/\" \/>\n<meta property=\"og:locale\" content=\"es_MX\" \/>\n<meta property=\"og:type\" content=\"article\" \/>\n<meta property=\"og:title\" content=\"Cae 88.3% la contrataci\u00f3n de trabajadores en mayo - Favorite News\" \/>\n<meta property=\"og:description\" content=\"[ad_1] En mayo, las empresas registraron ante el IMSS, la contrataci\u00f3n de tres mil 963 empleados, cifra que es 88.3 por ciento menor a la del mismo mes del a\u00f1o anterior. El reporte mensual del Instituto Mexicano del Seguro Social (IMSS) muestra que durante mayo, en dos sectores no reportaron contrataciones, sino que se registraron [&hellip;]\" \/>\n<meta property=\"og:url\" content=\"https:\/\/favorite-news.com\/mx\/cae-88-3-la-contratacion-de-trabajadores-en-mayo\/\" \/>\n<meta property=\"og:site_name\" content=\"Favorite News\" \/>\n<meta property=\"article:published_time\" content=\"2019-06-20T05:49:54+00:00\" \/>\n<meta property=\"og:image\" content=\"https:\/\/favorite-news.com\/mx\/wp-content\/uploads\/sites\/8\/2019\/06\/Cae-88.3-empleos-formales-en-mayo.jpg\" \/>\n\t<meta property=\"og:image:width\" content=\"1140\" \/>\n\t<meta property=\"og:image:height\" content=\"712\" \/>\n\t<meta property=\"og:image:type\" content=\"image\/jpeg\" \/>\n<meta name=\"author\" content=\"favorite-news\" \/>\n<meta name=\"twitter:card\" content=\"summary_large_image\" \/>\n<meta name=\"twitter:label1\" content=\"Escrito por\" \/>\n\t<meta name=\"twitter:data1\" content=\"favorite-news\" \/>\n\t<meta name=\"twitter:label2\" content=\"Tiempo de lectura\" \/>\n\t<meta name=\"twitter:data2\" content=\"2 minutos\" \/>\n<script type=\"application\/ld+json\" class=\"yoast-schema-graph\">{\"@context\":\"https:\\\/\\\/schema.org\",\"@graph\":[{\"@type\":\"Article\",\"@id\":\"https:\\\/\\\/favorite-news.com\\\/mx\\\/cae-88-3-la-contratacion-de-trabajadores-en-mayo\\\/#article\",\"isPartOf\":{\"@id\":\"https:\\\/\\\/favorite-news.com\\\/mx\\\/cae-88-3-la-contratacion-de-trabajadores-en-mayo\\\/\"},\"author\":{\"name\":\"favorite-news\",\"@id\":\"https:\\\/\\\/favorite-news.com\\\/mx\\\/#\\\/schema\\\/person\\\/b91573b717dcfa5e4696032a9d28d3e8\"},\"headline\":\"Cae 88.3% la contrataci\u00f3n de trabajadores en mayo\",\"datePublished\":\"2019-06-20T05:49:54+00:00\",\"mainEntityOfPage\":{\"@id\":\"https:\\\/\\\/favorite-news.com\\\/mx\\\/cae-88-3-la-contratacion-de-trabajadores-en-mayo\\\/\"},\"wordCount\":428,\"commentCount\":0,\"image\":{\"@id\":\"https:\\\/\\\/favorite-news.com\\\/mx\\\/cae-88-3-la-contratacion-de-trabajadores-en-mayo\\\/#primaryimage\"},\"thumbnailUrl\":\"https:\\\/\\\/favorite-news.com\\\/mx\\\/wp-content\\\/uploads\\\/sites\\\/8\\\/2019\\\/06\\\/Cae-88.3-empleos-formales-en-mayo.jpg\",\"articleSection\":[\"NOTICIAS FINANCIERAS\"],\"inLanguage\":\"es\",\"potentialAction\":[{\"@type\":\"CommentAction\",\"name\":\"Comment\",\"target\":[\"https:\\\/\\\/favorite-news.com\\\/mx\\\/cae-88-3-la-contratacion-de-trabajadores-en-mayo\\\/#respond\"]}]},{\"@type\":\"WebPage\",\"@id\":\"https:\\\/\\\/favorite-news.com\\\/mx\\\/cae-88-3-la-contratacion-de-trabajadores-en-mayo\\\/\",\"url\":\"https:\\\/\\\/favorite-news.com\\\/mx\\\/cae-88-3-la-contratacion-de-trabajadores-en-mayo\\\/\",\"name\":\"Cae 88.3% la contrataci\u00f3n de trabajadores en mayo - Favorite News\",\"isPartOf\":{\"@id\":\"https:\\\/\\\/favorite-news.com\\\/mx\\\/#website\"},\"primaryImageOfPage\":{\"@id\":\"https:\\\/\\\/favorite-news.com\\\/mx\\\/cae-88-3-la-contratacion-de-trabajadores-en-mayo\\\/#primaryimage\"},\"image\":{\"@id\":\"https:\\\/\\\/favorite-news.com\\\/mx\\\/cae-88-3-la-contratacion-de-trabajadores-en-mayo\\\/#primaryimage\"},\"thumbnailUrl\":\"https:\\\/\\\/favorite-news.com\\\/mx\\\/wp-content\\\/uploads\\\/sites\\\/8\\\/2019\\\/06\\\/Cae-88.3-empleos-formales-en-mayo.jpg\",\"datePublished\":\"2019-06-20T05:49:54+00:00\",\"author\":{\"@id\":\"https:\\\/\\\/favorite-news.com\\\/mx\\\/#\\\/schema\\\/person\\\/b91573b717dcfa5e4696032a9d28d3e8\"},\"breadcrumb\":{\"@id\":\"https:\\\/\\\/favorite-news.com\\\/mx\\\/cae-88-3-la-contratacion-de-trabajadores-en-mayo\\\/#breadcrumb\"},\"inLanguage\":\"es\",\"potentialAction\":[{\"@type\":\"ReadAction\",\"target\":[\"https:\\\/\\\/favorite-news.com\\\/mx\\\/cae-88-3-la-contratacion-de-trabajadores-en-mayo\\\/\"]}]},{\"@type\":\"ImageObject\",\"inLanguage\":\"es\",\"@id\":\"https:\\\/\\\/favorite-news.com\\\/mx\\\/cae-88-3-la-contratacion-de-trabajadores-en-mayo\\\/#primaryimage\",\"url\":\"https:\\\/\\\/favorite-news.com\\\/mx\\\/wp-content\\\/uploads\\\/sites\\\/8\\\/2019\\\/06\\\/Cae-88.3-empleos-formales-en-mayo.jpg\",\"contentUrl\":\"https:\\\/\\\/favorite-news.com\\\/mx\\\/wp-content\\\/uploads\\\/sites\\\/8\\\/2019\\\/06\\\/Cae-88.3-empleos-formales-en-mayo.jpg\",\"width\":1140,\"height\":712,\"caption\":\"Cae 88.3% empleos formales en mayo\"},{\"@type\":\"BreadcrumbList\",\"@id\":\"https:\\\/\\\/favorite-news.com\\\/mx\\\/cae-88-3-la-contratacion-de-trabajadores-en-mayo\\\/#breadcrumb\",\"itemListElement\":[{\"@type\":\"ListItem\",\"position\":1,\"name\":\"\u0413\u043b\u0430\u0432\u043d\u0430\u044f \u0441\u0442\u0440\u0430\u043d\u0438\u0446\u0430\",\"item\":\"https:\\\/\\\/favorite-news.com\\\/mx\\\/\"},{\"@type\":\"ListItem\",\"position\":2,\"name\":\"Cae 88.3% la contrataci\u00f3n de trabajadores en mayo\"}]},{\"@type\":\"WebSite\",\"@id\":\"https:\\\/\\\/favorite-news.com\\\/mx\\\/#website\",\"url\":\"https:\\\/\\\/favorite-news.com\\\/mx\\\/\",\"name\":\"Favorite News\",\"description\":\"Favorite News Mexico\",\"potentialAction\":[{\"@type\":\"SearchAction\",\"target\":{\"@type\":\"EntryPoint\",\"urlTemplate\":\"https:\\\/\\\/favorite-news.com\\\/mx\\\/?s={search_term_string}\"},\"query-input\":{\"@type\":\"PropertyValueSpecification\",\"valueRequired\":true,\"valueName\":\"search_term_string\"}}],\"inLanguage\":\"es\"},{\"@type\":\"Person\",\"@id\":\"https:\\\/\\\/favorite-news.com\\\/mx\\\/#\\\/schema\\\/person\\\/b91573b717dcfa5e4696032a9d28d3e8\",\"name\":\"favorite-news\",\"image\":{\"@type\":\"ImageObject\",\"inLanguage\":\"es\",\"@id\":\"https:\\\/\\\/secure.gravatar.com\\\/avatar\\\/6c5a5cb12b74e9d517ee91cf570335b7d16177f1977cc91db161adfa435945a7?s=96&d=mm&r=g\",\"url\":\"https:\\\/\\\/secure.gravatar.com\\\/avatar\\\/6c5a5cb12b74e9d517ee91cf570335b7d16177f1977cc91db161adfa435945a7?s=96&d=mm&r=g\",\"contentUrl\":\"https:\\\/\\\/secure.gravatar.com\\\/avatar\\\/6c5a5cb12b74e9d517ee91cf570335b7d16177f1977cc91db161adfa435945a7?s=96&d=mm&r=g\",\"caption\":\"favorite-news\"},\"url\":\"https:\\\/\\\/favorite-news.com\\\/mx\\\/author\\\/pt\\\/\"}]}<\/script>\n<!-- \/ Yoast SEO plugin. -->","yoast_head_json":{"title":"Cae 88.3% la contrataci\u00f3n de trabajadores en mayo - Favorite News","robots":{"index":"index","follow":"follow","max-snippet":"max-snippet:-1","max-image-preview":"max-image-preview:large","max-video-preview":"max-video-preview:-1"},"canonical":"https:\/\/favorite-news.com\/mx\/cae-88-3-la-contratacion-de-trabajadores-en-mayo\/","og_locale":"es_MX","og_type":"article","og_title":"Cae 88.3% la contrataci\u00f3n de trabajadores en mayo - Favorite News","og_description":"[ad_1] En mayo, las empresas registraron ante el IMSS, la contrataci\u00f3n de tres mil 963 empleados, cifra que es 88.3 por ciento menor a la del mismo mes del a\u00f1o anterior. El reporte mensual del Instituto Mexicano del Seguro Social (IMSS) muestra que durante mayo, en dos sectores no reportaron contrataciones, sino que se registraron [&hellip;]","og_url":"https:\/\/favorite-news.com\/mx\/cae-88-3-la-contratacion-de-trabajadores-en-mayo\/","og_site_name":"Favorite News","article_published_time":"2019-06-20T05:49:54+00:00","og_image":[{"width":1140,"height":712,"url":"https:\/\/favorite-news.com\/mx\/wp-content\/uploads\/sites\/8\/2019\/06\/Cae-88.3-empleos-formales-en-mayo.jpg","type":"image\/jpeg"}],"author":"favorite-news","twitter_card":"summary_large_image","twitter_misc":{"Escrito por":"favorite-news","Tiempo de lectura":"2 minutos"},"schema":{"@context":"https:\/\/schema.org","@graph":[{"@type":"Article","@id":"https:\/\/favorite-news.com\/mx\/cae-88-3-la-contratacion-de-trabajadores-en-mayo\/#article","isPartOf":{"@id":"https:\/\/favorite-news.com\/mx\/cae-88-3-la-contratacion-de-trabajadores-en-mayo\/"},"author":{"name":"favorite-news","@id":"https:\/\/favorite-news.com\/mx\/#\/schema\/person\/b91573b717dcfa5e4696032a9d28d3e8"},"headline":"Cae 88.3% la contrataci\u00f3n de trabajadores en mayo","datePublished":"2019-06-20T05:49:54+00:00","mainEntityOfPage":{"@id":"https:\/\/favorite-news.com\/mx\/cae-88-3-la-contratacion-de-trabajadores-en-mayo\/"},"wordCount":428,"commentCount":0,"image":{"@id":"https:\/\/favorite-news.com\/mx\/cae-88-3-la-contratacion-de-trabajadores-en-mayo\/#primaryimage"},"thumbnailUrl":"https:\/\/favorite-news.com\/mx\/wp-content\/uploads\/sites\/8\/2019\/06\/Cae-88.3-empleos-formales-en-mayo.jpg","articleSection":["NOTICIAS FINANCIERAS"],"inLanguage":"es","potentialAction":[{"@type":"CommentAction","name":"Comment","target":["https:\/\/favorite-news.com\/mx\/cae-88-3-la-contratacion-de-trabajadores-en-mayo\/#respond"]}]},{"@type":"WebPage","@id":"https:\/\/favorite-news.com\/mx\/cae-88-3-la-contratacion-de-trabajadores-en-mayo\/","url":"https:\/\/favorite-news.com\/mx\/cae-88-3-la-contratacion-de-trabajadores-en-mayo\/","name":"Cae 88.3% la contrataci\u00f3n de trabajadores en mayo - Favorite News","isPartOf":{"@id":"https:\/\/favorite-news.com\/mx\/#website"},"primaryImageOfPage":{"@id":"https:\/\/favorite-news.com\/mx\/cae-88-3-la-contratacion-de-trabajadores-en-mayo\/#primaryimage"},"image":{"@id":"https:\/\/favorite-news.com\/mx\/cae-88-3-la-contratacion-de-trabajadores-en-mayo\/#primaryimage"},"thumbnailUrl":"https:\/\/favorite-news.com\/mx\/wp-content\/uploads\/sites\/8\/2019\/06\/Cae-88.3-empleos-formales-en-mayo.jpg","datePublished":"2019-06-20T05:49:54+00:00","author":{"@id":"https:\/\/favorite-news.com\/mx\/#\/schema\/person\/b91573b717dcfa5e4696032a9d28d3e8"},"breadcrumb":{"@id":"https:\/\/favorite-news.com\/mx\/cae-88-3-la-contratacion-de-trabajadores-en-mayo\/#breadcrumb"},"inLanguage":"es","potentialAction":[{"@type":"ReadAction","target":["https:\/\/favorite-news.com\/mx\/cae-88-3-la-contratacion-de-trabajadores-en-mayo\/"]}]},{"@type":"ImageObject","inLanguage":"es","@id":"https:\/\/favorite-news.com\/mx\/cae-88-3-la-contratacion-de-trabajadores-en-mayo\/#primaryimage","url":"https:\/\/favorite-news.com\/mx\/wp-content\/uploads\/sites\/8\/2019\/06\/Cae-88.3-empleos-formales-en-mayo.jpg","contentUrl":"https:\/\/favorite-news.com\/mx\/wp-content\/uploads\/sites\/8\/2019\/06\/Cae-88.3-empleos-formales-en-mayo.jpg","width":1140,"height":712,"caption":"Cae 88.3% empleos formales en mayo"},{"@type":"BreadcrumbList","@id":"https:\/\/favorite-news.com\/mx\/cae-88-3-la-contratacion-de-trabajadores-en-mayo\/#breadcrumb","itemListElement":[{"@type":"ListItem","position":1,"name":"\u0413\u043b\u0430\u0432\u043d\u0430\u044f \u0441\u0442\u0440\u0430\u043d\u0438\u0446\u0430","item":"https:\/\/favorite-news.com\/mx\/"},{"@type":"ListItem","position":2,"name":"Cae 88.3% la contrataci\u00f3n de trabajadores en mayo"}]},{"@type":"WebSite","@id":"https:\/\/favorite-news.com\/mx\/#website","url":"https:\/\/favorite-news.com\/mx\/","name":"Favorite News","description":"Favorite News Mexico","potentialAction":[{"@type":"SearchAction","target":{"@type":"EntryPoint","urlTemplate":"https:\/\/favorite-news.com\/mx\/?s={search_term_string}"},"query-input":{"@type":"PropertyValueSpecification","valueRequired":true,"valueName":"search_term_string"}}],"inLanguage":"es"},{"@type":"Person","@id":"https:\/\/favorite-news.com\/mx\/#\/schema\/person\/b91573b717dcfa5e4696032a9d28d3e8","name":"favorite-news","image":{"@type":"ImageObject","inLanguage":"es","@id":"https:\/\/secure.gravatar.com\/avatar\/6c5a5cb12b74e9d517ee91cf570335b7d16177f1977cc91db161adfa435945a7?s=96&d=mm&r=g","url":"https:\/\/secure.gravatar.com\/avatar\/6c5a5cb12b74e9d517ee91cf570335b7d16177f1977cc91db161adfa435945a7?s=96&d=mm&r=g","contentUrl":"https:\/\/secure.gravatar.com\/avatar\/6c5a5cb12b74e9d517ee91cf570335b7d16177f1977cc91db161adfa435945a7?s=96&d=mm&r=g","caption":"favorite-news"},"url":"https:\/\/favorite-news.com\/mx\/author\/pt\/"}]}},"_links":{"self":[{"href":"https:\/\/favorite-news.com\/mx\/wp-json\/wp\/v2\/posts\/1562","targetHints":{"allow":["GET"]}}],"collection":[{"href":"https:\/\/favorite-news.com\/mx\/wp-json\/wp\/v2\/posts"}],"about":[{"href":"https:\/\/favorite-news.com\/mx\/wp-json\/wp\/v2\/types\/post"}],"author":[{"embeddable":true,"href":"https:\/\/favorite-news.com\/mx\/wp-json\/wp\/v2\/users\/2"}],"replies":[{"embeddable":true,"href":"https:\/\/favorite-news.com\/mx\/wp-json\/wp\/v2\/comments?post=1562"}],"version-history":[{"count":1,"href":"https:\/\/favorite-news.com\/mx\/wp-json\/wp\/v2\/posts\/1562\/revisions"}],"predecessor-version":[{"id":1563,"href":"https:\/\/favorite-news.com\/mx\/wp-json\/wp\/v2\/posts\/1562\/revisions\/1563"}],"wp:featuredmedia":[{"embeddable":true,"href":"https:\/\/favorite-news.com\/mx\/wp-json\/wp\/v2\/media\/1550"}],"wp:attachment":[{"href":"https:\/\/favorite-news.com\/mx\/wp-json\/wp\/v2\/media?parent=1562"}],"wp:term":[{"taxonomy":"category","embeddable":true,"href":"https:\/\/favorite-news.com\/mx\/wp-json\/wp\/v2\/categories?post=1562"},{"taxonomy":"post_tag","embeddable":true,"href":"https:\/\/favorite-news.com\/mx\/wp-json\/wp\/v2\/tags?post=1562"}],"curies":[{"name":"wp","href":"https:\/\/api.w.org\/{rel}","templated":true}]}}