{"id":1555,"date":"2019-06-20T03:25:42","date_gmt":"2019-06-20T00:25:42","guid":{"rendered":"https:\/\/favorite-news.com\/mx\/aprobacion-de-t-mec-senal-de-que-nuestra-economia-es-abierta-seade\/"},"modified":"2019-06-20T03:25:42","modified_gmt":"2019-06-20T00:25:42","slug":"aprobacion-de-t-mec-senal-de-que-nuestra-economia-es-abierta-seade","status":"publish","type":"post","link":"https:\/\/favorite-news.com\/mx\/aprobacion-de-t-mec-senal-de-que-nuestra-economia-es-abierta-seade\/","title":{"rendered":"Aprobaci\u00f3n de T-MEC, se\u00f1al de que nuestra econom\u00eda es abierta: Seade"},"content":{"rendered":"<p> [ad_1]<br \/>\n<\/p>\n<div id=\"content-body-226-3786716\">\n<p>Luego de que el Senado de la Rep\u00fablica aprob\u00f3 el Tratado M\u00e9xico, Estados Unidos y Canad\u00e1, T-MEC, el subsecretario para Am\u00e9rica del Norte, Jes\u00fas Seade, afirm\u00f3 que la ratificaci\u00f3n es se\u00f1al que el pa\u00eds es \u201ceconom\u00eda abierta\u201d. <\/p>\n<p>A trav\u00e9s de twitter, Jes\u00fas Seade celebr\u00f3 que el T-MEC ha sido aprobado. &#8220;M\u00e9xico toma la delantera, con se\u00f1ales claras de que nuestra econom\u00eda es abierta, de mercado. Confiamos que nuestros socios pronto har\u00e1n lo propio en aras de una Norteam\u00e9rica fuerte, con reglas claras, atractiva para la inversi\u00f3n, estable y competitiva&#8221;.<\/p>\n<section>\n<div class=\"teaser \">\n<div class=\"infographicWrapper\">\n<blockquote class=\"twitter-tweet\" data-lang=\"es\">\n<p lang=\"es\" dir=\"ltr\">\u00a1<a href=\"https:\/\/twitter.com\/hashtag\/TMEC?src=hash&amp;ref_src=twsrc%5Etfw\">#TMEC<\/a> aprobado! M\u00e9xico toma la delantera, con se\u00f1ales claras de que nuestra econom\u00eda es abierta, de mercado. Confiamos que nuestros socios pronto har\u00e1n lo propio en aras de una Norteam\u00e9rica fuerte, con reglas claras, atractiva para la inversi\u00f3n, estable y competitiva.<br \/>???????? <a href=\"https:\/\/t.co\/GH4yJLsFKm\">pic.twitter.com\/GH4yJLsFKm<\/a><\/p>\n<p>\u2014 Jes\u00fas Seade (@JesusSeade) <a href=\"https:\/\/twitter.com\/JesusSeade\/status\/1141432589904953350?ref_src=twsrc%5Etfw\">19 de junio de 2019<\/a><\/p><\/blockquote>\n<\/div>\n<\/div>\n<\/section>\n<p>Este mi\u00e9rcoles, M\u00e9xico se convirti\u00f3 en el primer pa\u00eds en ratificar el Tratado M\u00e9xico, Estados Unidos y Canad\u00e1 (T-MEC) luego de que el Senado de la Rep\u00fablica aprob\u00f3 con 114 votos a favor el acuerdo que reemplaza al TLCAN, signado en 1994.<\/p>\n<p>Con 114 a favor, cuatro en contra y tres abstenciones, de 121 senadores presentes, la unanimidad prevista para su ratificaci\u00f3n se rompi\u00f3 con los votos en contra de los senadores de Morena: Ana Lilia Rivera, Jesusa Rodr\u00edguez, Nestora Salgado y Emilio \u00c1lvarez Icaza, as\u00ed como por las abstenciones de los senadores del PAN, V\u00edctor Fuentes y Martha Marquez, y de la morenista Blanca Pi\u00f1a.<\/p>\n<p>La ratificaci\u00f3n del nuevo tratado comercial se turn\u00f3 al Ejecutivo federal para continuar con los tr\u00e1mites correspondientes.<\/p>\n<p>Dicha tratado de libre comercio fue suscrito el pasado 30 de noviembre de 2018, en Buenos Aires, Argentina, y firmado por el expresidente Enrique Pe\u00f1a Nieto, el presidente de EU, Donald Trump, y el primer ministro de Canad\u00e1, Justin Trudeau.<\/p>\n<\/div>\n<p><script async src=\"http:\/\/platform.twitter.com\/widgets.js\" charset=\"utf-8\"><\/script><script>(function(d, s, id) {\nvar js, fjs = d.getElementsByTagName(s)[0];\nif (d.getElementById(id)) return;\njs = d.createElement(s); js.id = id;\njs.src = 'https:\/\/connect.facebook.net\/es_LA\/sdk.js#xfbml=1&version=v3.2&appId=641196362757391&autoLogAppEvents=1';\nfjs.parentNode.insertBefore(js, fjs);\n}(document, 'script', 'facebook-jssdk'));\n<\/script><br \/>\n<br \/>[ad_2]<br \/>\n<br \/><a href=\"https:\/\/www.elsoldemexico.com.mx\/finanzas\/aprobacion-de-t-mec-senal-de-que-economia-es-abierta-jesus-seade-3786716.html\">Source link <\/a><\/p>\n","protected":false},"excerpt":{"rendered":"<p>[ad_1] Luego de que el Senado de la Rep\u00fablica aprob\u00f3 el Tratado M\u00e9xico, Estados Unidos y Canad\u00e1, T-MEC, el subsecretario para Am\u00e9rica del Norte, Jes\u00fas Seade, afirm\u00f3 que la ratificaci\u00f3n es se\u00f1al que el pa\u00eds es \u201ceconom\u00eda abierta\u201d. A trav\u00e9s de twitter, Jes\u00fas Seade celebr\u00f3 que el T-MEC ha sido aprobado. &#8220;M\u00e9xico toma la delantera, [&hellip;]<\/p>\n","protected":false},"author":2,"featured_media":0,"comment_status":"open","ping_status":"open","sticky":false,"template":"","format":"standard","meta":{"footnotes":""},"categories":[1],"tags":[],"class_list":["post-1555","post","type-post","status-publish","format-standard","hentry","category-noticias-financieras"],"yoast_head":"<!-- This site is optimized with the Yoast SEO plugin v27.4 - https:\/\/yoast.com\/product\/yoast-seo-wordpress\/ -->\n<title>Aprobaci\u00f3n de T-MEC, se\u00f1al de que nuestra econom\u00eda es abierta: Seade - Favorite News<\/title>\n<meta name=\"robots\" content=\"index, follow, max-snippet:-1, max-image-preview:large, max-video-preview:-1\" \/>\n<link rel=\"canonical\" href=\"https:\/\/favorite-news.com\/mx\/aprobacion-de-t-mec-senal-de-que-nuestra-economia-es-abierta-seade\/\" \/>\n<meta property=\"og:locale\" content=\"es_MX\" \/>\n<meta property=\"og:type\" content=\"article\" \/>\n<meta property=\"og:title\" content=\"Aprobaci\u00f3n de T-MEC, se\u00f1al de que nuestra econom\u00eda es abierta: Seade - Favorite News\" \/>\n<meta property=\"og:description\" content=\"[ad_1] Luego de que el Senado de la Rep\u00fablica aprob\u00f3 el Tratado M\u00e9xico, Estados Unidos y Canad\u00e1, T-MEC, el subsecretario para Am\u00e9rica del Norte, Jes\u00fas Seade, afirm\u00f3 que la ratificaci\u00f3n es se\u00f1al que el pa\u00eds es \u201ceconom\u00eda abierta\u201d. A trav\u00e9s de twitter, Jes\u00fas Seade celebr\u00f3 que el T-MEC ha sido aprobado. &#8220;M\u00e9xico toma la delantera, [&hellip;]\" \/>\n<meta property=\"og:url\" content=\"https:\/\/favorite-news.com\/mx\/aprobacion-de-t-mec-senal-de-que-nuestra-economia-es-abierta-seade\/\" \/>\n<meta property=\"og:site_name\" content=\"Favorite News\" \/>\n<meta property=\"article:published_time\" content=\"2019-06-20T00:25:42+00:00\" \/>\n<meta name=\"author\" content=\"favorite-news\" \/>\n<meta name=\"twitter:card\" content=\"summary_large_image\" \/>\n<meta name=\"twitter:label1\" content=\"Escrito por\" \/>\n\t<meta name=\"twitter:data1\" content=\"favorite-news\" \/>\n\t<meta name=\"twitter:label2\" content=\"Tiempo de lectura\" \/>\n\t<meta name=\"twitter:data2\" content=\"2 minutos\" \/>\n<script type=\"application\/ld+json\" class=\"yoast-schema-graph\">{\"@context\":\"https:\\\/\\\/schema.org\",\"@graph\":[{\"@type\":\"Article\",\"@id\":\"https:\\\/\\\/favorite-news.com\\\/mx\\\/aprobacion-de-t-mec-senal-de-que-nuestra-economia-es-abierta-seade\\\/#article\",\"isPartOf\":{\"@id\":\"https:\\\/\\\/favorite-news.com\\\/mx\\\/aprobacion-de-t-mec-senal-de-que-nuestra-economia-es-abierta-seade\\\/\"},\"author\":{\"name\":\"favorite-news\",\"@id\":\"https:\\\/\\\/favorite-news.com\\\/mx\\\/#\\\/schema\\\/person\\\/b91573b717dcfa5e4696032a9d28d3e8\"},\"headline\":\"Aprobaci\u00f3n de T-MEC, se\u00f1al de que nuestra econom\u00eda es abierta: Seade\",\"datePublished\":\"2019-06-20T00:25:42+00:00\",\"mainEntityOfPage\":{\"@id\":\"https:\\\/\\\/favorite-news.com\\\/mx\\\/aprobacion-de-t-mec-senal-de-que-nuestra-economia-es-abierta-seade\\\/\"},\"wordCount\":351,\"commentCount\":0,\"articleSection\":[\"NOTICIAS FINANCIERAS\"],\"inLanguage\":\"es\",\"potentialAction\":[{\"@type\":\"CommentAction\",\"name\":\"Comment\",\"target\":[\"https:\\\/\\\/favorite-news.com\\\/mx\\\/aprobacion-de-t-mec-senal-de-que-nuestra-economia-es-abierta-seade\\\/#respond\"]}]},{\"@type\":\"WebPage\",\"@id\":\"https:\\\/\\\/favorite-news.com\\\/mx\\\/aprobacion-de-t-mec-senal-de-que-nuestra-economia-es-abierta-seade\\\/\",\"url\":\"https:\\\/\\\/favorite-news.com\\\/mx\\\/aprobacion-de-t-mec-senal-de-que-nuestra-economia-es-abierta-seade\\\/\",\"name\":\"Aprobaci\u00f3n de T-MEC, se\u00f1al de que nuestra econom\u00eda es abierta: Seade - Favorite News\",\"isPartOf\":{\"@id\":\"https:\\\/\\\/favorite-news.com\\\/mx\\\/#website\"},\"datePublished\":\"2019-06-20T00:25:42+00:00\",\"author\":{\"@id\":\"https:\\\/\\\/favorite-news.com\\\/mx\\\/#\\\/schema\\\/person\\\/b91573b717dcfa5e4696032a9d28d3e8\"},\"breadcrumb\":{\"@id\":\"https:\\\/\\\/favorite-news.com\\\/mx\\\/aprobacion-de-t-mec-senal-de-que-nuestra-economia-es-abierta-seade\\\/#breadcrumb\"},\"inLanguage\":\"es\",\"potentialAction\":[{\"@type\":\"ReadAction\",\"target\":[\"https:\\\/\\\/favorite-news.com\\\/mx\\\/aprobacion-de-t-mec-senal-de-que-nuestra-economia-es-abierta-seade\\\/\"]}]},{\"@type\":\"BreadcrumbList\",\"@id\":\"https:\\\/\\\/favorite-news.com\\\/mx\\\/aprobacion-de-t-mec-senal-de-que-nuestra-economia-es-abierta-seade\\\/#breadcrumb\",\"itemListElement\":[{\"@type\":\"ListItem\",\"position\":1,\"name\":\"\u0413\u043b\u0430\u0432\u043d\u0430\u044f \u0441\u0442\u0440\u0430\u043d\u0438\u0446\u0430\",\"item\":\"https:\\\/\\\/favorite-news.com\\\/mx\\\/\"},{\"@type\":\"ListItem\",\"position\":2,\"name\":\"Aprobaci\u00f3n de T-MEC, se\u00f1al de que nuestra econom\u00eda es abierta: Seade\"}]},{\"@type\":\"WebSite\",\"@id\":\"https:\\\/\\\/favorite-news.com\\\/mx\\\/#website\",\"url\":\"https:\\\/\\\/favorite-news.com\\\/mx\\\/\",\"name\":\"Favorite News\",\"description\":\"Favorite News Mexico\",\"potentialAction\":[{\"@type\":\"SearchAction\",\"target\":{\"@type\":\"EntryPoint\",\"urlTemplate\":\"https:\\\/\\\/favorite-news.com\\\/mx\\\/?s={search_term_string}\"},\"query-input\":{\"@type\":\"PropertyValueSpecification\",\"valueRequired\":true,\"valueName\":\"search_term_string\"}}],\"inLanguage\":\"es\"},{\"@type\":\"Person\",\"@id\":\"https:\\\/\\\/favorite-news.com\\\/mx\\\/#\\\/schema\\\/person\\\/b91573b717dcfa5e4696032a9d28d3e8\",\"name\":\"favorite-news\",\"image\":{\"@type\":\"ImageObject\",\"inLanguage\":\"es\",\"@id\":\"https:\\\/\\\/secure.gravatar.com\\\/avatar\\\/6c5a5cb12b74e9d517ee91cf570335b7d16177f1977cc91db161adfa435945a7?s=96&d=mm&r=g\",\"url\":\"https:\\\/\\\/secure.gravatar.com\\\/avatar\\\/6c5a5cb12b74e9d517ee91cf570335b7d16177f1977cc91db161adfa435945a7?s=96&d=mm&r=g\",\"contentUrl\":\"https:\\\/\\\/secure.gravatar.com\\\/avatar\\\/6c5a5cb12b74e9d517ee91cf570335b7d16177f1977cc91db161adfa435945a7?s=96&d=mm&r=g\",\"caption\":\"favorite-news\"},\"url\":\"https:\\\/\\\/favorite-news.com\\\/mx\\\/author\\\/pt\\\/\"}]}<\/script>\n<!-- \/ Yoast SEO plugin. -->","yoast_head_json":{"title":"Aprobaci\u00f3n de T-MEC, se\u00f1al de que nuestra econom\u00eda es abierta: Seade - Favorite News","robots":{"index":"index","follow":"follow","max-snippet":"max-snippet:-1","max-image-preview":"max-image-preview:large","max-video-preview":"max-video-preview:-1"},"canonical":"https:\/\/favorite-news.com\/mx\/aprobacion-de-t-mec-senal-de-que-nuestra-economia-es-abierta-seade\/","og_locale":"es_MX","og_type":"article","og_title":"Aprobaci\u00f3n de T-MEC, se\u00f1al de que nuestra econom\u00eda es abierta: Seade - Favorite News","og_description":"[ad_1] Luego de que el Senado de la Rep\u00fablica aprob\u00f3 el Tratado M\u00e9xico, Estados Unidos y Canad\u00e1, T-MEC, el subsecretario para Am\u00e9rica del Norte, Jes\u00fas Seade, afirm\u00f3 que la ratificaci\u00f3n es se\u00f1al que el pa\u00eds es \u201ceconom\u00eda abierta\u201d. A trav\u00e9s de twitter, Jes\u00fas Seade celebr\u00f3 que el T-MEC ha sido aprobado. &#8220;M\u00e9xico toma la delantera, [&hellip;]","og_url":"https:\/\/favorite-news.com\/mx\/aprobacion-de-t-mec-senal-de-que-nuestra-economia-es-abierta-seade\/","og_site_name":"Favorite News","article_published_time":"2019-06-20T00:25:42+00:00","author":"favorite-news","twitter_card":"summary_large_image","twitter_misc":{"Escrito por":"favorite-news","Tiempo de lectura":"2 minutos"},"schema":{"@context":"https:\/\/schema.org","@graph":[{"@type":"Article","@id":"https:\/\/favorite-news.com\/mx\/aprobacion-de-t-mec-senal-de-que-nuestra-economia-es-abierta-seade\/#article","isPartOf":{"@id":"https:\/\/favorite-news.com\/mx\/aprobacion-de-t-mec-senal-de-que-nuestra-economia-es-abierta-seade\/"},"author":{"name":"favorite-news","@id":"https:\/\/favorite-news.com\/mx\/#\/schema\/person\/b91573b717dcfa5e4696032a9d28d3e8"},"headline":"Aprobaci\u00f3n de T-MEC, se\u00f1al de que nuestra econom\u00eda es abierta: Seade","datePublished":"2019-06-20T00:25:42+00:00","mainEntityOfPage":{"@id":"https:\/\/favorite-news.com\/mx\/aprobacion-de-t-mec-senal-de-que-nuestra-economia-es-abierta-seade\/"},"wordCount":351,"commentCount":0,"articleSection":["NOTICIAS FINANCIERAS"],"inLanguage":"es","potentialAction":[{"@type":"CommentAction","name":"Comment","target":["https:\/\/favorite-news.com\/mx\/aprobacion-de-t-mec-senal-de-que-nuestra-economia-es-abierta-seade\/#respond"]}]},{"@type":"WebPage","@id":"https:\/\/favorite-news.com\/mx\/aprobacion-de-t-mec-senal-de-que-nuestra-economia-es-abierta-seade\/","url":"https:\/\/favorite-news.com\/mx\/aprobacion-de-t-mec-senal-de-que-nuestra-economia-es-abierta-seade\/","name":"Aprobaci\u00f3n de T-MEC, se\u00f1al de que nuestra econom\u00eda es abierta: Seade - Favorite News","isPartOf":{"@id":"https:\/\/favorite-news.com\/mx\/#website"},"datePublished":"2019-06-20T00:25:42+00:00","author":{"@id":"https:\/\/favorite-news.com\/mx\/#\/schema\/person\/b91573b717dcfa5e4696032a9d28d3e8"},"breadcrumb":{"@id":"https:\/\/favorite-news.com\/mx\/aprobacion-de-t-mec-senal-de-que-nuestra-economia-es-abierta-seade\/#breadcrumb"},"inLanguage":"es","potentialAction":[{"@type":"ReadAction","target":["https:\/\/favorite-news.com\/mx\/aprobacion-de-t-mec-senal-de-que-nuestra-economia-es-abierta-seade\/"]}]},{"@type":"BreadcrumbList","@id":"https:\/\/favorite-news.com\/mx\/aprobacion-de-t-mec-senal-de-que-nuestra-economia-es-abierta-seade\/#breadcrumb","itemListElement":[{"@type":"ListItem","position":1,"name":"\u0413\u043b\u0430\u0432\u043d\u0430\u044f \u0441\u0442\u0440\u0430\u043d\u0438\u0446\u0430","item":"https:\/\/favorite-news.com\/mx\/"},{"@type":"ListItem","position":2,"name":"Aprobaci\u00f3n de T-MEC, se\u00f1al de que nuestra econom\u00eda es abierta: Seade"}]},{"@type":"WebSite","@id":"https:\/\/favorite-news.com\/mx\/#website","url":"https:\/\/favorite-news.com\/mx\/","name":"Favorite News","description":"Favorite News Mexico","potentialAction":[{"@type":"SearchAction","target":{"@type":"EntryPoint","urlTemplate":"https:\/\/favorite-news.com\/mx\/?s={search_term_string}"},"query-input":{"@type":"PropertyValueSpecification","valueRequired":true,"valueName":"search_term_string"}}],"inLanguage":"es"},{"@type":"Person","@id":"https:\/\/favorite-news.com\/mx\/#\/schema\/person\/b91573b717dcfa5e4696032a9d28d3e8","name":"favorite-news","image":{"@type":"ImageObject","inLanguage":"es","@id":"https:\/\/secure.gravatar.com\/avatar\/6c5a5cb12b74e9d517ee91cf570335b7d16177f1977cc91db161adfa435945a7?s=96&d=mm&r=g","url":"https:\/\/secure.gravatar.com\/avatar\/6c5a5cb12b74e9d517ee91cf570335b7d16177f1977cc91db161adfa435945a7?s=96&d=mm&r=g","contentUrl":"https:\/\/secure.gravatar.com\/avatar\/6c5a5cb12b74e9d517ee91cf570335b7d16177f1977cc91db161adfa435945a7?s=96&d=mm&r=g","caption":"favorite-news"},"url":"https:\/\/favorite-news.com\/mx\/author\/pt\/"}]}},"_links":{"self":[{"href":"https:\/\/favorite-news.com\/mx\/wp-json\/wp\/v2\/posts\/1555","targetHints":{"allow":["GET"]}}],"collection":[{"href":"https:\/\/favorite-news.com\/mx\/wp-json\/wp\/v2\/posts"}],"about":[{"href":"https:\/\/favorite-news.com\/mx\/wp-json\/wp\/v2\/types\/post"}],"author":[{"embeddable":true,"href":"https:\/\/favorite-news.com\/mx\/wp-json\/wp\/v2\/users\/2"}],"replies":[{"embeddable":true,"href":"https:\/\/favorite-news.com\/mx\/wp-json\/wp\/v2\/comments?post=1555"}],"version-history":[{"count":0,"href":"https:\/\/favorite-news.com\/mx\/wp-json\/wp\/v2\/posts\/1555\/revisions"}],"wp:attachment":[{"href":"https:\/\/favorite-news.com\/mx\/wp-json\/wp\/v2\/media?parent=1555"}],"wp:term":[{"taxonomy":"category","embeddable":true,"href":"https:\/\/favorite-news.com\/mx\/wp-json\/wp\/v2\/categories?post=1555"},{"taxonomy":"post_tag","embeddable":true,"href":"https:\/\/favorite-news.com\/mx\/wp-json\/wp\/v2\/tags?post=1555"}],"curies":[{"name":"wp","href":"https:\/\/api.w.org\/{rel}","templated":true}]}}