{"id":1540,"date":"2019-06-19T17:05:21","date_gmt":"2019-06-19T14:05:21","guid":{"rendered":"https:\/\/favorite-news.com\/mx\/niega-amlo-confrontacion-con-empresarios-por-cancelacion-de-rondas-petroleras\/"},"modified":"2019-06-19T17:05:22","modified_gmt":"2019-06-19T14:05:22","slug":"niega-amlo-confrontacion-con-empresarios-por-cancelacion-de-rondas-petroleras","status":"publish","type":"post","link":"https:\/\/favorite-news.com\/mx\/niega-amlo-confrontacion-con-empresarios-por-cancelacion-de-rondas-petroleras\/","title":{"rendered":"Niega AMLO confrontaci\u00f3n con empresarios por cancelaci\u00f3n de rondas petroleras"},"content":{"rendered":"<p> [ad_1]<br \/>\n<\/p>\n<div id=\"content-body-226-3784386\">\n<p>El presidente Andr\u00e9s Manuel L\u00f3pez Obrador aclarar\u00e1 con Carlos Salazar Lomel\u00edn, presidente del Consejo Coordinador Empresarial, las cifras de producci\u00f3n petrolera, porque mientras los empresarios alegan que ya producen 75 mil barriles diarios, los datos oficiales revelan que apenas alcanzan los 20 mil.<\/p>\n<p>Durante la conferencia ma\u00f1anera afirm\u00f3 que no hay pleito con el Consejo Coordinador Empresarial por la cancelaci\u00f3n de los farm outs con Petr\u00f3leos Mexicanos la semana pasada, despu\u00e9s de que se firm\u00f3 un convenio de inversi\u00f3n por 32 mil millones de d\u00f3lares con el sector privado.<\/p>\n<p>\u201cPor eso hablo de que hay un problema de informaci\u00f3n, que vamos a aclarar, no hay ning\u00fan problema con Carlos ni con el sector empresarial\u201d, asegur\u00f3.<\/p>\n<p>Record\u00f3 que durante la firma del pacto con los empresarios, ya se le hab\u00eda advertido a los contratistas de la reforma energ\u00e9tica que si no aumentaban la producci\u00f3n, se suspender\u00edan las rondas petroleras.<\/p>\n<p>Argument\u00f3 que lo importantes \u201ces no seguir dando concesiones a diestra y siniestra, porque si con los contratos ya otorgados, no se han alcanzado los resultados deseados, no pueden seguir con el mismo m\u00e9todo&#8221;.<\/p>\n<p>Explic\u00f3 que entre el 30 y 40 % del territorio mexicano fue entregado a privados, para que produjeran alrededor de tres millones de barriles diarios al final del sexenio, pero Pemex apenas produce un mill\u00f3n 600 mil barriles diarios.<\/p>\n<\/div>\n<p><script>(function(d, s, id) {\nvar js, fjs = d.getElementsByTagName(s)[0];\nif (d.getElementById(id)) return;\njs = d.createElement(s); js.id = id;\njs.src = 'https:\/\/connect.facebook.net\/es_LA\/sdk.js#xfbml=1&version=v3.2&appId=641196362757391&autoLogAppEvents=1';\nfjs.parentNode.insertBefore(js, fjs);\n}(document, 'script', 'facebook-jssdk'));\n<\/script><br \/>\n<br \/>[ad_2]<br \/>\n<br \/><a href=\"https:\/\/www.elsoldemexico.com.mx\/finanzas\/niega-amlo-confrontacion-con-empresarios-por-cancelacion-de-rondas-petroleras-3784386.html\">Source link <\/a><\/p>\n","protected":false},"excerpt":{"rendered":"<p>[ad_1] El presidente Andr\u00e9s Manuel L\u00f3pez Obrador aclarar\u00e1 con Carlos Salazar Lomel\u00edn, presidente del Consejo Coordinador Empresarial, las cifras de producci\u00f3n petrolera, porque mientras los empresarios alegan que ya producen 75 mil barriles diarios, los datos oficiales revelan que apenas alcanzan los 20 mil. Durante la conferencia ma\u00f1anera afirm\u00f3 que no hay pleito con el [&hellip;]<\/p>\n","protected":false},"author":2,"featured_media":1541,"comment_status":"open","ping_status":"open","sticky":false,"template":"","format":"standard","meta":{"footnotes":""},"categories":[1],"tags":[],"class_list":["post-1540","post","type-post","status-publish","format-standard","has-post-thumbnail","hentry","category-noticias-financieras"],"yoast_head":"<!-- This site is optimized with the Yoast SEO plugin v27.4 - https:\/\/yoast.com\/product\/yoast-seo-wordpress\/ -->\n<title>Niega AMLO confrontaci\u00f3n con empresarios por cancelaci\u00f3n de rondas petroleras - Favorite News<\/title>\n<meta name=\"robots\" content=\"index, follow, max-snippet:-1, max-image-preview:large, max-video-preview:-1\" \/>\n<link rel=\"canonical\" href=\"https:\/\/favorite-news.com\/mx\/niega-amlo-confrontacion-con-empresarios-por-cancelacion-de-rondas-petroleras\/\" \/>\n<meta property=\"og:locale\" content=\"es_MX\" \/>\n<meta property=\"og:type\" content=\"article\" \/>\n<meta property=\"og:title\" content=\"Niega AMLO confrontaci\u00f3n con empresarios por cancelaci\u00f3n de rondas petroleras - Favorite News\" \/>\n<meta property=\"og:description\" content=\"[ad_1] El presidente Andr\u00e9s Manuel L\u00f3pez Obrador aclarar\u00e1 con Carlos Salazar Lomel\u00edn, presidente del Consejo Coordinador Empresarial, las cifras de producci\u00f3n petrolera, porque mientras los empresarios alegan que ya producen 75 mil barriles diarios, los datos oficiales revelan que apenas alcanzan los 20 mil. Durante la conferencia ma\u00f1anera afirm\u00f3 que no hay pleito con el [&hellip;]\" \/>\n<meta property=\"og:url\" content=\"https:\/\/favorite-news.com\/mx\/niega-amlo-confrontacion-con-empresarios-por-cancelacion-de-rondas-petroleras\/\" \/>\n<meta property=\"og:site_name\" content=\"Favorite News\" \/>\n<meta property=\"article:published_time\" content=\"2019-06-19T14:05:21+00:00\" \/>\n<meta property=\"article:modified_time\" content=\"2019-06-19T14:05:22+00:00\" \/>\n<meta property=\"og:image\" content=\"https:\/\/favorite-news.com\/mx\/wp-content\/uploads\/sites\/8\/2019\/06\/Niega-AMLO-confrontaci\u00f3n-con-empresarios-por-cancelaci\u00f3n-de-rondas-petroleras.jpg\" \/>\n\t<meta property=\"og:image:width\" content=\"1140\" \/>\n\t<meta property=\"og:image:height\" content=\"712\" \/>\n\t<meta property=\"og:image:type\" content=\"image\/jpeg\" \/>\n<meta name=\"author\" content=\"favorite-news\" \/>\n<meta name=\"twitter:card\" content=\"summary_large_image\" \/>\n<meta name=\"twitter:label1\" content=\"Escrito por\" \/>\n\t<meta name=\"twitter:data1\" content=\"favorite-news\" \/>\n\t<meta name=\"twitter:label2\" content=\"Tiempo de lectura\" \/>\n\t<meta name=\"twitter:data2\" content=\"1 minuto\" \/>\n<script type=\"application\/ld+json\" class=\"yoast-schema-graph\">{\"@context\":\"https:\\\/\\\/schema.org\",\"@graph\":[{\"@type\":\"Article\",\"@id\":\"https:\\\/\\\/favorite-news.com\\\/mx\\\/niega-amlo-confrontacion-con-empresarios-por-cancelacion-de-rondas-petroleras\\\/#article\",\"isPartOf\":{\"@id\":\"https:\\\/\\\/favorite-news.com\\\/mx\\\/niega-amlo-confrontacion-con-empresarios-por-cancelacion-de-rondas-petroleras\\\/\"},\"author\":{\"name\":\"favorite-news\",\"@id\":\"https:\\\/\\\/favorite-news.com\\\/mx\\\/#\\\/schema\\\/person\\\/b91573b717dcfa5e4696032a9d28d3e8\"},\"headline\":\"Niega AMLO confrontaci\u00f3n con empresarios por cancelaci\u00f3n de rondas petroleras\",\"datePublished\":\"2019-06-19T14:05:21+00:00\",\"dateModified\":\"2019-06-19T14:05:22+00:00\",\"mainEntityOfPage\":{\"@id\":\"https:\\\/\\\/favorite-news.com\\\/mx\\\/niega-amlo-confrontacion-con-empresarios-por-cancelacion-de-rondas-petroleras\\\/\"},\"wordCount\":248,\"commentCount\":0,\"image\":{\"@id\":\"https:\\\/\\\/favorite-news.com\\\/mx\\\/niega-amlo-confrontacion-con-empresarios-por-cancelacion-de-rondas-petroleras\\\/#primaryimage\"},\"thumbnailUrl\":\"https:\\\/\\\/favorite-news.com\\\/mx\\\/wp-content\\\/uploads\\\/sites\\\/8\\\/2019\\\/06\\\/Niega-AMLO-confrontaci\u00f3n-con-empresarios-por-cancelaci\u00f3n-de-rondas-petroleras.jpg\",\"articleSection\":[\"NOTICIAS FINANCIERAS\"],\"inLanguage\":\"es\",\"potentialAction\":[{\"@type\":\"CommentAction\",\"name\":\"Comment\",\"target\":[\"https:\\\/\\\/favorite-news.com\\\/mx\\\/niega-amlo-confrontacion-con-empresarios-por-cancelacion-de-rondas-petroleras\\\/#respond\"]}]},{\"@type\":\"WebPage\",\"@id\":\"https:\\\/\\\/favorite-news.com\\\/mx\\\/niega-amlo-confrontacion-con-empresarios-por-cancelacion-de-rondas-petroleras\\\/\",\"url\":\"https:\\\/\\\/favorite-news.com\\\/mx\\\/niega-amlo-confrontacion-con-empresarios-por-cancelacion-de-rondas-petroleras\\\/\",\"name\":\"Niega AMLO confrontaci\u00f3n con empresarios por cancelaci\u00f3n de rondas petroleras - Favorite News\",\"isPartOf\":{\"@id\":\"https:\\\/\\\/favorite-news.com\\\/mx\\\/#website\"},\"primaryImageOfPage\":{\"@id\":\"https:\\\/\\\/favorite-news.com\\\/mx\\\/niega-amlo-confrontacion-con-empresarios-por-cancelacion-de-rondas-petroleras\\\/#primaryimage\"},\"image\":{\"@id\":\"https:\\\/\\\/favorite-news.com\\\/mx\\\/niega-amlo-confrontacion-con-empresarios-por-cancelacion-de-rondas-petroleras\\\/#primaryimage\"},\"thumbnailUrl\":\"https:\\\/\\\/favorite-news.com\\\/mx\\\/wp-content\\\/uploads\\\/sites\\\/8\\\/2019\\\/06\\\/Niega-AMLO-confrontaci\u00f3n-con-empresarios-por-cancelaci\u00f3n-de-rondas-petroleras.jpg\",\"datePublished\":\"2019-06-19T14:05:21+00:00\",\"dateModified\":\"2019-06-19T14:05:22+00:00\",\"author\":{\"@id\":\"https:\\\/\\\/favorite-news.com\\\/mx\\\/#\\\/schema\\\/person\\\/b91573b717dcfa5e4696032a9d28d3e8\"},\"breadcrumb\":{\"@id\":\"https:\\\/\\\/favorite-news.com\\\/mx\\\/niega-amlo-confrontacion-con-empresarios-por-cancelacion-de-rondas-petroleras\\\/#breadcrumb\"},\"inLanguage\":\"es\",\"potentialAction\":[{\"@type\":\"ReadAction\",\"target\":[\"https:\\\/\\\/favorite-news.com\\\/mx\\\/niega-amlo-confrontacion-con-empresarios-por-cancelacion-de-rondas-petroleras\\\/\"]}]},{\"@type\":\"ImageObject\",\"inLanguage\":\"es\",\"@id\":\"https:\\\/\\\/favorite-news.com\\\/mx\\\/niega-amlo-confrontacion-con-empresarios-por-cancelacion-de-rondas-petroleras\\\/#primaryimage\",\"url\":\"https:\\\/\\\/favorite-news.com\\\/mx\\\/wp-content\\\/uploads\\\/sites\\\/8\\\/2019\\\/06\\\/Niega-AMLO-confrontaci\u00f3n-con-empresarios-por-cancelaci\u00f3n-de-rondas-petroleras.jpg\",\"contentUrl\":\"https:\\\/\\\/favorite-news.com\\\/mx\\\/wp-content\\\/uploads\\\/sites\\\/8\\\/2019\\\/06\\\/Niega-AMLO-confrontaci\u00f3n-con-empresarios-por-cancelaci\u00f3n-de-rondas-petroleras.jpg\",\"width\":1140,\"height\":712,\"caption\":\"Niega AMLO confrontaci\u00f3n con empresarios por cancelaci\u00f3n de rondas petroleras\"},{\"@type\":\"BreadcrumbList\",\"@id\":\"https:\\\/\\\/favorite-news.com\\\/mx\\\/niega-amlo-confrontacion-con-empresarios-por-cancelacion-de-rondas-petroleras\\\/#breadcrumb\",\"itemListElement\":[{\"@type\":\"ListItem\",\"position\":1,\"name\":\"\u0413\u043b\u0430\u0432\u043d\u0430\u044f \u0441\u0442\u0440\u0430\u043d\u0438\u0446\u0430\",\"item\":\"https:\\\/\\\/favorite-news.com\\\/mx\\\/\"},{\"@type\":\"ListItem\",\"position\":2,\"name\":\"Niega AMLO confrontaci\u00f3n con empresarios por cancelaci\u00f3n de rondas petroleras\"}]},{\"@type\":\"WebSite\",\"@id\":\"https:\\\/\\\/favorite-news.com\\\/mx\\\/#website\",\"url\":\"https:\\\/\\\/favorite-news.com\\\/mx\\\/\",\"name\":\"Favorite News\",\"description\":\"Favorite News Mexico\",\"potentialAction\":[{\"@type\":\"SearchAction\",\"target\":{\"@type\":\"EntryPoint\",\"urlTemplate\":\"https:\\\/\\\/favorite-news.com\\\/mx\\\/?s={search_term_string}\"},\"query-input\":{\"@type\":\"PropertyValueSpecification\",\"valueRequired\":true,\"valueName\":\"search_term_string\"}}],\"inLanguage\":\"es\"},{\"@type\":\"Person\",\"@id\":\"https:\\\/\\\/favorite-news.com\\\/mx\\\/#\\\/schema\\\/person\\\/b91573b717dcfa5e4696032a9d28d3e8\",\"name\":\"favorite-news\",\"image\":{\"@type\":\"ImageObject\",\"inLanguage\":\"es\",\"@id\":\"https:\\\/\\\/secure.gravatar.com\\\/avatar\\\/6c5a5cb12b74e9d517ee91cf570335b7d16177f1977cc91db161adfa435945a7?s=96&d=mm&r=g\",\"url\":\"https:\\\/\\\/secure.gravatar.com\\\/avatar\\\/6c5a5cb12b74e9d517ee91cf570335b7d16177f1977cc91db161adfa435945a7?s=96&d=mm&r=g\",\"contentUrl\":\"https:\\\/\\\/secure.gravatar.com\\\/avatar\\\/6c5a5cb12b74e9d517ee91cf570335b7d16177f1977cc91db161adfa435945a7?s=96&d=mm&r=g\",\"caption\":\"favorite-news\"},\"url\":\"https:\\\/\\\/favorite-news.com\\\/mx\\\/author\\\/pt\\\/\"}]}<\/script>\n<!-- \/ Yoast SEO plugin. -->","yoast_head_json":{"title":"Niega AMLO confrontaci\u00f3n con empresarios por cancelaci\u00f3n de rondas petroleras - Favorite News","robots":{"index":"index","follow":"follow","max-snippet":"max-snippet:-1","max-image-preview":"max-image-preview:large","max-video-preview":"max-video-preview:-1"},"canonical":"https:\/\/favorite-news.com\/mx\/niega-amlo-confrontacion-con-empresarios-por-cancelacion-de-rondas-petroleras\/","og_locale":"es_MX","og_type":"article","og_title":"Niega AMLO confrontaci\u00f3n con empresarios por cancelaci\u00f3n de rondas petroleras - Favorite News","og_description":"[ad_1] El presidente Andr\u00e9s Manuel L\u00f3pez Obrador aclarar\u00e1 con Carlos Salazar Lomel\u00edn, presidente del Consejo Coordinador Empresarial, las cifras de producci\u00f3n petrolera, porque mientras los empresarios alegan que ya producen 75 mil barriles diarios, los datos oficiales revelan que apenas alcanzan los 20 mil. Durante la conferencia ma\u00f1anera afirm\u00f3 que no hay pleito con el [&hellip;]","og_url":"https:\/\/favorite-news.com\/mx\/niega-amlo-confrontacion-con-empresarios-por-cancelacion-de-rondas-petroleras\/","og_site_name":"Favorite News","article_published_time":"2019-06-19T14:05:21+00:00","article_modified_time":"2019-06-19T14:05:22+00:00","og_image":[{"width":1140,"height":712,"url":"https:\/\/favorite-news.com\/mx\/wp-content\/uploads\/sites\/8\/2019\/06\/Niega-AMLO-confrontaci\u00f3n-con-empresarios-por-cancelaci\u00f3n-de-rondas-petroleras.jpg","type":"image\/jpeg"}],"author":"favorite-news","twitter_card":"summary_large_image","twitter_misc":{"Escrito por":"favorite-news","Tiempo de lectura":"1 minuto"},"schema":{"@context":"https:\/\/schema.org","@graph":[{"@type":"Article","@id":"https:\/\/favorite-news.com\/mx\/niega-amlo-confrontacion-con-empresarios-por-cancelacion-de-rondas-petroleras\/#article","isPartOf":{"@id":"https:\/\/favorite-news.com\/mx\/niega-amlo-confrontacion-con-empresarios-por-cancelacion-de-rondas-petroleras\/"},"author":{"name":"favorite-news","@id":"https:\/\/favorite-news.com\/mx\/#\/schema\/person\/b91573b717dcfa5e4696032a9d28d3e8"},"headline":"Niega AMLO confrontaci\u00f3n con empresarios por cancelaci\u00f3n de rondas petroleras","datePublished":"2019-06-19T14:05:21+00:00","dateModified":"2019-06-19T14:05:22+00:00","mainEntityOfPage":{"@id":"https:\/\/favorite-news.com\/mx\/niega-amlo-confrontacion-con-empresarios-por-cancelacion-de-rondas-petroleras\/"},"wordCount":248,"commentCount":0,"image":{"@id":"https:\/\/favorite-news.com\/mx\/niega-amlo-confrontacion-con-empresarios-por-cancelacion-de-rondas-petroleras\/#primaryimage"},"thumbnailUrl":"https:\/\/favorite-news.com\/mx\/wp-content\/uploads\/sites\/8\/2019\/06\/Niega-AMLO-confrontaci\u00f3n-con-empresarios-por-cancelaci\u00f3n-de-rondas-petroleras.jpg","articleSection":["NOTICIAS FINANCIERAS"],"inLanguage":"es","potentialAction":[{"@type":"CommentAction","name":"Comment","target":["https:\/\/favorite-news.com\/mx\/niega-amlo-confrontacion-con-empresarios-por-cancelacion-de-rondas-petroleras\/#respond"]}]},{"@type":"WebPage","@id":"https:\/\/favorite-news.com\/mx\/niega-amlo-confrontacion-con-empresarios-por-cancelacion-de-rondas-petroleras\/","url":"https:\/\/favorite-news.com\/mx\/niega-amlo-confrontacion-con-empresarios-por-cancelacion-de-rondas-petroleras\/","name":"Niega AMLO confrontaci\u00f3n con empresarios por cancelaci\u00f3n de rondas petroleras - Favorite News","isPartOf":{"@id":"https:\/\/favorite-news.com\/mx\/#website"},"primaryImageOfPage":{"@id":"https:\/\/favorite-news.com\/mx\/niega-amlo-confrontacion-con-empresarios-por-cancelacion-de-rondas-petroleras\/#primaryimage"},"image":{"@id":"https:\/\/favorite-news.com\/mx\/niega-amlo-confrontacion-con-empresarios-por-cancelacion-de-rondas-petroleras\/#primaryimage"},"thumbnailUrl":"https:\/\/favorite-news.com\/mx\/wp-content\/uploads\/sites\/8\/2019\/06\/Niega-AMLO-confrontaci\u00f3n-con-empresarios-por-cancelaci\u00f3n-de-rondas-petroleras.jpg","datePublished":"2019-06-19T14:05:21+00:00","dateModified":"2019-06-19T14:05:22+00:00","author":{"@id":"https:\/\/favorite-news.com\/mx\/#\/schema\/person\/b91573b717dcfa5e4696032a9d28d3e8"},"breadcrumb":{"@id":"https:\/\/favorite-news.com\/mx\/niega-amlo-confrontacion-con-empresarios-por-cancelacion-de-rondas-petroleras\/#breadcrumb"},"inLanguage":"es","potentialAction":[{"@type":"ReadAction","target":["https:\/\/favorite-news.com\/mx\/niega-amlo-confrontacion-con-empresarios-por-cancelacion-de-rondas-petroleras\/"]}]},{"@type":"ImageObject","inLanguage":"es","@id":"https:\/\/favorite-news.com\/mx\/niega-amlo-confrontacion-con-empresarios-por-cancelacion-de-rondas-petroleras\/#primaryimage","url":"https:\/\/favorite-news.com\/mx\/wp-content\/uploads\/sites\/8\/2019\/06\/Niega-AMLO-confrontaci\u00f3n-con-empresarios-por-cancelaci\u00f3n-de-rondas-petroleras.jpg","contentUrl":"https:\/\/favorite-news.com\/mx\/wp-content\/uploads\/sites\/8\/2019\/06\/Niega-AMLO-confrontaci\u00f3n-con-empresarios-por-cancelaci\u00f3n-de-rondas-petroleras.jpg","width":1140,"height":712,"caption":"Niega AMLO confrontaci\u00f3n con empresarios por cancelaci\u00f3n de rondas petroleras"},{"@type":"BreadcrumbList","@id":"https:\/\/favorite-news.com\/mx\/niega-amlo-confrontacion-con-empresarios-por-cancelacion-de-rondas-petroleras\/#breadcrumb","itemListElement":[{"@type":"ListItem","position":1,"name":"\u0413\u043b\u0430\u0432\u043d\u0430\u044f \u0441\u0442\u0440\u0430\u043d\u0438\u0446\u0430","item":"https:\/\/favorite-news.com\/mx\/"},{"@type":"ListItem","position":2,"name":"Niega AMLO confrontaci\u00f3n con empresarios por cancelaci\u00f3n de rondas petroleras"}]},{"@type":"WebSite","@id":"https:\/\/favorite-news.com\/mx\/#website","url":"https:\/\/favorite-news.com\/mx\/","name":"Favorite News","description":"Favorite News Mexico","potentialAction":[{"@type":"SearchAction","target":{"@type":"EntryPoint","urlTemplate":"https:\/\/favorite-news.com\/mx\/?s={search_term_string}"},"query-input":{"@type":"PropertyValueSpecification","valueRequired":true,"valueName":"search_term_string"}}],"inLanguage":"es"},{"@type":"Person","@id":"https:\/\/favorite-news.com\/mx\/#\/schema\/person\/b91573b717dcfa5e4696032a9d28d3e8","name":"favorite-news","image":{"@type":"ImageObject","inLanguage":"es","@id":"https:\/\/secure.gravatar.com\/avatar\/6c5a5cb12b74e9d517ee91cf570335b7d16177f1977cc91db161adfa435945a7?s=96&d=mm&r=g","url":"https:\/\/secure.gravatar.com\/avatar\/6c5a5cb12b74e9d517ee91cf570335b7d16177f1977cc91db161adfa435945a7?s=96&d=mm&r=g","contentUrl":"https:\/\/secure.gravatar.com\/avatar\/6c5a5cb12b74e9d517ee91cf570335b7d16177f1977cc91db161adfa435945a7?s=96&d=mm&r=g","caption":"favorite-news"},"url":"https:\/\/favorite-news.com\/mx\/author\/pt\/"}]}},"_links":{"self":[{"href":"https:\/\/favorite-news.com\/mx\/wp-json\/wp\/v2\/posts\/1540","targetHints":{"allow":["GET"]}}],"collection":[{"href":"https:\/\/favorite-news.com\/mx\/wp-json\/wp\/v2\/posts"}],"about":[{"href":"https:\/\/favorite-news.com\/mx\/wp-json\/wp\/v2\/types\/post"}],"author":[{"embeddable":true,"href":"https:\/\/favorite-news.com\/mx\/wp-json\/wp\/v2\/users\/2"}],"replies":[{"embeddable":true,"href":"https:\/\/favorite-news.com\/mx\/wp-json\/wp\/v2\/comments?post=1540"}],"version-history":[{"count":1,"href":"https:\/\/favorite-news.com\/mx\/wp-json\/wp\/v2\/posts\/1540\/revisions"}],"predecessor-version":[{"id":1542,"href":"https:\/\/favorite-news.com\/mx\/wp-json\/wp\/v2\/posts\/1540\/revisions\/1542"}],"wp:featuredmedia":[{"embeddable":true,"href":"https:\/\/favorite-news.com\/mx\/wp-json\/wp\/v2\/media\/1541"}],"wp:attachment":[{"href":"https:\/\/favorite-news.com\/mx\/wp-json\/wp\/v2\/media?parent=1540"}],"wp:term":[{"taxonomy":"category","embeddable":true,"href":"https:\/\/favorite-news.com\/mx\/wp-json\/wp\/v2\/categories?post=1540"},{"taxonomy":"post_tag","embeddable":true,"href":"https:\/\/favorite-news.com\/mx\/wp-json\/wp\/v2\/tags?post=1540"}],"curies":[{"name":"wp","href":"https:\/\/api.w.org\/{rel}","templated":true}]}}